{"id":1904179,"date":"2026-04-25T07:37:46","date_gmt":"2026-04-25T04:37:46","guid":{"rendered":"https:\/\/analyse.optim.biz\/?p=1904179"},"modified":"2026-04-25T07:37:46","modified_gmt":"2026-04-25T04:37:46","slug":"cod-portocaliu-de-vant-puternic-in-suceava-rafale-de-pana-la-90-km-h-anuntate-pentru-duminica","status":"publish","type":"post","link":"https:\/\/analyse.optim.biz\/?p=1904179","title":{"rendered":"Cod Portocaliu de v\u00e2nt puternic \u00een Suceava! Rafale de p\u00e2n\u0103 la 90 km\/h anun\u021bate pentru duminic\u0103"},"content":{"rendered":"<p>[analyse_image type=&#8221;featured&#8221; src=&#8221;https:\/\/www.newsbucovina.ro\/wp-content\/uploads\/2021\/09\/vant-1.jpeghttps:\/\/cdn.newsbucovina.ro\/wp-content\/uploads\/2021\/09\/vant-1.jpeg&#8221;]<\/p>\n<div class=\"td-post-content tagdiv-type\">\n<div class=\"td-a-rec td-a-rec-id-content_top  tdi_3 td_block_template_1\"><strong>Intr\u0103 acum \u0219i \u00een grupul de <\/p>\n<div class=\"wp-block-button\"><a class=\"wp-block-button__link wp-element-button\" href=\"https:\/\/t.me\/+TH8wcfnp8fw5NWI0\">Telegram News Bucovina<\/a><\/div>\n<p><\/strong><\/div>\n<p>Administra\u021bia Na\u021bional\u0103 de Meteorologie a emis o avertizare <strong>Cod Portocaliu<\/strong> de intensific\u0103ri puternice ale v\u00e2ntului pentru duminic\u0103, <strong>26 aprilie 2026<\/strong>, valabil\u0103 \u00eentre orele <strong>12:00 \u2013 18:00<\/strong>.<\/p>\n<div class=\"wp-block-image\">\n<figure class=\"aligncenter size-full\"><a href=\"https:\/\/cdn.newsbucovina.ro\/wp-content\/uploads\/2025\/06\/vant.jpeg\"><img loading=\"lazy\" decoding=\"async\" width=\"600\" height=\"450\" src=\"https:\/\/cdn.newsbucovina.ro\/wp-content\/uploads\/2025\/06\/vant.jpeg\" alt class=\"wp-image-414106\"><\/a><\/figure>\n<\/div>\n<p>Conform avertiz\u0103rii, \u00een zona joas\u0103 de relief a jude\u021bului <strong>Suceava<\/strong>, precum \u0219i \u00een jude\u021bele Boto\u0219ani, Ia\u0219i, Vaslui \u0219i Gala\u021bi, v\u00e2ntul va sufla cu rafale de <strong>70 \u2013 90 km\/h<\/strong>.<\/p>\n<p>De asemenea, a fost emis un <strong>Cod Galben<\/strong> de v\u00e2nt, valabil pe tot parcursul zilei de duminic\u0103 (09:00 \u2013 21:00), care afecteaz\u0103 nordul, nord-estul \u0219i centrul \u021b\u0103rii, inclusiv restul jude\u021bului Suceava.<\/p>\n<p>\u00cen zonele joase se vor \u00eenregistra rafale de <strong>50 \u2013 70 km\/h<\/strong>, iar la munte vitezele vor putea atinge <strong>70 \u2013 90 km\/h<\/strong>.<\/p>\n<figure class=\"wp-block-embed is-type-video is-provider-youtube wp-block-embed-youtube wp-embed-aspect-16-9 wp-has-aspect-ratio\">\n<div class=\"wp-block-embed__wrapper\">\n<div class=\"youtube-embed\" data-video_id=\"WQLXcNbbIqs\"><iframe loading=\"lazy\" title=\"De la Furc\u0103 p\u00e2n\u0103 la Furculi\u021b\u0103 la cap\u0103t de Schengen - Familia care a pariat totul pe VITA rom\u00e2neasc\u0103\" width=\"696\" height=\"392\" src=\"https:\/\/www.youtube.com\/embed\/WQLXcNbbIqs?feature=oembed&amp;enablejsapi=1\" frameborder allow=\"accelerometer; autoplay; clipboard-write; encrypted-media; gyroscope; picture-in-picture; web-share\" referrerpolicy=\"strict-origin-when-cross-origin\" allowfullscreen><\/iframe><\/div>\n<\/div>\n<\/figure>\n<div class=\"td-a-rec td-a-rec-id-content_bottom  tdi_4 td_block_template_1\"><strong>Intr\u0103 acum \u0219i \u00een grupul de <\/p>\n<div class=\"wp-block-button\"><a class=\"wp-block-button__link wp-element-button\" href=\"https:\/\/t.me\/+TH8wcfnp8fw5NWI0\">Telegram News Bucovina<\/a><\/div>\n<p><\/strong><\/div>\n<\/div>\n<div class=\"td-post-content tagdiv-type\">\n<div class=\"td-a-rec td-a-rec-id-content_top  tdi_3 td_block_template_1\"><strong>Intr\u0103 acum \u0219i \u00een grupul de <\/p>\n<div class=\"wp-block-button\"><a class=\"wp-block-button__link wp-element-button\" href=\"https:\/\/t.me\/+TH8wcfnp8fw5NWI0\">Telegram News Bucovina<\/a><\/div>\n<p><\/strong><\/div>\n<p>Administra\u021bia Na\u021bional\u0103 de Meteorologie a emis o avertizare <strong>Cod Portocaliu<\/strong> de intensific\u0103ri puternice ale v\u00e2ntului pentru duminic\u0103, <strong>26 aprilie 2026<\/strong>, valabil\u0103 \u00eentre orele <strong>12:00 \u2013 18:00<\/strong>.<\/p>\n<div class=\"wp-block-image\">\n<figure class=\"aligncenter size-full\"><a href=\"https:\/\/cdn.newsbucovina.ro\/wp-content\/uploads\/2025\/06\/vant.jpeg\"><img loading=\"lazy\" decoding=\"async\" width=\"600\" height=\"450\" src=\"https:\/\/cdn.newsbucovina.ro\/wp-content\/uploads\/2025\/06\/vant.jpeg\" alt class=\"wp-image-414106\"><\/a><\/figure>\n<\/div>\n<p>Conform avertiz\u0103rii, \u00een zona joas\u0103 de relief a jude\u021bului <strong>Suceava<\/strong>, precum \u0219i \u00een jude\u021bele Boto\u0219ani, Ia\u0219i, Vaslui \u0219i Gala\u021bi, v\u00e2ntul va sufla cu rafale de <strong>70 \u2013 90 km\/h<\/strong>.<\/p>\n<p>De asemenea, a fost emis un <strong>Cod Galben<\/strong> de v\u00e2nt, valabil pe tot parcursul zilei de duminic\u0103 (09:00 \u2013 21:00), care afecteaz\u0103 nordul, nord-estul \u0219i centrul \u021b\u0103rii, inclusiv restul jude\u021bului Suceava.<\/p>\n<p>\u00cen zonele joase se vor \u00eenregistra rafale de <strong>50 \u2013 70 km\/h<\/strong>, iar la munte vitezele vor putea atinge <strong>70 \u2013 90 km\/h<\/strong>.<\/p>\n<figure class=\"wp-block-embed is-type-video is-provider-youtube wp-block-embed-youtube wp-embed-aspect-16-9 wp-has-aspect-ratio\">\n<div class=\"wp-block-embed__wrapper\">\n<div class=\"youtube-embed\" data-video_id=\"WQLXcNbbIqs\"><iframe loading=\"lazy\" title=\"De la Furc\u0103 p\u00e2n\u0103 la Furculi\u021b\u0103 la cap\u0103t de Schengen - Familia care a pariat totul pe VITA rom\u00e2neasc\u0103\" width=\"696\" height=\"392\" src=\"https:\/\/www.youtube.com\/embed\/WQLXcNbbIqs?feature=oembed&amp;enablejsapi=1\" frameborder allow=\"accelerometer; autoplay; clipboard-write; encrypted-media; gyroscope; picture-in-picture; web-share\" referrerpolicy=\"strict-origin-when-cross-origin\" allowfullscreen><\/iframe><\/div>\n<\/div>\n<\/figure>\n<div class=\"td-a-rec td-a-rec-id-content_bottom  tdi_4 td_block_template_1\"><strong>Intr\u0103 acum \u0219i \u00een grupul de <\/p>\n<div class=\"wp-block-button\"><a class=\"wp-block-button__link wp-element-button\" href=\"https:\/\/t.me\/+TH8wcfnp8fw5NWI0\">Telegram News Bucovina<\/a><\/div>\n<p><\/strong><\/div>\n<\/div>\n<p>[analyse_source url=&#8221;https:\/\/www.newsbucovina.ro\/actualitate\/437040\/cod-portocaliu-de-vant-puternic-in-suceava-rafale-de-pana-la-90-km-h-anuntate-pentru-duminica&#8221;]<\/p>\n","protected":false},"excerpt":{"rendered":"<p>[analyse_image type=&#8221;featured&#8221; src=&#8221;https:\/\/www.newsbucovina.ro\/wp-content\/uploads\/2021\/09\/vant-1.jpeghttps:\/\/cdn.newsbucovina.ro\/wp-content\/uploads\/2021\/09\/vant-1.jpeg&#8221;] Intr\u0103 acum \u0219i \u00een grupul de Telegram News Bucovina Administra\u021bia Na\u021bional\u0103 de Meteorologie a emis o avertizare Cod Portocaliu de intensific\u0103ri puternice ale v\u00e2ntului pentru duminic\u0103, 26 aprilie 2026, valabil\u0103 \u00eentre orele 12:00 \u2013 18:00. Conform avertiz\u0103rii, \u00een zona joas\u0103 de relief a jude\u021bului Suceava, precum \u0219i \u00een jude\u021bele Boto\u0219ani, Ia\u0219i, Vaslui [&hellip;]<\/p>\n","protected":false},"author":1,"featured_media":0,"comment_status":"open","ping_status":"","sticky":false,"template":"","format":"standard","meta":{"footnotes":""},"categories":[89],"tags":[226,165],"class_list":["post-1904179","post","type-post","status-publish","format-standard","hentry","category-romania","tag-crawlmanager","tag-newsbucovina-ro"],"_links":{"self":[{"href":"https:\/\/analyse.optim.biz\/index.php?rest_route=\/wp\/v2\/posts\/1904179","targetHints":{"allow":["GET"]}}],"collection":[{"href":"https:\/\/analyse.optim.biz\/index.php?rest_route=\/wp\/v2\/posts"}],"about":[{"href":"https:\/\/analyse.optim.biz\/index.php?rest_route=\/wp\/v2\/types\/post"}],"author":[{"embeddable":true,"href":"https:\/\/analyse.optim.biz\/index.php?rest_route=\/wp\/v2\/users\/1"}],"replies":[{"embeddable":true,"href":"https:\/\/analyse.optim.biz\/index.php?rest_route=%2Fwp%2Fv2%2Fcomments&post=1904179"}],"version-history":[{"count":0,"href":"https:\/\/analyse.optim.biz\/index.php?rest_route=\/wp\/v2\/posts\/1904179\/revisions"}],"wp:attachment":[{"href":"https:\/\/analyse.optim.biz\/index.php?rest_route=%2Fwp%2Fv2%2Fmedia&parent=1904179"}],"wp:term":[{"taxonomy":"category","embeddable":true,"href":"https:\/\/analyse.optim.biz\/index.php?rest_route=%2Fwp%2Fv2%2Fcategories&post=1904179"},{"taxonomy":"post_tag","embeddable":true,"href":"https:\/\/analyse.optim.biz\/index.php?rest_route=%2Fwp%2Fv2%2Ftags&post=1904179"}],"curies":[{"name":"wp","href":"https:\/\/api.w.org\/{rel}","templated":true}]}}