{"id":1904176,"date":"2026-04-26T12:34:10","date_gmt":"2026-04-26T09:34:10","guid":{"rendered":"https:\/\/analyse.optim.biz\/?p=1904176"},"modified":"2026-04-26T12:34:10","modified_gmt":"2026-04-26T09:34:10","slug":"politia-suceava-transmite-recomandari-esentiale-de-siguranta-rutiera-in-conditii-de-vant-puternic","status":"publish","type":"post","link":"https:\/\/analyse.optim.biz\/?p=1904176","title":{"rendered":"Poli\u021bia Suceava transmite recomand\u0103ri esen\u021biale de siguran\u021b\u0103 rutier\u0103 \u00een condi\u021bii de v\u00e2nt puternic"},"content":{"rendered":"<p>[analyse_image type=&#8221;featured&#8221; src=&#8221;https:\/\/www.newsbucovina.ro\/wp-content\/uploads\/2026\/04\/IMG-20260426-WA0036-2.jpghttps:\/\/cdn.newsbucovina.ro\/wp-content\/uploads\/2026\/04\/IMG-20260426-WA0036-2.jpg&#8221;]<\/p>\n<div class=\"td-post-content tagdiv-type\">\n<div class=\"td-a-rec td-a-rec-id-content_top  tdi_3 td_block_template_1\"><strong>Intr\u0103 acum \u0219i \u00een grupul de <\/p>\n<div class=\"wp-block-button\"><a class=\"wp-block-button__link wp-element-button\" href=\"https:\/\/t.me\/+TH8wcfnp8fw5NWI0\">Telegram News Bucovina<\/a><\/div>\n<p><\/strong><\/div>\n<p>\u00cen contextul avertiz\u0103rii meteorologice de Cod Portocaliu privind intensific\u0103ri puternice ale v\u00e2ntului, Inspectorul-\u0219ef adjunct al Poli\u021biei Jude\u021bene Suceava, comisar-\u0219ef Ionu\u021b Epureanu, face un apel c\u0103tre \u0219oferi \u0219i cet\u0103\u021beni s\u0103 acorde o aten\u021bie sporit\u0103 siguran\u021bei pe drumuri.<\/p>\n<figure class=\"wp-block-gallery has-nested-images columns-default is-cropped wp-block-gallery-1 is-layout-flex wp-block-gallery-is-layout-flex\">\n<figure class=\"wp-block-image size-large\"><a href=\"https:\/\/cdn.newsbucovina.ro\/wp-content\/uploads\/2026\/04\/IMG-20260426-WA0036.jpg\"><img loading=\"lazy\" decoding=\"async\" width=\"768\" height=\"1024\" data-id=\"437110\" src=\"https:\/\/cdn.newsbucovina.ro\/wp-content\/uploads\/2026\/04\/IMG-20260426-WA0036-768x1024.jpg\" alt class=\"wp-image-437110\"><\/a><\/figure>\n<figure class=\"wp-block-image size-large\"><a href=\"https:\/\/cdn.newsbucovina.ro\/wp-content\/uploads\/2026\/04\/IMG-20260426-WA0033.jpg\"><img loading=\"lazy\" decoding=\"async\" width=\"768\" height=\"1024\" data-id=\"437112\" src=\"https:\/\/cdn.newsbucovina.ro\/wp-content\/uploads\/2026\/04\/IMG-20260426-WA0033-768x1024.jpg\" alt class=\"wp-image-437112\"><\/a><\/figure>\n<figure class=\"wp-block-image size-large\"><a href=\"https:\/\/cdn.newsbucovina.ro\/wp-content\/uploads\/2026\/04\/IMG-20260426-WA0035.jpg\"><img loading=\"lazy\" decoding=\"async\" width=\"768\" height=\"1024\" data-id=\"437111\" src=\"https:\/\/cdn.newsbucovina.ro\/wp-content\/uploads\/2026\/04\/IMG-20260426-WA0035-768x1024.jpg\" alt class=\"wp-image-437111\"><\/a><\/figure>\n<\/figure>\n<p>\u201eV\u00e2ntul puternic afecteaz\u0103 \u00eentotdeauna buna desf\u0103\u0219urare a circula\u021biei rutiere, motiv pentru care \u00eei aten\u021bion\u0103m pe conduc\u0103torii auto asupra pericolelor pe care acest fenomen meteorologic le poate reprezenta\u201d, a declarat comisarul-\u0219ef Ionu\u021b Epureanu.<\/p>\n<p>Recomand\u0103rile Poli\u021biei Jude\u021bene Suceava:<\/p>\n<p>Evita\u021bi deplas\u0103rile care nu sunt absolut necesare;<\/p>\n<p>Informa\u021bi-v\u0103 din surse oficiale cu privire la condi\u021biile meteorologice \u00eenainte de a pleca la drum;<\/p>\n<p>Spori\u021bi pruden\u021ba la volan, \u00een special la ie\u0219irile din tronsoanele \u00eemp\u0103durite \u0219i din sate, la intr\u0103rile \u0219i ie\u0219irile de pe poduri sau \u00een zonele unde \u00eencruci\u0219a\u021bi autovehicule cu gabarit mare;<\/p>\n<p>Evita\u021bi conducerea motocicletelor sau a bicicletelor, vehicule instabile \u00een condi\u021bii de v\u00e2nt puternic;<\/p>\n<p>Nu opri\u021bi sau sta\u021biona\u021bi \u00een dreptul copacilor de pe marginea drumurilor, deoarece rafalele intense \u00eei pot dobor\u00ee;<\/p>\n<p>Nu atinge\u021bi firele electrice c\u0103zute la sol \u0219i anun\u021ba\u021bi imediat autorit\u0103\u021bile.<\/p>\n<p>Poli\u021bi\u0219tii suceveni ac\u021bioneaz\u0103 activ pentru prevenirea accidentelor rutiere \u0219i fluidizarea traficului pe drumurile jude\u021bene afectate de condi\u021biile meteo.\u00cen orice situa\u021bie de urgen\u021b\u0103, cet\u0103\u021benii sunt ruga\u021bi s\u0103 apeleze num\u0103rul unic 112.<\/p>\n<figure class=\"wp-block-embed is-type-video is-provider-youtube wp-block-embed-youtube wp-embed-aspect-16-9 wp-has-aspect-ratio\">\n<div class=\"wp-block-embed__wrapper\">\n<div class=\"youtube-embed\" data-video_id=\"WQLXcNbbIqs\"><iframe loading=\"lazy\" title=\"De la Furc\u0103 p\u00e2n\u0103 la Furculi\u021b\u0103 la cap\u0103t de Schengen - Familia care a pariat totul pe VITA rom\u00e2neasc\u0103\" width=\"696\" height=\"392\" src=\"https:\/\/www.youtube.com\/embed\/WQLXcNbbIqs?feature=oembed&amp;enablejsapi=1\" frameborder allow=\"accelerometer; autoplay; clipboard-write; encrypted-media; gyroscope; picture-in-picture; web-share\" referrerpolicy=\"strict-origin-when-cross-origin\" allowfullscreen><\/iframe><\/div>\n<\/div>\n<\/figure>\n<div class=\"td-a-rec td-a-rec-id-content_bottom  tdi_4 td_block_template_1\"><strong>Intr\u0103 acum \u0219i \u00een grupul de <\/p>\n<div class=\"wp-block-button\"><a class=\"wp-block-button__link wp-element-button\" href=\"https:\/\/t.me\/+TH8wcfnp8fw5NWI0\">Telegram News Bucovina<\/a><\/div>\n<p><\/strong><\/div>\n<\/div>\n<div class=\"td-post-content tagdiv-type\">\n<div class=\"td-a-rec td-a-rec-id-content_top  tdi_3 td_block_template_1\"><strong>Intr\u0103 acum \u0219i \u00een grupul de <\/p>\n<div class=\"wp-block-button\"><a class=\"wp-block-button__link wp-element-button\" href=\"https:\/\/t.me\/+TH8wcfnp8fw5NWI0\">Telegram News Bucovina<\/a><\/div>\n<p><\/strong><\/div>\n<p>\u00cen contextul avertiz\u0103rii meteorologice de Cod Portocaliu privind intensific\u0103ri puternice ale v\u00e2ntului, Inspectorul-\u0219ef adjunct al Poli\u021biei Jude\u021bene Suceava, comisar-\u0219ef Ionu\u021b Epureanu, face un apel c\u0103tre \u0219oferi \u0219i cet\u0103\u021beni s\u0103 acorde o aten\u021bie sporit\u0103 siguran\u021bei pe drumuri.<\/p>\n<figure class=\"wp-block-gallery has-nested-images columns-default is-cropped wp-block-gallery-1 is-layout-flex wp-block-gallery-is-layout-flex\">\n<figure class=\"wp-block-image size-large\"><a href=\"https:\/\/cdn.newsbucovina.ro\/wp-content\/uploads\/2026\/04\/IMG-20260426-WA0036.jpg\"><img loading=\"lazy\" decoding=\"async\" width=\"768\" height=\"1024\" data-id=\"437110\" src=\"https:\/\/cdn.newsbucovina.ro\/wp-content\/uploads\/2026\/04\/IMG-20260426-WA0036-768x1024.jpg\" alt class=\"wp-image-437110\"><\/a><\/figure>\n<figure class=\"wp-block-image size-large\"><a href=\"https:\/\/cdn.newsbucovina.ro\/wp-content\/uploads\/2026\/04\/IMG-20260426-WA0033.jpg\"><img loading=\"lazy\" decoding=\"async\" width=\"768\" height=\"1024\" data-id=\"437112\" src=\"https:\/\/cdn.newsbucovina.ro\/wp-content\/uploads\/2026\/04\/IMG-20260426-WA0033-768x1024.jpg\" alt class=\"wp-image-437112\"><\/a><\/figure>\n<figure class=\"wp-block-image size-large\"><a href=\"https:\/\/cdn.newsbucovina.ro\/wp-content\/uploads\/2026\/04\/IMG-20260426-WA0035.jpg\"><img loading=\"lazy\" decoding=\"async\" width=\"768\" height=\"1024\" data-id=\"437111\" src=\"https:\/\/cdn.newsbucovina.ro\/wp-content\/uploads\/2026\/04\/IMG-20260426-WA0035-768x1024.jpg\" alt class=\"wp-image-437111\"><\/a><\/figure>\n<\/figure>\n<p>\u201eV\u00e2ntul puternic afecteaz\u0103 \u00eentotdeauna buna desf\u0103\u0219urare a circula\u021biei rutiere, motiv pentru care \u00eei aten\u021bion\u0103m pe conduc\u0103torii auto asupra pericolelor pe care acest fenomen meteorologic le poate reprezenta\u201d, a declarat comisarul-\u0219ef Ionu\u021b Epureanu.<\/p>\n<p>Recomand\u0103rile Poli\u021biei Jude\u021bene Suceava:<\/p>\n<p>Evita\u021bi deplas\u0103rile care nu sunt absolut necesare;<\/p>\n<p>Informa\u021bi-v\u0103 din surse oficiale cu privire la condi\u021biile meteorologice \u00eenainte de a pleca la drum;<\/p>\n<p>Spori\u021bi pruden\u021ba la volan, \u00een special la ie\u0219irile din tronsoanele \u00eemp\u0103durite \u0219i din sate, la intr\u0103rile \u0219i ie\u0219irile de pe poduri sau \u00een zonele unde \u00eencruci\u0219a\u021bi autovehicule cu gabarit mare;<\/p>\n<p>Evita\u021bi conducerea motocicletelor sau a bicicletelor, vehicule instabile \u00een condi\u021bii de v\u00e2nt puternic;<\/p>\n<p>Nu opri\u021bi sau sta\u021biona\u021bi \u00een dreptul copacilor de pe marginea drumurilor, deoarece rafalele intense \u00eei pot dobor\u00ee;<\/p>\n<p>Nu atinge\u021bi firele electrice c\u0103zute la sol \u0219i anun\u021ba\u021bi imediat autorit\u0103\u021bile.<\/p>\n<p>Poli\u021bi\u0219tii suceveni ac\u021bioneaz\u0103 activ pentru prevenirea accidentelor rutiere \u0219i fluidizarea traficului pe drumurile jude\u021bene afectate de condi\u021biile meteo.\u00cen orice situa\u021bie de urgen\u021b\u0103, cet\u0103\u021benii sunt ruga\u021bi s\u0103 apeleze num\u0103rul unic 112.<\/p>\n<figure class=\"wp-block-embed is-type-video is-provider-youtube wp-block-embed-youtube wp-embed-aspect-16-9 wp-has-aspect-ratio\">\n<div class=\"wp-block-embed__wrapper\">\n<div class=\"youtube-embed\" data-video_id=\"WQLXcNbbIqs\"><iframe loading=\"lazy\" title=\"De la Furc\u0103 p\u00e2n\u0103 la Furculi\u021b\u0103 la cap\u0103t de Schengen - Familia care a pariat totul pe VITA rom\u00e2neasc\u0103\" width=\"696\" height=\"392\" src=\"https:\/\/www.youtube.com\/embed\/WQLXcNbbIqs?feature=oembed&amp;enablejsapi=1\" frameborder allow=\"accelerometer; autoplay; clipboard-write; encrypted-media; gyroscope; picture-in-picture; web-share\" referrerpolicy=\"strict-origin-when-cross-origin\" allowfullscreen><\/iframe><\/div>\n<\/div>\n<\/figure>\n<div class=\"td-a-rec td-a-rec-id-content_bottom  tdi_4 td_block_template_1\"><strong>Intr\u0103 acum \u0219i \u00een grupul de <\/p>\n<div class=\"wp-block-button\"><a class=\"wp-block-button__link wp-element-button\" href=\"https:\/\/t.me\/+TH8wcfnp8fw5NWI0\">Telegram News Bucovina<\/a><\/div>\n<p><\/strong><\/div>\n<\/div>\n<p>[analyse_source url=&#8221;https:\/\/www.newsbucovina.ro\/actualitate\/437109\/politia-suceava-transmite-recomandari-esentiale-de-siguranta-rutiera-in-conditii-de-vant-puternic&#8221;]<\/p>\n","protected":false},"excerpt":{"rendered":"<p>[analyse_image type=&#8221;featured&#8221; src=&#8221;https:\/\/www.newsbucovina.ro\/wp-content\/uploads\/2026\/04\/IMG-20260426-WA0036-2.jpghttps:\/\/cdn.newsbucovina.ro\/wp-content\/uploads\/2026\/04\/IMG-20260426-WA0036-2.jpg&#8221;] Intr\u0103 acum \u0219i \u00een grupul de Telegram News Bucovina \u00cen contextul avertiz\u0103rii meteorologice de Cod Portocaliu privind intensific\u0103ri puternice ale v\u00e2ntului, Inspectorul-\u0219ef adjunct al Poli\u021biei Jude\u021bene Suceava, comisar-\u0219ef Ionu\u021b Epureanu, face un apel c\u0103tre \u0219oferi \u0219i cet\u0103\u021beni s\u0103 acorde o aten\u021bie sporit\u0103 siguran\u021bei pe drumuri. \u201eV\u00e2ntul puternic afecteaz\u0103 \u00eentotdeauna buna desf\u0103\u0219urare a [&hellip;]<\/p>\n","protected":false},"author":1,"featured_media":0,"comment_status":"open","ping_status":"","sticky":false,"template":"","format":"standard","meta":{"footnotes":""},"categories":[89],"tags":[226,165],"class_list":["post-1904176","post","type-post","status-publish","format-standard","hentry","category-romania","tag-crawlmanager","tag-newsbucovina-ro"],"_links":{"self":[{"href":"https:\/\/analyse.optim.biz\/index.php?rest_route=\/wp\/v2\/posts\/1904176","targetHints":{"allow":["GET"]}}],"collection":[{"href":"https:\/\/analyse.optim.biz\/index.php?rest_route=\/wp\/v2\/posts"}],"about":[{"href":"https:\/\/analyse.optim.biz\/index.php?rest_route=\/wp\/v2\/types\/post"}],"author":[{"embeddable":true,"href":"https:\/\/analyse.optim.biz\/index.php?rest_route=\/wp\/v2\/users\/1"}],"replies":[{"embeddable":true,"href":"https:\/\/analyse.optim.biz\/index.php?rest_route=%2Fwp%2Fv2%2Fcomments&post=1904176"}],"version-history":[{"count":0,"href":"https:\/\/analyse.optim.biz\/index.php?rest_route=\/wp\/v2\/posts\/1904176\/revisions"}],"wp:attachment":[{"href":"https:\/\/analyse.optim.biz\/index.php?rest_route=%2Fwp%2Fv2%2Fmedia&parent=1904176"}],"wp:term":[{"taxonomy":"category","embeddable":true,"href":"https:\/\/analyse.optim.biz\/index.php?rest_route=%2Fwp%2Fv2%2Fcategories&post=1904176"},{"taxonomy":"post_tag","embeddable":true,"href":"https:\/\/analyse.optim.biz\/index.php?rest_route=%2Fwp%2Fv2%2Ftags&post=1904176"}],"curies":[{"name":"wp","href":"https:\/\/api.w.org\/{rel}","templated":true}]}}