{"id":1904173,"date":"2026-04-26T11:10:59","date_gmt":"2026-04-26T08:10:59","guid":{"rendered":"https:\/\/analyse.optim.biz\/?p=1904173"},"modified":"2026-04-26T11:10:59","modified_gmt":"2026-04-26T08:10:59","slug":"un-elev-de-17-ani-retinut-dupa-ce-a-furat-un-bmw-de-la-firma-unde-facea-practica-la-marginea","status":"publish","type":"post","link":"https:\/\/analyse.optim.biz\/?p=1904173","title":{"rendered":"Un elev de 17 ani, re\u021binut dup\u0103 ce a furat un BMW de la firma unde f\u0103cea practic\u0103 la Marginea"},"content":{"rendered":"<p>[analyse_image type=&#8221;featured&#8221; src=&#8221;https:\/\/www.newsbucovina.ro\/wp-content\/uploads\/2026\/04\/politie-razie-14.jpeghttps:\/\/cdn.newsbucovina.ro\/wp-content\/uploads\/2026\/04\/politie-razie-14.jpeg&#8221;]<\/p>\n<div class=\"td-post-content tagdiv-type\">\n<div class=\"td-a-rec td-a-rec-id-content_top  tdi_3 td_block_template_1\"><strong>Intr\u0103 acum \u0219i \u00een grupul de <\/p>\n<div class=\"wp-block-button\"><a class=\"wp-block-button__link wp-element-button\" href=\"https:\/\/t.me\/+TH8wcfnp8fw5NWI0\">Telegram News Bucovina<\/a><\/div>\n<p><\/strong><\/div>\n<p>Un elev de 17 ani din comuna Marginea a fost re\u021binut pentru 24 de ore dup\u0103 ce a sustras un autoturism BMW din curtea societ\u0103\u021bii comerciale unde efectua stagiu de practic\u0103 \u0219i l-a condus f\u0103r\u0103 permis pe drumurile publice, provoc\u00e2nd avarii.<\/p>\n<figure class=\"wp-block-image size-large\"><a href=\"https:\/\/cdn.newsbucovina.ro\/wp-content\/uploads\/2026\/04\/politie-razie-14.jpeg\"><img loading=\"lazy\" decoding=\"async\" width=\"1024\" height=\"576\" src=\"https:\/\/cdn.newsbucovina.ro\/wp-content\/uploads\/2026\/04\/politie-razie-14-1024x576.jpeg\" alt class=\"wp-image-436440\"><\/a><\/figure>\n<p>Incidentul a fost sesizat pe 25 aprilie 2026 de administratorul societ\u0103\u021bii SC TARSIN SRL. Potrivit poli\u021bi\u0219tilor, minorul, elev \u00een clasa a X-a la specializarea Mecanic\u0103 \u00een cadrul Liceului Tehnologic \u201eVasile Gherasim\u201d Marginea, a luat autoturismul din curtea interioar\u0103 a firmei \u00een data de 23 aprilie, \u00een jurul orei 11:50, profit\u00e2nd de pauza de mas\u0103 a angaja\u021bilor, c\u00e2nd cheia se afla \u00een contact.<\/p>\n<p>T\u00e2n\u0103rul a condus vehiculul pe DN17A, DN2E \u0219i pe mai multe str\u0103zi din localitate. \u00cen timpul deplas\u0103rii, a pierdut par\u021bial controlul \u0219i a intrat \u00een coliziune lateral\u0103 cu un parapet metalic. Ulterior, a parcat ma\u0219ina pe diferite str\u0103zi, \u00eencerc\u00e2nd s\u0103 procure piese de schimb pentru repararea avariilor, dar nu a reu\u0219it. Pe 24 aprilie, \u00een jurul orei 12:20, a returnat autoturismul \u00een curtea societ\u0103\u021bii f\u0103r\u0103 s\u0103 anun\u021be pe nimeni.<\/p>\n<p>Angaja\u021bii au observat avariile \u0219i au constatat c\u0103 ma\u0219ina parcursese aproximativ <strong>180 de km<\/strong>. Prejudiciul a fost estimat la circa <strong>1.000 de euro<\/strong>.<\/p>\n<p>\u00cen urma cercet\u0103rilor efectuate de poli\u021bi\u0219tii Sec\u021biei 3 Poli\u021bie Rural\u0103 Marginea, minorul a fost identificat, audiat \u00een prezen\u021ba tat\u0103lui, a avocatului din oficiu \u0219i a reprezentantului autorit\u0103\u021bii tutelare. El a recunoscut integral faptele \u0219i a declarat c\u0103 regret\u0103 cele \u00eent\u00e2mplate, promi\u021b\u00e2nd s\u0103 achite prejudiciul cauzat.<\/p>\n<p>Lucr\u0103torul de cercetare penal\u0103 a dispus re\u021binerea suspectului pentru 24 de ore sub aspectul s\u0103v\u00e2r\u0219irii infrac\u021biunilor de <strong>conducere a unui vehicul pe drumurile publice f\u0103r\u0103 permis de conducere<\/strong> (art. 335 alin. 1 Cod Penal) \u0219i <strong>furt \u00een scop de folosin\u021b\u0103<\/strong> (art. 230 alin. 1 Cod Penal), cu aplicarea prevederilor art. 38 \u0219i 113 Cod Penal. Minorul a fost \u00eencarcerat \u00een Centrul de Re\u021binere \u0219i Arest Preventiv al Inspectoratului de Poli\u021bie Jude\u021bean Suceava.<\/p>\n<p>Cercet\u0103rile continu\u0103 sub coordonarea Parchetului de pe l\u00e2ng\u0103 Judec\u0103toria R\u0103d\u0103u\u021bi, dosarul fiind preluat de poli\u021bi\u0219tii Postului de Poli\u021bie Horodnic de Jos.<\/p>\n<figure class=\"wp-block-embed is-type-video is-provider-youtube wp-block-embed-youtube wp-embed-aspect-16-9 wp-has-aspect-ratio\">\n<div class=\"wp-block-embed__wrapper\">\n<div class=\"youtube-embed\" data-video_id=\"WQLXcNbbIqs\"><iframe loading=\"lazy\" title=\"De la Furc\u0103 p\u00e2n\u0103 la Furculi\u021b\u0103 la cap\u0103t de Schengen - Familia care a pariat totul pe VITA rom\u00e2neasc\u0103\" width=\"696\" height=\"392\" src=\"https:\/\/www.youtube.com\/embed\/WQLXcNbbIqs?feature=oembed&amp;enablejsapi=1\" frameborder allow=\"accelerometer; autoplay; clipboard-write; encrypted-media; gyroscope; picture-in-picture; web-share\" referrerpolicy=\"strict-origin-when-cross-origin\" allowfullscreen><\/iframe><\/div>\n<\/div>\n<\/figure>\n<div class=\"td-a-rec td-a-rec-id-content_bottom  tdi_4 td_block_template_1\"><strong>Intr\u0103 acum \u0219i \u00een grupul de <\/p>\n<div class=\"wp-block-button\"><a class=\"wp-block-button__link wp-element-button\" href=\"https:\/\/t.me\/+TH8wcfnp8fw5NWI0\">Telegram News Bucovina<\/a><\/div>\n<p><\/strong><\/div>\n<\/div>\n<div class=\"td-post-content tagdiv-type\">\n<div class=\"td-a-rec td-a-rec-id-content_top  tdi_3 td_block_template_1\"><strong>Intr\u0103 acum \u0219i \u00een grupul de <\/p>\n<div class=\"wp-block-button\"><a class=\"wp-block-button__link wp-element-button\" href=\"https:\/\/t.me\/+TH8wcfnp8fw5NWI0\">Telegram News Bucovina<\/a><\/div>\n<p><\/strong><\/div>\n<p>Un elev de 17 ani din comuna Marginea a fost re\u021binut pentru 24 de ore dup\u0103 ce a sustras un autoturism BMW din curtea societ\u0103\u021bii comerciale unde efectua stagiu de practic\u0103 \u0219i l-a condus f\u0103r\u0103 permis pe drumurile publice, provoc\u00e2nd avarii.<\/p>\n<figure class=\"wp-block-image size-large\"><a href=\"https:\/\/cdn.newsbucovina.ro\/wp-content\/uploads\/2026\/04\/politie-razie-14.jpeg\"><img loading=\"lazy\" decoding=\"async\" width=\"1024\" height=\"576\" src=\"https:\/\/cdn.newsbucovina.ro\/wp-content\/uploads\/2026\/04\/politie-razie-14-1024x576.jpeg\" alt class=\"wp-image-436440\"><\/a><\/figure>\n<p>Incidentul a fost sesizat pe 25 aprilie 2026 de administratorul societ\u0103\u021bii SC TARSIN SRL. Potrivit poli\u021bi\u0219tilor, minorul, elev \u00een clasa a X-a la specializarea Mecanic\u0103 \u00een cadrul Liceului Tehnologic \u201eVasile Gherasim\u201d Marginea, a luat autoturismul din curtea interioar\u0103 a firmei \u00een data de 23 aprilie, \u00een jurul orei 11:50, profit\u00e2nd de pauza de mas\u0103 a angaja\u021bilor, c\u00e2nd cheia se afla \u00een contact.<\/p>\n<p>T\u00e2n\u0103rul a condus vehiculul pe DN17A, DN2E \u0219i pe mai multe str\u0103zi din localitate. \u00cen timpul deplas\u0103rii, a pierdut par\u021bial controlul \u0219i a intrat \u00een coliziune lateral\u0103 cu un parapet metalic. Ulterior, a parcat ma\u0219ina pe diferite str\u0103zi, \u00eencerc\u00e2nd s\u0103 procure piese de schimb pentru repararea avariilor, dar nu a reu\u0219it. Pe 24 aprilie, \u00een jurul orei 12:20, a returnat autoturismul \u00een curtea societ\u0103\u021bii f\u0103r\u0103 s\u0103 anun\u021be pe nimeni.<\/p>\n<p>Angaja\u021bii au observat avariile \u0219i au constatat c\u0103 ma\u0219ina parcursese aproximativ <strong>180 de km<\/strong>. Prejudiciul a fost estimat la circa <strong>1.000 de euro<\/strong>.<\/p>\n<p>\u00cen urma cercet\u0103rilor efectuate de poli\u021bi\u0219tii Sec\u021biei 3 Poli\u021bie Rural\u0103 Marginea, minorul a fost identificat, audiat \u00een prezen\u021ba tat\u0103lui, a avocatului din oficiu \u0219i a reprezentantului autorit\u0103\u021bii tutelare. El a recunoscut integral faptele \u0219i a declarat c\u0103 regret\u0103 cele \u00eent\u00e2mplate, promi\u021b\u00e2nd s\u0103 achite prejudiciul cauzat.<\/p>\n<p>Lucr\u0103torul de cercetare penal\u0103 a dispus re\u021binerea suspectului pentru 24 de ore sub aspectul s\u0103v\u00e2r\u0219irii infrac\u021biunilor de <strong>conducere a unui vehicul pe drumurile publice f\u0103r\u0103 permis de conducere<\/strong> (art. 335 alin. 1 Cod Penal) \u0219i <strong>furt \u00een scop de folosin\u021b\u0103<\/strong> (art. 230 alin. 1 Cod Penal), cu aplicarea prevederilor art. 38 \u0219i 113 Cod Penal. Minorul a fost \u00eencarcerat \u00een Centrul de Re\u021binere \u0219i Arest Preventiv al Inspectoratului de Poli\u021bie Jude\u021bean Suceava.<\/p>\n<p>Cercet\u0103rile continu\u0103 sub coordonarea Parchetului de pe l\u00e2ng\u0103 Judec\u0103toria R\u0103d\u0103u\u021bi, dosarul fiind preluat de poli\u021bi\u0219tii Postului de Poli\u021bie Horodnic de Jos.<\/p>\n<figure class=\"wp-block-embed is-type-video is-provider-youtube wp-block-embed-youtube wp-embed-aspect-16-9 wp-has-aspect-ratio\">\n<div class=\"wp-block-embed__wrapper\">\n<div class=\"youtube-embed\" data-video_id=\"WQLXcNbbIqs\"><iframe loading=\"lazy\" title=\"De la Furc\u0103 p\u00e2n\u0103 la Furculi\u021b\u0103 la cap\u0103t de Schengen - Familia care a pariat totul pe VITA rom\u00e2neasc\u0103\" width=\"696\" height=\"392\" src=\"https:\/\/www.youtube.com\/embed\/WQLXcNbbIqs?feature=oembed&amp;enablejsapi=1\" frameborder allow=\"accelerometer; autoplay; clipboard-write; encrypted-media; gyroscope; picture-in-picture; web-share\" referrerpolicy=\"strict-origin-when-cross-origin\" allowfullscreen><\/iframe><\/div>\n<\/div>\n<\/figure>\n<div class=\"td-a-rec td-a-rec-id-content_bottom  tdi_4 td_block_template_1\"><strong>Intr\u0103 acum \u0219i \u00een grupul de <\/p>\n<div class=\"wp-block-button\"><a class=\"wp-block-button__link wp-element-button\" href=\"https:\/\/t.me\/+TH8wcfnp8fw5NWI0\">Telegram News Bucovina<\/a><\/div>\n<p><\/strong><\/div>\n<\/div>\n<p>[analyse_source url=&#8221;https:\/\/www.newsbucovina.ro\/actualitate\/437099\/un-elev-de-17-ani-retinut-dupa-ce-a-furat-un-bmw-de-la-firma-unde-facea-practica-la-marginea&#8221;]<\/p>\n","protected":false},"excerpt":{"rendered":"<p>[analyse_image type=&#8221;featured&#8221; src=&#8221;https:\/\/www.newsbucovina.ro\/wp-content\/uploads\/2026\/04\/politie-razie-14.jpeghttps:\/\/cdn.newsbucovina.ro\/wp-content\/uploads\/2026\/04\/politie-razie-14.jpeg&#8221;] Intr\u0103 acum \u0219i \u00een grupul de Telegram News Bucovina Un elev de 17 ani din comuna Marginea a fost re\u021binut pentru 24 de ore dup\u0103 ce a sustras un autoturism BMW din curtea societ\u0103\u021bii comerciale unde efectua stagiu de practic\u0103 \u0219i l-a condus f\u0103r\u0103 permis pe drumurile publice, provoc\u00e2nd avarii. Incidentul a [&hellip;]<\/p>\n","protected":false},"author":1,"featured_media":0,"comment_status":"open","ping_status":"","sticky":false,"template":"","format":"standard","meta":{"footnotes":""},"categories":[89],"tags":[226,165],"class_list":["post-1904173","post","type-post","status-publish","format-standard","hentry","category-romania","tag-crawlmanager","tag-newsbucovina-ro"],"_links":{"self":[{"href":"https:\/\/analyse.optim.biz\/index.php?rest_route=\/wp\/v2\/posts\/1904173","targetHints":{"allow":["GET"]}}],"collection":[{"href":"https:\/\/analyse.optim.biz\/index.php?rest_route=\/wp\/v2\/posts"}],"about":[{"href":"https:\/\/analyse.optim.biz\/index.php?rest_route=\/wp\/v2\/types\/post"}],"author":[{"embeddable":true,"href":"https:\/\/analyse.optim.biz\/index.php?rest_route=\/wp\/v2\/users\/1"}],"replies":[{"embeddable":true,"href":"https:\/\/analyse.optim.biz\/index.php?rest_route=%2Fwp%2Fv2%2Fcomments&post=1904173"}],"version-history":[{"count":0,"href":"https:\/\/analyse.optim.biz\/index.php?rest_route=\/wp\/v2\/posts\/1904173\/revisions"}],"wp:attachment":[{"href":"https:\/\/analyse.optim.biz\/index.php?rest_route=%2Fwp%2Fv2%2Fmedia&parent=1904173"}],"wp:term":[{"taxonomy":"category","embeddable":true,"href":"https:\/\/analyse.optim.biz\/index.php?rest_route=%2Fwp%2Fv2%2Fcategories&post=1904173"},{"taxonomy":"post_tag","embeddable":true,"href":"https:\/\/analyse.optim.biz\/index.php?rest_route=%2Fwp%2Fv2%2Ftags&post=1904173"}],"curies":[{"name":"wp","href":"https:\/\/api.w.org\/{rel}","templated":true}]}}