{"id":1904171,"date":"2026-04-26T07:20:10","date_gmt":"2026-04-26T04:20:10","guid":{"rendered":"https:\/\/analyse.optim.biz\/?p=1904171"},"modified":"2026-04-26T07:20:10","modified_gmt":"2026-04-26T04:20:10","slug":"accident-rutier-la-bosanci-femeie-de-42-de-ani-incarcerata-dupa-coliziunea-dintre-doua-autoturisme","status":"publish","type":"post","link":"https:\/\/analyse.optim.biz\/?p=1904171","title":{"rendered":"Accident rutier la Bosanci: femeie de 42 de ani, \u00eencarcerat\u0103 dup\u0103 coliziunea dintre dou\u0103 autoturisme"},"content":{"rendered":"<p>[analyse_image type=&#8221;featured&#8221; src=&#8221;https:\/\/www.newsbucovina.ro\/wp-content\/uploads\/2026\/04\/WhatsApp-Image-2026-04-26-at-10.12.49.jpeghttps:\/\/cdn.newsbucovina.ro\/wp-content\/uploads\/2026\/04\/WhatsApp-Image-2026-04-26-at-10.12.49.jpeg&#8221;]<\/p>\n<div class=\"td-post-content tagdiv-type\">\n<div class=\"td-a-rec td-a-rec-id-content_top  tdi_3 td_block_template_1\"><strong>Intr\u0103 acum \u0219i \u00een grupul de <\/p>\n<div class=\"wp-block-button\"><a class=\"wp-block-button__link wp-element-button\" href=\"https:\/\/t.me\/+TH8wcfnp8fw5NWI0\">Telegram News Bucovina<\/a><\/div>\n<p><\/strong><\/div>\n<p>Un accident rutier s-a produs duminic\u0103, 26 aprilie 2026, \u00een localitatea Bosanci, \u00een urma impactului dintre dou\u0103 autoturisme.<\/p>\n<figure class=\"wp-block-gallery has-nested-images columns-default is-cropped wp-block-gallery-1 is-layout-flex wp-block-gallery-is-layout-flex\">\n<figure class=\"wp-block-image size-large\"><a href=\"https:\/\/cdn.newsbucovina.ro\/wp-content\/uploads\/2026\/04\/WhatsApp-Image-2026-04-26-at-10.12.49.jpeg\"><img loading=\"lazy\" decoding=\"async\" width=\"1024\" height=\"636\" data-id=\"437080\" src=\"https:\/\/cdn.newsbucovina.ro\/wp-content\/uploads\/2026\/04\/WhatsApp-Image-2026-04-26-at-10.12.49-1024x636.jpeg\" alt class=\"wp-image-437080\"><\/a><\/figure>\n<figure class=\"wp-block-image size-large\"><a href=\"https:\/\/cdn.newsbucovina.ro\/wp-content\/uploads\/2026\/04\/WhatsApp-Image-2026-04-26-at-10.12.491.jpeg\"><img loading=\"lazy\" decoding=\"async\" width=\"1024\" height=\"768\" data-id=\"437081\" src=\"https:\/\/cdn.newsbucovina.ro\/wp-content\/uploads\/2026\/04\/WhatsApp-Image-2026-04-26-at-10.12.491-1024x768.jpeg\" alt class=\"wp-image-437081\"><\/a><\/figure>\n<figure class=\"wp-block-image size-large\"><a href=\"https:\/\/cdn.newsbucovina.ro\/wp-content\/uploads\/2026\/04\/WhatsApp-Image-2026-04-26-at-10.12.493.jpeg\"><img loading=\"lazy\" decoding=\"async\" width=\"1024\" height=\"768\" data-id=\"437082\" src=\"https:\/\/cdn.newsbucovina.ro\/wp-content\/uploads\/2026\/04\/WhatsApp-Image-2026-04-26-at-10.12.493-1024x768.jpeg\" alt class=\"wp-image-437082\"><\/a><\/figure>\n<\/figure>\n<p>Potrivit slt. Radu Gabriel din cadrul ISU Suceava, \u00een urma evenimentului rutier o femeie de 42 de ani a r\u0103mas \u00eencarcerat\u0103 \u00een unul dintre vehicule.<\/p>\n<p>La fa\u021ba locului au intervenit pompierii militari din cadrul Deta\u0219amentului Suceava, cu o autospecial\u0103 pentru descarcerare \u0219i o ambulan\u021b\u0103 SMURD de Terapie Intensiv\u0103 Mobil\u0103 (TIM), sprijini\u021bi de un echipaj SAJ.<\/p>\n<p>Dup\u0103 opera\u021biunea de descarcerare, femeia a fost extras\u0103 din autoturism \u0219i predat\u0103 imediat echipajelor medicale. <\/p>\n<p>\u00cen total, doi adul\u021bi \u0219i un minor au fost transporta\u021bi la spital pentru investiga\u021bii medicale suplimentare \u0219i tratament de specialitate.<\/p>\n<figure class=\"wp-block-embed is-type-video is-provider-youtube wp-block-embed-youtube wp-embed-aspect-16-9 wp-has-aspect-ratio\">\n<div class=\"wp-block-embed__wrapper\">\n<div class=\"youtube-embed\" data-video_id=\"WQLXcNbbIqs\"><iframe loading=\"lazy\" title=\"De la Furc\u0103 p\u00e2n\u0103 la Furculi\u021b\u0103 la cap\u0103t de Schengen - Familia care a pariat totul pe VITA rom\u00e2neasc\u0103\" width=\"696\" height=\"392\" src=\"https:\/\/www.youtube.com\/embed\/WQLXcNbbIqs?feature=oembed&amp;enablejsapi=1\" frameborder allow=\"accelerometer; autoplay; clipboard-write; encrypted-media; gyroscope; picture-in-picture; web-share\" referrerpolicy=\"strict-origin-when-cross-origin\" allowfullscreen><\/iframe><\/div>\n<\/div>\n<\/figure>\n<div class=\"td-a-rec td-a-rec-id-content_bottom  tdi_4 td_block_template_1\"><strong>Intr\u0103 acum \u0219i \u00een grupul de <\/p>\n<div class=\"wp-block-button\"><a class=\"wp-block-button__link wp-element-button\" href=\"https:\/\/t.me\/+TH8wcfnp8fw5NWI0\">Telegram News Bucovina<\/a><\/div>\n<p><\/strong><\/div>\n<\/div>\n<div class=\"td-post-content tagdiv-type\">\n<div class=\"td-a-rec td-a-rec-id-content_top  tdi_3 td_block_template_1\"><strong>Intr\u0103 acum \u0219i \u00een grupul de <\/p>\n<div class=\"wp-block-button\"><a class=\"wp-block-button__link wp-element-button\" href=\"https:\/\/t.me\/+TH8wcfnp8fw5NWI0\">Telegram News Bucovina<\/a><\/div>\n<p><\/strong><\/div>\n<p>Un accident rutier s-a produs duminic\u0103, 26 aprilie 2026, \u00een localitatea Bosanci, \u00een urma impactului dintre dou\u0103 autoturisme.<\/p>\n<figure class=\"wp-block-gallery has-nested-images columns-default is-cropped wp-block-gallery-1 is-layout-flex wp-block-gallery-is-layout-flex\">\n<figure class=\"wp-block-image size-large\"><a href=\"https:\/\/cdn.newsbucovina.ro\/wp-content\/uploads\/2026\/04\/WhatsApp-Image-2026-04-26-at-10.12.49.jpeg\"><img loading=\"lazy\" decoding=\"async\" width=\"1024\" height=\"636\" data-id=\"437080\" src=\"https:\/\/cdn.newsbucovina.ro\/wp-content\/uploads\/2026\/04\/WhatsApp-Image-2026-04-26-at-10.12.49-1024x636.jpeg\" alt class=\"wp-image-437080\"><\/a><\/figure>\n<figure class=\"wp-block-image size-large\"><a href=\"https:\/\/cdn.newsbucovina.ro\/wp-content\/uploads\/2026\/04\/WhatsApp-Image-2026-04-26-at-10.12.491.jpeg\"><img loading=\"lazy\" decoding=\"async\" width=\"1024\" height=\"768\" data-id=\"437081\" src=\"https:\/\/cdn.newsbucovina.ro\/wp-content\/uploads\/2026\/04\/WhatsApp-Image-2026-04-26-at-10.12.491-1024x768.jpeg\" alt class=\"wp-image-437081\"><\/a><\/figure>\n<figure class=\"wp-block-image size-large\"><a href=\"https:\/\/cdn.newsbucovina.ro\/wp-content\/uploads\/2026\/04\/WhatsApp-Image-2026-04-26-at-10.12.493.jpeg\"><img loading=\"lazy\" decoding=\"async\" width=\"1024\" height=\"768\" data-id=\"437082\" src=\"https:\/\/cdn.newsbucovina.ro\/wp-content\/uploads\/2026\/04\/WhatsApp-Image-2026-04-26-at-10.12.493-1024x768.jpeg\" alt class=\"wp-image-437082\"><\/a><\/figure>\n<\/figure>\n<p>Potrivit slt. Radu Gabriel din cadrul ISU Suceava, \u00een urma evenimentului rutier o femeie de 42 de ani a r\u0103mas \u00eencarcerat\u0103 \u00een unul dintre vehicule.<\/p>\n<p>La fa\u021ba locului au intervenit pompierii militari din cadrul Deta\u0219amentului Suceava, cu o autospecial\u0103 pentru descarcerare \u0219i o ambulan\u021b\u0103 SMURD de Terapie Intensiv\u0103 Mobil\u0103 (TIM), sprijini\u021bi de un echipaj SAJ.<\/p>\n<p>Dup\u0103 opera\u021biunea de descarcerare, femeia a fost extras\u0103 din autoturism \u0219i predat\u0103 imediat echipajelor medicale. <\/p>\n<p>\u00cen total, doi adul\u021bi \u0219i un minor au fost transporta\u021bi la spital pentru investiga\u021bii medicale suplimentare \u0219i tratament de specialitate.<\/p>\n<figure class=\"wp-block-embed is-type-video is-provider-youtube wp-block-embed-youtube wp-embed-aspect-16-9 wp-has-aspect-ratio\">\n<div class=\"wp-block-embed__wrapper\">\n<div class=\"youtube-embed\" data-video_id=\"WQLXcNbbIqs\"><iframe loading=\"lazy\" title=\"De la Furc\u0103 p\u00e2n\u0103 la Furculi\u021b\u0103 la cap\u0103t de Schengen - Familia care a pariat totul pe VITA rom\u00e2neasc\u0103\" width=\"696\" height=\"392\" src=\"https:\/\/www.youtube.com\/embed\/WQLXcNbbIqs?feature=oembed&amp;enablejsapi=1\" frameborder allow=\"accelerometer; autoplay; clipboard-write; encrypted-media; gyroscope; picture-in-picture; web-share\" referrerpolicy=\"strict-origin-when-cross-origin\" allowfullscreen><\/iframe><\/div>\n<\/div>\n<\/figure>\n<div class=\"td-a-rec td-a-rec-id-content_bottom  tdi_4 td_block_template_1\"><strong>Intr\u0103 acum \u0219i \u00een grupul de <\/p>\n<div class=\"wp-block-button\"><a class=\"wp-block-button__link wp-element-button\" href=\"https:\/\/t.me\/+TH8wcfnp8fw5NWI0\">Telegram News Bucovina<\/a><\/div>\n<p><\/strong><\/div>\n<\/div>\n<p>[analyse_source url=&#8221;https:\/\/www.newsbucovina.ro\/actualitate\/437079\/accident-rutier-la-bosanci-femeie-de-42-de-ani-incarcerata-dupa-coliziunea-dintre-doua-autoturisme&#8221;]<\/p>\n","protected":false},"excerpt":{"rendered":"<p>[analyse_image type=&#8221;featured&#8221; src=&#8221;https:\/\/www.newsbucovina.ro\/wp-content\/uploads\/2026\/04\/WhatsApp-Image-2026-04-26-at-10.12.49.jpeghttps:\/\/cdn.newsbucovina.ro\/wp-content\/uploads\/2026\/04\/WhatsApp-Image-2026-04-26-at-10.12.49.jpeg&#8221;] Intr\u0103 acum \u0219i \u00een grupul de Telegram News Bucovina Un accident rutier s-a produs duminic\u0103, 26 aprilie 2026, \u00een localitatea Bosanci, \u00een urma impactului dintre dou\u0103 autoturisme. Potrivit slt. Radu Gabriel din cadrul ISU Suceava, \u00een urma evenimentului rutier o femeie de 42 de ani a r\u0103mas \u00eencarcerat\u0103 \u00een unul dintre vehicule. [&hellip;]<\/p>\n","protected":false},"author":1,"featured_media":0,"comment_status":"open","ping_status":"","sticky":false,"template":"","format":"standard","meta":{"footnotes":""},"categories":[89],"tags":[226,165],"class_list":["post-1904171","post","type-post","status-publish","format-standard","hentry","category-romania","tag-crawlmanager","tag-newsbucovina-ro"],"_links":{"self":[{"href":"https:\/\/analyse.optim.biz\/index.php?rest_route=\/wp\/v2\/posts\/1904171","targetHints":{"allow":["GET"]}}],"collection":[{"href":"https:\/\/analyse.optim.biz\/index.php?rest_route=\/wp\/v2\/posts"}],"about":[{"href":"https:\/\/analyse.optim.biz\/index.php?rest_route=\/wp\/v2\/types\/post"}],"author":[{"embeddable":true,"href":"https:\/\/analyse.optim.biz\/index.php?rest_route=\/wp\/v2\/users\/1"}],"replies":[{"embeddable":true,"href":"https:\/\/analyse.optim.biz\/index.php?rest_route=%2Fwp%2Fv2%2Fcomments&post=1904171"}],"version-history":[{"count":0,"href":"https:\/\/analyse.optim.biz\/index.php?rest_route=\/wp\/v2\/posts\/1904171\/revisions"}],"wp:attachment":[{"href":"https:\/\/analyse.optim.biz\/index.php?rest_route=%2Fwp%2Fv2%2Fmedia&parent=1904171"}],"wp:term":[{"taxonomy":"category","embeddable":true,"href":"https:\/\/analyse.optim.biz\/index.php?rest_route=%2Fwp%2Fv2%2Fcategories&post=1904171"},{"taxonomy":"post_tag","embeddable":true,"href":"https:\/\/analyse.optim.biz\/index.php?rest_route=%2Fwp%2Fv2%2Ftags&post=1904171"}],"curies":[{"name":"wp","href":"https:\/\/api.w.org\/{rel}","templated":true}]}}