{"id":1904169,"date":"2026-04-26T07:09:39","date_gmt":"2026-04-26T04:09:39","guid":{"rendered":"https:\/\/analyse.optim.biz\/?p=1904169"},"modified":"2026-04-26T07:09:39","modified_gmt":"2026-04-26T04:09:39","slug":"mai-multe-regenerabile-nu-inseamna-automat-energie-mai-ieftina-analiza-dura-a-presedintelui-asociatiei-energia-inteligenta","status":"publish","type":"post","link":"https:\/\/analyse.optim.biz\/?p=1904169","title":{"rendered":"\u201eMai multe regenerabile nu \u00eenseamn\u0103 automat energie mai ieftin\u0103\u201d. Analiza dur\u0103 a pre\u0219edintelui Asocia\u021biei Energia Inteligent\u0103"},"content":{"rendered":"<p>[analyse_image type=&#8221;featured&#8221; src=&#8221;https:\/\/www.newsbucovina.ro\/wp-content\/uploads\/2026\/04\/image.jpeghttps:\/\/cdn.newsbucovina.ro\/wp-content\/uploads\/2026\/04\/image.jpeg&#8221;]<\/p>\n<div class=\"td-post-content tagdiv-type\">\n<div class=\"td-a-rec td-a-rec-id-content_top  tdi_3 td_block_template_1\"><strong>Intr\u0103 acum \u0219i \u00een grupul de <\/p>\n<div class=\"wp-block-button\"><a class=\"wp-block-button__link wp-element-button\" href=\"https:\/\/t.me\/+TH8wcfnp8fw5NWI0\">Telegram News Bucovina<\/a><\/div>\n<p><\/strong><\/div>\n<p>Pre\u0219edintele Asocia\u021biei Energetice din Rom\u00e2nia (AEI), Dumitru Chis\u0103li\u021b\u0103, atrage aten\u021bia \u00eentr-o analiz\u0103 ampl\u0103 c\u0103 mitul potrivit c\u0103ruia cre\u0219terea produc\u021biei de energie din surse regenerabile duce automat la pre\u021buri mai mici pentru consumatori este fals \u0219i periculos.<\/p>\n<figure class=\"wp-block-image size-full\"><a href=\"https:\/\/cdn.newsbucovina.ro\/wp-content\/uploads\/2026\/04\/image.jpeg\"><img loading=\"lazy\" decoding=\"async\" width=\"781\" height=\"520\" src=\"https:\/\/cdn.newsbucovina.ro\/wp-content\/uploads\/2026\/04\/image.jpeg\" alt class=\"wp-image-435458\"><\/a><\/figure>\n<p>Potrivit expertului, de\u0219i regenerabilele pot reduce pre\u021bul marginal \u00een anumite ore (mai ales la pr\u00e2nz, c\u00e2nd produc\u021bia solar\u0103 este maxim\u0103), ele pot cre\u0219te costul total al sistemului energetic dac\u0103 nu sunt \u00eenso\u021bite de investi\u021bii masive \u00een re\u021bele, stocare, flexibilitate \u0219i management performant.<\/p>\n<p>\u201eCre\u0219terea produc\u021biei de energie solar\u0103 \u0219i eolian\u0103 nu garanteaz\u0103 sc\u0103derea pre\u021bului final la consumator. Ea poate reduce pre\u021bul \u00een anumite ore, dar poate cre\u0219te costul total al sistemului\u201d, subliniaz\u0103 Dumitru Chis\u0103li\u021b\u0103.<\/p>\n<p><strong>Cauzele reale ale pre\u021burilor mari la energie electric\u0103<\/strong><\/p>\n<p>Analiza identific\u0103 o serie de factori structurali care \u00eemping pre\u021burile \u00een sus:<\/p>\n<ul class=\"wp-block-list\">\n<li><strong>Blocaje \u00een accesul la re\u021bea (ATR-uri)<\/strong> \u2013 proiecte speculative blocheaz\u0103 capacitate real\u0103, \u00eent\u00e2rziind proiectele mature (pondere estimat\u0103 p\u00e2n\u0103 la 4%);<\/li>\n<li><strong>Canibalizarea regenerabilelor<\/strong> \u2013 pre\u021buri foarte mici sau negative \u00een orele de produc\u021bie maxim\u0103 \u0219i pre\u021buri ridicate \u00een rest (pondere p\u00e2n\u0103 la 8%);<\/li>\n<li><strong>Costuri fixe ale centralelor clasice<\/strong> \u2013 centralele pe gaz \u0219i c\u0103rbune func\u021bioneaz\u0103 mai pu\u021bine ore, ceea ce face ca costurile fixe s\u0103 se \u00eempart\u0103 la mai pu\u021bini MWh produ\u0219i (pondere p\u00e2n\u0103 la 13%);<\/li>\n<li><strong>Lipsa stoc\u0103rii \u0219i a flexibilit\u0103\u021bii<\/strong> \u2013 dezechilibre, curtailment \u0219i pre\u021buri de v\u00e2rf ridicate (pondere p\u00e2n\u0103 la 7%);<\/li>\n<li><strong>Re\u021bele vechi \u0219i congestii<\/strong> \u2013 pierderi tehnologice mari \u0219i investi\u021bii tardive (pondere p\u00e2n\u0103 la 17%);<\/li>\n<li><strong>Prosumatori compensa\u021bi cantitativ<\/strong> \u2013 livreaz\u0103 energie ieftin\u0103 \u0219i primesc compensa\u021bie la pre\u021b mare (pondere 4%);<\/li>\n<li><strong>Management ineficient \u0219i politizat<\/strong> al companiilor de stat, pia\u021b\u0103 nelichid\u0103, legi populiste \u0219i lipsa unui integrator sistemic.<\/li>\n<\/ul>\n<p>Exemplu concret: pe 26 aprilie 2026, pe Pia\u021ba pentru Ziua Urm\u0103toare (PZU), pre\u021bul mediu era de <strong>36,63 euro\/MWh<\/strong>, dar cu diferen\u021be extreme \u2013 Peak la <strong>-21,28 euro\/MWh<\/strong> \u0219i Off-Peak la <strong>94,54 euro\/MWh<\/strong>. Aceasta ilustreaz\u0103 perfect un sistem dezechilibrat.<\/p>\n<p>\u201eEnergie ieftin\u0103 = produc\u021bie potrivit\u0103 + re\u021bea adecvat\u0103 + stocare corect\u0103 + pia\u021b\u0103 lichid\u0103 + management competent + reglementare curat\u0103\u201d, concluzioneaz\u0103 pre\u0219edintele AEI.<\/p>\n<p>Dumitru Chis\u0103li\u021b\u0103 avertizeaz\u0103 c\u0103, f\u0103r\u0103 reforme structurale profunde \u2013 deblocarea real\u0103 a re\u021belelor, investi\u021bii corelate \u00een stocare \u0219i re\u021bele, management performant \u0219i reguli stabile \u2013 pre\u021burile la energie vor r\u0103m\u00e2ne ridicate sau vor continua s\u0103 creasc\u0103, indiferent de capacitatea instalat\u0103 din regenerabile.<\/p>\n<p>Analiza sa vine \u00eentr-un moment critic, \u00een care Guvernul interimar condus de Ilie Bolojan gestioneaz\u0103 portofoliul Energiei, iar discu\u021biile despre listarea companiilor de stat \u0219i reformele sectorului sunt tot mai intense.<\/p>\n<p><strong>Concluzia expertului:<\/strong> \u201eF\u0103r\u0103 reforme, pre\u021burile cresc mult; cu reforme, cresc mai pu\u021bin sau se stabilizeaz\u0103; abia dup\u0103 amortizarea investi\u021biilor \u0219i func\u021bionarea corect\u0103 a sistemului, pre\u021burile pot sc\u0103dea real.\u201d<\/p>\n<p>Declara\u021biile pre\u0219edintelui AEI reprezint\u0103 un semnal de alarm\u0103 pentru autorit\u0103\u021bi \u0219i un apel la o abordare realist\u0103 \u0219i integrat\u0103 a tranzi\u021biei energetice, dincolo de sloganuri politice.<\/p>\n<figure class=\"wp-block-embed is-type-video is-provider-youtube wp-block-embed-youtube wp-embed-aspect-16-9 wp-has-aspect-ratio\">\n<div class=\"wp-block-embed__wrapper\">\n<div class=\"youtube-embed\" data-video_id=\"WQLXcNbbIqs\"><iframe loading=\"lazy\" title=\"De la Furc\u0103 p\u00e2n\u0103 la Furculi\u021b\u0103 la cap\u0103t de Schengen - Familia care a pariat totul pe VITA rom\u00e2neasc\u0103\" width=\"696\" height=\"392\" src=\"https:\/\/www.youtube.com\/embed\/WQLXcNbbIqs?feature=oembed&amp;enablejsapi=1\" frameborder allow=\"accelerometer; autoplay; clipboard-write; encrypted-media; gyroscope; picture-in-picture; web-share\" referrerpolicy=\"strict-origin-when-cross-origin\" allowfullscreen><\/iframe><\/div>\n<\/div>\n<\/figure>\n<div class=\"td-a-rec td-a-rec-id-content_bottom  tdi_4 td_block_template_1\"><strong>Intr\u0103 acum \u0219i \u00een grupul de <\/p>\n<div class=\"wp-block-button\"><a class=\"wp-block-button__link wp-element-button\" href=\"https:\/\/t.me\/+TH8wcfnp8fw5NWI0\">Telegram News Bucovina<\/a><\/div>\n<p><\/strong><\/div>\n<\/div>\n<div class=\"td-post-content tagdiv-type\">\n<div class=\"td-a-rec td-a-rec-id-content_top  tdi_3 td_block_template_1\"><strong>Intr\u0103 acum \u0219i \u00een grupul de <\/p>\n<div class=\"wp-block-button\"><a class=\"wp-block-button__link wp-element-button\" href=\"https:\/\/t.me\/+TH8wcfnp8fw5NWI0\">Telegram News Bucovina<\/a><\/div>\n<p><\/strong><\/div>\n<p>Pre\u0219edintele Asocia\u021biei Energetice din Rom\u00e2nia (AEI), Dumitru Chis\u0103li\u021b\u0103, atrage aten\u021bia \u00eentr-o analiz\u0103 ampl\u0103 c\u0103 mitul potrivit c\u0103ruia cre\u0219terea produc\u021biei de energie din surse regenerabile duce automat la pre\u021buri mai mici pentru consumatori este fals \u0219i periculos.<\/p>\n<figure class=\"wp-block-image size-full\"><a href=\"https:\/\/cdn.newsbucovina.ro\/wp-content\/uploads\/2026\/04\/image.jpeg\"><img loading=\"lazy\" decoding=\"async\" width=\"781\" height=\"520\" src=\"https:\/\/cdn.newsbucovina.ro\/wp-content\/uploads\/2026\/04\/image.jpeg\" alt class=\"wp-image-435458\"><\/a><\/figure>\n<p>Potrivit expertului, de\u0219i regenerabilele pot reduce pre\u021bul marginal \u00een anumite ore (mai ales la pr\u00e2nz, c\u00e2nd produc\u021bia solar\u0103 este maxim\u0103), ele pot cre\u0219te costul total al sistemului energetic dac\u0103 nu sunt \u00eenso\u021bite de investi\u021bii masive \u00een re\u021bele, stocare, flexibilitate \u0219i management performant.<\/p>\n<p>\u201eCre\u0219terea produc\u021biei de energie solar\u0103 \u0219i eolian\u0103 nu garanteaz\u0103 sc\u0103derea pre\u021bului final la consumator. Ea poate reduce pre\u021bul \u00een anumite ore, dar poate cre\u0219te costul total al sistemului\u201d, subliniaz\u0103 Dumitru Chis\u0103li\u021b\u0103.<\/p>\n<p><strong>Cauzele reale ale pre\u021burilor mari la energie electric\u0103<\/strong><\/p>\n<p>Analiza identific\u0103 o serie de factori structurali care \u00eemping pre\u021burile \u00een sus:<\/p>\n<ul class=\"wp-block-list\">\n<li><strong>Blocaje \u00een accesul la re\u021bea (ATR-uri)<\/strong> \u2013 proiecte speculative blocheaz\u0103 capacitate real\u0103, \u00eent\u00e2rziind proiectele mature (pondere estimat\u0103 p\u00e2n\u0103 la 4%);<\/li>\n<li><strong>Canibalizarea regenerabilelor<\/strong> \u2013 pre\u021buri foarte mici sau negative \u00een orele de produc\u021bie maxim\u0103 \u0219i pre\u021buri ridicate \u00een rest (pondere p\u00e2n\u0103 la 8%);<\/li>\n<li><strong>Costuri fixe ale centralelor clasice<\/strong> \u2013 centralele pe gaz \u0219i c\u0103rbune func\u021bioneaz\u0103 mai pu\u021bine ore, ceea ce face ca costurile fixe s\u0103 se \u00eempart\u0103 la mai pu\u021bini MWh produ\u0219i (pondere p\u00e2n\u0103 la 13%);<\/li>\n<li><strong>Lipsa stoc\u0103rii \u0219i a flexibilit\u0103\u021bii<\/strong> \u2013 dezechilibre, curtailment \u0219i pre\u021buri de v\u00e2rf ridicate (pondere p\u00e2n\u0103 la 7%);<\/li>\n<li><strong>Re\u021bele vechi \u0219i congestii<\/strong> \u2013 pierderi tehnologice mari \u0219i investi\u021bii tardive (pondere p\u00e2n\u0103 la 17%);<\/li>\n<li><strong>Prosumatori compensa\u021bi cantitativ<\/strong> \u2013 livreaz\u0103 energie ieftin\u0103 \u0219i primesc compensa\u021bie la pre\u021b mare (pondere 4%);<\/li>\n<li><strong>Management ineficient \u0219i politizat<\/strong> al companiilor de stat, pia\u021b\u0103 nelichid\u0103, legi populiste \u0219i lipsa unui integrator sistemic.<\/li>\n<\/ul>\n<p>Exemplu concret: pe 26 aprilie 2026, pe Pia\u021ba pentru Ziua Urm\u0103toare (PZU), pre\u021bul mediu era de <strong>36,63 euro\/MWh<\/strong>, dar cu diferen\u021be extreme \u2013 Peak la <strong>-21,28 euro\/MWh<\/strong> \u0219i Off-Peak la <strong>94,54 euro\/MWh<\/strong>. Aceasta ilustreaz\u0103 perfect un sistem dezechilibrat.<\/p>\n<p>\u201eEnergie ieftin\u0103 = produc\u021bie potrivit\u0103 + re\u021bea adecvat\u0103 + stocare corect\u0103 + pia\u021b\u0103 lichid\u0103 + management competent + reglementare curat\u0103\u201d, concluzioneaz\u0103 pre\u0219edintele AEI.<\/p>\n<p>Dumitru Chis\u0103li\u021b\u0103 avertizeaz\u0103 c\u0103, f\u0103r\u0103 reforme structurale profunde \u2013 deblocarea real\u0103 a re\u021belelor, investi\u021bii corelate \u00een stocare \u0219i re\u021bele, management performant \u0219i reguli stabile \u2013 pre\u021burile la energie vor r\u0103m\u00e2ne ridicate sau vor continua s\u0103 creasc\u0103, indiferent de capacitatea instalat\u0103 din regenerabile.<\/p>\n<p>Analiza sa vine \u00eentr-un moment critic, \u00een care Guvernul interimar condus de Ilie Bolojan gestioneaz\u0103 portofoliul Energiei, iar discu\u021biile despre listarea companiilor de stat \u0219i reformele sectorului sunt tot mai intense.<\/p>\n<p><strong>Concluzia expertului:<\/strong> \u201eF\u0103r\u0103 reforme, pre\u021burile cresc mult; cu reforme, cresc mai pu\u021bin sau se stabilizeaz\u0103; abia dup\u0103 amortizarea investi\u021biilor \u0219i func\u021bionarea corect\u0103 a sistemului, pre\u021burile pot sc\u0103dea real.\u201d<\/p>\n<p>Declara\u021biile pre\u0219edintelui AEI reprezint\u0103 un semnal de alarm\u0103 pentru autorit\u0103\u021bi \u0219i un apel la o abordare realist\u0103 \u0219i integrat\u0103 a tranzi\u021biei energetice, dincolo de sloganuri politice.<\/p>\n<figure class=\"wp-block-embed is-type-video is-provider-youtube wp-block-embed-youtube wp-embed-aspect-16-9 wp-has-aspect-ratio\">\n<div class=\"wp-block-embed__wrapper\">\n<div class=\"youtube-embed\" data-video_id=\"WQLXcNbbIqs\"><iframe loading=\"lazy\" title=\"De la Furc\u0103 p\u00e2n\u0103 la Furculi\u021b\u0103 la cap\u0103t de Schengen - Familia care a pariat totul pe VITA rom\u00e2neasc\u0103\" width=\"696\" height=\"392\" src=\"https:\/\/www.youtube.com\/embed\/WQLXcNbbIqs?feature=oembed&amp;enablejsapi=1\" frameborder allow=\"accelerometer; autoplay; clipboard-write; encrypted-media; gyroscope; picture-in-picture; web-share\" referrerpolicy=\"strict-origin-when-cross-origin\" allowfullscreen><\/iframe><\/div>\n<\/div>\n<\/figure>\n<div class=\"td-a-rec td-a-rec-id-content_bottom  tdi_4 td_block_template_1\"><strong>Intr\u0103 acum \u0219i \u00een grupul de <\/p>\n<div class=\"wp-block-button\"><a class=\"wp-block-button__link wp-element-button\" href=\"https:\/\/t.me\/+TH8wcfnp8fw5NWI0\">Telegram News Bucovina<\/a><\/div>\n<p><\/strong><\/div>\n<\/div>\n<p>[analyse_source url=&#8221;https:\/\/www.newsbucovina.ro\/actualitate\/437074\/mai-multe-regenerabile-nu-inseamna-automat-energie-mai-ieftina-analiza-dura-a-presedintelui-asociatiei-energia-inteligenta&#8221;]<\/p>\n","protected":false},"excerpt":{"rendered":"<p>[analyse_image type=&#8221;featured&#8221; src=&#8221;https:\/\/www.newsbucovina.ro\/wp-content\/uploads\/2026\/04\/image.jpeghttps:\/\/cdn.newsbucovina.ro\/wp-content\/uploads\/2026\/04\/image.jpeg&#8221;] Intr\u0103 acum \u0219i \u00een grupul de Telegram News Bucovina Pre\u0219edintele Asocia\u021biei Energetice din Rom\u00e2nia (AEI), Dumitru Chis\u0103li\u021b\u0103, atrage aten\u021bia \u00eentr-o analiz\u0103 ampl\u0103 c\u0103 mitul potrivit c\u0103ruia cre\u0219terea produc\u021biei de energie din surse regenerabile duce automat la pre\u021buri mai mici pentru consumatori este fals \u0219i periculos. Potrivit expertului, de\u0219i regenerabilele pot reduce pre\u021bul [&hellip;]<\/p>\n","protected":false},"author":1,"featured_media":0,"comment_status":"open","ping_status":"","sticky":false,"template":"","format":"standard","meta":{"footnotes":""},"categories":[89],"tags":[226,165],"class_list":["post-1904169","post","type-post","status-publish","format-standard","hentry","category-romania","tag-crawlmanager","tag-newsbucovina-ro"],"_links":{"self":[{"href":"https:\/\/analyse.optim.biz\/index.php?rest_route=\/wp\/v2\/posts\/1904169","targetHints":{"allow":["GET"]}}],"collection":[{"href":"https:\/\/analyse.optim.biz\/index.php?rest_route=\/wp\/v2\/posts"}],"about":[{"href":"https:\/\/analyse.optim.biz\/index.php?rest_route=\/wp\/v2\/types\/post"}],"author":[{"embeddable":true,"href":"https:\/\/analyse.optim.biz\/index.php?rest_route=\/wp\/v2\/users\/1"}],"replies":[{"embeddable":true,"href":"https:\/\/analyse.optim.biz\/index.php?rest_route=%2Fwp%2Fv2%2Fcomments&post=1904169"}],"version-history":[{"count":0,"href":"https:\/\/analyse.optim.biz\/index.php?rest_route=\/wp\/v2\/posts\/1904169\/revisions"}],"wp:attachment":[{"href":"https:\/\/analyse.optim.biz\/index.php?rest_route=%2Fwp%2Fv2%2Fmedia&parent=1904169"}],"wp:term":[{"taxonomy":"category","embeddable":true,"href":"https:\/\/analyse.optim.biz\/index.php?rest_route=%2Fwp%2Fv2%2Fcategories&post=1904169"},{"taxonomy":"post_tag","embeddable":true,"href":"https:\/\/analyse.optim.biz\/index.php?rest_route=%2Fwp%2Fv2%2Ftags&post=1904169"}],"curies":[{"name":"wp","href":"https:\/\/api.w.org\/{rel}","templated":true}]}}