{"id":1904167,"date":"2026-04-26T07:02:04","date_gmt":"2026-04-26T04:02:04","guid":{"rendered":"https:\/\/analyse.optim.biz\/?p=1904167"},"modified":"2026-04-26T07:02:04","modified_gmt":"2026-04-26T04:02:04","slug":"doua-echipaje-ale-colegiului-national-eudoxiu-hurmuzachi-radauti-premiate-la-concursul-national-litbild-literatur-umgebildet-de-la-iasi","status":"publish","type":"post","link":"https:\/\/analyse.optim.biz\/?p=1904167","title":{"rendered":"Dou\u0103 echipaje ale Colegiului Na\u021bional \u201eEudoxiu Hurmuzachi\u201d R\u0103d\u0103u\u021bi, premiate la Concursul Na\u021bional \u201eLitBild \u2013 Literatur (umge)bildet\u201d de la Ia\u0219i"},"content":{"rendered":"<p>[analyse_image type=&#8221;featured&#8221; src=&#8221;https:\/\/www.newsbucovina.ro\/wp-content\/uploads\/2026\/04\/WhatsApp-Image-2026-04-26-at-09.52.11.jpeghttps:\/\/cdn.newsbucovina.ro\/wp-content\/uploads\/2026\/04\/WhatsApp-Image-2026-04-26-at-09.52.11.jpeg&#8221;]<\/p>\n<div class=\"td-post-content tagdiv-type\">\n<div class=\"td-a-rec td-a-rec-id-content_top  tdi_3 td_block_template_1\"><strong>Intr\u0103 acum \u0219i \u00een grupul de <\/p>\n<div class=\"wp-block-button\"><a class=\"wp-block-button__link wp-element-button\" href=\"https:\/\/t.me\/+TH8wcfnp8fw5NWI0\">Telegram News Bucovina<\/a><\/div>\n<p><\/strong><\/div>\n<p>Elevii Colegiului Na\u021bional \u201eEudoxiu Hurmuzachi\u201d din R\u0103d\u0103u\u021bi au ob\u021binut rezultate bune la cea de-a doua edi\u021bie a concursului na\u021bional \u201eLitBild \u2013 Literatur (umge)bildet\u201d, organizat s\u00e2mb\u0103t\u0103, <strong>25 aprilie 2026<\/strong>, de Catedra de Germanistic\u0103 a Facult\u0103\u021bii de Litere din cadrul Universit\u0103\u021bii \u201eAlexandru Ioan Cuza\u201d Ia\u0219i.<\/p>\n<figure class=\"wp-block-image size-large\"><a href=\"https:\/\/cdn.newsbucovina.ro\/wp-content\/uploads\/2026\/04\/WhatsApp-Image-2026-04-26-at-09.52.11.jpeg\"><img loading=\"lazy\" decoding=\"async\" width=\"1024\" height=\"576\" src=\"https:\/\/cdn.newsbucovina.ro\/wp-content\/uploads\/2026\/04\/WhatsApp-Image-2026-04-26-at-09.52.11-1024x576.jpeg\" alt class=\"wp-image-437072\"><\/a><\/figure>\n<p>Competi\u021bia, care a reunit peste 40 de licee cu tradi\u021bie din \u00eentreaga \u021bar\u0103, i-a provocat pe elevii pasiona\u021bi de limba \u0219i literatura german\u0103 s\u0103 prelucreze creativ romanul \u201ePana de automobil\u201d (Die Panne) de Friedrich D\u00fcrrenmatt \u2013 o oper\u0103 profund\u0103 care exploreaz\u0103 teme precum con\u0219tiin\u021ba moral\u0103, responsabilitatea individual\u0103, vinov\u0103\u021bia \u0219i limitele justi\u021biei umane.<\/p>\n<p><strong>Rezultatele ob\u021binute de colegiul r\u0103d\u0103u\u021bean:<\/strong><\/p>\n<ul class=\"wp-block-list\">\n<li><strong>Locul al II-lea<\/strong> \u2013 Echipajul format din elevele <strong>Buzic Diana<\/strong> (clasa a IX-a G), <strong>Diaconescu Ecaterina<\/strong> (clasa a IX-a E) \u0219i <strong>T\u0103nase Anastasia<\/strong> (clasa a IX-a D).<\/li>\n<li><strong>Locul al III-lea<\/strong> \u2013 Echipajul format din elevii <strong>Cozminiuc Ariadna<\/strong>, <strong>Joltea Maria<\/strong>, <strong>Mitric Sebastian<\/strong>, <strong>Puiu Albert Gabriel<\/strong> (clasa a X-a B) \u0219i <strong>\u0218pac Ligia<\/strong> (clasa a X-a B).<\/li>\n<\/ul>\n<p>Ambele echipe au fost coordonate de <strong>profesoara Angelica Popovici<\/strong> \u0219i <strong>profesorul Florin George Popovici<\/strong>.<\/p>\n<p>Participan\u021bii au amenajat standuri creative \u00een cadrul t\u00e2rgului de proiecte \u0219i au sus\u021binut prezent\u0103ri impresionante \u00een fa\u021ba unui juriu format din profesori ai Catedrei de Germanistic\u0103 UAIC, studen\u021bi din anii terminali \u0219i masteranzi. Evaluarea a \u021binut cont at\u00e2t de originalitatea interpret\u0103rii operei, c\u00e2t \u0219i de calitatea prezent\u0103rii \u0219i a materialelor realizate (machete, postere, elemente multimedia etc.).<\/p>\n<figure class=\"wp-block-embed is-type-video is-provider-youtube wp-block-embed-youtube wp-embed-aspect-16-9 wp-has-aspect-ratio\">\n<div class=\"wp-block-embed__wrapper\">\n<div class=\"youtube-embed\" data-video_id=\"WQLXcNbbIqs\"><iframe loading=\"lazy\" title=\"De la Furc\u0103 p\u00e2n\u0103 la Furculi\u021b\u0103 la cap\u0103t de Schengen - Familia care a pariat totul pe VITA rom\u00e2neasc\u0103\" width=\"696\" height=\"392\" src=\"https:\/\/www.youtube.com\/embed\/WQLXcNbbIqs?feature=oembed&amp;enablejsapi=1\" frameborder allow=\"accelerometer; autoplay; clipboard-write; encrypted-media; gyroscope; picture-in-picture; web-share\" referrerpolicy=\"strict-origin-when-cross-origin\" allowfullscreen><\/iframe><\/div>\n<\/div>\n<\/figure>\n<div class=\"td-a-rec td-a-rec-id-content_bottom  tdi_4 td_block_template_1\"><strong>Intr\u0103 acum \u0219i \u00een grupul de <\/p>\n<div class=\"wp-block-button\"><a class=\"wp-block-button__link wp-element-button\" href=\"https:\/\/t.me\/+TH8wcfnp8fw5NWI0\">Telegram News Bucovina<\/a><\/div>\n<p><\/strong><\/div>\n<\/div>\n<div class=\"td-post-content tagdiv-type\">\n<div class=\"td-a-rec td-a-rec-id-content_top  tdi_3 td_block_template_1\"><strong>Intr\u0103 acum \u0219i \u00een grupul de <\/p>\n<div class=\"wp-block-button\"><a class=\"wp-block-button__link wp-element-button\" href=\"https:\/\/t.me\/+TH8wcfnp8fw5NWI0\">Telegram News Bucovina<\/a><\/div>\n<p><\/strong><\/div>\n<p>Elevii Colegiului Na\u021bional \u201eEudoxiu Hurmuzachi\u201d din R\u0103d\u0103u\u021bi au ob\u021binut rezultate bune la cea de-a doua edi\u021bie a concursului na\u021bional \u201eLitBild \u2013 Literatur (umge)bildet\u201d, organizat s\u00e2mb\u0103t\u0103, <strong>25 aprilie 2026<\/strong>, de Catedra de Germanistic\u0103 a Facult\u0103\u021bii de Litere din cadrul Universit\u0103\u021bii \u201eAlexandru Ioan Cuza\u201d Ia\u0219i.<\/p>\n<figure class=\"wp-block-image size-large\"><a href=\"https:\/\/cdn.newsbucovina.ro\/wp-content\/uploads\/2026\/04\/WhatsApp-Image-2026-04-26-at-09.52.11.jpeg\"><img loading=\"lazy\" decoding=\"async\" width=\"1024\" height=\"576\" src=\"https:\/\/cdn.newsbucovina.ro\/wp-content\/uploads\/2026\/04\/WhatsApp-Image-2026-04-26-at-09.52.11-1024x576.jpeg\" alt class=\"wp-image-437072\"><\/a><\/figure>\n<p>Competi\u021bia, care a reunit peste 40 de licee cu tradi\u021bie din \u00eentreaga \u021bar\u0103, i-a provocat pe elevii pasiona\u021bi de limba \u0219i literatura german\u0103 s\u0103 prelucreze creativ romanul \u201ePana de automobil\u201d (Die Panne) de Friedrich D\u00fcrrenmatt \u2013 o oper\u0103 profund\u0103 care exploreaz\u0103 teme precum con\u0219tiin\u021ba moral\u0103, responsabilitatea individual\u0103, vinov\u0103\u021bia \u0219i limitele justi\u021biei umane.<\/p>\n<p><strong>Rezultatele ob\u021binute de colegiul r\u0103d\u0103u\u021bean:<\/strong><\/p>\n<ul class=\"wp-block-list\">\n<li><strong>Locul al II-lea<\/strong> \u2013 Echipajul format din elevele <strong>Buzic Diana<\/strong> (clasa a IX-a G), <strong>Diaconescu Ecaterina<\/strong> (clasa a IX-a E) \u0219i <strong>T\u0103nase Anastasia<\/strong> (clasa a IX-a D).<\/li>\n<li><strong>Locul al III-lea<\/strong> \u2013 Echipajul format din elevii <strong>Cozminiuc Ariadna<\/strong>, <strong>Joltea Maria<\/strong>, <strong>Mitric Sebastian<\/strong>, <strong>Puiu Albert Gabriel<\/strong> (clasa a X-a B) \u0219i <strong>\u0218pac Ligia<\/strong> (clasa a X-a B).<\/li>\n<\/ul>\n<p>Ambele echipe au fost coordonate de <strong>profesoara Angelica Popovici<\/strong> \u0219i <strong>profesorul Florin George Popovici<\/strong>.<\/p>\n<p>Participan\u021bii au amenajat standuri creative \u00een cadrul t\u00e2rgului de proiecte \u0219i au sus\u021binut prezent\u0103ri impresionante \u00een fa\u021ba unui juriu format din profesori ai Catedrei de Germanistic\u0103 UAIC, studen\u021bi din anii terminali \u0219i masteranzi. Evaluarea a \u021binut cont at\u00e2t de originalitatea interpret\u0103rii operei, c\u00e2t \u0219i de calitatea prezent\u0103rii \u0219i a materialelor realizate (machete, postere, elemente multimedia etc.).<\/p>\n<figure class=\"wp-block-embed is-type-video is-provider-youtube wp-block-embed-youtube wp-embed-aspect-16-9 wp-has-aspect-ratio\">\n<div class=\"wp-block-embed__wrapper\">\n<div class=\"youtube-embed\" data-video_id=\"WQLXcNbbIqs\"><iframe loading=\"lazy\" title=\"De la Furc\u0103 p\u00e2n\u0103 la Furculi\u021b\u0103 la cap\u0103t de Schengen - Familia care a pariat totul pe VITA rom\u00e2neasc\u0103\" width=\"696\" height=\"392\" src=\"https:\/\/www.youtube.com\/embed\/WQLXcNbbIqs?feature=oembed&amp;enablejsapi=1\" frameborder allow=\"accelerometer; autoplay; clipboard-write; encrypted-media; gyroscope; picture-in-picture; web-share\" referrerpolicy=\"strict-origin-when-cross-origin\" allowfullscreen><\/iframe><\/div>\n<\/div>\n<\/figure>\n<div class=\"td-a-rec td-a-rec-id-content_bottom  tdi_4 td_block_template_1\"><strong>Intr\u0103 acum \u0219i \u00een grupul de <\/p>\n<div class=\"wp-block-button\"><a class=\"wp-block-button__link wp-element-button\" href=\"https:\/\/t.me\/+TH8wcfnp8fw5NWI0\">Telegram News Bucovina<\/a><\/div>\n<p><\/strong><\/div>\n<\/div>\n<p>[analyse_source url=&#8221;https:\/\/www.newsbucovina.ro\/actualitate\/437071\/doua-echipaje-ale-colegiului-national-eudoxiu-hurmuzachi-radauti-premiate-la-concursul-national-litbild-literatur-umgebildet-de-la-iasi&#8221;]<\/p>\n","protected":false},"excerpt":{"rendered":"<p>[analyse_image type=&#8221;featured&#8221; src=&#8221;https:\/\/www.newsbucovina.ro\/wp-content\/uploads\/2026\/04\/WhatsApp-Image-2026-04-26-at-09.52.11.jpeghttps:\/\/cdn.newsbucovina.ro\/wp-content\/uploads\/2026\/04\/WhatsApp-Image-2026-04-26-at-09.52.11.jpeg&#8221;] Intr\u0103 acum \u0219i \u00een grupul de Telegram News Bucovina Elevii Colegiului Na\u021bional \u201eEudoxiu Hurmuzachi\u201d din R\u0103d\u0103u\u021bi au ob\u021binut rezultate bune la cea de-a doua edi\u021bie a concursului na\u021bional \u201eLitBild \u2013 Literatur (umge)bildet\u201d, organizat s\u00e2mb\u0103t\u0103, 25 aprilie 2026, de Catedra de Germanistic\u0103 a Facult\u0103\u021bii de Litere din cadrul Universit\u0103\u021bii \u201eAlexandru Ioan Cuza\u201d Ia\u0219i. [&hellip;]<\/p>\n","protected":false},"author":1,"featured_media":0,"comment_status":"open","ping_status":"","sticky":false,"template":"","format":"standard","meta":{"footnotes":""},"categories":[89],"tags":[226,165],"class_list":["post-1904167","post","type-post","status-publish","format-standard","hentry","category-romania","tag-crawlmanager","tag-newsbucovina-ro"],"_links":{"self":[{"href":"https:\/\/analyse.optim.biz\/index.php?rest_route=\/wp\/v2\/posts\/1904167","targetHints":{"allow":["GET"]}}],"collection":[{"href":"https:\/\/analyse.optim.biz\/index.php?rest_route=\/wp\/v2\/posts"}],"about":[{"href":"https:\/\/analyse.optim.biz\/index.php?rest_route=\/wp\/v2\/types\/post"}],"author":[{"embeddable":true,"href":"https:\/\/analyse.optim.biz\/index.php?rest_route=\/wp\/v2\/users\/1"}],"replies":[{"embeddable":true,"href":"https:\/\/analyse.optim.biz\/index.php?rest_route=%2Fwp%2Fv2%2Fcomments&post=1904167"}],"version-history":[{"count":0,"href":"https:\/\/analyse.optim.biz\/index.php?rest_route=\/wp\/v2\/posts\/1904167\/revisions"}],"wp:attachment":[{"href":"https:\/\/analyse.optim.biz\/index.php?rest_route=%2Fwp%2Fv2%2Fmedia&parent=1904167"}],"wp:term":[{"taxonomy":"category","embeddable":true,"href":"https:\/\/analyse.optim.biz\/index.php?rest_route=%2Fwp%2Fv2%2Fcategories&post=1904167"},{"taxonomy":"post_tag","embeddable":true,"href":"https:\/\/analyse.optim.biz\/index.php?rest_route=%2Fwp%2Fv2%2Ftags&post=1904167"}],"curies":[{"name":"wp","href":"https:\/\/api.w.org\/{rel}","templated":true}]}}