{"id":1904163,"date":"2026-04-26T11:24:42","date_gmt":"2026-04-26T08:24:42","guid":{"rendered":"https:\/\/analyse.optim.biz\/?p=1904163"},"modified":"2026-04-26T11:24:42","modified_gmt":"2026-04-26T08:24:42","slug":"agresor-retinut-dupa-ce-si-a-lovit-unchiul-si-i-a-distrus-telefonul-concubinei-pe-platoul-central-din-campulung-moldovenesc","status":"publish","type":"post","link":"https:\/\/analyse.optim.biz\/?p=1904163","title":{"rendered":"Agresor re\u021binut dup\u0103 ce \u0219i-a lovit unchiul \u0219i i-a distrus telefonul concubinei, pe Platoul Central din C\u00e2mpulung Moldovenesc"},"content":{"rendered":"<p>[analyse_image type=&#8221;featured&#8221; src=&#8221;https:\/\/www.newsbucovina.ro\/wp-content\/uploads\/2023\/03\/retinere.jpghttps:\/\/cdn.newsbucovina.ro\/wp-content\/uploads\/2023\/03\/retinere.jpg&#8221;]<\/p>\n<div class=\"td-post-content tagdiv-type\">\n<div class=\"td-a-rec td-a-rec-id-content_top  tdi_3 td_block_template_1\"><strong>Intr\u0103 acum \u0219i \u00een grupul de <\/p>\n<div class=\"wp-block-button\"><a class=\"wp-block-button__link wp-element-button\" href=\"https:\/\/t.me\/+TH8wcfnp8fw5NWI0\">Telegram News Bucovina<\/a><\/div>\n<p><\/strong><\/div>\n<p>Un b\u0103rbat de 32 de ani a fost re\u021binut pentru 24 de ore dup\u0103 ce, pe fondul unui conflict spontan, \u0219i-a agresat unchiul de 33 de ani \u0219i i-a distrus telefonul concubinei acestuia.<\/p>\n<div class=\"wp-block-image\">\n<figure class=\"aligncenter size-full\"><a href=\"https:\/\/cdn.newsbucovina.ro\/wp-content\/uploads\/2023\/03\/retinere.jpg\"><img loading=\"lazy\" decoding=\"async\" width=\"615\" height=\"381\" src=\"https:\/\/cdn.newsbucovina.ro\/wp-content\/uploads\/2023\/03\/retinere.jpg.webp\" alt class=\"wp-image-361186\"><\/a><\/figure>\n<\/div>\n<p>Incidentul s-a petrecut s\u00e2mb\u0103t\u0103, <strong>25 aprilie 2026<\/strong>, \u00een jurul orei 18:50, pe Platoul Central din municipiul C\u00e2mpulung Moldovenesc. Potrivit poli\u021bi\u0219tilor, conflictul a izbucnit dup\u0103 ce victima a refuzat s\u0103 pl\u0103teasc\u0103 o sticl\u0103 de ap\u0103 pentru nepotul s\u0103u. Acesta din urm\u0103 l-a lovit cu pumnul \u00een zona fe\u021bei, iar ulterior i-a aruncat telefonul mobil \u00een fa\u021b\u0103.<\/p>\n<p>\u00cen urma agresiunii, b\u0103rbatul de 33 de ani a suferit leziuni superficiale la nivelul nasului. Telefonul, care apar\u021binea concubinei sale, a fost distrus.<\/p>\n<p>Poli\u021bi\u0219tii Biroului de Ordine Public\u0103 din cadrul Poli\u021biei Municipiului C\u00e2mpulung Moldovenesc, deplasa\u021bi la fa\u021ba locului, i-au identificat pe cei implica\u021bi \u0219i i-au condus la sediul unit\u0103\u021bii pentru clarificarea situa\u021biei.<\/p>\n<p>\u00cen cauz\u0103 s-a deschis dosar penal pentru s\u0103v\u00e2r\u0219irea infrac\u021biunilor de <strong>violen\u021b\u0103 \u00een familie<\/strong>, <strong>lovire sau alte violen\u021be<\/strong> \u0219i <strong>distrugere<\/strong>. Dup\u0103 administrarea probatoriului, suspectul a fost re\u021binut pentru 24 de ore \u0219i introdus \u00een Centrul de Re\u021binere \u0219i Arest Preventiv al Inspectoratului de Poli\u021bie Jude\u021bean Suceava.<\/p>\n<p>Deoarece b\u0103rbatul se afla deja sub m\u0103sura controlului judiciar \u00eentr-o alt\u0103 cauz\u0103 penal\u0103, poli\u021bi\u0219tii au solicitat procurorului \u00eenlocuirea acestei m\u0103suri cu <strong>arestul preventiv<\/strong>.<\/p>\n<p>Totodat\u0103, au fost emise <strong>ordine provizorii de protec\u021bie<\/strong> pe o perioad\u0103 de 5 zile (p\u00e2n\u0103 la 30 aprilie 2026) at\u00e2t pentru victim\u0103, c\u00e2t \u0219i pentru concubina sa, agresorul fiind obligat s\u0103 p\u0103streze o distan\u021b\u0103 minim\u0103 de 100 de metri fa\u021b\u0103 de cele dou\u0103 persoane. Victimele au fost informate cu privire la posibilitatea mont\u0103rii unui sistem de monitorizare electronic\u0103, \u00eens\u0103 au refuzat aceast\u0103 m\u0103sur\u0103.<\/p>\n<p>Cercet\u0103rile sunt continuate sub coordonarea Parchetului de pe l\u00e2ng\u0103 Judec\u0103toria C\u00e2mpulung Moldovenesc.<\/p>\n<figure class=\"wp-block-embed is-type-video is-provider-youtube wp-block-embed-youtube wp-embed-aspect-16-9 wp-has-aspect-ratio\">\n<div class=\"wp-block-embed__wrapper\">\n<div class=\"youtube-embed\" data-video_id=\"WQLXcNbbIqs\"><iframe loading=\"lazy\" title=\"De la Furc\u0103 p\u00e2n\u0103 la Furculi\u021b\u0103 la cap\u0103t de Schengen - Familia care a pariat totul pe VITA rom\u00e2neasc\u0103\" width=\"696\" height=\"392\" src=\"https:\/\/www.youtube.com\/embed\/WQLXcNbbIqs?feature=oembed&amp;enablejsapi=1\" frameborder allow=\"accelerometer; autoplay; clipboard-write; encrypted-media; gyroscope; picture-in-picture; web-share\" referrerpolicy=\"strict-origin-when-cross-origin\" allowfullscreen><\/iframe><\/div>\n<\/div>\n<\/figure>\n<div class=\"td-a-rec td-a-rec-id-content_bottom  tdi_4 td_block_template_1\"><strong>Intr\u0103 acum \u0219i \u00een grupul de <\/p>\n<div class=\"wp-block-button\"><a class=\"wp-block-button__link wp-element-button\" href=\"https:\/\/t.me\/+TH8wcfnp8fw5NWI0\">Telegram News Bucovina<\/a><\/div>\n<p><\/strong><\/div>\n<\/div>\n<div class=\"td-post-content tagdiv-type\">\n<div class=\"td-a-rec td-a-rec-id-content_top  tdi_3 td_block_template_1\"><strong>Intr\u0103 acum \u0219i \u00een grupul de <\/p>\n<div class=\"wp-block-button\"><a class=\"wp-block-button__link wp-element-button\" href=\"https:\/\/t.me\/+TH8wcfnp8fw5NWI0\">Telegram News Bucovina<\/a><\/div>\n<p><\/strong><\/div>\n<p>Un b\u0103rbat de 32 de ani a fost re\u021binut pentru 24 de ore dup\u0103 ce, pe fondul unui conflict spontan, \u0219i-a agresat unchiul de 33 de ani \u0219i i-a distrus telefonul concubinei acestuia.<\/p>\n<div class=\"wp-block-image\">\n<figure class=\"aligncenter size-full\"><a href=\"https:\/\/cdn.newsbucovina.ro\/wp-content\/uploads\/2023\/03\/retinere.jpg\"><img loading=\"lazy\" decoding=\"async\" width=\"615\" height=\"381\" src=\"https:\/\/cdn.newsbucovina.ro\/wp-content\/uploads\/2023\/03\/retinere.jpg.webp\" alt class=\"wp-image-361186\"><\/a><\/figure>\n<\/div>\n<p>Incidentul s-a petrecut s\u00e2mb\u0103t\u0103, <strong>25 aprilie 2026<\/strong>, \u00een jurul orei 18:50, pe Platoul Central din municipiul C\u00e2mpulung Moldovenesc. Potrivit poli\u021bi\u0219tilor, conflictul a izbucnit dup\u0103 ce victima a refuzat s\u0103 pl\u0103teasc\u0103 o sticl\u0103 de ap\u0103 pentru nepotul s\u0103u. Acesta din urm\u0103 l-a lovit cu pumnul \u00een zona fe\u021bei, iar ulterior i-a aruncat telefonul mobil \u00een fa\u021b\u0103.<\/p>\n<p>\u00cen urma agresiunii, b\u0103rbatul de 33 de ani a suferit leziuni superficiale la nivelul nasului. Telefonul, care apar\u021binea concubinei sale, a fost distrus.<\/p>\n<p>Poli\u021bi\u0219tii Biroului de Ordine Public\u0103 din cadrul Poli\u021biei Municipiului C\u00e2mpulung Moldovenesc, deplasa\u021bi la fa\u021ba locului, i-au identificat pe cei implica\u021bi \u0219i i-au condus la sediul unit\u0103\u021bii pentru clarificarea situa\u021biei.<\/p>\n<p>\u00cen cauz\u0103 s-a deschis dosar penal pentru s\u0103v\u00e2r\u0219irea infrac\u021biunilor de <strong>violen\u021b\u0103 \u00een familie<\/strong>, <strong>lovire sau alte violen\u021be<\/strong> \u0219i <strong>distrugere<\/strong>. Dup\u0103 administrarea probatoriului, suspectul a fost re\u021binut pentru 24 de ore \u0219i introdus \u00een Centrul de Re\u021binere \u0219i Arest Preventiv al Inspectoratului de Poli\u021bie Jude\u021bean Suceava.<\/p>\n<p>Deoarece b\u0103rbatul se afla deja sub m\u0103sura controlului judiciar \u00eentr-o alt\u0103 cauz\u0103 penal\u0103, poli\u021bi\u0219tii au solicitat procurorului \u00eenlocuirea acestei m\u0103suri cu <strong>arestul preventiv<\/strong>.<\/p>\n<p>Totodat\u0103, au fost emise <strong>ordine provizorii de protec\u021bie<\/strong> pe o perioad\u0103 de 5 zile (p\u00e2n\u0103 la 30 aprilie 2026) at\u00e2t pentru victim\u0103, c\u00e2t \u0219i pentru concubina sa, agresorul fiind obligat s\u0103 p\u0103streze o distan\u021b\u0103 minim\u0103 de 100 de metri fa\u021b\u0103 de cele dou\u0103 persoane. Victimele au fost informate cu privire la posibilitatea mont\u0103rii unui sistem de monitorizare electronic\u0103, \u00eens\u0103 au refuzat aceast\u0103 m\u0103sur\u0103.<\/p>\n<p>Cercet\u0103rile sunt continuate sub coordonarea Parchetului de pe l\u00e2ng\u0103 Judec\u0103toria C\u00e2mpulung Moldovenesc.<\/p>\n<figure class=\"wp-block-embed is-type-video is-provider-youtube wp-block-embed-youtube wp-embed-aspect-16-9 wp-has-aspect-ratio\">\n<div class=\"wp-block-embed__wrapper\">\n<div class=\"youtube-embed\" data-video_id=\"WQLXcNbbIqs\"><iframe loading=\"lazy\" title=\"De la Furc\u0103 p\u00e2n\u0103 la Furculi\u021b\u0103 la cap\u0103t de Schengen - Familia care a pariat totul pe VITA rom\u00e2neasc\u0103\" width=\"696\" height=\"392\" src=\"https:\/\/www.youtube.com\/embed\/WQLXcNbbIqs?feature=oembed&amp;enablejsapi=1\" frameborder allow=\"accelerometer; autoplay; clipboard-write; encrypted-media; gyroscope; picture-in-picture; web-share\" referrerpolicy=\"strict-origin-when-cross-origin\" allowfullscreen><\/iframe><\/div>\n<\/div>\n<\/figure>\n<div class=\"td-a-rec td-a-rec-id-content_bottom  tdi_4 td_block_template_1\"><strong>Intr\u0103 acum \u0219i \u00een grupul de <\/p>\n<div class=\"wp-block-button\"><a class=\"wp-block-button__link wp-element-button\" href=\"https:\/\/t.me\/+TH8wcfnp8fw5NWI0\">Telegram News Bucovina<\/a><\/div>\n<p><\/strong><\/div>\n<\/div>\n<p>[analyse_source url=&#8221;https:\/\/www.newsbucovina.ro\/campulung-moldovenesc\/437103\/agresor-retinut-dupa-ce-si-a-lovit-unchiul-si-i-a-distrus-telefonul-concubinei-pe-platoul-central-din-campulung-moldovenesc&#8221;]<\/p>\n","protected":false},"excerpt":{"rendered":"<p>[analyse_image type=&#8221;featured&#8221; src=&#8221;https:\/\/www.newsbucovina.ro\/wp-content\/uploads\/2023\/03\/retinere.jpghttps:\/\/cdn.newsbucovina.ro\/wp-content\/uploads\/2023\/03\/retinere.jpg&#8221;] Intr\u0103 acum \u0219i \u00een grupul de Telegram News Bucovina Un b\u0103rbat de 32 de ani a fost re\u021binut pentru 24 de ore dup\u0103 ce, pe fondul unui conflict spontan, \u0219i-a agresat unchiul de 33 de ani \u0219i i-a distrus telefonul concubinei acestuia. Incidentul s-a petrecut s\u00e2mb\u0103t\u0103, 25 aprilie 2026, \u00een jurul orei [&hellip;]<\/p>\n","protected":false},"author":1,"featured_media":0,"comment_status":"open","ping_status":"","sticky":false,"template":"","format":"standard","meta":{"footnotes":""},"categories":[89],"tags":[226,165],"class_list":["post-1904163","post","type-post","status-publish","format-standard","hentry","category-romania","tag-crawlmanager","tag-newsbucovina-ro"],"_links":{"self":[{"href":"https:\/\/analyse.optim.biz\/index.php?rest_route=\/wp\/v2\/posts\/1904163","targetHints":{"allow":["GET"]}}],"collection":[{"href":"https:\/\/analyse.optim.biz\/index.php?rest_route=\/wp\/v2\/posts"}],"about":[{"href":"https:\/\/analyse.optim.biz\/index.php?rest_route=\/wp\/v2\/types\/post"}],"author":[{"embeddable":true,"href":"https:\/\/analyse.optim.biz\/index.php?rest_route=\/wp\/v2\/users\/1"}],"replies":[{"embeddable":true,"href":"https:\/\/analyse.optim.biz\/index.php?rest_route=%2Fwp%2Fv2%2Fcomments&post=1904163"}],"version-history":[{"count":0,"href":"https:\/\/analyse.optim.biz\/index.php?rest_route=\/wp\/v2\/posts\/1904163\/revisions"}],"wp:attachment":[{"href":"https:\/\/analyse.optim.biz\/index.php?rest_route=%2Fwp%2Fv2%2Fmedia&parent=1904163"}],"wp:term":[{"taxonomy":"category","embeddable":true,"href":"https:\/\/analyse.optim.biz\/index.php?rest_route=%2Fwp%2Fv2%2Fcategories&post=1904163"},{"taxonomy":"post_tag","embeddable":true,"href":"https:\/\/analyse.optim.biz\/index.php?rest_route=%2Fwp%2Fv2%2Ftags&post=1904163"}],"curies":[{"name":"wp","href":"https:\/\/api.w.org\/{rel}","templated":true}]}}