{"id":1904160,"date":"2026-04-26T10:57:49","date_gmt":"2026-04-26T07:57:49","guid":{"rendered":"https:\/\/analyse.optim.biz\/?p=1904160"},"modified":"2026-04-26T10:57:49","modified_gmt":"2026-04-26T07:57:49","slug":"accident-rutier-pe-dj-208a-in-comuna-bosanci-trei-persoane-printre-care-un-copil-de-un-an-transportate-la-spital","status":"publish","type":"post","link":"https:\/\/analyse.optim.biz\/?p=1904160","title":{"rendered":"Accident rutier pe DJ 208A \u00een comuna Bosanci: Trei persoane, printre care un copil de un an, transportate la spital"},"content":{"rendered":"<p>[analyse_image type=&#8221;featured&#8221; src=&#8221;https:\/\/www.newsbucovina.ro\/wp-content\/uploads\/2026\/04\/WhatsApp-Image-2026-04-26-at-10.12.491.jpeghttps:\/\/cdn.newsbucovina.ro\/wp-content\/uploads\/2026\/04\/WhatsApp-Image-2026-04-26-at-10.12.491.jpeg&#8221;]<\/p>\n<div class=\"td-post-content tagdiv-type\">\n<div class=\"td-a-rec td-a-rec-id-content_top  tdi_3 td_block_template_1\"><strong>Intr\u0103 acum \u0219i \u00een grupul de <\/p>\n<div class=\"wp-block-button\"><a class=\"wp-block-button__link wp-element-button\" href=\"https:\/\/t.me\/+TH8wcfnp8fw5NWI0\">Telegram News Bucovina<\/a><\/div>\n<p><\/strong><\/div>\n<p>Un accident rutier s-a produs duminic\u0103 diminea\u021ba, \u00een jurul orei 09:38, pe Drumul Jude\u021bean 208A, \u00een localitatea Bosanci, comuna Bosanci.<\/p>\n<figure class=\"wp-block-image size-large\"><a href=\"https:\/\/cdn.newsbucovina.ro\/wp-content\/uploads\/2026\/04\/WhatsApp-Image-2026-04-26-at-10.12.491.jpeg\"><img loading=\"lazy\" decoding=\"async\" width=\"1024\" height=\"768\" src=\"https:\/\/cdn.newsbucovina.ro\/wp-content\/uploads\/2026\/04\/WhatsApp-Image-2026-04-26-at-10.12.491-1024x768.jpeg\" alt class=\"wp-image-437081\"><\/a><\/figure>\n<p>Potrivit anchetei poli\u021bi\u0219tilor, un b\u0103rbat de 56 de ani, din comuna H\u00e2n\u021be\u0219ti, care conducea un autoturism Volkswagen Passat, sta\u021bionat ini\u021bial pe partea dreapt\u0103 a carosabilului (direc\u021bia Ipote\u0219ti \u2013 Luncu\u0219oara), a efectuat o manevr\u0103 de \u00eentoarcere la km 6+650 m f\u0103r\u0103 s\u0103 acorde prioritate unui alt autoturism Volkswagen Passat care circula regulamentar din direc\u021bia Luncu\u0219oara c\u0103tre Ipote\u0219ti.<br \/>\u00cen urma impactului frontal-lateral au rezultat v\u0103t\u0103m\u0103ri corporale pentru trei persoane:<br \/>o femeie de 42 de ani (pasager\u0103 pe scaunul din dreapta fa\u021b\u0103 \u00een primul autoturism), care a r\u0103mas blocat\u0103 temporar \u00een ma\u0219in\u0103 din cauza deform\u0103rii portierei;<br \/>conduc\u0103toarea auto a celui de-al doilea vehicul, o femeie de 23 de ani, din comuna Bosanci;<br \/>un copil de 1 an, pasager \u00een al doilea autoturism, fixat corespunz\u0103tor \u00een scaun omologat pentru transportul copiilor.<br \/>Toate victimele au fost transportate la Spitalul Jude\u021bean de Urgen\u021b\u0103 \u201eSf. Ioan cel Nou\u201d Suceava. <\/p>\n<p>Diagnosticele medicale au indicat leziuni u\u0219oare: contuzii multiple \u0219i contuzie coloan\u0103 cervical\u0103, fiind evaluate ca r\u0103ni\u021bi u\u0219or.<br \/>Conduc\u0103torii auto au fost testa\u021bi cu aparatul etilometru, rezultatele fiind negative \u00een ambele cazuri.<br \/>Poli\u021bi\u0219tii au \u00eentocmit dosar penal sub aspectul s\u0103v\u00e2r\u0219irii infrac\u021biunii de v\u0103t\u0103mare corporal\u0103 din culp\u0103, fapt\u0103 prev\u0103zut\u0103 de art. 196 alin. (2), (3) \u0219i (4) din Codul Penal.<\/p>\n<figure class=\"wp-block-embed is-type-video is-provider-youtube wp-block-embed-youtube wp-embed-aspect-16-9 wp-has-aspect-ratio\">\n<div class=\"wp-block-embed__wrapper\">\n<div class=\"youtube-embed\" data-video_id=\"WQLXcNbbIqs\"><iframe loading=\"lazy\" title=\"De la Furc\u0103 p\u00e2n\u0103 la Furculi\u021b\u0103 la cap\u0103t de Schengen - Familia care a pariat totul pe VITA rom\u00e2neasc\u0103\" width=\"696\" height=\"392\" src=\"https:\/\/www.youtube.com\/embed\/WQLXcNbbIqs?feature=oembed&amp;enablejsapi=1\" frameborder allow=\"accelerometer; autoplay; clipboard-write; encrypted-media; gyroscope; picture-in-picture; web-share\" referrerpolicy=\"strict-origin-when-cross-origin\" allowfullscreen><\/iframe><\/div>\n<\/div>\n<\/figure>\n<div class=\"td-a-rec td-a-rec-id-content_bottom  tdi_4 td_block_template_1\"><strong>Intr\u0103 acum \u0219i \u00een grupul de <\/p>\n<div class=\"wp-block-button\"><a class=\"wp-block-button__link wp-element-button\" href=\"https:\/\/t.me\/+TH8wcfnp8fw5NWI0\">Telegram News Bucovina<\/a><\/div>\n<p><\/strong><\/div>\n<\/div>\n<div class=\"td-post-content tagdiv-type\">\n<div class=\"td-a-rec td-a-rec-id-content_top  tdi_3 td_block_template_1\"><strong>Intr\u0103 acum \u0219i \u00een grupul de <\/p>\n<div class=\"wp-block-button\"><a class=\"wp-block-button__link wp-element-button\" href=\"https:\/\/t.me\/+TH8wcfnp8fw5NWI0\">Telegram News Bucovina<\/a><\/div>\n<p><\/strong><\/div>\n<p>Un accident rutier s-a produs duminic\u0103 diminea\u021ba, \u00een jurul orei 09:38, pe Drumul Jude\u021bean 208A, \u00een localitatea Bosanci, comuna Bosanci.<\/p>\n<figure class=\"wp-block-image size-large\"><a href=\"https:\/\/cdn.newsbucovina.ro\/wp-content\/uploads\/2026\/04\/WhatsApp-Image-2026-04-26-at-10.12.491.jpeg\"><img loading=\"lazy\" decoding=\"async\" width=\"1024\" height=\"768\" src=\"https:\/\/cdn.newsbucovina.ro\/wp-content\/uploads\/2026\/04\/WhatsApp-Image-2026-04-26-at-10.12.491-1024x768.jpeg\" alt class=\"wp-image-437081\"><\/a><\/figure>\n<p>Potrivit anchetei poli\u021bi\u0219tilor, un b\u0103rbat de 56 de ani, din comuna H\u00e2n\u021be\u0219ti, care conducea un autoturism Volkswagen Passat, sta\u021bionat ini\u021bial pe partea dreapt\u0103 a carosabilului (direc\u021bia Ipote\u0219ti \u2013 Luncu\u0219oara), a efectuat o manevr\u0103 de \u00eentoarcere la km 6+650 m f\u0103r\u0103 s\u0103 acorde prioritate unui alt autoturism Volkswagen Passat care circula regulamentar din direc\u021bia Luncu\u0219oara c\u0103tre Ipote\u0219ti.<br \/>\u00cen urma impactului frontal-lateral au rezultat v\u0103t\u0103m\u0103ri corporale pentru trei persoane:<br \/>o femeie de 42 de ani (pasager\u0103 pe scaunul din dreapta fa\u021b\u0103 \u00een primul autoturism), care a r\u0103mas blocat\u0103 temporar \u00een ma\u0219in\u0103 din cauza deform\u0103rii portierei;<br \/>conduc\u0103toarea auto a celui de-al doilea vehicul, o femeie de 23 de ani, din comuna Bosanci;<br \/>un copil de 1 an, pasager \u00een al doilea autoturism, fixat corespunz\u0103tor \u00een scaun omologat pentru transportul copiilor.<br \/>Toate victimele au fost transportate la Spitalul Jude\u021bean de Urgen\u021b\u0103 \u201eSf. Ioan cel Nou\u201d Suceava. <\/p>\n<p>Diagnosticele medicale au indicat leziuni u\u0219oare: contuzii multiple \u0219i contuzie coloan\u0103 cervical\u0103, fiind evaluate ca r\u0103ni\u021bi u\u0219or.<br \/>Conduc\u0103torii auto au fost testa\u021bi cu aparatul etilometru, rezultatele fiind negative \u00een ambele cazuri.<br \/>Poli\u021bi\u0219tii au \u00eentocmit dosar penal sub aspectul s\u0103v\u00e2r\u0219irii infrac\u021biunii de v\u0103t\u0103mare corporal\u0103 din culp\u0103, fapt\u0103 prev\u0103zut\u0103 de art. 196 alin. (2), (3) \u0219i (4) din Codul Penal.<\/p>\n<figure class=\"wp-block-embed is-type-video is-provider-youtube wp-block-embed-youtube wp-embed-aspect-16-9 wp-has-aspect-ratio\">\n<div class=\"wp-block-embed__wrapper\">\n<div class=\"youtube-embed\" data-video_id=\"WQLXcNbbIqs\"><iframe loading=\"lazy\" title=\"De la Furc\u0103 p\u00e2n\u0103 la Furculi\u021b\u0103 la cap\u0103t de Schengen - Familia care a pariat totul pe VITA rom\u00e2neasc\u0103\" width=\"696\" height=\"392\" src=\"https:\/\/www.youtube.com\/embed\/WQLXcNbbIqs?feature=oembed&amp;enablejsapi=1\" frameborder allow=\"accelerometer; autoplay; clipboard-write; encrypted-media; gyroscope; picture-in-picture; web-share\" referrerpolicy=\"strict-origin-when-cross-origin\" allowfullscreen><\/iframe><\/div>\n<\/div>\n<\/figure>\n<div class=\"td-a-rec td-a-rec-id-content_bottom  tdi_4 td_block_template_1\"><strong>Intr\u0103 acum \u0219i \u00een grupul de <\/p>\n<div class=\"wp-block-button\"><a class=\"wp-block-button__link wp-element-button\" href=\"https:\/\/t.me\/+TH8wcfnp8fw5NWI0\">Telegram News Bucovina<\/a><\/div>\n<p><\/strong><\/div>\n<\/div>\n<p>[analyse_source url=&#8221;https:\/\/www.newsbucovina.ro\/social\/437097\/accident-rutier-pe-dj-208a-in-comuna-bosanci-trei-persoane-printre-care-un-copil-de-un-an-transportate-la-spital&#8221;]<\/p>\n","protected":false},"excerpt":{"rendered":"<p>[analyse_image type=&#8221;featured&#8221; src=&#8221;https:\/\/www.newsbucovina.ro\/wp-content\/uploads\/2026\/04\/WhatsApp-Image-2026-04-26-at-10.12.491.jpeghttps:\/\/cdn.newsbucovina.ro\/wp-content\/uploads\/2026\/04\/WhatsApp-Image-2026-04-26-at-10.12.491.jpeg&#8221;] Intr\u0103 acum \u0219i \u00een grupul de Telegram News Bucovina Un accident rutier s-a produs duminic\u0103 diminea\u021ba, \u00een jurul orei 09:38, pe Drumul Jude\u021bean 208A, \u00een localitatea Bosanci, comuna Bosanci. Potrivit anchetei poli\u021bi\u0219tilor, un b\u0103rbat de 56 de ani, din comuna H\u00e2n\u021be\u0219ti, care conducea un autoturism Volkswagen Passat, sta\u021bionat ini\u021bial pe partea dreapt\u0103 [&hellip;]<\/p>\n","protected":false},"author":1,"featured_media":0,"comment_status":"open","ping_status":"","sticky":false,"template":"","format":"standard","meta":{"footnotes":""},"categories":[89],"tags":[226,165],"class_list":["post-1904160","post","type-post","status-publish","format-standard","hentry","category-romania","tag-crawlmanager","tag-newsbucovina-ro"],"_links":{"self":[{"href":"https:\/\/analyse.optim.biz\/index.php?rest_route=\/wp\/v2\/posts\/1904160","targetHints":{"allow":["GET"]}}],"collection":[{"href":"https:\/\/analyse.optim.biz\/index.php?rest_route=\/wp\/v2\/posts"}],"about":[{"href":"https:\/\/analyse.optim.biz\/index.php?rest_route=\/wp\/v2\/types\/post"}],"author":[{"embeddable":true,"href":"https:\/\/analyse.optim.biz\/index.php?rest_route=\/wp\/v2\/users\/1"}],"replies":[{"embeddable":true,"href":"https:\/\/analyse.optim.biz\/index.php?rest_route=%2Fwp%2Fv2%2Fcomments&post=1904160"}],"version-history":[{"count":0,"href":"https:\/\/analyse.optim.biz\/index.php?rest_route=\/wp\/v2\/posts\/1904160\/revisions"}],"wp:attachment":[{"href":"https:\/\/analyse.optim.biz\/index.php?rest_route=%2Fwp%2Fv2%2Fmedia&parent=1904160"}],"wp:term":[{"taxonomy":"category","embeddable":true,"href":"https:\/\/analyse.optim.biz\/index.php?rest_route=%2Fwp%2Fv2%2Fcategories&post=1904160"},{"taxonomy":"post_tag","embeddable":true,"href":"https:\/\/analyse.optim.biz\/index.php?rest_route=%2Fwp%2Fv2%2Ftags&post=1904160"}],"curies":[{"name":"wp","href":"https:\/\/api.w.org\/{rel}","templated":true}]}}