{"id":1904159,"date":"2026-04-25T13:36:02","date_gmt":"2026-04-25T10:36:02","guid":{"rendered":"https:\/\/analyse.optim.biz\/?p=1904159"},"modified":"2026-04-25T13:36:02","modified_gmt":"2026-04-25T10:36:02","slug":"accident-la-vicovu-de-jos-biciclist-accidentat-de-un-audi-soferul-a-fugit-de-la-locul-impactului-si-sustine-ca-nu-a-sesizat-impactul","status":"publish","type":"post","link":"https:\/\/analyse.optim.biz\/?p=1904159","title":{"rendered":"Accident la Vicovu de Jos: biciclist accidentat de un Audi, \u0219oferul a fugit de la locul impactului \u0219i sus\u021bine c\u0103 nu a sesizat impactul"},"content":{"rendered":"<p>[analyse_image type=&#8221;featured&#8221; src=&#8221;https:\/\/www.newsbucovina.ro\/wp-content\/uploads\/2022\/03\/bicicleta-accident.jpghttps:\/\/cdn.newsbucovina.ro\/wp-content\/uploads\/2022\/03\/bicicleta-accident.jpg&#8221;]<\/p>\n<div class=\"td-post-content tagdiv-type\">\n<div class=\"td-a-rec td-a-rec-id-content_top  tdi_3 td_block_template_1\"><strong>Intr\u0103 acum \u0219i \u00een grupul de <\/p>\n<div class=\"wp-block-button\"><a class=\"wp-block-button__link wp-element-button\" href=\"https:\/\/t.me\/+TH8wcfnp8fw5NWI0\">Telegram News Bucovina<\/a><\/div>\n<p><\/strong><\/div>\n<p>La data de 24 aprilie 2026, \u00een jurul orei 16:20, pe DN 2H, pe raza localit\u0103\u021bii Vicovu de Jos, un b\u0103rbat de 56 de ani, care circula cu bicicleta din direc\u021bia Bivol\u0103rie spre Vicovu de Jos, a fost acro\u0219at \u00een partea st\u00e2ng\u0103 de un autoturism marca Audi, model combi, de culoare \u00eenchis\u0103.Impactul l-a dezechilibrat pe biciclist, acesta c\u0103z\u00e2nd pe partea dreapt\u0103 a carosabilului, \u00een apropierea unei sta\u021bii de carburan\u021bi. <\/p>\n<figure class=\"wp-block-image size-full\"><a href=\"https:\/\/cdn.newsbucovina.ro\/wp-content\/uploads\/2022\/03\/bicicleta-accident.jpg\"><img loading=\"lazy\" decoding=\"async\" width=\"740\" height=\"426\" src=\"https:\/\/cdn.newsbucovina.ro\/wp-content\/uploads\/2022\/03\/bicicleta-accident.jpg.webp\" alt class=\"wp-image-340659\"><\/a><\/figure>\n<p>\u0218oferul autoturismului \u0219i-a continuat deplasarea c\u0103tre strada C\u00e2mpului din localitate, f\u0103r\u0103 s\u0103 opreasc\u0103.<\/p>\n<p>B\u0103rbatul accidentat s-a ridicat \u0219i s-a deplasat spre domiciliu. Ulterior, la recomandarea unei rude, s-a prezentat la Spitalul Municipal R\u0103d\u0103u\u021bi, unde a fost diagnosticat cu contuzie pumn st\u00e2ng \u0219i traumatism cranio-cerebral u\u0219or, fiind considerat r\u0103nit u\u0219or. <\/p>\n<p>Testarea cu etilometrul a indicat o concentra\u021bie de 0,52 mg\/l alcool pur \u00een aerul expirat.<\/p>\n<p>Poli\u021bia Municipiului R\u0103d\u0103u\u021bi a fost sesizat\u0103 de c\u0103tre unitatea spitaliceasc\u0103 \u0219i a deschis un dosar penal pentru s\u0103v\u00e2r\u0219irea infrac\u021biunilor de v\u0103t\u0103mare corporal\u0103 din culp\u0103 \u0219i p\u0103r\u0103sirea locului accidentului.<\/p>\n<p>\u00cen noaptea de 24 spre 25 aprilie 2026, \u00een jurul orei 01:00, un t\u00e2n\u0103r de 21 de ani, din localitatea Bivol\u0103ria, s-a prezentat la sediul Poli\u021biei Municipiului R\u0103d\u0103u\u021bi \u0219i a recunoscut c\u0103 el se afla la volanul autoturismului Audi implicat \u00een eveniment. Acesta a declarat c\u0103 nu \u0219i-a dat seama c\u0103 l-a lovit pe biciclist, motiv pentru care a p\u0103r\u0103sit locul accidentului.<\/p>\n<p>T\u00e2n\u0103rul a fost testat cu etilometrul \u0219i cu aparatul drugtest, rezultatele fiind negative. Ulterior, cu acordul s\u0103u, i-au fost recoltate probe biologice de s\u00e2nge la Spitalul Municipal R\u0103d\u0103u\u021bi. <\/p>\n<p>Poli\u021bi\u0219tii i-au re\u021binut permisul de conducere, eliber\u00e2ndu-i o dovad\u0103 f\u0103r\u0103 drept de circula\u021bie. Acesta nu mai are dreptul de a conduce autovehicule pe drumurile publice \u00eencep\u00e2nd cu data de 25 aprilie 2026.<\/p>\n<figure class=\"wp-block-embed is-type-video is-provider-youtube wp-block-embed-youtube wp-embed-aspect-16-9 wp-has-aspect-ratio\">\n<div class=\"wp-block-embed__wrapper\">\n<div class=\"youtube-embed\" data-video_id=\"WQLXcNbbIqs\"><iframe loading=\"lazy\" title=\"De la Furc\u0103 p\u00e2n\u0103 la Furculi\u021b\u0103 la cap\u0103t de Schengen - Familia care a pariat totul pe VITA rom\u00e2neasc\u0103\" width=\"696\" height=\"392\" src=\"https:\/\/www.youtube.com\/embed\/WQLXcNbbIqs?feature=oembed&amp;enablejsapi=1\" frameborder allow=\"accelerometer; autoplay; clipboard-write; encrypted-media; gyroscope; picture-in-picture; web-share\" referrerpolicy=\"strict-origin-when-cross-origin\" allowfullscreen><\/iframe><\/div>\n<\/div>\n<\/figure>\n<div class=\"td-a-rec td-a-rec-id-content_bottom  tdi_4 td_block_template_1\"><strong>Intr\u0103 acum \u0219i \u00een grupul de <\/p>\n<div class=\"wp-block-button\"><a class=\"wp-block-button__link wp-element-button\" href=\"https:\/\/t.me\/+TH8wcfnp8fw5NWI0\">Telegram News Bucovina<\/a><\/div>\n<p><\/strong><\/div>\n<\/div>\n<div class=\"td-post-content tagdiv-type\">\n<div class=\"td-a-rec td-a-rec-id-content_top  tdi_3 td_block_template_1\"><strong>Intr\u0103 acum \u0219i \u00een grupul de <\/p>\n<div class=\"wp-block-button\"><a class=\"wp-block-button__link wp-element-button\" href=\"https:\/\/t.me\/+TH8wcfnp8fw5NWI0\">Telegram News Bucovina<\/a><\/div>\n<p><\/strong><\/div>\n<p>La data de 24 aprilie 2026, \u00een jurul orei 16:20, pe DN 2H, pe raza localit\u0103\u021bii Vicovu de Jos, un b\u0103rbat de 56 de ani, care circula cu bicicleta din direc\u021bia Bivol\u0103rie spre Vicovu de Jos, a fost acro\u0219at \u00een partea st\u00e2ng\u0103 de un autoturism marca Audi, model combi, de culoare \u00eenchis\u0103.Impactul l-a dezechilibrat pe biciclist, acesta c\u0103z\u00e2nd pe partea dreapt\u0103 a carosabilului, \u00een apropierea unei sta\u021bii de carburan\u021bi. <\/p>\n<figure class=\"wp-block-image size-full\"><a href=\"https:\/\/cdn.newsbucovina.ro\/wp-content\/uploads\/2022\/03\/bicicleta-accident.jpg\"><img loading=\"lazy\" decoding=\"async\" width=\"740\" height=\"426\" src=\"https:\/\/cdn.newsbucovina.ro\/wp-content\/uploads\/2022\/03\/bicicleta-accident.jpg.webp\" alt class=\"wp-image-340659\"><\/a><\/figure>\n<p>\u0218oferul autoturismului \u0219i-a continuat deplasarea c\u0103tre strada C\u00e2mpului din localitate, f\u0103r\u0103 s\u0103 opreasc\u0103.<\/p>\n<p>B\u0103rbatul accidentat s-a ridicat \u0219i s-a deplasat spre domiciliu. Ulterior, la recomandarea unei rude, s-a prezentat la Spitalul Municipal R\u0103d\u0103u\u021bi, unde a fost diagnosticat cu contuzie pumn st\u00e2ng \u0219i traumatism cranio-cerebral u\u0219or, fiind considerat r\u0103nit u\u0219or. <\/p>\n<p>Testarea cu etilometrul a indicat o concentra\u021bie de 0,52 mg\/l alcool pur \u00een aerul expirat.<\/p>\n<p>Poli\u021bia Municipiului R\u0103d\u0103u\u021bi a fost sesizat\u0103 de c\u0103tre unitatea spitaliceasc\u0103 \u0219i a deschis un dosar penal pentru s\u0103v\u00e2r\u0219irea infrac\u021biunilor de v\u0103t\u0103mare corporal\u0103 din culp\u0103 \u0219i p\u0103r\u0103sirea locului accidentului.<\/p>\n<p>\u00cen noaptea de 24 spre 25 aprilie 2026, \u00een jurul orei 01:00, un t\u00e2n\u0103r de 21 de ani, din localitatea Bivol\u0103ria, s-a prezentat la sediul Poli\u021biei Municipiului R\u0103d\u0103u\u021bi \u0219i a recunoscut c\u0103 el se afla la volanul autoturismului Audi implicat \u00een eveniment. Acesta a declarat c\u0103 nu \u0219i-a dat seama c\u0103 l-a lovit pe biciclist, motiv pentru care a p\u0103r\u0103sit locul accidentului.<\/p>\n<p>T\u00e2n\u0103rul a fost testat cu etilometrul \u0219i cu aparatul drugtest, rezultatele fiind negative. Ulterior, cu acordul s\u0103u, i-au fost recoltate probe biologice de s\u00e2nge la Spitalul Municipal R\u0103d\u0103u\u021bi. <\/p>\n<p>Poli\u021bi\u0219tii i-au re\u021binut permisul de conducere, eliber\u00e2ndu-i o dovad\u0103 f\u0103r\u0103 drept de circula\u021bie. Acesta nu mai are dreptul de a conduce autovehicule pe drumurile publice \u00eencep\u00e2nd cu data de 25 aprilie 2026.<\/p>\n<figure class=\"wp-block-embed is-type-video is-provider-youtube wp-block-embed-youtube wp-embed-aspect-16-9 wp-has-aspect-ratio\">\n<div class=\"wp-block-embed__wrapper\">\n<div class=\"youtube-embed\" data-video_id=\"WQLXcNbbIqs\"><iframe loading=\"lazy\" title=\"De la Furc\u0103 p\u00e2n\u0103 la Furculi\u021b\u0103 la cap\u0103t de Schengen - Familia care a pariat totul pe VITA rom\u00e2neasc\u0103\" width=\"696\" height=\"392\" src=\"https:\/\/www.youtube.com\/embed\/WQLXcNbbIqs?feature=oembed&amp;enablejsapi=1\" frameborder allow=\"accelerometer; autoplay; clipboard-write; encrypted-media; gyroscope; picture-in-picture; web-share\" referrerpolicy=\"strict-origin-when-cross-origin\" allowfullscreen><\/iframe><\/div>\n<\/div>\n<\/figure>\n<div class=\"td-a-rec td-a-rec-id-content_bottom  tdi_4 td_block_template_1\"><strong>Intr\u0103 acum \u0219i \u00een grupul de <\/p>\n<div class=\"wp-block-button\"><a class=\"wp-block-button__link wp-element-button\" href=\"https:\/\/t.me\/+TH8wcfnp8fw5NWI0\">Telegram News Bucovina<\/a><\/div>\n<p><\/strong><\/div>\n<\/div>\n<p>[analyse_source url=&#8221;https:\/\/www.newsbucovina.ro\/social\/437050\/accident-la-vicovu-de-jos-biciclist-accidentat-de-un-audi-soferul-a-fugit-de-la-locul-impactului-si-sustine-ca-nu-a-sesizat-impactul&#8221;]<\/p>\n","protected":false},"excerpt":{"rendered":"<p>[analyse_image type=&#8221;featured&#8221; src=&#8221;https:\/\/www.newsbucovina.ro\/wp-content\/uploads\/2022\/03\/bicicleta-accident.jpghttps:\/\/cdn.newsbucovina.ro\/wp-content\/uploads\/2022\/03\/bicicleta-accident.jpg&#8221;] Intr\u0103 acum \u0219i \u00een grupul de Telegram News Bucovina La data de 24 aprilie 2026, \u00een jurul orei 16:20, pe DN 2H, pe raza localit\u0103\u021bii Vicovu de Jos, un b\u0103rbat de 56 de ani, care circula cu bicicleta din direc\u021bia Bivol\u0103rie spre Vicovu de Jos, a fost acro\u0219at \u00een partea st\u00e2ng\u0103 de [&hellip;]<\/p>\n","protected":false},"author":1,"featured_media":0,"comment_status":"open","ping_status":"","sticky":false,"template":"","format":"standard","meta":{"footnotes":""},"categories":[89],"tags":[226,165],"class_list":["post-1904159","post","type-post","status-publish","format-standard","hentry","category-romania","tag-crawlmanager","tag-newsbucovina-ro"],"_links":{"self":[{"href":"https:\/\/analyse.optim.biz\/index.php?rest_route=\/wp\/v2\/posts\/1904159","targetHints":{"allow":["GET"]}}],"collection":[{"href":"https:\/\/analyse.optim.biz\/index.php?rest_route=\/wp\/v2\/posts"}],"about":[{"href":"https:\/\/analyse.optim.biz\/index.php?rest_route=\/wp\/v2\/types\/post"}],"author":[{"embeddable":true,"href":"https:\/\/analyse.optim.biz\/index.php?rest_route=\/wp\/v2\/users\/1"}],"replies":[{"embeddable":true,"href":"https:\/\/analyse.optim.biz\/index.php?rest_route=%2Fwp%2Fv2%2Fcomments&post=1904159"}],"version-history":[{"count":0,"href":"https:\/\/analyse.optim.biz\/index.php?rest_route=\/wp\/v2\/posts\/1904159\/revisions"}],"wp:attachment":[{"href":"https:\/\/analyse.optim.biz\/index.php?rest_route=%2Fwp%2Fv2%2Fmedia&parent=1904159"}],"wp:term":[{"taxonomy":"category","embeddable":true,"href":"https:\/\/analyse.optim.biz\/index.php?rest_route=%2Fwp%2Fv2%2Fcategories&post=1904159"},{"taxonomy":"post_tag","embeddable":true,"href":"https:\/\/analyse.optim.biz\/index.php?rest_route=%2Fwp%2Fv2%2Ftags&post=1904159"}],"curies":[{"name":"wp","href":"https:\/\/api.w.org\/{rel}","templated":true}]}}