{"id":1904158,"date":"2026-04-25T11:24:34","date_gmt":"2026-04-25T08:24:34","guid":{"rendered":"https:\/\/analyse.optim.biz\/?p=1904158"},"modified":"2026-04-25T11:24:34","modified_gmt":"2026-04-25T08:24:34","slug":"incendiu-de-vegetatie-provocat-de-un-barbat-pe-o-pasune-alpina-in-zona-argel","status":"publish","type":"post","link":"https:\/\/analyse.optim.biz\/?p=1904158","title":{"rendered":"Incendiu de vegeta\u021bie provocat de un b\u0103rbat pe o p\u0103\u0219une alpin\u0103 \u00een zona Argel"},"content":{"rendered":"<p>[analyse_image type=&#8221;featured&#8221; src=&#8221;https:\/\/www.newsbucovina.ro\/wp-content\/uploads\/2020\/04\/20200429_175818.jpghttps:\/\/cdn.newsbucovina.ro\/wp-content\/uploads\/2020\/04\/20200429_175818.jpg&#8221;]<\/p>\n<div class=\"td-post-content tagdiv-type\">\n<div class=\"td-a-rec td-a-rec-id-content_top  tdi_3 td_block_template_1\"><strong>Intr\u0103 acum \u0219i \u00een grupul de <\/p>\n<div class=\"wp-block-button\"><a class=\"wp-block-button__link wp-element-button\" href=\"https:\/\/t.me\/+TH8wcfnp8fw5NWI0\">Telegram News Bucovina<\/a><\/div>\n<p><\/strong><\/div>\n<p>La data de 24 aprilie 2026, ora 12:47, pompierii \u0219i poli\u021bi\u0219tii din zona Vama au fost alerta\u021bi prin 112 cu privire la un incendiu de vegeta\u021bie pe raza satului Argel, comuna Moldovi\u021ba.<\/p>\n<figure class=\"wp-block-image size-full\"><a href=\"https:\/\/cdn.newsbucovina.ro\/wp-content\/uploads\/2020\/04\/20200429_175617.jpg\"><img loading=\"lazy\" decoding=\"async\" width=\"1024\" height=\"576\" src=\"https:\/\/cdn.newsbucovina.ro\/wp-content\/uploads\/2020\/04\/20200429_175617.jpg.webp\" alt class=\"wp-image-282615\"><\/a><\/figure>\n<p>Echipajele deplasate la fa\u021ba locului au constatat c\u0103 incendiul se manifesta pe o suprafa\u021b\u0103 de p\u0103\u0219une alpin\u0103, pe o creast\u0103, \u00een apropierea lizierei p\u0103durii, f\u0103r\u0103 risc de propagare \u00een fondul forestier. <\/p>\n<p>Au fost afectate aproximativ 3 hectare de vegeta\u021bie uscat\u0103.<\/p>\n<p>Incendiul a izbucnit \u00een zona denumit\u0103 popular \u201ePolonenca\u201d. La sosirea poli\u021bi\u0219tilor, focul fusese par\u021bial stins de lucr\u0103torii Ocolului Silvic Moldovi\u021ba, cu sprijinul mai multor cet\u0103\u021beni. <\/p>\n<p>Din cauza v\u00e2ntului puternic \u0219i a vegeta\u021biei uscate, fl\u0103c\u0103rile s-au extins rapid.Pentru accesul \u00een zona izolat\u0103, f\u0103r\u0103 drum auto, au fost mobilizate dou\u0103 autovehicule TAF-uri de la Ocolul Silvic Moldovi\u021ba.<\/p>\n<p> Ulterior, au intervenit \u0219i pompierii militari din cadrul Deta\u0219amentului de Pompieri C\u00e2mpulung Moldovenesc, care au asigurat stingerea complet\u0103 a incendiului \u0219i monitorizarea zonei pentru prevenirea reaprinderii.<\/p>\n<p>Nu au fost \u00eenregistrate victime omene\u0219ti. Incendiul a afectat o por\u021biune de teren apar\u021bin\u00e2nd unui b\u0103rbat de 52 de ani, din comuna Moldovi\u021ba, precum \u0219i o suprafa\u021b\u0103 de p\u0103\u0219une a Prim\u0103riei comunei Moldovi\u021ba.Pompierii au stabilit c\u0103 sursa probabil\u0103 de aprindere a fost \u201eflac\u0103r\u0103 \/ foc \u00een aer liber\u201d. <\/p>\n<p>Din cercet\u0103rile efectuate a rezultat c\u0103 incendiul a fost provocat din culp\u0103 de c\u0103tre b\u0103rbatul de 52 de ani, care a folosit focul deschis pentru igienizarea terenului, f\u0103r\u0103 respectarea normelor legale de prevenire a incendiilor.<\/p>\n<p>\u00cen cauz\u0103 a fost \u00eentocmit dosar penal sub aspectul s\u0103v\u00e2r\u0219irii infrac\u021biunii de \u201edistrugere din culp\u0103\u201d, fapt\u0103 prev\u0103zut\u0103 \u0219i pedepsit\u0103 de art. 255 alin. (1) din Codul Penal. Cercet\u0103rile sunt efectuate de poli\u021bi\u0219tii din cadrul Postului de Poli\u021bie Moldovi\u021ba. <\/p>\n<figure class=\"wp-block-embed is-type-video is-provider-youtube wp-block-embed-youtube wp-embed-aspect-16-9 wp-has-aspect-ratio\">\n<div class=\"wp-block-embed__wrapper\">\n<div class=\"youtube-embed\" data-video_id=\"WQLXcNbbIqs\"><iframe loading=\"lazy\" title=\"De la Furc\u0103 p\u00e2n\u0103 la Furculi\u021b\u0103 la cap\u0103t de Schengen - Familia care a pariat totul pe VITA rom\u00e2neasc\u0103\" width=\"696\" height=\"392\" src=\"https:\/\/www.youtube.com\/embed\/WQLXcNbbIqs?feature=oembed&amp;enablejsapi=1\" frameborder allow=\"accelerometer; autoplay; clipboard-write; encrypted-media; gyroscope; picture-in-picture; web-share\" referrerpolicy=\"strict-origin-when-cross-origin\" allowfullscreen><\/iframe><\/div>\n<\/div>\n<\/figure>\n<div class=\"td-a-rec td-a-rec-id-content_bottom  tdi_4 td_block_template_1\"><strong>Intr\u0103 acum \u0219i \u00een grupul de <\/p>\n<div class=\"wp-block-button\"><a class=\"wp-block-button__link wp-element-button\" href=\"https:\/\/t.me\/+TH8wcfnp8fw5NWI0\">Telegram News Bucovina<\/a><\/div>\n<p><\/strong><\/div>\n<\/div>\n<div class=\"td-post-content tagdiv-type\">\n<div class=\"td-a-rec td-a-rec-id-content_top  tdi_3 td_block_template_1\"><strong>Intr\u0103 acum \u0219i \u00een grupul de <\/p>\n<div class=\"wp-block-button\"><a class=\"wp-block-button__link wp-element-button\" href=\"https:\/\/t.me\/+TH8wcfnp8fw5NWI0\">Telegram News Bucovina<\/a><\/div>\n<p><\/strong><\/div>\n<p>La data de 24 aprilie 2026, ora 12:47, pompierii \u0219i poli\u021bi\u0219tii din zona Vama au fost alerta\u021bi prin 112 cu privire la un incendiu de vegeta\u021bie pe raza satului Argel, comuna Moldovi\u021ba.<\/p>\n<figure class=\"wp-block-image size-full\"><a href=\"https:\/\/cdn.newsbucovina.ro\/wp-content\/uploads\/2020\/04\/20200429_175617.jpg\"><img loading=\"lazy\" decoding=\"async\" width=\"1024\" height=\"576\" src=\"https:\/\/cdn.newsbucovina.ro\/wp-content\/uploads\/2020\/04\/20200429_175617.jpg.webp\" alt class=\"wp-image-282615\"><\/a><\/figure>\n<p>Echipajele deplasate la fa\u021ba locului au constatat c\u0103 incendiul se manifesta pe o suprafa\u021b\u0103 de p\u0103\u0219une alpin\u0103, pe o creast\u0103, \u00een apropierea lizierei p\u0103durii, f\u0103r\u0103 risc de propagare \u00een fondul forestier. <\/p>\n<p>Au fost afectate aproximativ 3 hectare de vegeta\u021bie uscat\u0103.<\/p>\n<p>Incendiul a izbucnit \u00een zona denumit\u0103 popular \u201ePolonenca\u201d. La sosirea poli\u021bi\u0219tilor, focul fusese par\u021bial stins de lucr\u0103torii Ocolului Silvic Moldovi\u021ba, cu sprijinul mai multor cet\u0103\u021beni. <\/p>\n<p>Din cauza v\u00e2ntului puternic \u0219i a vegeta\u021biei uscate, fl\u0103c\u0103rile s-au extins rapid.Pentru accesul \u00een zona izolat\u0103, f\u0103r\u0103 drum auto, au fost mobilizate dou\u0103 autovehicule TAF-uri de la Ocolul Silvic Moldovi\u021ba.<\/p>\n<p> Ulterior, au intervenit \u0219i pompierii militari din cadrul Deta\u0219amentului de Pompieri C\u00e2mpulung Moldovenesc, care au asigurat stingerea complet\u0103 a incendiului \u0219i monitorizarea zonei pentru prevenirea reaprinderii.<\/p>\n<p>Nu au fost \u00eenregistrate victime omene\u0219ti. Incendiul a afectat o por\u021biune de teren apar\u021bin\u00e2nd unui b\u0103rbat de 52 de ani, din comuna Moldovi\u021ba, precum \u0219i o suprafa\u021b\u0103 de p\u0103\u0219une a Prim\u0103riei comunei Moldovi\u021ba.Pompierii au stabilit c\u0103 sursa probabil\u0103 de aprindere a fost \u201eflac\u0103r\u0103 \/ foc \u00een aer liber\u201d. <\/p>\n<p>Din cercet\u0103rile efectuate a rezultat c\u0103 incendiul a fost provocat din culp\u0103 de c\u0103tre b\u0103rbatul de 52 de ani, care a folosit focul deschis pentru igienizarea terenului, f\u0103r\u0103 respectarea normelor legale de prevenire a incendiilor.<\/p>\n<p>\u00cen cauz\u0103 a fost \u00eentocmit dosar penal sub aspectul s\u0103v\u00e2r\u0219irii infrac\u021biunii de \u201edistrugere din culp\u0103\u201d, fapt\u0103 prev\u0103zut\u0103 \u0219i pedepsit\u0103 de art. 255 alin. (1) din Codul Penal. Cercet\u0103rile sunt efectuate de poli\u021bi\u0219tii din cadrul Postului de Poli\u021bie Moldovi\u021ba. <\/p>\n<figure class=\"wp-block-embed is-type-video is-provider-youtube wp-block-embed-youtube wp-embed-aspect-16-9 wp-has-aspect-ratio\">\n<div class=\"wp-block-embed__wrapper\">\n<div class=\"youtube-embed\" data-video_id=\"WQLXcNbbIqs\"><iframe loading=\"lazy\" title=\"De la Furc\u0103 p\u00e2n\u0103 la Furculi\u021b\u0103 la cap\u0103t de Schengen - Familia care a pariat totul pe VITA rom\u00e2neasc\u0103\" width=\"696\" height=\"392\" src=\"https:\/\/www.youtube.com\/embed\/WQLXcNbbIqs?feature=oembed&amp;enablejsapi=1\" frameborder allow=\"accelerometer; autoplay; clipboard-write; encrypted-media; gyroscope; picture-in-picture; web-share\" referrerpolicy=\"strict-origin-when-cross-origin\" allowfullscreen><\/iframe><\/div>\n<\/div>\n<\/figure>\n<div class=\"td-a-rec td-a-rec-id-content_bottom  tdi_4 td_block_template_1\"><strong>Intr\u0103 acum \u0219i \u00een grupul de <\/p>\n<div class=\"wp-block-button\"><a class=\"wp-block-button__link wp-element-button\" href=\"https:\/\/t.me\/+TH8wcfnp8fw5NWI0\">Telegram News Bucovina<\/a><\/div>\n<p><\/strong><\/div>\n<\/div>\n<p>[analyse_source url=&#8221;https:\/\/www.newsbucovina.ro\/social\/437048\/incendiu-de-vegetatie-provocat-de-un-barbat-pe-o-pasune-alpina-in-zona-argel&#8221;]<\/p>\n","protected":false},"excerpt":{"rendered":"<p>[analyse_image type=&#8221;featured&#8221; src=&#8221;https:\/\/www.newsbucovina.ro\/wp-content\/uploads\/2020\/04\/20200429_175818.jpghttps:\/\/cdn.newsbucovina.ro\/wp-content\/uploads\/2020\/04\/20200429_175818.jpg&#8221;] Intr\u0103 acum \u0219i \u00een grupul de Telegram News Bucovina La data de 24 aprilie 2026, ora 12:47, pompierii \u0219i poli\u021bi\u0219tii din zona Vama au fost alerta\u021bi prin 112 cu privire la un incendiu de vegeta\u021bie pe raza satului Argel, comuna Moldovi\u021ba. Echipajele deplasate la fa\u021ba locului au constatat c\u0103 incendiul se manifesta [&hellip;]<\/p>\n","protected":false},"author":1,"featured_media":0,"comment_status":"open","ping_status":"","sticky":false,"template":"","format":"standard","meta":{"footnotes":""},"categories":[89],"tags":[226,165],"class_list":["post-1904158","post","type-post","status-publish","format-standard","hentry","category-romania","tag-crawlmanager","tag-newsbucovina-ro"],"_links":{"self":[{"href":"https:\/\/analyse.optim.biz\/index.php?rest_route=\/wp\/v2\/posts\/1904158","targetHints":{"allow":["GET"]}}],"collection":[{"href":"https:\/\/analyse.optim.biz\/index.php?rest_route=\/wp\/v2\/posts"}],"about":[{"href":"https:\/\/analyse.optim.biz\/index.php?rest_route=\/wp\/v2\/types\/post"}],"author":[{"embeddable":true,"href":"https:\/\/analyse.optim.biz\/index.php?rest_route=\/wp\/v2\/users\/1"}],"replies":[{"embeddable":true,"href":"https:\/\/analyse.optim.biz\/index.php?rest_route=%2Fwp%2Fv2%2Fcomments&post=1904158"}],"version-history":[{"count":0,"href":"https:\/\/analyse.optim.biz\/index.php?rest_route=\/wp\/v2\/posts\/1904158\/revisions"}],"wp:attachment":[{"href":"https:\/\/analyse.optim.biz\/index.php?rest_route=%2Fwp%2Fv2%2Fmedia&parent=1904158"}],"wp:term":[{"taxonomy":"category","embeddable":true,"href":"https:\/\/analyse.optim.biz\/index.php?rest_route=%2Fwp%2Fv2%2Fcategories&post=1904158"},{"taxonomy":"post_tag","embeddable":true,"href":"https:\/\/analyse.optim.biz\/index.php?rest_route=%2Fwp%2Fv2%2Ftags&post=1904158"}],"curies":[{"name":"wp","href":"https:\/\/api.w.org\/{rel}","templated":true}]}}