{"id":1904157,"date":"2026-04-26T07:15:51","date_gmt":"2026-04-26T04:15:51","guid":{"rendered":"https:\/\/analyse.optim.biz\/?p=1904157"},"modified":"2026-04-26T07:15:51","modified_gmt":"2026-04-26T04:15:51","slug":"foaie-verde-din-bucovina-romania-are-cea-mai-ridicata-rata-a-saraciei-din-ue-ilie-bolojan-poarta-o-mare-parte-din-vina","status":"publish","type":"post","link":"https:\/\/analyse.optim.biz\/?p=1904157","title":{"rendered":"Foaie Verde din Bucovina: \u201eRom\u00e2nia are cea mai ridicat\u0103 rat\u0103 a s\u0103r\u0103ciei din UE. Ilie Bolojan poart\u0103 o mare parte din vin\u0103\u201d"},"content":{"rendered":"<p>[analyse_image type=&#8221;featured&#8221; src=&#8221;https:\/\/www.newsbucovina.ro\/wp-content\/uploads\/2015\/05\/Acibotarita.jpghttps:\/\/cdn.newsbucovina.ro\/wp-content\/uploads\/2015\/05\/Acibotarita.jpg&#8221;]<\/p>\n<div class=\"td-post-content tagdiv-type\">\n<div class=\"td-a-rec td-a-rec-id-content_top  tdi_3 td_block_template_1\"><strong>Intr\u0103 acum \u0219i \u00een grupul de <\/p>\n<div class=\"wp-block-button\"><a class=\"wp-block-button__link wp-element-button\" href=\"https:\/\/t.me\/+TH8wcfnp8fw5NWI0\">Telegram News Bucovina<\/a><\/div>\n<p><\/strong><\/div>\n<p>Organiza\u021bia Foaie Verde din Bucovina a transmis un comunicat de pres\u0103 dur la adresa clasei politice rom\u00e2ne\u0219ti \u0219i a premierului Ilie Bolojan, pe care \u00eel acuz\u0103 de accentuarea s\u0103r\u0103ciei \u00een r\u00e2ndul popula\u021biei.<\/p>\n<div class=\"wp-block-image\">\n<figure class=\"aligncenter size-full\"><a href=\"https:\/\/cdn.newsbucovina.ro\/wp-content\/uploads\/2013\/04\/dan-acibotarita-e1413106599337.jpg\"><img loading=\"lazy\" decoding=\"async\" width=\"640\" height=\"360\" src=\"https:\/\/cdn.newsbucovina.ro\/wp-content\/uploads\/2013\/04\/dan-acibotarita-e1413106599337.jpg.webp\" alt class=\"wp-image-75101\"><\/a><\/figure>\n<\/div>\n<p>Potrivit sursei, Rom\u00e2nia \u00eenregistreaz\u0103 \u00een 2026 cea mai ridicat\u0103 rat\u0103 a s\u0103r\u0103ciei din Uniunea European\u0103, o situa\u021bie care nu s-a instalat peste noapte, ci s-a agravat constant sub guvernele provenite din fostul PD\/PDL, transformat ulterior \u00een PNL.<\/p>\n<p>\u201eS\u0103r\u0103cia rom\u00e2nilor este venit\u0103 din urm\u0103 \u0219i se accentueaz\u0103 puternic atunci c\u00e2nd Rom\u00e2nia este condus\u0103 de progeniturile vechiului PD, vopsit acum \u00een PNL. Actualul premier, domnul Ilie Bolojan \u2013 alintat de noi Ilie S\u0103r\u0103cie \u2013 poart\u0103 o responsabilitate major\u0103 \u00een acest sens\u201d, se arat\u0103 \u00een comunicat.<\/p>\n<p><strong>Critici locale privind priorit\u0103\u021bile investi\u021biilor<\/strong><\/p>\n<p>Foaie Verde din Bucovina atrage aten\u021bia \u0219i asupra modului \u00een care sunt gestionate monumentele istorice din Suceava. Organiza\u021bia apreciaz\u0103 investi\u021biile masive \u00een reabilitarea Cet\u0103\u021bii de Scaun, dar critic\u0103 neglijarea Cur\u021bii Domne\u0219ti \u2013 un alt edificiu istoric de o importan\u021b\u0103 major\u0103, considerat locul unde se \u021bineau \u0219edin\u021bele guvernului Moldovei Mari.<\/p>\n<p>\u201eEste bine s\u0103 ai grij\u0103 de trecut \u0219i de istorie, dar nu numai de o parte a ei. Curtea Domneasc\u0103 este l\u0103sat\u0103 \u00een paragin\u0103, \u00een timp ce se pompeaz\u0103 tone de bani \u00een modernizarea Cet\u0103\u021bii de Scaun\u201d, subliniaz\u0103 sursa.<\/p>\n<p>Comunicatul este semnat de <strong>Dan Acibot\u0103ri\u021b\u0103<\/strong>, coordonatorul activit\u0103\u021bii Foaie Verde din Bucovina.<\/p>\n<figure class=\"wp-block-embed is-type-video is-provider-youtube wp-block-embed-youtube wp-embed-aspect-16-9 wp-has-aspect-ratio\">\n<div class=\"wp-block-embed__wrapper\">\n<div class=\"youtube-embed\" data-video_id=\"WQLXcNbbIqs\"><iframe loading=\"lazy\" title=\"De la Furc\u0103 p\u00e2n\u0103 la Furculi\u021b\u0103 la cap\u0103t de Schengen - Familia care a pariat totul pe VITA rom\u00e2neasc\u0103\" width=\"696\" height=\"392\" src=\"https:\/\/www.youtube.com\/embed\/WQLXcNbbIqs?feature=oembed&amp;enablejsapi=1\" frameborder allow=\"accelerometer; autoplay; clipboard-write; encrypted-media; gyroscope; picture-in-picture; web-share\" referrerpolicy=\"strict-origin-when-cross-origin\" allowfullscreen><\/iframe><\/div>\n<\/div>\n<\/figure>\n<div class=\"td-a-rec td-a-rec-id-content_bottom  tdi_4 td_block_template_1\"><strong>Intr\u0103 acum \u0219i \u00een grupul de <\/p>\n<div class=\"wp-block-button\"><a class=\"wp-block-button__link wp-element-button\" href=\"https:\/\/t.me\/+TH8wcfnp8fw5NWI0\">Telegram News Bucovina<\/a><\/div>\n<p><\/strong><\/div>\n<\/div>\n<div class=\"td-post-content tagdiv-type\">\n<div class=\"td-a-rec td-a-rec-id-content_top  tdi_3 td_block_template_1\"><strong>Intr\u0103 acum \u0219i \u00een grupul de <\/p>\n<div class=\"wp-block-button\"><a class=\"wp-block-button__link wp-element-button\" href=\"https:\/\/t.me\/+TH8wcfnp8fw5NWI0\">Telegram News Bucovina<\/a><\/div>\n<p><\/strong><\/div>\n<p>Organiza\u021bia Foaie Verde din Bucovina a transmis un comunicat de pres\u0103 dur la adresa clasei politice rom\u00e2ne\u0219ti \u0219i a premierului Ilie Bolojan, pe care \u00eel acuz\u0103 de accentuarea s\u0103r\u0103ciei \u00een r\u00e2ndul popula\u021biei.<\/p>\n<div class=\"wp-block-image\">\n<figure class=\"aligncenter size-full\"><a href=\"https:\/\/cdn.newsbucovina.ro\/wp-content\/uploads\/2013\/04\/dan-acibotarita-e1413106599337.jpg\"><img loading=\"lazy\" decoding=\"async\" width=\"640\" height=\"360\" src=\"https:\/\/cdn.newsbucovina.ro\/wp-content\/uploads\/2013\/04\/dan-acibotarita-e1413106599337.jpg.webp\" alt class=\"wp-image-75101\"><\/a><\/figure>\n<\/div>\n<p>Potrivit sursei, Rom\u00e2nia \u00eenregistreaz\u0103 \u00een 2026 cea mai ridicat\u0103 rat\u0103 a s\u0103r\u0103ciei din Uniunea European\u0103, o situa\u021bie care nu s-a instalat peste noapte, ci s-a agravat constant sub guvernele provenite din fostul PD\/PDL, transformat ulterior \u00een PNL.<\/p>\n<p>\u201eS\u0103r\u0103cia rom\u00e2nilor este venit\u0103 din urm\u0103 \u0219i se accentueaz\u0103 puternic atunci c\u00e2nd Rom\u00e2nia este condus\u0103 de progeniturile vechiului PD, vopsit acum \u00een PNL. Actualul premier, domnul Ilie Bolojan \u2013 alintat de noi Ilie S\u0103r\u0103cie \u2013 poart\u0103 o responsabilitate major\u0103 \u00een acest sens\u201d, se arat\u0103 \u00een comunicat.<\/p>\n<p><strong>Critici locale privind priorit\u0103\u021bile investi\u021biilor<\/strong><\/p>\n<p>Foaie Verde din Bucovina atrage aten\u021bia \u0219i asupra modului \u00een care sunt gestionate monumentele istorice din Suceava. Organiza\u021bia apreciaz\u0103 investi\u021biile masive \u00een reabilitarea Cet\u0103\u021bii de Scaun, dar critic\u0103 neglijarea Cur\u021bii Domne\u0219ti \u2013 un alt edificiu istoric de o importan\u021b\u0103 major\u0103, considerat locul unde se \u021bineau \u0219edin\u021bele guvernului Moldovei Mari.<\/p>\n<p>\u201eEste bine s\u0103 ai grij\u0103 de trecut \u0219i de istorie, dar nu numai de o parte a ei. Curtea Domneasc\u0103 este l\u0103sat\u0103 \u00een paragin\u0103, \u00een timp ce se pompeaz\u0103 tone de bani \u00een modernizarea Cet\u0103\u021bii de Scaun\u201d, subliniaz\u0103 sursa.<\/p>\n<p>Comunicatul este semnat de <strong>Dan Acibot\u0103ri\u021b\u0103<\/strong>, coordonatorul activit\u0103\u021bii Foaie Verde din Bucovina.<\/p>\n<figure class=\"wp-block-embed is-type-video is-provider-youtube wp-block-embed-youtube wp-embed-aspect-16-9 wp-has-aspect-ratio\">\n<div class=\"wp-block-embed__wrapper\">\n<div class=\"youtube-embed\" data-video_id=\"WQLXcNbbIqs\"><iframe loading=\"lazy\" title=\"De la Furc\u0103 p\u00e2n\u0103 la Furculi\u021b\u0103 la cap\u0103t de Schengen - Familia care a pariat totul pe VITA rom\u00e2neasc\u0103\" width=\"696\" height=\"392\" src=\"https:\/\/www.youtube.com\/embed\/WQLXcNbbIqs?feature=oembed&amp;enablejsapi=1\" frameborder allow=\"accelerometer; autoplay; clipboard-write; encrypted-media; gyroscope; picture-in-picture; web-share\" referrerpolicy=\"strict-origin-when-cross-origin\" allowfullscreen><\/iframe><\/div>\n<\/div>\n<\/figure>\n<div class=\"td-a-rec td-a-rec-id-content_bottom  tdi_4 td_block_template_1\"><strong>Intr\u0103 acum \u0219i \u00een grupul de <\/p>\n<div class=\"wp-block-button\"><a class=\"wp-block-button__link wp-element-button\" href=\"https:\/\/t.me\/+TH8wcfnp8fw5NWI0\">Telegram News Bucovina<\/a><\/div>\n<p><\/strong><\/div>\n<\/div>\n<p>[analyse_source url=&#8221;https:\/\/www.newsbucovina.ro\/politica\/437077\/foaie-verde-din-bucovina-romania-are-cea-mai-ridicata-rata-a-saraciei-din-ue-ilie-bolojan-poarta-o-mare-parte-din-vina&#8221;]<\/p>\n","protected":false},"excerpt":{"rendered":"<p>[analyse_image type=&#8221;featured&#8221; src=&#8221;https:\/\/www.newsbucovina.ro\/wp-content\/uploads\/2015\/05\/Acibotarita.jpghttps:\/\/cdn.newsbucovina.ro\/wp-content\/uploads\/2015\/05\/Acibotarita.jpg&#8221;] Intr\u0103 acum \u0219i \u00een grupul de Telegram News Bucovina Organiza\u021bia Foaie Verde din Bucovina a transmis un comunicat de pres\u0103 dur la adresa clasei politice rom\u00e2ne\u0219ti \u0219i a premierului Ilie Bolojan, pe care \u00eel acuz\u0103 de accentuarea s\u0103r\u0103ciei \u00een r\u00e2ndul popula\u021biei. Potrivit sursei, Rom\u00e2nia \u00eenregistreaz\u0103 \u00een 2026 cea mai ridicat\u0103 rat\u0103 a [&hellip;]<\/p>\n","protected":false},"author":1,"featured_media":0,"comment_status":"open","ping_status":"","sticky":false,"template":"","format":"standard","meta":{"footnotes":""},"categories":[89],"tags":[226,165],"class_list":["post-1904157","post","type-post","status-publish","format-standard","hentry","category-romania","tag-crawlmanager","tag-newsbucovina-ro"],"_links":{"self":[{"href":"https:\/\/analyse.optim.biz\/index.php?rest_route=\/wp\/v2\/posts\/1904157","targetHints":{"allow":["GET"]}}],"collection":[{"href":"https:\/\/analyse.optim.biz\/index.php?rest_route=\/wp\/v2\/posts"}],"about":[{"href":"https:\/\/analyse.optim.biz\/index.php?rest_route=\/wp\/v2\/types\/post"}],"author":[{"embeddable":true,"href":"https:\/\/analyse.optim.biz\/index.php?rest_route=\/wp\/v2\/users\/1"}],"replies":[{"embeddable":true,"href":"https:\/\/analyse.optim.biz\/index.php?rest_route=%2Fwp%2Fv2%2Fcomments&post=1904157"}],"version-history":[{"count":0,"href":"https:\/\/analyse.optim.biz\/index.php?rest_route=\/wp\/v2\/posts\/1904157\/revisions"}],"wp:attachment":[{"href":"https:\/\/analyse.optim.biz\/index.php?rest_route=%2Fwp%2Fv2%2Fmedia&parent=1904157"}],"wp:term":[{"taxonomy":"category","embeddable":true,"href":"https:\/\/analyse.optim.biz\/index.php?rest_route=%2Fwp%2Fv2%2Fcategories&post=1904157"},{"taxonomy":"post_tag","embeddable":true,"href":"https:\/\/analyse.optim.biz\/index.php?rest_route=%2Fwp%2Fv2%2Ftags&post=1904157"}],"curies":[{"name":"wp","href":"https:\/\/api.w.org\/{rel}","templated":true}]}}