{"id":1904156,"date":"2026-04-26T10:40:09","date_gmt":"2026-04-26T07:40:09","guid":{"rendered":"https:\/\/analyse.optim.biz\/?p=1904156"},"modified":"2026-04-26T10:40:09","modified_gmt":"2026-04-26T07:40:09","slug":"actiune-de-amploare-a-politiei-si-jandarmeriei-la-campulung-moldovenesc-31-de-elevi-depistati-absentand-de-la-cursuri","status":"publish","type":"post","link":"https:\/\/analyse.optim.biz\/?p=1904156","title":{"rendered":"Ac\u021biune de amploare a Poli\u021biei \u0219i Jandarmeriei la C\u00e2mpulung Moldovenesc: 31 de elevi depista\u021bi absent\u00e2nd de la cursuri"},"content":{"rendered":"<p>[analyse_image type=&#8221;featured&#8221; src=&#8221;https:\/\/www.newsbucovina.ro\/wp-content\/uploads\/2026\/04\/IMG-20260426-WA0012-1.jpghttps:\/\/cdn.newsbucovina.ro\/wp-content\/uploads\/2026\/04\/IMG-20260426-WA0012-1.jpg&#8221;]<\/p>\n<div class=\"td-post-content tagdiv-type\">\n<div class=\"td-a-rec td-a-rec-id-content_top  tdi_3 td_block_template_1\"><strong>Intr\u0103 acum \u0219i \u00een grupul de <\/p>\n<div class=\"wp-block-button\"><a class=\"wp-block-button__link wp-element-button\" href=\"https:\/\/t.me\/+TH8wcfnp8fw5NWI0\">Telegram News Bucovina<\/a><\/div>\n<p><\/strong><\/div>\n<p>Poli\u021bia municipiului C\u00e2mpulung Moldovenesc, \u00een colaborare cu Jandarmeria, a organizat vineri 24 aprilie 2026, o ac\u021biune preventiv\u0103 cu efective m\u0103rite pe raza municipiului, desf\u0103\u0219urat\u0103 \u00een dou\u0103 intervale orare: 11.00\u201313.00 \u0219i 20.00\u201323.00.<\/p>\n<figure class=\"wp-block-gallery has-nested-images columns-default is-cropped wp-block-gallery-1 is-layout-flex wp-block-gallery-is-layout-flex\">\n<figure class=\"wp-block-image size-large\"><a href=\"https:\/\/cdn.newsbucovina.ro\/wp-content\/uploads\/2026\/04\/IMG-20260426-WA0014.jpg\"><img loading=\"lazy\" decoding=\"async\" width=\"768\" height=\"1024\" data-id=\"437085\" src=\"https:\/\/cdn.newsbucovina.ro\/wp-content\/uploads\/2026\/04\/IMG-20260426-WA0014-768x1024.jpg\" alt class=\"wp-image-437085\"><\/a><\/figure>\n<figure class=\"wp-block-image size-large\"><a href=\"https:\/\/cdn.newsbucovina.ro\/wp-content\/uploads\/2026\/04\/IMG-20260426-WA0013.jpg\"><img loading=\"lazy\" decoding=\"async\" width=\"768\" height=\"1024\" data-id=\"437086\" src=\"https:\/\/cdn.newsbucovina.ro\/wp-content\/uploads\/2026\/04\/IMG-20260426-WA0013-768x1024.jpg\" alt class=\"wp-image-437086\"><\/a><\/figure>\n<figure class=\"wp-block-image size-large\"><a href=\"https:\/\/cdn.newsbucovina.ro\/wp-content\/uploads\/2026\/04\/IMG-20260426-WA0017.jpg\"><img loading=\"lazy\" decoding=\"async\" width=\"768\" height=\"1024\" data-id=\"437093\" src=\"https:\/\/cdn.newsbucovina.ro\/wp-content\/uploads\/2026\/04\/IMG-20260426-WA0017-768x1024.jpg\" alt class=\"wp-image-437093\"><\/a><\/figure>\n<figure class=\"wp-block-image size-large\"><a href=\"https:\/\/cdn.newsbucovina.ro\/wp-content\/uploads\/2026\/04\/IMG-20260426-WA0020.jpg\"><img decoding=\"async\" loading=\"lazy\" width=\"768\" height=\"1024\" data-id=\"437094\" src=\"https:\/\/cdn.newsbucovina.ro\/wp-content\/uploads\/2026\/04\/IMG-20260426-WA0020-768x1024.jpg\" alt class=\"wp-image-437094\"><\/a><\/figure>\n<figure class=\"wp-block-image size-large\"><a href=\"https:\/\/cdn.newsbucovina.ro\/wp-content\/uploads\/2026\/04\/IMG-20260426-WA0011.jpg\"><img decoding=\"async\" loading=\"lazy\" width=\"768\" height=\"1024\" data-id=\"437089\" src=\"https:\/\/cdn.newsbucovina.ro\/wp-content\/uploads\/2026\/04\/IMG-20260426-WA0011-768x1024.jpg\" alt class=\"wp-image-437089\"><\/a><\/figure>\n<figure class=\"wp-block-image size-large\"><a href=\"https:\/\/cdn.newsbucovina.ro\/wp-content\/uploads\/2026\/04\/IMG-20260426-WA0022.jpg\"><img decoding=\"async\" loading=\"lazy\" width=\"768\" height=\"1024\" data-id=\"437088\" src=\"https:\/\/cdn.newsbucovina.ro\/wp-content\/uploads\/2026\/04\/IMG-20260426-WA0022-768x1024.jpg\" alt class=\"wp-image-437088\"><\/a><\/figure>\n<figure class=\"wp-block-image size-large\"><a href=\"https:\/\/cdn.newsbucovina.ro\/wp-content\/uploads\/2026\/04\/IMG-20260426-WA0019.jpg\"><img decoding=\"async\" loading=\"lazy\" width=\"768\" height=\"1024\" data-id=\"437087\" src=\"https:\/\/cdn.newsbucovina.ro\/wp-content\/uploads\/2026\/04\/IMG-20260426-WA0019-768x1024.jpg\" alt class=\"wp-image-437087\"><\/a><\/figure>\n<figure class=\"wp-block-image size-large\"><a href=\"https:\/\/cdn.newsbucovina.ro\/wp-content\/uploads\/2026\/04\/IMG-20260426-WA0012.jpg\"><img decoding=\"async\" loading=\"lazy\" width=\"768\" height=\"1024\" data-id=\"437092\" src=\"https:\/\/cdn.newsbucovina.ro\/wp-content\/uploads\/2026\/04\/IMG-20260426-WA0012-768x1024.jpg\" alt class=\"wp-image-437092\"><\/a><\/figure>\n<figure class=\"wp-block-image size-large\"><a href=\"https:\/\/cdn.newsbucovina.ro\/wp-content\/uploads\/2026\/04\/IMG-20260426-WA00161.jpg\"><img decoding=\"async\" loading=\"lazy\" width=\"768\" height=\"1024\" data-id=\"437091\" src=\"https:\/\/cdn.newsbucovina.ro\/wp-content\/uploads\/2026\/04\/IMG-20260426-WA00161-768x1024.jpg\" alt class=\"wp-image-437091\"><\/a><\/figure>\n<figure class=\"wp-block-image size-large\"><a href=\"https:\/\/cdn.newsbucovina.ro\/wp-content\/uploads\/2026\/04\/IMG-20260426-WA0016.jpg\"><img decoding=\"async\" loading=\"lazy\" width=\"768\" height=\"1024\" data-id=\"437090\" src=\"https:\/\/cdn.newsbucovina.ro\/wp-content\/uploads\/2026\/04\/IMG-20260426-WA0016-768x1024.jpg\" alt class=\"wp-image-437090\"><\/a><\/figure>\n<\/figure>\n<p>Ac\u021biunea a vizat prevenirea absenteismului \u0219colar, combaterea infrac\u021biunilor stradale \u0219i a celor cu violen\u021b\u0103, precum \u0219i cre\u0219terea siguran\u021bei rutiere \u00een zon\u0103.<\/p>\n<p>La opera\u021biune au participat 17 poli\u021bi\u0219ti din cadrul Inspectoratului de Poli\u021bie al Jude\u021bului Suceava \u2013 6 de la Biroul Ordine Public\u0103, 5 de la Biroul Investiga\u021bii Criminale, 2 de la Compartimentul Rutier, 2 de la Sec\u021bia de Poli\u021bie Rural\u0103 Pojor\u00e2ta \u0219i 2 de la Sec\u021bia de Poli\u021bie Rural\u0103 Vama \u2013 al\u0103turi de 4 jandarmi din cadrul Deta\u0219amentului Nr. 7 C\u00e2mpulung Moldovenesc.<\/p>\n<p>Rezultatele ac\u021biunii:174 de persoane legitimate, dintre care 31 de elevi depista\u021bi absent\u00e2nd de la cursuri;10 persoane conduse la sediu pentru verific\u0103ri;38 de autovehicule controlate;18 societ\u0103\u021bi comerciale, persoane fizice autorizate \u0219i asocia\u021bii familiale verificate;16 sanc\u021biuni contraven\u021bionale aplicate, \u00een valoare total\u0103 de 13.665 lei, dup\u0103 cum urmeaz\u0103:14 amenzi la OUG 195\/2002 (cod rutier) \u2013 11.665 lei;1 amend\u0103 la OUG 32\/2008 \u2013 2.000 lei;1 amend\u0103 la HG 301\/2012;1 mandat de aducere executat;1 certificat de \u00eenmatriculare re\u021binut;1 permis de conducere re\u021binut;17 test\u0103ri cu alcoolscopul efectuate.<\/p>\n<p>Pe parcursul ac\u021biunii nu au fost constatate infrac\u021biuni \u00een zona de ac\u021biune, iar for\u021bele de ordine nu au intervenit la evenimente rutiere grave sau fapte antisociale.Ac\u021biunile de acest tip vor continua \u0219i \u00een perioada urm\u0103toare, Poli\u021bia \u0219i Jandarmeria urm\u0103rind s\u0103 men\u021bin\u0103 un climat de ordine \u0219i siguran\u021b\u0103 public\u0103 \u00een municipiul C\u00e2mpulung Moldovenesc.<\/p>\n<figure class=\"wp-block-embed is-type-video is-provider-youtube wp-block-embed-youtube wp-embed-aspect-16-9 wp-has-aspect-ratio\">\n<div class=\"wp-block-embed__wrapper\">\n<div class=\"youtube-embed\" data-video_id=\"WQLXcNbbIqs\"><iframe loading=\"lazy\" title=\"De la Furc\u0103 p\u00e2n\u0103 la Furculi\u021b\u0103 la cap\u0103t de Schengen - Familia care a pariat totul pe VITA rom\u00e2neasc\u0103\" width=\"696\" height=\"392\" src=\"https:\/\/www.youtube.com\/embed\/WQLXcNbbIqs?feature=oembed&amp;enablejsapi=1\" frameborder allow=\"accelerometer; autoplay; clipboard-write; encrypted-media; gyroscope; picture-in-picture; web-share\" referrerpolicy=\"strict-origin-when-cross-origin\" allowfullscreen><\/iframe><\/div>\n<\/div>\n<\/figure>\n<div class=\"td-a-rec td-a-rec-id-content_bottom  tdi_4 td_block_template_1\"><strong>Intr\u0103 acum \u0219i \u00een grupul de <\/p>\n<div class=\"wp-block-button\"><a class=\"wp-block-button__link wp-element-button\" href=\"https:\/\/t.me\/+TH8wcfnp8fw5NWI0\">Telegram News Bucovina<\/a><\/div>\n<p><\/strong><\/div>\n<\/div>\n<div class=\"td-post-content tagdiv-type\">\n<div class=\"td-a-rec td-a-rec-id-content_top  tdi_3 td_block_template_1\"><strong>Intr\u0103 acum \u0219i \u00een grupul de <\/p>\n<div class=\"wp-block-button\"><a class=\"wp-block-button__link wp-element-button\" href=\"https:\/\/t.me\/+TH8wcfnp8fw5NWI0\">Telegram News Bucovina<\/a><\/div>\n<p><\/strong><\/div>\n<p>Poli\u021bia municipiului C\u00e2mpulung Moldovenesc, \u00een colaborare cu Jandarmeria, a organizat vineri 24 aprilie 2026, o ac\u021biune preventiv\u0103 cu efective m\u0103rite pe raza municipiului, desf\u0103\u0219urat\u0103 \u00een dou\u0103 intervale orare: 11.00\u201313.00 \u0219i 20.00\u201323.00.<\/p>\n<figure class=\"wp-block-gallery has-nested-images columns-default is-cropped wp-block-gallery-1 is-layout-flex wp-block-gallery-is-layout-flex\">\n<figure class=\"wp-block-image size-large\"><a href=\"https:\/\/cdn.newsbucovina.ro\/wp-content\/uploads\/2026\/04\/IMG-20260426-WA0014.jpg\"><img loading=\"lazy\" decoding=\"async\" width=\"768\" height=\"1024\" data-id=\"437085\" src=\"https:\/\/cdn.newsbucovina.ro\/wp-content\/uploads\/2026\/04\/IMG-20260426-WA0014-768x1024.jpg\" alt class=\"wp-image-437085\"><\/a><\/figure>\n<figure class=\"wp-block-image size-large\"><a href=\"https:\/\/cdn.newsbucovina.ro\/wp-content\/uploads\/2026\/04\/IMG-20260426-WA0013.jpg\"><img loading=\"lazy\" decoding=\"async\" width=\"768\" height=\"1024\" data-id=\"437086\" src=\"https:\/\/cdn.newsbucovina.ro\/wp-content\/uploads\/2026\/04\/IMG-20260426-WA0013-768x1024.jpg\" alt class=\"wp-image-437086\"><\/a><\/figure>\n<figure class=\"wp-block-image size-large\"><a href=\"https:\/\/cdn.newsbucovina.ro\/wp-content\/uploads\/2026\/04\/IMG-20260426-WA0017.jpg\"><img loading=\"lazy\" decoding=\"async\" width=\"768\" height=\"1024\" data-id=\"437093\" src=\"https:\/\/cdn.newsbucovina.ro\/wp-content\/uploads\/2026\/04\/IMG-20260426-WA0017-768x1024.jpg\" alt class=\"wp-image-437093\"><\/a><\/figure>\n<figure class=\"wp-block-image size-large\"><a href=\"https:\/\/cdn.newsbucovina.ro\/wp-content\/uploads\/2026\/04\/IMG-20260426-WA0020.jpg\"><img decoding=\"async\" loading=\"lazy\" width=\"768\" height=\"1024\" data-id=\"437094\" src=\"https:\/\/cdn.newsbucovina.ro\/wp-content\/uploads\/2026\/04\/IMG-20260426-WA0020-768x1024.jpg\" alt class=\"wp-image-437094\"><\/a><\/figure>\n<figure class=\"wp-block-image size-large\"><a href=\"https:\/\/cdn.newsbucovina.ro\/wp-content\/uploads\/2026\/04\/IMG-20260426-WA0011.jpg\"><img decoding=\"async\" loading=\"lazy\" width=\"768\" height=\"1024\" data-id=\"437089\" src=\"https:\/\/cdn.newsbucovina.ro\/wp-content\/uploads\/2026\/04\/IMG-20260426-WA0011-768x1024.jpg\" alt class=\"wp-image-437089\"><\/a><\/figure>\n<figure class=\"wp-block-image size-large\"><a href=\"https:\/\/cdn.newsbucovina.ro\/wp-content\/uploads\/2026\/04\/IMG-20260426-WA0022.jpg\"><img decoding=\"async\" loading=\"lazy\" width=\"768\" height=\"1024\" data-id=\"437088\" src=\"https:\/\/cdn.newsbucovina.ro\/wp-content\/uploads\/2026\/04\/IMG-20260426-WA0022-768x1024.jpg\" alt class=\"wp-image-437088\"><\/a><\/figure>\n<figure class=\"wp-block-image size-large\"><a href=\"https:\/\/cdn.newsbucovina.ro\/wp-content\/uploads\/2026\/04\/IMG-20260426-WA0019.jpg\"><img decoding=\"async\" loading=\"lazy\" width=\"768\" height=\"1024\" data-id=\"437087\" src=\"https:\/\/cdn.newsbucovina.ro\/wp-content\/uploads\/2026\/04\/IMG-20260426-WA0019-768x1024.jpg\" alt class=\"wp-image-437087\"><\/a><\/figure>\n<figure class=\"wp-block-image size-large\"><a href=\"https:\/\/cdn.newsbucovina.ro\/wp-content\/uploads\/2026\/04\/IMG-20260426-WA0012.jpg\"><img decoding=\"async\" loading=\"lazy\" width=\"768\" height=\"1024\" data-id=\"437092\" src=\"https:\/\/cdn.newsbucovina.ro\/wp-content\/uploads\/2026\/04\/IMG-20260426-WA0012-768x1024.jpg\" alt class=\"wp-image-437092\"><\/a><\/figure>\n<figure class=\"wp-block-image size-large\"><a href=\"https:\/\/cdn.newsbucovina.ro\/wp-content\/uploads\/2026\/04\/IMG-20260426-WA00161.jpg\"><img decoding=\"async\" loading=\"lazy\" width=\"768\" height=\"1024\" data-id=\"437091\" src=\"https:\/\/cdn.newsbucovina.ro\/wp-content\/uploads\/2026\/04\/IMG-20260426-WA00161-768x1024.jpg\" alt class=\"wp-image-437091\"><\/a><\/figure>\n<figure class=\"wp-block-image size-large\"><a href=\"https:\/\/cdn.newsbucovina.ro\/wp-content\/uploads\/2026\/04\/IMG-20260426-WA0016.jpg\"><img decoding=\"async\" loading=\"lazy\" width=\"768\" height=\"1024\" data-id=\"437090\" src=\"https:\/\/cdn.newsbucovina.ro\/wp-content\/uploads\/2026\/04\/IMG-20260426-WA0016-768x1024.jpg\" alt class=\"wp-image-437090\"><\/a><\/figure>\n<\/figure>\n<p>Ac\u021biunea a vizat prevenirea absenteismului \u0219colar, combaterea infrac\u021biunilor stradale \u0219i a celor cu violen\u021b\u0103, precum \u0219i cre\u0219terea siguran\u021bei rutiere \u00een zon\u0103.<\/p>\n<p>La opera\u021biune au participat 17 poli\u021bi\u0219ti din cadrul Inspectoratului de Poli\u021bie al Jude\u021bului Suceava \u2013 6 de la Biroul Ordine Public\u0103, 5 de la Biroul Investiga\u021bii Criminale, 2 de la Compartimentul Rutier, 2 de la Sec\u021bia de Poli\u021bie Rural\u0103 Pojor\u00e2ta \u0219i 2 de la Sec\u021bia de Poli\u021bie Rural\u0103 Vama \u2013 al\u0103turi de 4 jandarmi din cadrul Deta\u0219amentului Nr. 7 C\u00e2mpulung Moldovenesc.<\/p>\n<p>Rezultatele ac\u021biunii:174 de persoane legitimate, dintre care 31 de elevi depista\u021bi absent\u00e2nd de la cursuri;10 persoane conduse la sediu pentru verific\u0103ri;38 de autovehicule controlate;18 societ\u0103\u021bi comerciale, persoane fizice autorizate \u0219i asocia\u021bii familiale verificate;16 sanc\u021biuni contraven\u021bionale aplicate, \u00een valoare total\u0103 de 13.665 lei, dup\u0103 cum urmeaz\u0103:14 amenzi la OUG 195\/2002 (cod rutier) \u2013 11.665 lei;1 amend\u0103 la OUG 32\/2008 \u2013 2.000 lei;1 amend\u0103 la HG 301\/2012;1 mandat de aducere executat;1 certificat de \u00eenmatriculare re\u021binut;1 permis de conducere re\u021binut;17 test\u0103ri cu alcoolscopul efectuate.<\/p>\n<p>Pe parcursul ac\u021biunii nu au fost constatate infrac\u021biuni \u00een zona de ac\u021biune, iar for\u021bele de ordine nu au intervenit la evenimente rutiere grave sau fapte antisociale.Ac\u021biunile de acest tip vor continua \u0219i \u00een perioada urm\u0103toare, Poli\u021bia \u0219i Jandarmeria urm\u0103rind s\u0103 men\u021bin\u0103 un climat de ordine \u0219i siguran\u021b\u0103 public\u0103 \u00een municipiul C\u00e2mpulung Moldovenesc.<\/p>\n<figure class=\"wp-block-embed is-type-video is-provider-youtube wp-block-embed-youtube wp-embed-aspect-16-9 wp-has-aspect-ratio\">\n<div class=\"wp-block-embed__wrapper\">\n<div class=\"youtube-embed\" data-video_id=\"WQLXcNbbIqs\"><iframe loading=\"lazy\" title=\"De la Furc\u0103 p\u00e2n\u0103 la Furculi\u021b\u0103 la cap\u0103t de Schengen - Familia care a pariat totul pe VITA rom\u00e2neasc\u0103\" width=\"696\" height=\"392\" src=\"https:\/\/www.youtube.com\/embed\/WQLXcNbbIqs?feature=oembed&amp;enablejsapi=1\" frameborder allow=\"accelerometer; autoplay; clipboard-write; encrypted-media; gyroscope; picture-in-picture; web-share\" referrerpolicy=\"strict-origin-when-cross-origin\" allowfullscreen><\/iframe><\/div>\n<\/div>\n<\/figure>\n<div class=\"td-a-rec td-a-rec-id-content_bottom  tdi_4 td_block_template_1\"><strong>Intr\u0103 acum \u0219i \u00een grupul de <\/p>\n<div class=\"wp-block-button\"><a class=\"wp-block-button__link wp-element-button\" href=\"https:\/\/t.me\/+TH8wcfnp8fw5NWI0\">Telegram News Bucovina<\/a><\/div>\n<p><\/strong><\/div>\n<\/div>\n<p>[analyse_source url=&#8221;https:\/\/www.newsbucovina.ro\/actualitate\/437084\/actiune-de-amploare-a-politiei-si-jandarmeriei-la-campulung-moldovenesc-31-de-elevi-depistati-absentand-de-la-cursuri&#8221;]<\/p>\n","protected":false},"excerpt":{"rendered":"<p>[analyse_image type=&#8221;featured&#8221; src=&#8221;https:\/\/www.newsbucovina.ro\/wp-content\/uploads\/2026\/04\/IMG-20260426-WA0012-1.jpghttps:\/\/cdn.newsbucovina.ro\/wp-content\/uploads\/2026\/04\/IMG-20260426-WA0012-1.jpg&#8221;] Intr\u0103 acum \u0219i \u00een grupul de Telegram News Bucovina Poli\u021bia municipiului C\u00e2mpulung Moldovenesc, \u00een colaborare cu Jandarmeria, a organizat vineri 24 aprilie 2026, o ac\u021biune preventiv\u0103 cu efective m\u0103rite pe raza municipiului, desf\u0103\u0219urat\u0103 \u00een dou\u0103 intervale orare: 11.00\u201313.00 \u0219i 20.00\u201323.00. Ac\u021biunea a vizat prevenirea absenteismului \u0219colar, combaterea infrac\u021biunilor stradale \u0219i a celor [&hellip;]<\/p>\n","protected":false},"author":1,"featured_media":0,"comment_status":"open","ping_status":"","sticky":false,"template":"","format":"standard","meta":{"footnotes":""},"categories":[89],"tags":[226,165],"class_list":["post-1904156","post","type-post","status-publish","format-standard","hentry","category-romania","tag-crawlmanager","tag-newsbucovina-ro"],"_links":{"self":[{"href":"https:\/\/analyse.optim.biz\/index.php?rest_route=\/wp\/v2\/posts\/1904156","targetHints":{"allow":["GET"]}}],"collection":[{"href":"https:\/\/analyse.optim.biz\/index.php?rest_route=\/wp\/v2\/posts"}],"about":[{"href":"https:\/\/analyse.optim.biz\/index.php?rest_route=\/wp\/v2\/types\/post"}],"author":[{"embeddable":true,"href":"https:\/\/analyse.optim.biz\/index.php?rest_route=\/wp\/v2\/users\/1"}],"replies":[{"embeddable":true,"href":"https:\/\/analyse.optim.biz\/index.php?rest_route=%2Fwp%2Fv2%2Fcomments&post=1904156"}],"version-history":[{"count":0,"href":"https:\/\/analyse.optim.biz\/index.php?rest_route=\/wp\/v2\/posts\/1904156\/revisions"}],"wp:attachment":[{"href":"https:\/\/analyse.optim.biz\/index.php?rest_route=%2Fwp%2Fv2%2Fmedia&parent=1904156"}],"wp:term":[{"taxonomy":"category","embeddable":true,"href":"https:\/\/analyse.optim.biz\/index.php?rest_route=%2Fwp%2Fv2%2Fcategories&post=1904156"},{"taxonomy":"post_tag","embeddable":true,"href":"https:\/\/analyse.optim.biz\/index.php?rest_route=%2Fwp%2Fv2%2Ftags&post=1904156"}],"curies":[{"name":"wp","href":"https:\/\/api.w.org\/{rel}","templated":true}]}}