{"id":190405,"date":"2014-12-15T14:00:49","date_gmt":"2014-12-15T11:00:49","guid":{"rendered":"https:\/\/analyse.optim.biz\/?p=190405"},"modified":"2014-12-15T14:00:49","modified_gmt":"2014-12-15T11:00:49","slug":"gssc-iohannis-cel-mai-apreciat-politician-din-romania","status":"publish","type":"post","link":"https:\/\/analyse.optim.biz\/?p=190405","title":{"rendered":"GSSC: Iohannis, cel mai apreciat politician din Rom\u00e2nia"},"content":{"rendered":"<div class=\"entry data-app-meta data-app-meta-article\" data-embed-base-url-canonical=\"https:\/\/www.digi24.ro\/embed\/stiri\/actualitate\/politica\/gssc-iohannis-cel-mai-apreciat-politician-din-romania-335253\">\n<p data-index=\"1\">Potrivit sondajului realizat de <strong>GSSC Avangarde<\/strong>, 68 la sut\u0103 dintre cei ches\u0163iona\u0163i spun c\u0103 alegerea lui Klaus Iohannis \u00een func\u0163ia de pre\u015fedinte este un lucru bun.<\/p>\n<p data-index=\"2\"><strong>Alegerea lui Klaus Iohannis \u00een func\u0163ia de pre\u015fedinte e un lucru bun?<\/strong><\/p>\n<p data-index=\"3\">Un lucru bun &#8211; 68%<\/p>\n<p data-index=\"4\">Un lucru r\u0103u &#8211; 11%<\/p>\n<p data-index=\"5\">Nici bun, nici r\u0103u &#8211; 13%<\/p>\n<p data-index=\"6\">Nu r\u0103spund &#8211; 8 %\u00a0<\/p>\n<p data-index=\"7\">87 la sut\u0103 dintre rom\u00e2ni cred c\u0103 noul pre\u015fedinte trebuie s\u0103 sus\u0163in\u0103 lupta \u00eempotriva corup\u0163iei.<\/p>\n<p data-index=\"8\"><strong>Klaus Iohannis trebuie s\u0103 sus\u0163in\u0103 activitatea DNA?<\/strong><\/p>\n<p data-index=\"9\">Da &#8211; 87%<\/p>\n<p data-index=\"10\">Nu &#8211; 6%<\/p>\n<p data-index=\"11\">Nu r\u0103spund &#8211; 7%<\/p>\n<p data-index=\"12\">De altfel, pre\u015fedintele ales este cel mai apreciat politician.<strong> 26 la sut\u0103 dintre rom\u00e2ni sus\u0163in c\u0103 au o p\u0103rere foarte bun\u0103<\/strong> despre Klaus Iohannis.<strong> Victor Ponta<\/strong> este pe locul doi &#8211; 13 la sut\u0103 dintre persoanele chestionate au o p\u0103rere bun\u0103 despre acesta. Pe locul trei se afl\u0103 pre\u015fedintele Senatului, <strong>C\u0103lin Popescu T\u0103riceanu<\/strong>, cu 9 procente. La polul opus, a celor despre care rom\u00e2nii au o <strong>p\u0103rere proast\u0103<\/strong>, se afl\u0103 <strong>Elena Udrea<\/strong>, cu 37 la sut\u0103, urmat\u0103 de <strong>Traian B\u0103sescu<\/strong> \u015fi <strong>Vasile Blaga<\/strong> cu 31 la sut\u0103.<\/p>\n<p data-index=\"13\">\u00cen ce prive\u015fte viitorul Guvernului, <strong>46 la sut\u0103 dintre rom\u00e2ni consider\u0103 c\u0103 Victor Ponta trebuie s\u0103 r\u0103m\u00e2n\u0103 \u00een fruntea Executivului, <\/strong>\u00een timp ce 39 de procente cred c\u0103 acesta ar trebui s\u0103 demisioneze.<\/p>\n<p data-index=\"14\"><strong>Victor Ponta ar trebui s\u0103 demisioneze din func\u0163ia de premier?<\/strong><\/p>\n<p data-index=\"15\">&#8211; Da &#8211; 39%<\/p>\n<p data-index=\"16\">&#8211; Nu &#8211; 46%<\/p>\n<p data-index=\"17\">&#8211; Nu r\u0103spund &#8211; 15%<\/p>\n<p data-index=\"18\">C\u00e2t prive\u015fte vinovatul pentru <strong>organizarea prost\u0103 a alegerilor \u00een diaspora,<\/strong> 31 la sut\u0103 dintre cei chestiona\u0163i \u00eel indic\u0103 pe premierul Victor Ponta. 17 la sut\u0103 dintre responden\u0163i cred c\u0103 vinovat este Biroul Electoral Central, iar 6 procente, Ministrul de Externe.<\/p>\n<p data-index=\"19\"><strong>Cine este vinovat de votul din diaspora din turul 2?<\/strong><\/p>\n<p data-index=\"20\">Premierul &#8211; 31%<\/p>\n<p data-index=\"21\">Biroul Electoral Central -17%<\/p>\n<p data-index=\"22\">Ministrul de Externe &#8211; 6%<\/p>\n<p data-index=\"23\">Opozi\u0163ia &#8211; 3%<\/p>\n<p data-index=\"24\">To\u0163i &#8211; 10%<\/p>\n<p data-index=\"25\">Altcineva &#8211; 8%<\/p>\n<p data-index=\"26\">Nu au fost probleme &#8211; 3%<\/p>\n<p data-index=\"27\">Nu \u015ftiu &#8211; 3%<\/p>\n<p data-index=\"28\">38 % dintre rom\u00e2nii consider\u0103 c\u0103 ar trebui organizate <strong>alegeri parlamentare anticipate<\/strong>, \u00een timp ce 46 la sut\u0103 sus\u0163in contrariul.<\/p>\n<p data-index=\"29\"><strong>A\u0163i fi de acord cu organizarea de alegeri parlamentare anticipate?<\/strong><\/p>\n<p data-index=\"30\">Da &#8211; 38%<\/p>\n<p data-index=\"31\">Nu- 46%<\/p>\n<p data-index=\"32\">Nu pot aprecia &#8211; 16%<\/p>\n<p data-index=\"33\">Tot la capitolul parlamentari, trei sferturi dintre rom\u00e2ni consider\u0103 c\u0103 ale\u015fii nu ar trebui s\u0103 aib\u0103 imunitate.<\/p>\n<p data-index=\"34\"><strong>Parlamentarii ar trebui s\u0103 aib\u0103 imunitate?\u00a0<\/strong><\/p>\n<p data-index=\"35\">&#8211; Da &#8211; 12%<\/p>\n<p data-index=\"36\">&#8211; Nu &#8211; 75%<\/p>\n<p data-index=\"37\">&#8211; Nu pot aprecia, nu pot r\u0103spunde &#8211; 13%<\/p>\n<p data-index=\"38\">Sondajul a fost efectuat \u00een perioada 6 &#8211; 12 decembrie, pe un e\u015fantion de 850 de persoane, fiind realizat prin interviu la domiciului respondentului. Eroarea este de plus\/ minus 3,36 la sut\u0103.<\/p>\n<\/div>\n<p> Source URL: https:\/\/www.digi24.ro\/stiri\/actualitate\/politica\/gssc-iohannis-cel-mai-apreciat-politician-din-romania-335253<\/p>\n","protected":false},"excerpt":{"rendered":"<p>Potrivit sondajului realizat de GSSC Avangarde, 68 la sut\u0103 dintre cei ches\u0163iona\u0163i spun c\u0103 alegerea lui Klaus Iohannis \u00een func\u0163ia de pre\u015fedinte este un lucru bun. Alegerea lui Klaus Iohannis \u00een func\u0163ia de pre\u015fedinte e un lucru bun? Un lucru bun &#8211; 68% Un lucru r\u0103u &#8211; 11% Nici bun, nici r\u0103u &#8211; 13% Nu [&hellip;]<\/p>\n","protected":false},"author":1,"featured_media":190406,"comment_status":"open","ping_status":"","sticky":false,"template":"","format":"standard","meta":{"footnotes":""},"categories":[2],"tags":[11],"class_list":["post-190405","post","type-post","status-publish","format-standard","has-post-thumbnail","hentry","category-politics","tag-digi24"],"_links":{"self":[{"href":"https:\/\/analyse.optim.biz\/index.php?rest_route=\/wp\/v2\/posts\/190405","targetHints":{"allow":["GET"]}}],"collection":[{"href":"https:\/\/analyse.optim.biz\/index.php?rest_route=\/wp\/v2\/posts"}],"about":[{"href":"https:\/\/analyse.optim.biz\/index.php?rest_route=\/wp\/v2\/types\/post"}],"author":[{"embeddable":true,"href":"https:\/\/analyse.optim.biz\/index.php?rest_route=\/wp\/v2\/users\/1"}],"replies":[{"embeddable":true,"href":"https:\/\/analyse.optim.biz\/index.php?rest_route=%2Fwp%2Fv2%2Fcomments&post=190405"}],"version-history":[{"count":0,"href":"https:\/\/analyse.optim.biz\/index.php?rest_route=\/wp\/v2\/posts\/190405\/revisions"}],"wp:featuredmedia":[{"embeddable":true,"href":"https:\/\/analyse.optim.biz\/index.php?rest_route=\/wp\/v2\/media\/190406"}],"wp:attachment":[{"href":"https:\/\/analyse.optim.biz\/index.php?rest_route=%2Fwp%2Fv2%2Fmedia&parent=190405"}],"wp:term":[{"taxonomy":"category","embeddable":true,"href":"https:\/\/analyse.optim.biz\/index.php?rest_route=%2Fwp%2Fv2%2Fcategories&post=190405"},{"taxonomy":"post_tag","embeddable":true,"href":"https:\/\/analyse.optim.biz\/index.php?rest_route=%2Fwp%2Fv2%2Ftags&post=190405"}],"curies":[{"name":"wp","href":"https:\/\/api.w.org\/{rel}","templated":true}]}}