{"id":190402,"date":"2014-12-15T14:56:09","date_gmt":"2014-12-15T11:56:09","guid":{"rendered":"https:\/\/analyse.optim.biz\/?p=190402"},"modified":"2014-12-15T14:56:09","modified_gmt":"2014-12-15T11:56:09","slug":"cearta-intre-cristina-pocora-si-laurentiu-florian-coca-la-audierile-pentru-avizarea-lui-liviu-pop-pentru-portofoliul-dialogului-social","status":"publish","type":"post","link":"https:\/\/analyse.optim.biz\/?p=190402","title":{"rendered":"Ceart\u0103 \u00eentre Cristina Pocora \u015fi Lauren\u0163iu Florian Coca, la audierile pentru avizarea lui Liviu Pop pentru portofoliul Dialogului Social"},"content":{"rendered":"<div class=\"entry data-app-meta data-app-meta-article\" data-embed-base-url-canonical=\"https:\/\/www.digi24.ro\/embed\/stiri\/actualitate\/politica\/cearta-intre-cristina-pocora-si-laurentiu-florian-coca-la-audierile-pentru-avizarea-lui-liviu-pop-pentru-portofoliul-dialogului-social-335307\">\n<p data-index=\"1\">\u00a0<img decoding=\"async\" src=\"https:\/\/analyse.optim.biz\/wp-content\/uploads\/2024\/09\/otyxmjexzjyyntm3zjewzdywythmzdjmm2u-thumb_.jpg\" data-skip-htmlfix=\"1\" title=\"otyxmjexzjyyntm3zjewzdywythmzdjmm2u-thumb_\"><\/p>\n<p data-index=\"2\"><strong>Cristina Pocora<\/strong> a explicat c\u0103 liberalii au votat \u00eempotriv\u0103, deoarece Liviu Pop are &#8220;un mandat pur politic&#8221;, scrie Mediafax.<\/p>\n<p data-index=\"3\">&#8220;La dumneavoastr\u0103, doamna Pocora, s-a terminat cerneala c\u00e2nd s\u0103 v\u0103 numeasc\u0103 (&#8230;) S\u0103 l\u0103sa\u0163i colegii domnului ministru de la Senat, pentru c\u0103 d\u00e2n\u015fii \u015ftiu mult mai mult despre activitatea d\u00e2nsului&#8221;, a spus Coca, nemul\u0163umit de \u00eentreb\u0103rile Cristinei Pocora \u015fi ale Claudiei Boghicevici.<\/p>\n<p data-index=\"4\">&#8220;S\u0103 v\u0103 fie ru\u015fine, stimate coleg, c\u0103 ave\u0163i o asemenea abordare fa\u0163\u0103 de colegi. Asta arat\u0103 abordarea <strong>PSD<\/strong>, v\u0103d c\u0103 n-a\u0163i sc\u0103pat de vechile metehne. S\u0103 v\u0103 fie ru\u015fine&#8221;, a replicat Pocora, care l-a f\u0103cut &#8220;nesim\u0163it&#8221; pe Lauren\u0163iu Florian Coca.<\/p>\n<p data-index=\"5\">&#8220;Auzi\u0163i, oare cine vorbe\u015fte ur\u00e2t acum? (&#8230;) Vede\u0163i c\u0103 jigni\u0163i de data asta&#8221;, i-a repro\u015fat senatorul PSD.<\/p>\n<p data-index=\"6\">&#8220;V-am catalogat comportamentul d<span>umneavoastr\u0103<\/span> (&#8230;) Stimate coleg, a\u0163i venit aici la <strong>audierea unui ministru<\/strong>, nu s\u0103 face\u0163i aprecieri despre \u00eentreb\u0103rile noastre. Nu e calitatea d<span>umneavoastr\u0103<\/span> s\u0103 aprecia\u0163i presta\u0163ia noastr\u0103 \u00een aceast\u0103 comisie&#8221;, i-a repro\u015fat Pocora.<\/p>\n<p data-index=\"7\">&#8220;V-a\u0163i enervat r\u0103u de tot \u015fi nu \u015ftiu de ce. Din cauza cernelii?&#8221;, a spus Coca.<\/p>\n<p data-index=\"8\"><strong>Senatorul PSD Liviu Pop, avizat pozitiv, luni, \u00een comisiile reunite de Munc\u0103 \u015fi Egalitate de \u015eanse<\/strong>, i-a invitat pe parlamentari s\u0103 voteze bugetul pentru Dialog Social, preciz\u00e2nd c\u0103 va propune un amendament pentru m\u0103rirea bugetului pentru mediere.<\/p>\n<p data-index=\"9\">Liviu Pop <span>a<\/span> primit, luni, aviz pozitiv pentru <strong>portofoliul Dialogului Social<\/strong> din partea comisiilor reunite de Munc\u0103 \u015fi pentru Egalitatea de \u015eanse, cu 21 de voturi &#8220;pentru&#8221; \u015fi 7 &#8220;\u00eempotriv\u0103&#8221; din partea liberalilor.<\/p>\n<\/div>\n<p> Source URL: https:\/\/www.digi24.ro\/stiri\/actualitate\/politica\/cearta-intre-cristina-pocora-si-laurentiu-florian-coca-la-audierile-pentru-avizarea-lui-liviu-pop-pentru-portofoliul-dialogului-social-335307<\/p>\n","protected":false},"excerpt":{"rendered":"<p>\u00a0 Cristina Pocora a explicat c\u0103 liberalii au votat \u00eempotriv\u0103, deoarece Liviu Pop are &#8220;un mandat pur politic&#8221;, scrie Mediafax. &#8220;La dumneavoastr\u0103, doamna Pocora, s-a terminat cerneala c\u00e2nd s\u0103 v\u0103 numeasc\u0103 (&#8230;) S\u0103 l\u0103sa\u0163i colegii domnului ministru de la Senat, pentru c\u0103 d\u00e2n\u015fii \u015ftiu mult mai mult despre activitatea d\u00e2nsului&#8221;, a spus Coca, nemul\u0163umit de [&hellip;]<\/p>\n","protected":false},"author":1,"featured_media":190403,"comment_status":"open","ping_status":"","sticky":false,"template":"","format":"standard","meta":{"footnotes":""},"categories":[2],"tags":[11],"class_list":["post-190402","post","type-post","status-publish","format-standard","has-post-thumbnail","hentry","category-politics","tag-digi24"],"_links":{"self":[{"href":"https:\/\/analyse.optim.biz\/index.php?rest_route=\/wp\/v2\/posts\/190402","targetHints":{"allow":["GET"]}}],"collection":[{"href":"https:\/\/analyse.optim.biz\/index.php?rest_route=\/wp\/v2\/posts"}],"about":[{"href":"https:\/\/analyse.optim.biz\/index.php?rest_route=\/wp\/v2\/types\/post"}],"author":[{"embeddable":true,"href":"https:\/\/analyse.optim.biz\/index.php?rest_route=\/wp\/v2\/users\/1"}],"replies":[{"embeddable":true,"href":"https:\/\/analyse.optim.biz\/index.php?rest_route=%2Fwp%2Fv2%2Fcomments&post=190402"}],"version-history":[{"count":0,"href":"https:\/\/analyse.optim.biz\/index.php?rest_route=\/wp\/v2\/posts\/190402\/revisions"}],"wp:featuredmedia":[{"embeddable":true,"href":"https:\/\/analyse.optim.biz\/index.php?rest_route=\/wp\/v2\/media\/190403"}],"wp:attachment":[{"href":"https:\/\/analyse.optim.biz\/index.php?rest_route=%2Fwp%2Fv2%2Fmedia&parent=190402"}],"wp:term":[{"taxonomy":"category","embeddable":true,"href":"https:\/\/analyse.optim.biz\/index.php?rest_route=%2Fwp%2Fv2%2Fcategories&post=190402"},{"taxonomy":"post_tag","embeddable":true,"href":"https:\/\/analyse.optim.biz\/index.php?rest_route=%2Fwp%2Fv2%2Ftags&post=190402"}],"curies":[{"name":"wp","href":"https:\/\/api.w.org\/{rel}","templated":true}]}}