{"id":1903953,"date":"2026-04-26T15:39:22","date_gmt":"2026-04-26T12:39:22","guid":{"rendered":"https:\/\/analyse.optim.biz\/?p=1903953"},"modified":"2026-04-26T15:39:22","modified_gmt":"2026-04-26T12:39:22","slug":"furtuna-puternica-in-moldova-acoperis-smuls-la-husi-ce-se-stie-despre-victime-si-pagube","status":"publish","type":"post","link":"https:\/\/analyse.optim.biz\/?p=1903953","title":{"rendered":"Furtun\u0103 puternic\u0103 \u00een Moldova: acoperi\u0219 smuls la Hu\u0219i; ce se \u0219tie despre victime \u0219i pagube"},"content":{"rendered":"<p>[analyse_image type=&#8221;featured&#8221; src=&#8221;https:\/\/news-vaslui.ro\/wp-content\/uploads\/2026\/04\/featured-image-1777217957901.jpg&#8221;]<\/p>\n<div class=\"tdb-block-inner td-fix-index\"><a class=\"tdb-logo-a\" href=\"https:\/\/news-vaslui.ro\/\" title=\"logo\"><span class=\"tdb-logo-img-wrap\"><img decoding=\"async\" class=\"tdb-logo-img td-retina-data\" data-retina=\"https:\/\/news-vaslui.ro\/wp-content\/uploads\/2025\/12\/FACT-CHECKED-NEWS-VASLUI-2-300x85.png\" src=\"https:\/\/news-vaslui.ro\/wp-content\/uploads\/2025\/12\/FACT-CHECKED-NEWS-VASLUI-2-300x85.png\" alt=\"logo\" title=\"logo\"><\/span><\/a><\/div>\n<div class=\"tdb-block-inner td-fix-index\"><a class=\"tdb-logo-a\" href=\"https:\/\/news-vaslui.ro\/\" title=\"logo\"><span class=\"tdb-logo-img-wrap\"><img decoding=\"async\" class=\"tdb-logo-img td-retina-data\" data-retina=\"https:\/\/news-vaslui.ro\/wp-content\/uploads\/2025\/12\/FACT-CHECKED-NEWS-VASLUI-2-300x85.png\" src=\"https:\/\/news-vaslui.ro\/wp-content\/uploads\/2025\/12\/FACT-CHECKED-NEWS-VASLUI-2-300x85.png\" alt=\"logo\" title=\"logo\"><\/span><\/a><\/div>\n<div class=\"tdb-block-inner td-fix-index\"><a class=\"tdb-logo-a\" href=\"https:\/\/news-vaslui.ro\/\" title=\"logo\"><span class=\"tdb-logo-img-wrap\"><img decoding=\"async\" class=\"tdb-logo-img td-retina-data\" data-retina=\"https:\/\/news-vaslui.ro\/wp-content\/uploads\/2025\/12\/FACT-CHECKED-NEWS-VASLUI-2-300x85.png\" src=\"https:\/\/news-vaslui.ro\/wp-content\/uploads\/2025\/12\/FACT-CHECKED-NEWS-VASLUI-2-300x85.png\" alt=\"logo\" title=\"logo\"><\/span><\/a><\/div>\n<div class=\"tdb-block-inner td-fix-index\">\n<div class=\"tdb-head-date-txt\">duminic\u0103, aprilie 26, 2026<\/div>\n<\/div>\n<div class=\"tdb-block-inner td-fix-index\">\n<div class=\"tdb-weather-deg-wrap\" data-block-uid=\"tdb_header_weather_uid\"><span class=\"tdb-weather-deg\">9.1<\/span><span class=\"tdb-weather-unit\">C<\/span><\/div>\n<div class=\"tdb-weather-city\">Vaslui<\/div>\n<\/div>\n<div class=\"tdb-block-inner td-fix-index\">\n<div class=\"tdb-drop-down-search\" aria-labelledby=\"td-header-search-button\">\n<div class=\"tdb-drop-down-search-inner\">\n<div class=\"tdb-search-form-inner\">\n<div class=\"tdb-head-search-placeholder\">type here&#8230;<\/div>\n<\/div>\n<\/div>\n<\/div>\n<\/div>\n<div class=\"tdb-block-inner td-fix-index\"><a class=\"tdb-logo-a\" href=\"https:\/\/news-vaslui.ro\/\" title=\"logo\"><span class=\"tdb-logo-img-wrap\"><img decoding=\"async\" class=\"tdb-logo-img td-retina-data\" data-retina=\"https:\/\/news-vaslui.ro\/wp-content\/uploads\/2025\/12\/FACT-CHECKED-NEWS-VASLUI-2-300x85.png\" src=\"https:\/\/news-vaslui.ro\/wp-content\/uploads\/2025\/12\/FACT-CHECKED-NEWS-VASLUI-2-300x85.png\" alt=\"Vaslui News\" title=\"logo\"><\/span><\/a><\/div>\n<div class=\"tdb-block-inner td-fix-index\"><img loading=\"lazy\" decoding=\"async\" width=\"1068\" height=\"712\" class=\"entry-thumb\" src=\"https:\/\/news-vaslui.ro\/wp-content\/uploads\/2026\/04\/featured-image-1777217957901-1068x712.jpg\" alt title=\"Featured Image\"><\/div>\n<div class=\"tdb-block-inner td-fix-index\"><span class=\"reading-time-number\">1<\/span><span class=\"tdb-minute-text\"> min.<\/span><span class=\"tdb-add-text\">Read<\/span><\/div>\n<div class=\"tdb-block-inner td-fix-index\">\n<h1 class=\"tdb-title-text\">Furtun\u0103 puternic\u0103 \u00een Moldova: acoperi\u0219 smuls la Hu\u0219i; ce se \u0219tie despre victime \u0219i pagube<\/h1>\n<\/div>\n<div class=\"tdb-block-inner td-fix-index\"><a class=\"tdb-author-photo\" href=\"https:\/\/news-vaslui.ro\/author\/vasluidev\/\" title=\"News Vaslui\"><img decoding=\"async\" alt=\"News Vaslui\" src=\"https:\/\/secure.gravatar.com\/avatar\/7cd75f71af07ac3deeb6cda7fa3e40e8f10cbbf011f111ff652b3ec2cc663f22?s=96&amp;d=mm&amp;r=g\" class=\"avatar avatar-96 photo\" height=\"96\" width=\"96\" loading=\"lazy\"><\/a><\/p>\n<div class=\"tdb-author-name-wrap\"><span class=\"tdb-author-by\">By<\/span><a class=\"tdb-author-name\" href=\"https:\/\/news-vaslui.ro\/author\/vasluidev\/\">News Vaslui<\/a><\/div>\n<\/div>\n<div class=\"tdb-block-inner td-fix-index\"><time class=\"entry-date updated td-module-date\" datetime=\"2026-04-26T15:39:22+00:00\">26 aprilie 2026<\/time><\/div>\n<div class=\"td_block_wrap tdb_single_content tdi_103 td-pb-border-top td_block_template_1 td-post-content tagdiv-type\" data-td-block-uid=\"tdi_103\">\n<div class=\"tdb-block-inner td-fix-index\">\n<div class=\"post-sources-section\">\n<h3>Surse<\/h3>\n<div class=\"sources-list\"><a href=\"https:\/\/www.vremeanoua.ro\/furtuna-violenta-in-moldova-acoperisuri-smulse-de-vant-la-iasi-circulatie-intrerupta-in-botosani\" target=\"_blank\" rel=\"noopener\" class=\"source-item\"><\/p>\n<div class=\"source-thumb\"><img decoding=\"async\" src=\"https:\/\/news-vaslui.ro\/wp-content\/uploads\/2025\/12\/vremeanoua.png\" alt=\"Furtun\u0103 violent\u0103 \u00een Moldova. Acoperi\u0219uri smulse de v\u00e2nt la Ia\u0219i, circula\u021bie \u00eentrerupt\u0103...\" class=\"td-animation-stack-type0-2\"><\/div>\n<div class=\"source-info\"><span class=\"source-publication\">Vremea Noua<\/span><span class=\"source-title\">Furtun\u0103 violent\u0103 \u00een Moldova. Acoperi\u0219uri smulse de v\u00e2nt la Ia\u0219i, circula\u021bie \u00eentrerupt\u0103&#8230;<\/span><\/p>\n<p class=\"source-date\">26\/04\/2026<\/p>\n<\/div>\n<p><\/a><a href=\"https:\/\/www.vremeanoua.ro\/vantul-face-ravagii-la-husi-bucati-dintr-un-acoperis-smulse-de-rafale-au-cazut-peste-o-persoana-victima-este-in-stop-cardio-respirator\" target=\"_blank\" rel=\"noopener\" class=\"source-item\"><\/p>\n<div class=\"source-thumb\"><img decoding=\"async\" src=\"https:\/\/news-vaslui.ro\/wp-content\/uploads\/2025\/12\/vremeanoua.png\" alt=\"V\u00e2ntul face ravagii la Hu\u0219i. Buc\u0103\u021bi dintr-un acoperi\u0219, smulse de rafale, au...\" class=\"td-animation-stack-type0-2\"><\/div>\n<div class=\"source-info\"><span class=\"source-publication\">Vremea Noua<\/span><span class=\"source-title\">V\u00e2ntul face ravagii la Hu\u0219i. Buc\u0103\u021bi dintr-un acoperi\u0219, smulse de rafale, au&#8230;<\/span><\/p>\n<p class=\"source-date\">26\/04\/2026<\/p>\n<\/div>\n<p><\/a><a href=\"https:\/\/stiriest.ro\/2026\/04\/26\/barbat-omorat-de-un-acoperis-smuls-de-vant-copac-prabusit-peste-morminte-in-cimitir\" target=\"_blank\" rel=\"noopener\" class=\"source-item\"><\/p>\n<div class=\"source-thumb\"><img decoding=\"async\" src=\"https:\/\/news-vaslui.ro\/wp-content\/uploads\/2025\/12\/stiriest.png\" alt=\"B\u0103rbat omor\u00e2t de un acoperi\u0219 smuls de v\u00e2nt, copac pr\u0103bu\u0219it peste morminte...\" class=\"td-animation-stack-type0-2\"><\/div>\n<div class=\"source-info\"><span class=\"source-publication\">Stiri Est<\/span><span class=\"source-title\">B\u0103rbat omor\u00e2t de un acoperi\u0219 smuls de v\u00e2nt, copac pr\u0103bu\u0219it peste morminte&#8230;<\/span><\/p>\n<p class=\"source-date\">26\/04\/2026<\/p>\n<\/div>\n<p><\/a><a href=\"https:\/\/bzv.ro\/acoperis-smuls-de-vant-in-husi-o-persoana-in-varsta-in-stare-critica-salvata-de-doi-salvatori-aflati-in-timpul-liber-foto\" target=\"_blank\" rel=\"noopener\" class=\"source-item\"><\/p>\n<div class=\"source-thumb\"><img decoding=\"async\" src=\"https:\/\/news-vaslui.ro\/wp-content\/uploads\/2025\/12\/bzv.png\" alt=\"Acoperi\u0219 smuls de v\u00e2nt \u00een Hu\u0219i: o persoan\u0103 \u00een v\u00e2rst\u0103, \u00een stare...\" class=\"td-animation-stack-type0-2\"><\/div>\n<div class=\"source-info\"><span class=\"source-publication\">bzv.ro<\/span><span class=\"source-title\">Acoperi\u0219 smuls de v\u00e2nt \u00een Hu\u0219i: o persoan\u0103 \u00een v\u00e2rst\u0103, \u00een stare&#8230;<\/span><\/p>\n<p class=\"source-date\">26\/04\/2026<\/p>\n<\/div>\n<p><\/a><a href=\"https:\/\/www.monitoruldevaslui.ro\/2026\/04\/vantul-puternic-a-facut-o-victima-la-husi-acoperis-cazut-peste-o-persoana-ramasa-inconstienta-in-stop-cardio-respirator\" target=\"_blank\" rel=\"noopener\" class=\"source-item\"><\/p>\n<div class=\"source-thumb\"><img decoding=\"async\" src=\"https:\/\/news-vaslui.ro\/wp-content\/uploads\/2025\/12\/monitoruldevaslui.png\" alt=\"V\u00e2ntul puternic a f\u0103cut o victim\u0103 la Hu\u0219i: Acoperi\u0219 c\u0103zut peste o...\" class=\"td-animation-stack-type0-2\"><\/div>\n<div class=\"source-info\"><span class=\"source-publication\">Monitorul de Vaslui<\/span><span class=\"source-title\">V\u00e2ntul puternic a f\u0103cut o victim\u0103 la Hu\u0219i: Acoperi\u0219 c\u0103zut peste o&#8230;<\/span><\/p>\n<p class=\"source-date\">26\/04\/2026<\/p>\n<\/div>\n<p><\/a><\/div>\n<\/div>\n<p>O furtun\u0103 puternic\u0103 a lovit Moldova, iar jude\u021bul Vaslui a fost printre zonele afectate \u00een aceast\u0103 dup\u0103-amiaz\u0103 cu avertizare de cod portocaliu pentru v\u00e2nt. \u00cen Hu\u0219i, cartierul Stadion a fost zguduit de rafale violente: un acoperi\u0219 s-a desprins, iar buc\u0103\u021bi de material au fost arcuate \u00eentre imobile, rup\u00e2nd \u0219i infrastructura stradal\u0103.<\/p>\n<p>Potrivit ISU Vaslui, aproximativ 150 metri p\u0103tra\u021bi de acoperi\u0219 au fost disloca\u021bi, iar la fa\u021ba locului au intervenit o autospecial\u0103 de stingere \u0219i un echipaj de prim-ajutor din cadrul Sec\u021biei de Pompieri Hu\u0219i, \u00een cooperare cu Ambulanta. O persoan\u0103 a fost surprins\u0103 sub resturi, fiind g\u0103sit\u0103 incon\u0219tient\u0103 \u0219i \u00een stop cardio-respirator; echipele medicale au efectuat manevre de resuscitare.<\/p>\n<p>Stadionul a fost scena unei interven\u021bii \u00een dinamic\u0103, cu 8 militari implica\u021bi \u0219i sprijin de la echipajul SMU. \u00cen Hu\u0219i \u0219i \u00een zonele \u00eenvecinate s-au \u00eenregistrat \u0219i pagube materiale semnificative, inclusiv avarii la ma\u0219ini.<\/p>\n<p>\u00cen jude\u021bul Vaslui, \u00een afara Hu\u0219i, rafalele au dobor\u00e2t copaci, iar \u00een suburbia Bahnari un arbore a c\u0103zut peste morminte, provoc\u00e2nd pagube \u00een cimitir. \u00cen timp ce multe localit\u0103\u021bi din Moldova au r\u0103mas sub avertizarea meteorologic\u0103, autorit\u0103\u021bile \u00eendemn\u0103 popula\u021bia s\u0103 r\u0103m\u00e2n\u0103 \u00een locuin\u021be \u0219i s\u0103 evite deplas\u0103rile.<\/p>\n<p>Unele publica\u021bii au indicat decesul victimei, \u00eens\u0103 autorit\u0103\u021bile nu au confirmat oficial acest deznod\u0103m\u00e2nt la momentul redact\u0103rii, iar situa\u021bia r\u0103m\u00e2ne \u00een aten\u021bia echipelor de interven\u021bie. Vom reveni cu detalii pe m\u0103sur\u0103 ce informa\u021biile oficiale se vor actualiza.<\/p>\n<\/div>\n<\/div>\n<div class=\"tdb-block-inner td-fix-index\">\n<div class=\"post-sources-section\">\n<h3>Surse<\/h3>\n<div class=\"sources-list\"><a href=\"https:\/\/www.vremeanoua.ro\/furtuna-violenta-in-moldova-acoperisuri-smulse-de-vant-la-iasi-circulatie-intrerupta-in-botosani\" target=\"_blank\" rel=\"noopener\" class=\"source-item\"><\/p>\n<div class=\"source-thumb\"><img decoding=\"async\" src=\"https:\/\/news-vaslui.ro\/wp-content\/uploads\/2025\/12\/vremeanoua.png\" alt=\"Furtun\u0103 violent\u0103 \u00een Moldova. Acoperi\u0219uri smulse de v\u00e2nt la Ia\u0219i, circula\u021bie \u00eentrerupt\u0103...\" class=\"td-animation-stack-type0-2\"><\/div>\n<div class=\"source-info\"><span class=\"source-publication\">Vremea Noua<\/span><span class=\"source-title\">Furtun\u0103 violent\u0103 \u00een Moldova. Acoperi\u0219uri smulse de v\u00e2nt la Ia\u0219i, circula\u021bie \u00eentrerupt\u0103&#8230;<\/span><\/p>\n<p class=\"source-date\">26\/04\/2026<\/p>\n<\/div>\n<p><\/a><a href=\"https:\/\/www.vremeanoua.ro\/vantul-face-ravagii-la-husi-bucati-dintr-un-acoperis-smulse-de-rafale-au-cazut-peste-o-persoana-victima-este-in-stop-cardio-respirator\" target=\"_blank\" rel=\"noopener\" class=\"source-item\"><\/p>\n<div class=\"source-thumb\"><img decoding=\"async\" src=\"https:\/\/news-vaslui.ro\/wp-content\/uploads\/2025\/12\/vremeanoua.png\" alt=\"V\u00e2ntul face ravagii la Hu\u0219i. Buc\u0103\u021bi dintr-un acoperi\u0219, smulse de rafale, au...\" class=\"td-animation-stack-type0-2\"><\/div>\n<div class=\"source-info\"><span class=\"source-publication\">Vremea Noua<\/span><span class=\"source-title\">V\u00e2ntul face ravagii la Hu\u0219i. Buc\u0103\u021bi dintr-un acoperi\u0219, smulse de rafale, au&#8230;<\/span><\/p>\n<p class=\"source-date\">26\/04\/2026<\/p>\n<\/div>\n<p><\/a><a href=\"https:\/\/stiriest.ro\/2026\/04\/26\/barbat-omorat-de-un-acoperis-smuls-de-vant-copac-prabusit-peste-morminte-in-cimitir\" target=\"_blank\" rel=\"noopener\" class=\"source-item\"><\/p>\n<div class=\"source-thumb\"><img decoding=\"async\" src=\"https:\/\/news-vaslui.ro\/wp-content\/uploads\/2025\/12\/stiriest.png\" alt=\"B\u0103rbat omor\u00e2t de un acoperi\u0219 smuls de v\u00e2nt, copac pr\u0103bu\u0219it peste morminte...\" class=\"td-animation-stack-type0-2\"><\/div>\n<div class=\"source-info\"><span class=\"source-publication\">Stiri Est<\/span><span class=\"source-title\">B\u0103rbat omor\u00e2t de un acoperi\u0219 smuls de v\u00e2nt, copac pr\u0103bu\u0219it peste morminte&#8230;<\/span><\/p>\n<p class=\"source-date\">26\/04\/2026<\/p>\n<\/div>\n<p><\/a><a href=\"https:\/\/bzv.ro\/acoperis-smuls-de-vant-in-husi-o-persoana-in-varsta-in-stare-critica-salvata-de-doi-salvatori-aflati-in-timpul-liber-foto\" target=\"_blank\" rel=\"noopener\" class=\"source-item\"><\/p>\n<div class=\"source-thumb\"><img decoding=\"async\" src=\"https:\/\/news-vaslui.ro\/wp-content\/uploads\/2025\/12\/bzv.png\" alt=\"Acoperi\u0219 smuls de v\u00e2nt \u00een Hu\u0219i: o persoan\u0103 \u00een v\u00e2rst\u0103, \u00een stare...\" class=\"td-animation-stack-type0-2\"><\/div>\n<div class=\"source-info\"><span class=\"source-publication\">bzv.ro<\/span><span class=\"source-title\">Acoperi\u0219 smuls de v\u00e2nt \u00een Hu\u0219i: o persoan\u0103 \u00een v\u00e2rst\u0103, \u00een stare&#8230;<\/span><\/p>\n<p class=\"source-date\">26\/04\/2026<\/p>\n<\/div>\n<p><\/a><a href=\"https:\/\/www.monitoruldevaslui.ro\/2026\/04\/vantul-puternic-a-facut-o-victima-la-husi-acoperis-cazut-peste-o-persoana-ramasa-inconstienta-in-stop-cardio-respirator\" target=\"_blank\" rel=\"noopener\" class=\"source-item\"><\/p>\n<div class=\"source-thumb\"><img decoding=\"async\" src=\"https:\/\/news-vaslui.ro\/wp-content\/uploads\/2025\/12\/monitoruldevaslui.png\" alt=\"V\u00e2ntul puternic a f\u0103cut o victim\u0103 la Hu\u0219i: Acoperi\u0219 c\u0103zut peste o...\" class=\"td-animation-stack-type0-2\"><\/div>\n<div class=\"source-info\"><span class=\"source-publication\">Monitorul de Vaslui<\/span><span class=\"source-title\">V\u00e2ntul puternic a f\u0103cut o victim\u0103 la Hu\u0219i: Acoperi\u0219 c\u0103zut peste o&#8230;<\/span><\/p>\n<p class=\"source-date\">26\/04\/2026<\/p>\n<\/div>\n<p><\/a><\/div>\n<\/div>\n<p>O furtun\u0103 puternic\u0103 a lovit Moldova, iar jude\u021bul Vaslui a fost printre zonele afectate \u00een aceast\u0103 dup\u0103-amiaz\u0103 cu avertizare de cod portocaliu pentru v\u00e2nt. \u00cen Hu\u0219i, cartierul Stadion a fost zguduit de rafale violente: un acoperi\u0219 s-a desprins, iar buc\u0103\u021bi de material au fost arcuate \u00eentre imobile, rup\u00e2nd \u0219i infrastructura stradal\u0103.<\/p>\n<p>Potrivit ISU Vaslui, aproximativ 150 metri p\u0103tra\u021bi de acoperi\u0219 au fost disloca\u021bi, iar la fa\u021ba locului au intervenit o autospecial\u0103 de stingere \u0219i un echipaj de prim-ajutor din cadrul Sec\u021biei de Pompieri Hu\u0219i, \u00een cooperare cu Ambulanta. O persoan\u0103 a fost surprins\u0103 sub resturi, fiind g\u0103sit\u0103 incon\u0219tient\u0103 \u0219i \u00een stop cardio-respirator; echipele medicale au efectuat manevre de resuscitare.<\/p>\n<p>Stadionul a fost scena unei interven\u021bii \u00een dinamic\u0103, cu 8 militari implica\u021bi \u0219i sprijin de la echipajul SMU. \u00cen Hu\u0219i \u0219i \u00een zonele \u00eenvecinate s-au \u00eenregistrat \u0219i pagube materiale semnificative, inclusiv avarii la ma\u0219ini.<\/p>\n<p>\u00cen jude\u021bul Vaslui, \u00een afara Hu\u0219i, rafalele au dobor\u00e2t copaci, iar \u00een suburbia Bahnari un arbore a c\u0103zut peste morminte, provoc\u00e2nd pagube \u00een cimitir. \u00cen timp ce multe localit\u0103\u021bi din Moldova au r\u0103mas sub avertizarea meteorologic\u0103, autorit\u0103\u021bile \u00eendemn\u0103 popula\u021bia s\u0103 r\u0103m\u00e2n\u0103 \u00een locuin\u021be \u0219i s\u0103 evite deplas\u0103rile.<\/p>\n<p>Unele publica\u021bii au indicat decesul victimei, \u00eens\u0103 autorit\u0103\u021bile nu au confirmat oficial acest deznod\u0103m\u00e2nt la momentul redact\u0103rii, iar situa\u021bia r\u0103m\u00e2ne \u00een aten\u021bia echipelor de interven\u021bie. Vom reveni cu detalii pe m\u0103sur\u0103 ce informa\u021biile oficiale se vor actualiza.<\/p>\n<\/div>\n<div class=\"tdb-block-inner td-fix-index\">\n<div class=\"tdb-next-post tdb-next-post-bg tdb-post-prev\"><span>Articolul precedent<\/span><\/p>\n<div class=\"td-module-container\">\n<div class=\"td-image-container\"><a class=\"td-image-wrap\" href=\"https:\/\/news-vaslui.ro\/pericol-de-explozie-in-rucar-100-de-persoane-evacuate-dupa-avarierea-unei-conducte-magistrale-de-gaze\/\"><img decoding=\"async\" class=\"td-next-prev-image td-fix-index\" src=\"https:\/\/news-vaslui.ro\/wp-content\/uploads\/2026\/04\/featured-image-1777131459910-1068x712.jpg\"><\/a><\/div>\n<div class=\"next-prev-title\"><a href=\"https:\/\/news-vaslui.ro\/pericol-de-explozie-in-rucar-100-de-persoane-evacuate-dupa-avarierea-unei-conducte-magistrale-de-gaze\/\">Pericol de explozie \u00een Ruc\u0103r: 100 de persoane evacuate dup\u0103 avarierea unei conducte magistrale de gaze<\/a><\/div>\n<\/div>\n<\/div>\n<div class=\"tdb-next-post tdb-next-post-bg tdb-post-next\"><span>Articolul urm\u0103tor<\/span><\/p>\n<div class=\"td-module-container\">\n<div class=\"td-image-container\"><a class=\"td-image-wrap\" href=\"https:\/\/news-vaslui.ro\/drona-ruseasca-prabusita-in-galati-resturi-identificate-si-masuri-sporite-de-securitate-in-zona\/\"><img decoding=\"async\" class=\"td-next-prev-image td-fix-index\" src=\"https:\/\/news-vaslui.ro\/wp-content\/uploads\/2026\/04\/featured-image-1777217966760-1068x712.jpg\"><\/a><\/div>\n<div class=\"next-prev-title\"><a href=\"https:\/\/news-vaslui.ro\/drona-ruseasca-prabusita-in-galati-resturi-identificate-si-masuri-sporite-de-securitate-in-zona\/\">Drona ruseasc\u0103 pr\u0103bu\u0219it\u0103 \u00een Gala\u021bi: resturi identificate \u0219i m\u0103suri sporite de securitate \u00een zon\u0103<\/a><\/div>\n<\/div>\n<\/div>\n<\/div>\n<div class=\"tdb-block-inner td-fix-index\"><a class=\"tdb-logo-a\" href=\"https:\/\/news-vaslui.ro\/\" title=\"logo\"><span class=\"tdb-logo-img-wrap\"><img decoding=\"async\" class=\"tdb-logo-img td-retina-data\" data-retina=\"https:\/\/news-vaslui.ro\/wp-content\/uploads\/2025\/12\/FACT-CHECKED-NEWS-VASLUI-2-300x85.png\" src=\"https:\/\/news-vaslui.ro\/wp-content\/uploads\/2025\/12\/FACT-CHECKED-NEWS-VASLUI-2-300x85.png\" alt=\"logo\" title=\"logo\"><\/span><\/a><\/div>\n<p>[analyse_source url=&#8221;https:\/\/news-vaslui.ro\/furtuna-puternica-in-moldova-acoperis-smuls-la-husi-ce-se-stie-despre-victime-si-pagube\/#new_tab&#8221;]<\/p>\n","protected":false},"excerpt":{"rendered":"<p>[analyse_image type=&#8221;featured&#8221; src=&#8221;https:\/\/news-vaslui.ro\/wp-content\/uploads\/2026\/04\/featured-image-1777217957901.jpg&#8221;] duminic\u0103, aprilie 26, 2026 9.1C Vaslui type here&#8230; 1 min.Read Furtun\u0103 puternic\u0103 \u00een Moldova: acoperi\u0219 smuls la Hu\u0219i; ce se \u0219tie despre victime \u0219i pagube ByNews Vaslui 26 aprilie 2026 Surse Vremea NouaFurtun\u0103 violent\u0103 \u00een Moldova. Acoperi\u0219uri smulse de v\u00e2nt la Ia\u0219i, circula\u021bie \u00eentrerupt\u0103&#8230; 26\/04\/2026 Vremea NouaV\u00e2ntul face ravagii la Hu\u0219i. Buc\u0103\u021bi [&hellip;]<\/p>\n","protected":false},"author":1,"featured_media":0,"comment_status":"open","ping_status":"","sticky":false,"template":"","format":"standard","meta":{"footnotes":""},"categories":[89],"tags":[226,217],"class_list":["post-1903953","post","type-post","status-publish","format-standard","hentry","category-romania","tag-crawlmanager","tag-vaslui-robo-stiri-ro"],"_links":{"self":[{"href":"https:\/\/analyse.optim.biz\/index.php?rest_route=\/wp\/v2\/posts\/1903953","targetHints":{"allow":["GET"]}}],"collection":[{"href":"https:\/\/analyse.optim.biz\/index.php?rest_route=\/wp\/v2\/posts"}],"about":[{"href":"https:\/\/analyse.optim.biz\/index.php?rest_route=\/wp\/v2\/types\/post"}],"author":[{"embeddable":true,"href":"https:\/\/analyse.optim.biz\/index.php?rest_route=\/wp\/v2\/users\/1"}],"replies":[{"embeddable":true,"href":"https:\/\/analyse.optim.biz\/index.php?rest_route=%2Fwp%2Fv2%2Fcomments&post=1903953"}],"version-history":[{"count":0,"href":"https:\/\/analyse.optim.biz\/index.php?rest_route=\/wp\/v2\/posts\/1903953\/revisions"}],"wp:attachment":[{"href":"https:\/\/analyse.optim.biz\/index.php?rest_route=%2Fwp%2Fv2%2Fmedia&parent=1903953"}],"wp:term":[{"taxonomy":"category","embeddable":true,"href":"https:\/\/analyse.optim.biz\/index.php?rest_route=%2Fwp%2Fv2%2Fcategories&post=1903953"},{"taxonomy":"post_tag","embeddable":true,"href":"https:\/\/analyse.optim.biz\/index.php?rest_route=%2Fwp%2Fv2%2Ftags&post=1903953"}],"curies":[{"name":"wp","href":"https:\/\/api.w.org\/{rel}","templated":true}]}}