{"id":1903952,"date":"2026-04-26T15:39:28","date_gmt":"2026-04-26T12:39:28","guid":{"rendered":"https:\/\/analyse.optim.biz\/?p=1903952"},"modified":"2026-04-26T15:39:28","modified_gmt":"2026-04-26T12:39:28","slug":"drona-ruseasca-prabusita-in-galati-resturi-identificate-si-masuri-sporite-de-securitate-in-zona","status":"publish","type":"post","link":"https:\/\/analyse.optim.biz\/?p=1903952","title":{"rendered":"Drona ruseasc\u0103 pr\u0103bu\u0219it\u0103 \u00een Gala\u021bi: resturi identificate \u0219i m\u0103suri sporite de securitate \u00een zon\u0103"},"content":{"rendered":"<p>[analyse_image type=&#8221;featured&#8221; src=&#8221;https:\/\/news-vaslui.ro\/wp-content\/uploads\/2026\/04\/featured-image-1777217966760.jpg&#8221;]<\/p>\n<div class=\"tdb-block-inner td-fix-index\"><a class=\"tdb-logo-a\" href=\"https:\/\/news-vaslui.ro\/\" title=\"logo\"><span class=\"tdb-logo-img-wrap\"><img decoding=\"async\" class=\"tdb-logo-img td-retina-data\" data-retina=\"https:\/\/news-vaslui.ro\/wp-content\/uploads\/2025\/12\/FACT-CHECKED-NEWS-VASLUI-2-300x85.png\" src=\"https:\/\/news-vaslui.ro\/wp-content\/uploads\/2025\/12\/FACT-CHECKED-NEWS-VASLUI-2-300x85.png\" alt=\"logo\" title=\"logo\"><\/span><\/a><\/div>\n<div class=\"tdb-block-inner td-fix-index\"><a class=\"tdb-logo-a\" href=\"https:\/\/news-vaslui.ro\/\" title=\"logo\"><span class=\"tdb-logo-img-wrap\"><img decoding=\"async\" class=\"tdb-logo-img td-retina-data\" data-retina=\"https:\/\/news-vaslui.ro\/wp-content\/uploads\/2025\/12\/FACT-CHECKED-NEWS-VASLUI-2-300x85.png\" src=\"https:\/\/news-vaslui.ro\/wp-content\/uploads\/2025\/12\/FACT-CHECKED-NEWS-VASLUI-2-300x85.png\" alt=\"logo\" title=\"logo\"><\/span><\/a><\/div>\n<div class=\"tdb-block-inner td-fix-index\"><a class=\"tdb-logo-a\" href=\"https:\/\/news-vaslui.ro\/\" title=\"logo\"><span class=\"tdb-logo-img-wrap\"><img decoding=\"async\" class=\"tdb-logo-img td-retina-data\" data-retina=\"https:\/\/news-vaslui.ro\/wp-content\/uploads\/2025\/12\/FACT-CHECKED-NEWS-VASLUI-2-300x85.png\" src=\"https:\/\/news-vaslui.ro\/wp-content\/uploads\/2025\/12\/FACT-CHECKED-NEWS-VASLUI-2-300x85.png\" alt=\"logo\" title=\"logo\"><\/span><\/a><\/div>\n<div class=\"tdb-block-inner td-fix-index\">\n<div class=\"tdb-head-date-txt\">duminic\u0103, aprilie 26, 2026<\/div>\n<\/div>\n<div class=\"tdb-block-inner td-fix-index\">\n<div class=\"tdb-weather-deg-wrap\" data-block-uid=\"tdb_header_weather_uid\"><span class=\"tdb-weather-deg\">9.1<\/span><span class=\"tdb-weather-unit\">C<\/span><\/div>\n<div class=\"tdb-weather-city\">Vaslui<\/div>\n<\/div>\n<div class=\"tdb-block-inner td-fix-index\">\n<div class=\"tdb-drop-down-search\" aria-labelledby=\"td-header-search-button\">\n<div class=\"tdb-drop-down-search-inner\">\n<div class=\"tdb-search-form-inner\">\n<div class=\"tdb-head-search-placeholder\">type here&#8230;<\/div>\n<\/div>\n<\/div>\n<\/div>\n<\/div>\n<div class=\"tdb-block-inner td-fix-index\"><a class=\"tdb-logo-a\" href=\"https:\/\/news-vaslui.ro\/\" title=\"logo\"><span class=\"tdb-logo-img-wrap\"><img decoding=\"async\" class=\"tdb-logo-img td-retina-data\" data-retina=\"https:\/\/news-vaslui.ro\/wp-content\/uploads\/2025\/12\/FACT-CHECKED-NEWS-VASLUI-2-300x85.png\" src=\"https:\/\/news-vaslui.ro\/wp-content\/uploads\/2025\/12\/FACT-CHECKED-NEWS-VASLUI-2-300x85.png\" alt=\"Vaslui News\" title=\"logo\"><\/span><\/a><\/div>\n<div class=\"tdb-block-inner td-fix-index\"><img loading=\"lazy\" decoding=\"async\" width=\"1068\" height=\"712\" class=\"entry-thumb\" src=\"https:\/\/news-vaslui.ro\/wp-content\/uploads\/2026\/04\/featured-image-1777217966760-1068x712.jpg\" alt title=\"Featured Image\"><\/div>\n<div class=\"tdb-block-inner td-fix-index\"><span class=\"reading-time-number\">1<\/span><span class=\"tdb-minute-text\"> min.<\/span><span class=\"tdb-add-text\">Read<\/span><\/div>\n<div class=\"tdb-block-inner td-fix-index\">\n<h1 class=\"tdb-title-text\">Drona ruseasc\u0103 pr\u0103bu\u0219it\u0103 \u00een Gala\u021bi: resturi identificate \u0219i m\u0103suri sporite de securitate \u00een zon\u0103<\/h1>\n<\/div>\n<div class=\"tdb-block-inner td-fix-index\"><a class=\"tdb-author-photo\" href=\"https:\/\/news-vaslui.ro\/author\/vasluidev\/\" title=\"News Vaslui\"><img decoding=\"async\" alt=\"News Vaslui\" src=\"https:\/\/secure.gravatar.com\/avatar\/7cd75f71af07ac3deeb6cda7fa3e40e8f10cbbf011f111ff652b3ec2cc663f22?s=96&amp;d=mm&amp;r=g\" class=\"avatar avatar-96 photo\" height=\"96\" width=\"96\" loading=\"lazy\"><\/a><\/p>\n<div class=\"tdb-author-name-wrap\"><span class=\"tdb-author-by\">By<\/span><a class=\"tdb-author-name\" href=\"https:\/\/news-vaslui.ro\/author\/vasluidev\/\">News Vaslui<\/a><\/div>\n<\/div>\n<div class=\"tdb-block-inner td-fix-index\"><time class=\"entry-date updated td-module-date\" datetime=\"2026-04-26T15:39:28+00:00\">26 aprilie 2026<\/time><\/div>\n<div class=\"td_block_wrap tdb_single_content tdi_103 td-pb-border-top td_block_template_1 td-post-content tagdiv-type\" data-td-block-uid=\"tdi_103\">\n<div class=\"tdb-block-inner td-fix-index\">\n<div class=\"post-sources-section\">\n<h3>Surse<\/h3>\n<div class=\"sources-list\"><a href=\"https:\/\/www.vremeanoua.ro\/drona-ruseasca-prabusita-la-galati-a-fost-detonata-controlat-masuri-sporite-de-securitate-in-zona\" target=\"_blank\" rel=\"noopener\" class=\"source-item\"><\/p>\n<div class=\"source-thumb\"><img decoding=\"async\" src=\"https:\/\/news-vaslui.ro\/wp-content\/uploads\/2025\/12\/vremeanoua.png\" alt=\"Drona ruseasc\u0103 pr\u0103bu\u0219it\u0103 la Gala\u021bi a fost detonat\u0103 controlat. M\u0103suri sporite de...\" class=\"td-animation-stack-type0-2\"><\/div>\n<div class=\"source-info\"><span class=\"source-publication\">Vremea Noua<\/span><span class=\"source-title\">Drona ruseasc\u0103 pr\u0103bu\u0219it\u0103 la Gala\u021bi a fost detonat\u0103 controlat. M\u0103suri sporite de&#8230;<\/span><\/p>\n<p class=\"source-date\">26\/04\/2026<\/p>\n<\/div>\n<p><\/a><a href=\"https:\/\/www.vremeanoua.ro\/o-drona-a-cazut-in-orasul-galati-in-timpul-unui-atac-rusesc-asupra-ucrainei-mapn-actiuni-iresponsabile-ale-federatiei-ruse\" target=\"_blank\" rel=\"noopener\" class=\"source-item\"><\/p>\n<div class=\"source-thumb\"><img decoding=\"async\" src=\"https:\/\/news-vaslui.ro\/wp-content\/uploads\/2025\/12\/vremeanoua.png\" alt=\"O dron\u0103 a c\u0103zut \u00een ora\u0219ul Gala\u021bi \u00een timpul unui atac rusesc...\" class=\"td-animation-stack-type0-2\"><\/div>\n<div class=\"source-info\"><span class=\"source-publication\">Vremea Noua<\/span><span class=\"source-title\">O dron\u0103 a c\u0103zut \u00een ora\u0219ul Gala\u021bi \u00een timpul unui atac rusesc&#8230;<\/span><\/p>\n<p class=\"source-date\">25\/04\/2026<\/p>\n<\/div>\n<p><\/a><a href=\"https:\/\/infovaslui.ro\/romania-fata-unui-incident-securitate-drona-ruseasca-cazuta-galati\" target=\"_blank\" rel=\"noopener\" class=\"source-item\"><\/p>\n<div class=\"source-thumb\"><img decoding=\"async\" src=\"https:\/\/news-vaslui.ro\/wp-content\/uploads\/2025\/12\/infovaslui.png\" alt=\"Rom\u00e2nia, \u00een fa\u021ba unui nou incident de securitate: dron\u0103 ruseasc\u0103 c\u0103zut\u0103 \u00een...\" class=\"td-animation-stack-type0-2\"><\/div>\n<div class=\"source-info\"><span class=\"source-publication\">INFO Vaslui<\/span><span class=\"source-title\">Rom\u00e2nia, \u00een fa\u021ba unui nou incident de securitate: dron\u0103 ruseasc\u0103 c\u0103zut\u0103 \u00een&#8230;<\/span><\/p>\n<p class=\"source-date\">25\/04\/2026<\/p>\n<\/div>\n<p><\/a><\/div>\n<\/div>\n<p>\u00cen noaptea dintre 25 \u0219i 26 aprilie 2026, Gala\u021bi a fost zguduit de un incident cu o dron\u0103 de fabrica\u021bie ruseasc\u0103. Potrivit Ministerului Ap\u0103r\u0103rii, fragmente de dron\u0103 au fost g\u0103site \u00een municipiu, afect\u00e2nd o anex\u0103 gospod\u0103reasc\u0103 \u0219i un st\u00e2lp de electricitate, ceea ce a dus la avarii \u00een re\u021beaua local\u0103.<\/p>\n<p>Pentru a gestiona situa\u021bia, autorit\u0103\u021bile au activat m\u0103suri stricte de securitate: restric\u021bii temporare ale traficului rutier \u00een zona afectat\u0103, evacuarea par\u021bial\u0103 a locuitorilor din proximitate \u0219i crearea unui perimetru de siguran\u021b\u0103 pentru desf\u0103\u0219urarea investiga\u021biilor. Un nou detaliu a ap\u0103rut \u00een cursul zilei de s\u00e2mb\u0103t\u0103: drona a fost recuperat\u0103 dintr-o gospod\u0103rie din Gala\u021bi, iar \u00een condi\u021bii de siguran\u021b\u0103 a fost planificat\u0103 o detonare controlat\u0103 a \u00eenc\u0103rc\u0103turii la o distan\u021b\u0103 de aproximativ 2 KM de locul identificat, \u00een zona malului lacului Brate\u0219.<\/p>\n<p>Opera\u021biunea a fost efectuat\u0103 cu precau\u021bie, fiind evitate incidente, iar zonele de mobilitate au fost restabilite treptat pe m\u0103sur\u0103 \u00eencheierii verific\u0103rilor. Reac\u021biile oficiale au fost unanime \u00een condamnarea ac\u021biunilor Federa\u021biei Ruse, MApN calific\u00e2nd incidentul drept o \u00eenc\u0103lcare grav\u0103 a spa\u021biului aerian rom\u00e2nesc \u0219i un act iresponsabil \u00eentr-un context \u00een care Rusia desf\u0103\u0219oar\u0103 atacuri asupra Ucrainei.<\/p>\n<p>Guvernul \u0219i autorit\u0103\u021bile locale au transmis c\u0103 situa\u021bia este monitorizat\u0103 continuu, iar popula\u021bia va fi informat\u0103 \u00een timp real despre evolu\u021bii. Speciali\u0219tii subliniaz\u0103 necesitatea cooper\u0103rii \u00eentre institu\u021bii, parteneri externi \u0219i comunit\u0103\u021bi locale pentru a preveni repetarea unor astfel de incidente \u0219i pentru a asigura securitatea cet\u0103\u021benilor \u00een zonele vulnerabile.<\/p>\n<\/div>\n<\/div>\n<div class=\"tdb-block-inner td-fix-index\">\n<div class=\"post-sources-section\">\n<h3>Surse<\/h3>\n<div class=\"sources-list\"><a href=\"https:\/\/www.vremeanoua.ro\/drona-ruseasca-prabusita-la-galati-a-fost-detonata-controlat-masuri-sporite-de-securitate-in-zona\" target=\"_blank\" rel=\"noopener\" class=\"source-item\"><\/p>\n<div class=\"source-thumb\"><img decoding=\"async\" src=\"https:\/\/news-vaslui.ro\/wp-content\/uploads\/2025\/12\/vremeanoua.png\" alt=\"Drona ruseasc\u0103 pr\u0103bu\u0219it\u0103 la Gala\u021bi a fost detonat\u0103 controlat. M\u0103suri sporite de...\" class=\"td-animation-stack-type0-2\"><\/div>\n<div class=\"source-info\"><span class=\"source-publication\">Vremea Noua<\/span><span class=\"source-title\">Drona ruseasc\u0103 pr\u0103bu\u0219it\u0103 la Gala\u021bi a fost detonat\u0103 controlat. M\u0103suri sporite de&#8230;<\/span><\/p>\n<p class=\"source-date\">26\/04\/2026<\/p>\n<\/div>\n<p><\/a><a href=\"https:\/\/www.vremeanoua.ro\/o-drona-a-cazut-in-orasul-galati-in-timpul-unui-atac-rusesc-asupra-ucrainei-mapn-actiuni-iresponsabile-ale-federatiei-ruse\" target=\"_blank\" rel=\"noopener\" class=\"source-item\"><\/p>\n<div class=\"source-thumb\"><img decoding=\"async\" src=\"https:\/\/news-vaslui.ro\/wp-content\/uploads\/2025\/12\/vremeanoua.png\" alt=\"O dron\u0103 a c\u0103zut \u00een ora\u0219ul Gala\u021bi \u00een timpul unui atac rusesc...\" class=\"td-animation-stack-type0-2\"><\/div>\n<div class=\"source-info\"><span class=\"source-publication\">Vremea Noua<\/span><span class=\"source-title\">O dron\u0103 a c\u0103zut \u00een ora\u0219ul Gala\u021bi \u00een timpul unui atac rusesc&#8230;<\/span><\/p>\n<p class=\"source-date\">25\/04\/2026<\/p>\n<\/div>\n<p><\/a><a href=\"https:\/\/infovaslui.ro\/romania-fata-unui-incident-securitate-drona-ruseasca-cazuta-galati\" target=\"_blank\" rel=\"noopener\" class=\"source-item\"><\/p>\n<div class=\"source-thumb\"><img decoding=\"async\" src=\"https:\/\/news-vaslui.ro\/wp-content\/uploads\/2025\/12\/infovaslui.png\" alt=\"Rom\u00e2nia, \u00een fa\u021ba unui nou incident de securitate: dron\u0103 ruseasc\u0103 c\u0103zut\u0103 \u00een...\" class=\"td-animation-stack-type0-2\"><\/div>\n<div class=\"source-info\"><span class=\"source-publication\">INFO Vaslui<\/span><span class=\"source-title\">Rom\u00e2nia, \u00een fa\u021ba unui nou incident de securitate: dron\u0103 ruseasc\u0103 c\u0103zut\u0103 \u00een&#8230;<\/span><\/p>\n<p class=\"source-date\">25\/04\/2026<\/p>\n<\/div>\n<p><\/a><\/div>\n<\/div>\n<p>\u00cen noaptea dintre 25 \u0219i 26 aprilie 2026, Gala\u021bi a fost zguduit de un incident cu o dron\u0103 de fabrica\u021bie ruseasc\u0103. Potrivit Ministerului Ap\u0103r\u0103rii, fragmente de dron\u0103 au fost g\u0103site \u00een municipiu, afect\u00e2nd o anex\u0103 gospod\u0103reasc\u0103 \u0219i un st\u00e2lp de electricitate, ceea ce a dus la avarii \u00een re\u021beaua local\u0103.<\/p>\n<p>Pentru a gestiona situa\u021bia, autorit\u0103\u021bile au activat m\u0103suri stricte de securitate: restric\u021bii temporare ale traficului rutier \u00een zona afectat\u0103, evacuarea par\u021bial\u0103 a locuitorilor din proximitate \u0219i crearea unui perimetru de siguran\u021b\u0103 pentru desf\u0103\u0219urarea investiga\u021biilor. Un nou detaliu a ap\u0103rut \u00een cursul zilei de s\u00e2mb\u0103t\u0103: drona a fost recuperat\u0103 dintr-o gospod\u0103rie din Gala\u021bi, iar \u00een condi\u021bii de siguran\u021b\u0103 a fost planificat\u0103 o detonare controlat\u0103 a \u00eenc\u0103rc\u0103turii la o distan\u021b\u0103 de aproximativ 2 KM de locul identificat, \u00een zona malului lacului Brate\u0219.<\/p>\n<p>Opera\u021biunea a fost efectuat\u0103 cu precau\u021bie, fiind evitate incidente, iar zonele de mobilitate au fost restabilite treptat pe m\u0103sur\u0103 \u00eencheierii verific\u0103rilor. Reac\u021biile oficiale au fost unanime \u00een condamnarea ac\u021biunilor Federa\u021biei Ruse, MApN calific\u00e2nd incidentul drept o \u00eenc\u0103lcare grav\u0103 a spa\u021biului aerian rom\u00e2nesc \u0219i un act iresponsabil \u00eentr-un context \u00een care Rusia desf\u0103\u0219oar\u0103 atacuri asupra Ucrainei.<\/p>\n<p>Guvernul \u0219i autorit\u0103\u021bile locale au transmis c\u0103 situa\u021bia este monitorizat\u0103 continuu, iar popula\u021bia va fi informat\u0103 \u00een timp real despre evolu\u021bii. Speciali\u0219tii subliniaz\u0103 necesitatea cooper\u0103rii \u00eentre institu\u021bii, parteneri externi \u0219i comunit\u0103\u021bi locale pentru a preveni repetarea unor astfel de incidente \u0219i pentru a asigura securitatea cet\u0103\u021benilor \u00een zonele vulnerabile.<\/p>\n<\/div>\n<div class=\"tdb-block-inner td-fix-index\">\n<div class=\"tdb-next-post tdb-next-post-bg tdb-post-prev\"><span>Articolul precedent<\/span><\/p>\n<div class=\"td-module-container\">\n<div class=\"td-image-container\"><a class=\"td-image-wrap\" href=\"https:\/\/news-vaslui.ro\/furtuna-puternica-in-moldova-acoperis-smuls-la-husi-ce-se-stie-despre-victime-si-pagube\/\"><img decoding=\"async\" class=\"td-next-prev-image td-fix-index\" src=\"https:\/\/news-vaslui.ro\/wp-content\/uploads\/2026\/04\/featured-image-1777217957901-1068x712.jpg\"><\/a><\/div>\n<div class=\"next-prev-title\"><a href=\"https:\/\/news-vaslui.ro\/furtuna-puternica-in-moldova-acoperis-smuls-la-husi-ce-se-stie-despre-victime-si-pagube\/\">Furtun\u0103 puternic\u0103 \u00een Moldova: acoperi\u0219 smuls la Hu\u0219i; ce se \u0219tie despre victime \u0219i pagube<\/a><\/div>\n<\/div>\n<\/div>\n<div class=\"tdb-next-post tdb-next-post-bg tdb-post-next\"><span>Articolul urm\u0103tor<\/span><\/p>\n<div class=\"td-module-container\">\n<div class=\"td-image-container\"><a class=\"td-image-wrap\" href=\"https:\/\/news-vaslui.ro\/calugari-budisti-prinsi-cu-110-kg-de-droguri-la-aeroportul-din-colombo-ce-a-descoperit-controlul-vamii\/\"><img decoding=\"async\" class=\"td-next-prev-image td-fix-index\" src=\"https:\/\/news-vaslui.ro\/wp-content\/uploads\/2026\/04\/featured-image-1777217972139-1068x712.jpg\"><\/a><\/div>\n<div class=\"next-prev-title\"><a href=\"https:\/\/news-vaslui.ro\/calugari-budisti-prinsi-cu-110-kg-de-droguri-la-aeroportul-din-colombo-ce-a-descoperit-controlul-vamii\/\">C\u0103lug\u0103ri budi\u0219ti prin\u0219i cu 110 kg de droguri la aeroportul din Colombo: ce a descoperit controlul vamii<\/a><\/div>\n<\/div>\n<\/div>\n<\/div>\n<div class=\"tdb-block-inner td-fix-index\"><a class=\"tdb-logo-a\" href=\"https:\/\/news-vaslui.ro\/\" title=\"logo\"><span class=\"tdb-logo-img-wrap\"><img decoding=\"async\" class=\"tdb-logo-img td-retina-data\" data-retina=\"https:\/\/news-vaslui.ro\/wp-content\/uploads\/2025\/12\/FACT-CHECKED-NEWS-VASLUI-2-300x85.png\" src=\"https:\/\/news-vaslui.ro\/wp-content\/uploads\/2025\/12\/FACT-CHECKED-NEWS-VASLUI-2-300x85.png\" alt=\"logo\" title=\"logo\"><\/span><\/a><\/div>\n<p>[analyse_source url=&#8221;https:\/\/news-vaslui.ro\/drona-ruseasca-prabusita-in-galati-resturi-identificate-si-masuri-sporite-de-securitate-in-zona\/#new_tab&#8221;]<\/p>\n","protected":false},"excerpt":{"rendered":"<p>[analyse_image type=&#8221;featured&#8221; src=&#8221;https:\/\/news-vaslui.ro\/wp-content\/uploads\/2026\/04\/featured-image-1777217966760.jpg&#8221;] duminic\u0103, aprilie 26, 2026 9.1C Vaslui type here&#8230; 1 min.Read Drona ruseasc\u0103 pr\u0103bu\u0219it\u0103 \u00een Gala\u021bi: resturi identificate \u0219i m\u0103suri sporite de securitate \u00een zon\u0103 ByNews Vaslui 26 aprilie 2026 Surse Vremea NouaDrona ruseasc\u0103 pr\u0103bu\u0219it\u0103 la Gala\u021bi a fost detonat\u0103 controlat. M\u0103suri sporite de&#8230; 26\/04\/2026 Vremea NouaO dron\u0103 a c\u0103zut \u00een ora\u0219ul Gala\u021bi [&hellip;]<\/p>\n","protected":false},"author":1,"featured_media":0,"comment_status":"open","ping_status":"","sticky":false,"template":"","format":"standard","meta":{"footnotes":""},"categories":[89],"tags":[226,217],"class_list":["post-1903952","post","type-post","status-publish","format-standard","hentry","category-romania","tag-crawlmanager","tag-vaslui-robo-stiri-ro"],"_links":{"self":[{"href":"https:\/\/analyse.optim.biz\/index.php?rest_route=\/wp\/v2\/posts\/1903952","targetHints":{"allow":["GET"]}}],"collection":[{"href":"https:\/\/analyse.optim.biz\/index.php?rest_route=\/wp\/v2\/posts"}],"about":[{"href":"https:\/\/analyse.optim.biz\/index.php?rest_route=\/wp\/v2\/types\/post"}],"author":[{"embeddable":true,"href":"https:\/\/analyse.optim.biz\/index.php?rest_route=\/wp\/v2\/users\/1"}],"replies":[{"embeddable":true,"href":"https:\/\/analyse.optim.biz\/index.php?rest_route=%2Fwp%2Fv2%2Fcomments&post=1903952"}],"version-history":[{"count":0,"href":"https:\/\/analyse.optim.biz\/index.php?rest_route=\/wp\/v2\/posts\/1903952\/revisions"}],"wp:attachment":[{"href":"https:\/\/analyse.optim.biz\/index.php?rest_route=%2Fwp%2Fv2%2Fmedia&parent=1903952"}],"wp:term":[{"taxonomy":"category","embeddable":true,"href":"https:\/\/analyse.optim.biz\/index.php?rest_route=%2Fwp%2Fv2%2Fcategories&post=1903952"},{"taxonomy":"post_tag","embeddable":true,"href":"https:\/\/analyse.optim.biz\/index.php?rest_route=%2Fwp%2Fv2%2Ftags&post=1903952"}],"curies":[{"name":"wp","href":"https:\/\/api.w.org\/{rel}","templated":true}]}}