{"id":1903927,"date":"2026-04-26T10:35:46","date_gmt":"2026-04-26T07:35:46","guid":{"rendered":"https:\/\/analyse.optim.biz\/?p=1903927"},"modified":"2026-04-26T10:35:46","modified_gmt":"2026-04-26T07:35:46","slug":"dezinsectie-in-timisoara-tratamente-impotriva-tantarilor-si-capuselor-in-perioada-4-12-mai","status":"publish","type":"post","link":"https:\/\/analyse.optim.biz\/?p=1903927","title":{"rendered":"Dezinsec\u021bie \u00een Timi\u0219oara: tratamente \u00eempotriva \u021b\u00e2n\u021barilor \u0219i c\u0103pu\u0219elor, \u00een perioada 4\u201312 mai"},"content":{"rendered":"<p>[analyse_image type=&#8221;featured&#8221; src=&#8221;https:\/\/orasul-timisoara.ro\/wp-content\/uploads\/2026\/04\/dezinsectie-001.jpg&#8221;]<\/p>\n<article id=\"post-38398\" class=\"td-post-template-7 post-38398 post type-post status-publish format-standard has-post-thumbnail category-administratie category-featured category-investitii-in-timisoara category-sanatate category-stiri-timisoara tag-actiuni-nocturne tag-biocide tag-capuse tag-combatere-insecte tag-dezinsectie-timisoara-2 tag-primaria-timisoara-2 tag-sanatate-publica tag-tantari-2 tag-tratamente-insecticide td-container-wrap\">\n<div class=\"td-full-screen-header-image-wrap\">\n<div class=\"td-container td-post-header\">\n<div class=\"td-crumb-container\">\n<div class=\"entry-crumbs\"><span><a title=\"Vede\u021bi toate articolele \u00een Administra\u021bie local\u0103\" class=\"entry-crumb\" href=\"https:\/\/orasul-timisoara.ro\/local-category\/administratie\/\">Administra\u021bie local\u0103<\/a><\/span><span class=\"td-bred-no-url-last\">Dezinsec\u021bie \u00een Timi\u0219oara: tratamente \u00eempotriva \u021b\u00e2n\u021barilor \u0219i c\u0103pu\u0219elor, \u00een perioada 4\u201312 mai<\/span><\/div>\n<\/div>\n<div class=\"td-post-header-holder\">\n<div class=\"td-parallax-header\">\n<header class=\"td-post-title\">\n<ul class=\"td-category\">\n<li class=\"entry-category\"><a href=\"https:\/\/orasul-timisoara.ro\/local-category\/administratie\/\">Administra\u021bie local\u0103<\/a><\/li>\n<li class=\"entry-category\"><a href=\"https:\/\/orasul-timisoara.ro\/local-category\/investitii-in-timisoara\/\">Investitii in Timisoara<\/a><\/li>\n<li class=\"entry-category\"><a href=\"https:\/\/orasul-timisoara.ro\/local-category\/sanatate\/\">S\u0103n\u0103tate<\/a><\/li>\n<li class=\"entry-category\"><a href=\"https:\/\/orasul-timisoara.ro\/local-category\/stiri-timisoara\/\">\u0218tiri Locale<\/a><\/li>\n<\/ul>\n<h1 class=\"entry-title\">Dezinsec\u021bie \u00een Timi\u0219oara: tratamente \u00eempotriva \u021b\u00e2n\u021barilor \u0219i c\u0103pu\u0219elor, \u00een perioada 4\u201312 mai<\/h1>\n<div class=\"td-module-meta-info\">\n<div class=\"td-post-author-name\">\n<div class=\"td-author-by\">De c\u0103tre<\/div>\n<p><a href=\"https:\/\/orasul-timisoara.ro\/author\/timisoara\/\">redactia<\/a><\/p>\n<div class=\"td-author-line\"> &#8211; <\/div>\n<\/div>\n<p><span class=\"td-post-date\"><time class=\"entry-date updated td-module-date\" datetime=\"2026-04-26T13:35:46+03:00\">26\/04\/2026<\/time><\/span><\/div>\n<\/header>\n<\/div>\n<\/div>\n<\/div>\n<div id=\"td-full-screen-header-image\" class=\"td-image-gradient-style7\"><img decoding=\"async\" class=\"td-backstretch\" src=\"https:\/\/orasul-timisoara.ro\/wp-content\/uploads\/2026\/04\/dezinsectie-001.jpg\"><\/div>\n<\/div>\n<div class=\"td-container\">\n<div class=\"td-pb-row\">\n<div class=\"td-pb-span8 td-main-content\" role=\"main\">\n<div class=\"td-ss-main-content\">\n<div class=\"td-post-sharing-top\">\n<div class=\"td-post-sharing-classic\"><iframe title=\"topFacebookLike\" frameborder src=\"https:\/\/www.facebook.com\/plugins\/like.php?href=https:\/\/orasul-timisoara.ro\/local-38398\/&amp;layout=button_count&amp;show_faces=false&amp;width=105&amp;action=like&amp;colorscheme=light&amp;height=21\"><\/iframe><\/div>\n<div id=\"td_social_sharing_article_top\" class=\"td-post-sharing td-ps-bg td-ps-notext td-post-sharing-style1 \">\n<div class=\"td-post-sharing-visible\"><a class=\"td-social-sharing-button td-social-sharing-button-js td-social-network td-social-facebook\" href=\"https:\/\/www.facebook.com\/sharer.php?u=https%3A%2F%2Forasul-timisoara.ro%2Flocal-38398%2F\" title=\"Facebook\"><\/p>\n<div class=\"td-social-but-text\">Facebook<\/div>\n<p><\/a><a class=\"td-social-sharing-button td-social-sharing-button-js td-social-network td-social-twitter\" href=\"https:\/\/twitter.com\/intent\/tweet?text=Dezinsec%C8%9Bie+%C3%AEn+Timi%C8%99oara%3A+tratamente+%C3%AEmpotriva+%C8%9B%C3%A2n%C8%9Barilor+%C8%99i+c%C4%83pu%C8%99elor%2C+%C3%AEn+perioada+4%E2%80%9312+mai&amp;url=https%3A%2F%2Forasul-timisoara.ro%2Flocal-38398%2F&amp;via=orasultm\" title=\"Twitter\"><\/p>\n<div class=\"td-social-but-text\">Twitter<\/div>\n<p><\/a><a class=\"td-social-sharing-button td-social-sharing-button-js td-social-network td-social-whatsapp\" href=\"https:\/\/api.whatsapp.com\/send?text=Dezinsec%C8%9Bie+%C3%AEn+Timi%C8%99oara%3A+tratamente+%C3%AEmpotriva+%C8%9B%C3%A2n%C8%9Barilor+%C8%99i+c%C4%83pu%C8%99elor%2C+%C3%AEn+perioada+4%E2%80%9312+mai%20%0A%0A%20https:\/\/orasul-timisoara.ro\/local-38398\/\" title=\"WhatsApp\"><\/p>\n<div class=\"td-social-but-text\">WhatsApp<\/div>\n<p><\/a><a class=\"td-social-sharing-button td-social-sharing-button-js td-social-network td-social-linkedin\" href=\"https:\/\/www.linkedin.com\/shareArticle?mini=true&amp;url=https:\/\/orasul-timisoara.ro\/local-38398\/&amp;title=Dezinsec%C8%9Bie+%C3%AEn+Timi%C8%99oara%3A+tratamente+%C3%AEmpotriva+%C8%9B%C3%A2n%C8%9Barilor+%C8%99i+c%C4%83pu%C8%99elor%2C+%C3%AEn+perioada+4%E2%80%9312+mai\" title=\"Linkedin\"><\/p>\n<div class=\"td-social-but-text\">Linkedin<\/div>\n<p><\/a><a class=\"td-social-sharing-button td-social-sharing-button-js td-social-network td-social-reddit\" href=\"https:\/\/reddit.com\/submit?url=https:\/\/orasul-timisoara.ro\/local-38398\/&amp;title=Dezinsec%C8%9Bie+%C3%AEn+Timi%C8%99oara%3A+tratamente+%C3%AEmpotriva+%C8%9B%C3%A2n%C8%9Barilor+%C8%99i+c%C4%83pu%C8%99elor%2C+%C3%AEn+perioada+4%E2%80%9312+mai\" title=\"ReddIt\"><\/p>\n<div class=\"td-social-but-text\">ReddIt<\/div>\n<p><\/a><a class=\"td-social-sharing-button td-social-sharing-button-js td-social-network td-social-mail\" href=\"mailto:?subject=Dezinsec%C8%9Bie%20%C3%AEn%20Timi%C8%99oara:%20tratamente%20%C3%AEmpotriva%20%C8%9B%C3%A2n%C8%9Barilor%20%C8%99i%20c%C4%83pu%C8%99elor,%20%C3%AEn%20perioada%204%E2%80%9312%20mai&amp;body=https:\/\/orasul-timisoara.ro\/local-38398\/\" title=\"Email\"><\/p>\n<div class=\"td-social-but-text\">Email<\/div>\n<p><\/a><a class=\"td-social-sharing-button td-social-sharing-button-js td-social-network td-social-print\" href=\"https:\/\/orasul-timisoara.ro\/local-38398\/\" title=\"Imprimare\"><\/p>\n<div class=\"td-social-but-text\">Imprimare<\/div>\n<p><\/a><\/div>\n<\/div>\n<\/div>\n<div class=\"td-post-content tagdiv-type\">\n<p>Prim\u0103ria Prim\u0103ria Municipiului Timi\u0219oara anun\u021b\u0103 continuarea ac\u021biunilor de dezinsec\u021bie la nivelul ora\u0219ului, \u00een luna mai, \u00een cadrul unui program dedicat combaterii \u021b\u00e2n\u021barilor, c\u0103pu\u0219elor \u0219i larvelor acestora. Interven\u021biile sunt programate \u00een perioada 4\u201312 mai 2026 \u0219i vor viza domeniul public din Timi\u0219oara.<\/p>\n<p>Autorit\u0103\u021bile locale precizeaz\u0103 c\u0103 lucr\u0103rile se vor desf\u0103\u0219ura pe timpul nop\u021bii, \u00een intervalul orar 21:00 \u2013 06:00, pentru a limita disconfortul popula\u021biei. \u00cen acest context, cet\u0103\u021benii sunt sf\u0103tui\u021bi s\u0103 evite zonele \u00een care au loc pulveriz\u0103rile, mai ales \u00een timpul desf\u0103\u0219ur\u0103rii opera\u021biunilor. Recomandarea este adresat\u0103 \u00een mod special copiilor, persoanelor v\u00e2rstnice \u0219i celor care sufer\u0103 de afec\u021biuni respiratorii, cardiace sau alergii la substan\u021be chimice.<\/p>\n<p>Totodat\u0103, apicultorii sunt ruga\u021bi s\u0103 ia m\u0103suri de protec\u021bie a familiilor de albine, inclusiv prin relocarea stupilor \u00een afara perimetrelor \u00een care se efectueaz\u0103 tratamentele, pentru a preveni eventuale pierderi.<\/p>\n<p>Potrivit administra\u021biei locale, substan\u021bele utilizate \u00een cadrul acestor ac\u021biuni sunt aprobate de Ministerul S\u0103n\u0103t\u0103\u021bii \u0219i incluse \u00een registrul na\u021bional al produselor biocide destinate profilaxiei sanitar-umane. Printre produsele folosite se num\u0103r\u0103 Cymina Super \u0219i Vectobac WG, \u00eencadrate \u00een grupa III de toxicitate, destinat\u0103 pesticidelor non-agricole.<\/p>\n<p>Reprezentan\u021bii Prim\u0103riei subliniaz\u0103 c\u0103 interven\u021biile sunt realizate de personal specializat, autorizat conform legisla\u021biei \u00een vigoare \u0219i echipat corespunz\u0103tor. Scopul acestor ac\u021biuni este reducerea riscurilor pentru s\u0103n\u0103tatea public\u0103, \u00een contextul sezonului cald, c\u00e2nd popula\u021biile de insecte pot cre\u0219te semnificativ.<\/p>\n<p>\u00cen cazul \u00een care condi\u021biile meteorologice vor fi nefavorabile, programul de dezinsec\u021bie va fi reprogramat.<\/p>\n<\/div>\n<footer>\n<div class=\"td-post-source-tags\">\n<ul class=\"td-tags td-post-small-box clearfix\">\n<li><span>ETICHETE<\/span><\/li>\n<li><a href=\"https:\/\/orasul-timisoara.ro\/local-tag\/actiuni-nocturne\/\">ac\u021biuni nocturne<\/a><\/li>\n<li><a href=\"https:\/\/orasul-timisoara.ro\/local-tag\/biocide\/\">biocide<\/a><\/li>\n<li><a href=\"https:\/\/orasul-timisoara.ro\/local-tag\/capuse\/\">c\u0103pu\u0219e<\/a><\/li>\n<li><a href=\"https:\/\/orasul-timisoara.ro\/local-tag\/combatere-insecte\/\">combatere insecte<\/a><\/li>\n<li><a href=\"https:\/\/orasul-timisoara.ro\/local-tag\/dezinsectie-timisoara-2\/\">dezinsec\u021bie Timi\u0219oara<\/a><\/li>\n<li><a href=\"https:\/\/orasul-timisoara.ro\/local-tag\/primaria-timisoara-2\/\">Prim\u0103ria Timi\u0219oara<\/a><\/li>\n<li><a href=\"https:\/\/orasul-timisoara.ro\/local-tag\/sanatate-publica\/\">s\u0103n\u0103tate public\u0103<\/a><\/li>\n<li><a href=\"https:\/\/orasul-timisoara.ro\/local-tag\/tantari-2\/\">\u021b\u00e2n\u021bari<\/a><\/li>\n<li><a href=\"https:\/\/orasul-timisoara.ro\/local-tag\/tratamente-insecticide\/\">tratamente insecticide<\/a><\/li>\n<\/ul>\n<\/div>\n<div class=\"td-post-sharing-bottom\">\n<div class=\"td-post-sharing-classic\"><iframe title=\"bottomFacebookLike\" frameborder src=\"https:\/\/www.facebook.com\/plugins\/like.php?href=https:\/\/orasul-timisoara.ro\/local-38398\/&amp;layout=button_count&amp;show_faces=false&amp;width=105&amp;action=like&amp;colorscheme=light&amp;height=21\"><\/iframe><\/div>\n<div id=\"td_social_sharing_article_bottom\" class=\"td-post-sharing td-ps-bg td-ps-notext td-post-sharing-style1 \">\n<div class=\"td-post-sharing-visible\"><a class=\"td-social-sharing-button td-social-sharing-button-js td-social-network td-social-facebook\" href=\"https:\/\/www.facebook.com\/sharer.php?u=https%3A%2F%2Forasul-timisoara.ro%2Flocal-38398%2F\" title=\"Facebook\"><\/p>\n<div class=\"td-social-but-text\">Facebook<\/div>\n<p><\/a><a class=\"td-social-sharing-button td-social-sharing-button-js td-social-network td-social-twitter\" href=\"https:\/\/twitter.com\/intent\/tweet?text=Dezinsec%C8%9Bie+%C3%AEn+Timi%C8%99oara%3A+tratamente+%C3%AEmpotriva+%C8%9B%C3%A2n%C8%9Barilor+%C8%99i+c%C4%83pu%C8%99elor%2C+%C3%AEn+perioada+4%E2%80%9312+mai&amp;url=https%3A%2F%2Forasul-timisoara.ro%2Flocal-38398%2F&amp;via=orasultm\" title=\"Twitter\"><\/p>\n<div class=\"td-social-but-text\">Twitter<\/div>\n<p><\/a><a class=\"td-social-sharing-button td-social-sharing-button-js td-social-network td-social-whatsapp\" href=\"https:\/\/api.whatsapp.com\/send?text=Dezinsec%C8%9Bie+%C3%AEn+Timi%C8%99oara%3A+tratamente+%C3%AEmpotriva+%C8%9B%C3%A2n%C8%9Barilor+%C8%99i+c%C4%83pu%C8%99elor%2C+%C3%AEn+perioada+4%E2%80%9312+mai%20%0A%0A%20https:\/\/orasul-timisoara.ro\/local-38398\/\" title=\"WhatsApp\"><\/p>\n<div class=\"td-social-but-text\">WhatsApp<\/div>\n<p><\/a><a class=\"td-social-sharing-button td-social-sharing-button-js td-social-network td-social-linkedin\" href=\"https:\/\/www.linkedin.com\/shareArticle?mini=true&amp;url=https:\/\/orasul-timisoara.ro\/local-38398\/&amp;title=Dezinsec%C8%9Bie+%C3%AEn+Timi%C8%99oara%3A+tratamente+%C3%AEmpotriva+%C8%9B%C3%A2n%C8%9Barilor+%C8%99i+c%C4%83pu%C8%99elor%2C+%C3%AEn+perioada+4%E2%80%9312+mai\" title=\"Linkedin\"><\/p>\n<div class=\"td-social-but-text\">Linkedin<\/div>\n<p><\/a><a class=\"td-social-sharing-button td-social-sharing-button-js td-social-network td-social-reddit\" href=\"https:\/\/reddit.com\/submit?url=https:\/\/orasul-timisoara.ro\/local-38398\/&amp;title=Dezinsec%C8%9Bie+%C3%AEn+Timi%C8%99oara%3A+tratamente+%C3%AEmpotriva+%C8%9B%C3%A2n%C8%9Barilor+%C8%99i+c%C4%83pu%C8%99elor%2C+%C3%AEn+perioada+4%E2%80%9312+mai\" title=\"ReddIt\"><\/p>\n<div class=\"td-social-but-text\">ReddIt<\/div>\n<p><\/a><a class=\"td-social-sharing-button td-social-sharing-button-js td-social-network td-social-mail\" href=\"mailto:?subject=Dezinsec%C8%9Bie%20%C3%AEn%20Timi%C8%99oara:%20tratamente%20%C3%AEmpotriva%20%C8%9B%C3%A2n%C8%9Barilor%20%C8%99i%20c%C4%83pu%C8%99elor,%20%C3%AEn%20perioada%204%E2%80%9312%20mai&amp;body=https:\/\/orasul-timisoara.ro\/local-38398\/\" title=\"Email\"><\/p>\n<div class=\"td-social-but-text\">Email<\/div>\n<p><\/a><a class=\"td-social-sharing-button td-social-sharing-button-js td-social-network td-social-print\" href=\"https:\/\/orasul-timisoara.ro\/local-38398\/\" title=\"Imprimare\"><\/p>\n<div class=\"td-social-but-text\">Imprimare<\/div>\n<p><\/a><\/div>\n<\/div>\n<\/div>\n<div class=\"td-block-row td-post-next-prev\">\n<div class=\"td-block-span6 td-post-prev-post\">\n<div class=\"td-post-next-prev-content\"><span>Articolul precedent<\/span><a href=\"https:\/\/orasul-timisoara.ro\/local-38394\/\">David Popovici, sportivul anului 2025 \u00een nata\u021bia rom\u00e2neasc\u0103<\/a><\/div>\n<\/div>\n<\/div>\n<div class=\"td-author-name vcard author\"><span class=\"fn\"><a href=\"https:\/\/orasul-timisoara.ro\/author\/timisoara\/\">redactia<\/a><\/span><\/div>\n<p><span class=\"td-page-meta\"><\/span><span class=\"td-page-meta\"><span class=\"td-page-meta\"><\/span><\/span><span class=\"td-page-meta\"><\/span><\/footer>\n<div class=\"td_block_wrap td_block_related_posts tdi_3 td_with_ajax_pagination td-pb-border-top td_block_template_8\" data-td-block-uid=\"tdi_3\">\n<h4 class=\"td-related-title td-block-title\"><a id=\"tdi_4\" class=\"td-related-left td-cur-simple-item\" data-td_filter_value data-td_block_id=\"tdi_3\" href=\"https:\/\/orasul-timisoara.ro\/local-38398\/\">ARTICOLE SIMILARE<\/a><a id=\"tdi_5\" class=\"td-related-right\" data-td_filter_value=\"td_related_more_from_author\" data-td_block_id=\"tdi_3\" href=\"https:\/\/orasul-timisoara.ro\/local-38398\/\">DE LA ACELA\u0218I AUTOR<\/a><\/h4>\n<div id=\"tdi_3\" class=\"td_block_inner\">\n<div class=\"td-related-row\">\n<div class=\"td-related-span4\">\n<div class=\"td_module_related_posts td-animation-stack td_mod_related_posts\">\n<div class=\"td-module-image\">\n<div class=\"td-module-thumb\"><a href=\"https:\/\/orasul-timisoara.ro\/local-36813\/\" rel=\"bookmark\" class=\"td-image-wrap \" title=\"Prim\u0103ria Timi\u0219oara \u00eencepe campania de dezinsec\u021bie \u0219i deratizare \u00een perioada 16 februarie \u2013 2 martie 2026\"><img loading=\"lazy\" decoding=\"async\" class=\"entry-thumb\" src=\"https:\/\/orasul-timisoara.ro\/wp-content\/uploads\/2021\/05\/dezinsectie.jpg\" alt title=\"Prim\u0103ria Timi\u0219oara \u00eencepe campania de dezinsec\u021bie \u0219i deratizare \u00een perioada 16 februarie \u2013 2 martie 2026\" width=\"218\" height=\"150\"><\/a><\/div>\n<\/div>\n<div class=\"item-details\">\n<h3 class=\"entry-title td-module-title\"><a href=\"https:\/\/orasul-timisoara.ro\/local-36813\/\" rel=\"bookmark\" title=\"Prim\u0103ria Timi\u0219oara \u00eencepe campania de dezinsec\u021bie \u0219i deratizare \u00een perioada 16 februarie \u2013 2 martie 2026\">Prim\u0103ria Timi\u0219oara \u00eencepe campania de dezinsec\u021bie \u0219i deratizare \u00een perioada 16 februarie \u2013 2 martie 2026<\/a><\/h3>\n<\/div>\n<\/div>\n<\/div>\n<div class=\"td-related-span4\">\n<div class=\"td_module_related_posts td-animation-stack td_mod_related_posts\">\n<div class=\"td-module-image\">\n<div class=\"td-module-thumb\"><a href=\"https:\/\/orasul-timisoara.ro\/local-32439\/\" rel=\"bookmark\" class=\"td-image-wrap \" title=\"Dezinsec\u021bie \u00een Timi\u0219oara, 3\u201310 iulie: avertiz\u0103ri pentru popula\u021bie\"><img loading=\"lazy\" decoding=\"async\" class=\"entry-thumb\" src=\"https:\/\/orasul-timisoara.ro\/wp-content\/uploads\/2021\/05\/dezinsectie.jpg\" alt title=\"Dezinsec\u021bie \u00een Timi\u0219oara, 3\u201310 iulie: avertiz\u0103ri pentru popula\u021bie\" width=\"218\" height=\"150\"><\/a><\/div>\n<\/div>\n<div class=\"item-details\">\n<h3 class=\"entry-title td-module-title\"><a href=\"https:\/\/orasul-timisoara.ro\/local-32439\/\" rel=\"bookmark\" title=\"Dezinsec\u021bie \u00een Timi\u0219oara, 3\u201310 iulie: avertiz\u0103ri pentru popula\u021bie\">Dezinsec\u021bie \u00een Timi\u0219oara, 3\u201310 iulie: avertiz\u0103ri pentru popula\u021bie<\/a><\/h3>\n<\/div>\n<\/div>\n<\/div>\n<div class=\"td-related-span4\">\n<div class=\"td_module_related_posts td-animation-stack td_mod_related_posts\">\n<div class=\"td-module-image\">\n<div class=\"td-module-thumb\"><a href=\"https:\/\/orasul-timisoara.ro\/local-31588\/\" rel=\"bookmark\" class=\"td-image-wrap \" title=\"Dezinsec\u021bie nocturn\u0103 \u00een Timi\u0219oara: Prim\u0103ria combate \u021b\u00e2n\u021barii \u0219i c\u0103pu\u0219ele \u00een perioada 2\u20138 iunie\"><img loading=\"lazy\" decoding=\"async\" class=\"entry-thumb\" src=\"https:\/\/orasul-timisoara.ro\/wp-content\/uploads\/2021\/05\/dezinsectie.jpg\" alt title=\"Dezinsec\u021bie nocturn\u0103 \u00een Timi\u0219oara: Prim\u0103ria combate \u021b\u00e2n\u021barii \u0219i c\u0103pu\u0219ele \u00een perioada 2\u20138 iunie\" width=\"218\" height=\"150\"><\/a><\/div>\n<\/div>\n<div class=\"item-details\">\n<h3 class=\"entry-title td-module-title\"><a href=\"https:\/\/orasul-timisoara.ro\/local-31588\/\" rel=\"bookmark\" title=\"Dezinsec\u021bie nocturn\u0103 \u00een Timi\u0219oara: Prim\u0103ria combate \u021b\u00e2n\u021barii \u0219i c\u0103pu\u0219ele \u00een perioada 2\u20138 iunie\">Dezinsec\u021bie nocturn\u0103 \u00een Timi\u0219oara: Prim\u0103ria combate \u021b\u00e2n\u021barii \u0219i c\u0103pu\u0219ele \u00een perioada 2\u20138 iunie<\/a><\/h3>\n<\/div>\n<\/div>\n<\/div>\n<\/div>\n<\/div>\n<\/div>\n<div class=\"comments\" id=\"comments\">\n<div id=\"respond\" class=\"comment-respond\">\n<h3 id=\"reply-title\" class=\"comment-reply-title\">L\u0102SA\u021aI UN MESAJ<\/h3>\n<div class=\"comment-form-input-wrap td-form-comment\">\n<div class=\"td-warning-comment\">V\u0103 rug\u0103m s\u0103 introduce\u021bi comentariul dvs.!<\/div>\n<\/div>\n<div class=\"comment-form-input-wrap td-form-author\">\n<div class=\"td-warning-author\">Introduce\u021bi aici numele dvs.<\/div>\n<\/div>\n<div class=\"comment-form-input-wrap td-form-email\">\n<div class=\"td-warning-email-error\">A\u021bi introdus o adres\u0103 de e-mail incorect\u0103!<\/div>\n<div class=\"td-warning-email\">V\u0103 rug\u0103m s\u0103 introduce\u021bi adresa dvs. de e-mail aici<\/div>\n<\/div>\n<\/div>\n<p class=\"akismet_comment_form_privacy_notice\">Acest site folose\u0219te Akismet pentru a reduce spamul. <a href=\"https:\/\/akismet.com\/privacy\/\" target=\"_blank\" rel=\"nofollow noopener\">Afl\u0103 cum sunt procesate datele comentariilor tale<\/a>.<\/p>\n<\/div>\n<\/div>\n<\/div>\n<div class=\"td-pb-span4 td-main-sidebar\" role=\"complementary\">\n<div class=\"td-ss-main-sidebar\">\n<aside id=\"block-4\" class=\"td_block_template_8 widget block-4 widget_block widget_media_image\">\n<figure class=\"wp-block-image size-full\"><img loading=\"lazy\" decoding=\"async\" width=\"336\" height=\"280\" src=\"https:\/\/orasul-timisoara.ro\/wp-content\/uploads\/2024\/11\/ReTIM-Abonamentul-Verde-Google-Ads-336x280px.gif\" alt class=\"wp-image-29257\"><\/figure>\n<\/aside>\n<div class=\"td_block_wrap td_block_social_counter td_block_widget tdi_6 td-social-style5 td-social-boxed td-pb-border-top td_block_template_8\">\n<div class=\"td-block-title-wrap\">\n<h4 class=\"td-block-title\"><span>Urm\u0103re\u0219te-ne pe Social Media<\/span><\/h4>\n<\/div>\n<div class=\"td-social-list\">\n<div class=\"td_social_type td-pb-margin-side td_social_facebook\">\n<div class=\"td-social-box\"><span class=\"td_social_info td_social_info_counter\">344,595<\/span><span class=\"td_social_info td_social_info_name\">Fani<\/span><span class=\"td_social_button\"><a href=\"https:\/\/www.facebook.com\/247timisoara\" target=\"_blank\" rel=\"nofollow\">\u00cemi place<\/a><\/span><\/div>\n<\/div>\n<div class=\"td_social_type td-pb-margin-side td_social_instagram\">\n<div class=\"td-social-box\"><span class=\"td_social_info td_social_info_counter\">4,416<\/span><span class=\"td_social_info td_social_info_name\">Cititori<\/span><span class=\"td_social_button\"><a href=\"https:\/\/instagram.com\/orasultimisoararo\/\" target=\"_blank\" rel=\"nofollow\">Conecta\u021bi-v\u0103<\/a><\/span><\/div>\n<\/div>\n<div class=\"td_social_type td-pb-margin-side td_social_rss\">\n<div class=\"td-social-box\"><span class=\"td_social_info td_social_info_counter\">12,506<\/span><span class=\"td_social_info td_social_info_name\">Cititori<\/span><span class=\"td_social_button\"><a href=\"https:\/\/orasul-timisoara.ro\/feed\/\" target=\"_blank\" rel=\"nofollow\">Conecta\u021bi-v\u0103<\/a><\/span><\/div>\n<\/div>\n<div class=\"td_social_type td-pb-margin-side td_social_tiktok\">\n<div class=\"td-social-box\"><span class=\"td_social_info td_social_info_counter\">1,500<\/span><span class=\"td_social_info td_social_info_name\">Cititori<\/span><span class=\"td_social_button\"><a href=\"https:\/\/www.tiktok.com\/@orasultimisoara\" target=\"_blank\" rel=\"nofollow\">Conecta\u021bi-v\u0103<\/a><\/span><\/div>\n<\/div>\n<div class=\"td_social_type td-pb-margin-side td_social_twitter\">\n<div class=\"td-social-box\"><span class=\"td_social_info td_social_info_counter\">1,595<\/span><span class=\"td_social_info td_social_info_name\">Cititori<\/span><span class=\"td_social_button\"><a href=\"https:\/\/twitter.com\/orasultm\" target=\"_blank\" rel=\"nofollow\">Conecta\u021bi-v\u0103<\/a><\/span><\/div>\n<\/div>\n<div class=\"td_social_type td-pb-margin-side td_social_youtube\">\n<div class=\"td-social-box\"><span class=\"td_social_info td_social_info_counter\">3,506<\/span><span class=\"td_social_info td_social_info_name\">Abona\u021bi<\/span><span class=\"td_social_button\"><a href=\"https:\/\/www.youtube.com\/channel\/UCQNsQvs2XCSIm1Z-AHRturw?sub_confirmation=1\" target=\"_blank\" rel=\"nofollow\">Abona\u021bi-v\u0103<\/a><\/span><\/div>\n<\/div>\n<\/div>\n<\/div>\n<aside id=\"text-7\" class=\"td_block_template_8 widget text-7 widget_text\">\n<h4 class=\"td-block-title\"><span>C\u0103ut\u0103ri populare pe OTM<\/span><\/h4>\n<div class=\"textwidget\"><a href=\"https:\/\/orasul-timisoara.ro\/?s=timisoara\"><span>Timisoara<\/span><\/a><a href=\"https:\/\/orasul-timisoara.ro\/?s=calin+dobra\"><span>Calin Dobra<\/span><\/a><a href=\"https:\/\/orasul-timisoara.ro\/?s=primaria+timisoara\"><span>Primaria Timisoara<\/span><\/a><a href=\"https:\/\/orasul-timisoara.ro\/?s=dominic+fritz\"><span>Dominic Fritz<\/span><\/a><a href=\"https:\/\/orasul-timisoara.ro\/?s=nicolae+robu\"><span>Nicolae Robu<\/span><\/a><a href=\"https:\/\/orasul-timisoara.ro\/?s=consiliul+local+timisoara\">Consiliul Local Timisoara<\/a><a href=\"https:\/\/orasul-timisoara.ro\/?s=consiliul+judetean+timis\"><span>Consiliul Judetean Timis<\/span><\/a><a href=\"https:\/\/orasul-timisoara.ro\/?s=cjt\"><span>CJT<\/span><\/a><a href=\"https:\/\/orasul-timisoara.ro\/?s=Alfred+Simonis\"><span>Alfred Simonis<\/span><\/a><a href=\"https:\/\/orasul-timisoara.ro\/?s=PNL\"><span>PNL<\/span><\/a><a href=\"https:\/\/orasul-timisoara.ro\/?s=coronavirus\"><span>coronavirus<\/span><\/a><a href=\"https:\/\/orasul-timisoara.ro\/?s=teatru+timisoara\">teatru Timisoara<\/a><a href=\"https:\/\/orasul-timisoara.ro\/?s=restaurante\"><span>restaurante Timisoara<\/span><\/a><a href=\"https:\/\/orasul-timisoara.ro\/?s=diskoteka\"><span>Diskoteka<\/span><\/a><a href=\"https:\/\/orasul-timisoara.ro\/?s=iulius+town\"><span>Iulius Town<\/span><\/a><a href=\"https:\/\/orasul-timisoara.ro\/?s=iulius+mall\"><span>Iulius Mall<\/span><\/a><a href=\"https:\/\/orasul-timisoara.ro\/?s=stpt\"><span>STPT<\/span><\/a><a href=\"https:\/\/orasul-timisoara.ro\/?s=alin+nica\"><span>Alin Nica<\/span><\/a><a href=\"https:\/\/orasul-timisoara.ro\/?s=psd\"><span>PSD<\/span><\/a><a href=\"https:\/\/orasul-timisoara.ro\/?s=aeroport\"><span>Aeroportul International Timisoara<\/span><\/a><a href=\"https:\/\/orasul-timisoara.ro\/?s=babes\"><span>Spitalul Victor Babes Timisoara<\/span><\/a><a href=\"https:\/\/orasul-timisoara.ro\/?s=poli\"><span>Poli Timi\u0219oara<\/span><\/a><a href=\"https:\/\/orasul-timisoara.ro\/?s=carantina\"><span>carantina<\/span><\/a><a href=\"https:\/\/orasul-timisoara.ro\/?s=aquatim\"><span>Aquatim<\/span><\/a><a href=\"https:\/\/orasul-timisoara.ro\/local-category\/stiri-timisoara\/\"><span>Stiri Timisoara<\/span><\/a><a href=\"https:\/\/orasul-timisoara.ro\/local-category\/investitii-in-timisoara\/\"><span>Investi\u021bii in Timi\u0219oara<\/span><\/a><a href=\"https:\/\/orasul-timisoara.ro\/local-9463\/\"><span>shaorma<\/span><\/a><a href=\"https:\/\/orasul-timisoara.ro\/?s=trafic\"><span>trafic rutier<\/span><\/a><a href=\"https:\/\/orasul-timisoara.ro\/?s=politia\"><span>politia locala timisoara<\/span><\/a><a href=\"https:\/\/orasul-timisoara.ro\/?s=roxana\"><span>Roxana Iliescu<\/span><\/a><a href=\"https:\/\/orasul-timisoara.ro\/?s=colterm\"><span>Colterm<\/span><\/a><a href=\"https:\/\/orasul-timisoara.ro\/?s=latcau\"><span>Ruben La\u021bc\u0103u<\/span><\/a><a href=\"https:\/\/orasul-timisoara.ro\/?s=timis\"><span>\u0218tiri din Timi\u0219<\/span><\/a><a href=\"https:\/\/orasul-timisoara.ro\/?s=spital\"><span>Spitale din Timi\u0219oara<\/span><\/a><a href=\"https:\/\/orasul-timisoara.ro\/?s=tabara\"><span>Cosmin Tab\u0103r\u0103<\/span><\/a><\/div>\n<\/aside>\n<aside id=\"rss-2\" class=\"td_block_template_8 widget rss-2 widget_rss\">\n<h4 class=\"td-block-title\"><span><a class=\"rsswidget rss-widget-feed\" href=\"https:\/\/fashionfridays.ro\/feed\"><img decoding=\"async\" class=\"rss-widget-icon\" width=\"14\" height=\"14\" src=\"https:\/\/orasul-timisoara.ro\/wp-includes\/images\/rss.png\" alt=\"RSS\" loading=\"lazy\"><\/a><a class=\"rsswidget rss-widget-title\" href=\"https:\/\/fashionfridays.ro\/\">Fashion Fridays<\/a><\/span><\/h4>\n<ul>\n<li><a class=\"rsswidget\" href=\"https:\/\/fashionfridays.ro\/crocs-lanseaza-crocband-gum-clog-confort-iconic-cu-influente-retro-sport-pentru-primavara\/\">Crocs lanseaz\u0103 Crocband Gum Clog: confort iconic cu influen\u021be retro-sport pentru prim\u0103var\u0103<\/a>\n<div class=\"rssSummary\">Martie marcheaz\u0103 acel moment al anului \u00een care stilul \u00eencepe s\u0103 se relaxeze. Zilele devin mai lungi, ritmul ora\u0219ului se schimb\u0103, iar garderoba face tranzi\u021bia c\u0103tre piese care pun confortul pe primul loc, f\u0103r\u0103 s\u0103 renun\u021be la atitudine. Este sezonul \u00een care autenticitatea devine declara\u021bie de stil, iar alegerile vestimentare reflect\u0103 mai mult ca oric\u00e2nd [\u2026]<\/div>\n<\/li>\n<\/ul>\n<\/aside>\n<aside id=\"rss-4\" class=\"td_block_template_8 widget rss-4 widget_rss\">\n<h4 class=\"td-block-title\"><span><a class=\"rsswidget rss-widget-feed\" href=\"https:\/\/emasini.ro\/feed\"><img decoding=\"async\" class=\"rss-widget-icon\" width=\"14\" height=\"14\" src=\"https:\/\/orasul-timisoara.ro\/wp-includes\/images\/rss.png\" alt=\"RSS\" loading=\"lazy\"><\/a><a class=\"rsswidget rss-widget-title\" href=\"https:\/\/emasini.ro\/\">eMasini<\/a><\/span><\/h4>\n<ul>\n<li><a class=\"rsswidget\" href=\"https:\/\/emasini.ro\/traficul-rutier-sub-analiza-recensamant-national-pentru-modernizarea-infrastructurii\/\">Traficul rutier, sub analiz\u0103: recens\u0103m\u00e2nt na\u021bional pentru modernizarea infrastructurii<\/a>\n<div class=\"rssSummary\">Compania Na\u021bional\u0103 de Administrare a Infrastructurii Rutiere, prin Centrul de Studii Tehnice Rutiere \u0219i Informatic\u0103, preg\u0103te\u0219te una dintre cele mai importante ac\u021biuni de colectare de date din domeniul transporturilor: Recens\u0103m\u00e2ntul General de Circula\u021bie Rutier\u0103. Demersul are un rol strategic \u00een fundamentarea deciziilor privind dezvoltarea \u0219i modernizarea infrastructurii rutiere din Rom\u00e2nia. Ac\u021biunea este coordonat\u0103 de CNAIR, [\u2026]<\/div>\n<\/li>\n<\/ul>\n<\/aside>\n<\/div>\n<\/div>\n<\/div>\n<\/div>\n<\/article>\n<div class=\"td-post-content tagdiv-type\">\n<p>Prim\u0103ria Prim\u0103ria Municipiului Timi\u0219oara anun\u021b\u0103 continuarea ac\u021biunilor de dezinsec\u021bie la nivelul ora\u0219ului, \u00een luna mai, \u00een cadrul unui program dedicat combaterii \u021b\u00e2n\u021barilor, c\u0103pu\u0219elor \u0219i larvelor acestora. Interven\u021biile sunt programate \u00een perioada 4\u201312 mai 2026 \u0219i vor viza domeniul public din Timi\u0219oara.<\/p>\n<p>Autorit\u0103\u021bile locale precizeaz\u0103 c\u0103 lucr\u0103rile se vor desf\u0103\u0219ura pe timpul nop\u021bii, \u00een intervalul orar 21:00 \u2013 06:00, pentru a limita disconfortul popula\u021biei. \u00cen acest context, cet\u0103\u021benii sunt sf\u0103tui\u021bi s\u0103 evite zonele \u00een care au loc pulveriz\u0103rile, mai ales \u00een timpul desf\u0103\u0219ur\u0103rii opera\u021biunilor. Recomandarea este adresat\u0103 \u00een mod special copiilor, persoanelor v\u00e2rstnice \u0219i celor care sufer\u0103 de afec\u021biuni respiratorii, cardiace sau alergii la substan\u021be chimice.<\/p>\n<p>Totodat\u0103, apicultorii sunt ruga\u021bi s\u0103 ia m\u0103suri de protec\u021bie a familiilor de albine, inclusiv prin relocarea stupilor \u00een afara perimetrelor \u00een care se efectueaz\u0103 tratamentele, pentru a preveni eventuale pierderi.<\/p>\n<p>Potrivit administra\u021biei locale, substan\u021bele utilizate \u00een cadrul acestor ac\u021biuni sunt aprobate de Ministerul S\u0103n\u0103t\u0103\u021bii \u0219i incluse \u00een registrul na\u021bional al produselor biocide destinate profilaxiei sanitar-umane. Printre produsele folosite se num\u0103r\u0103 Cymina Super \u0219i Vectobac WG, \u00eencadrate \u00een grupa III de toxicitate, destinat\u0103 pesticidelor non-agricole.<\/p>\n<p>Reprezentan\u021bii Prim\u0103riei subliniaz\u0103 c\u0103 interven\u021biile sunt realizate de personal specializat, autorizat conform legisla\u021biei \u00een vigoare \u0219i echipat corespunz\u0103tor. Scopul acestor ac\u021biuni este reducerea riscurilor pentru s\u0103n\u0103tatea public\u0103, \u00een contextul sezonului cald, c\u00e2nd popula\u021biile de insecte pot cre\u0219te semnificativ.<\/p>\n<p>\u00cen cazul \u00een care condi\u021biile meteorologice vor fi nefavorabile, programul de dezinsec\u021bie va fi reprogramat.<\/p>\n<\/div>\n<p>[analyse_source url=&#8221;https:\/\/orasul-timisoara.ro\/local-38398\/&#8221;]<\/p>\n","protected":false},"excerpt":{"rendered":"<p>[analyse_image type=&#8221;featured&#8221; src=&#8221;https:\/\/orasul-timisoara.ro\/wp-content\/uploads\/2026\/04\/dezinsectie-001.jpg&#8221;] Administra\u021bie local\u0103Dezinsec\u021bie \u00een Timi\u0219oara: tratamente \u00eempotriva \u021b\u00e2n\u021barilor \u0219i c\u0103pu\u0219elor, \u00een perioada 4\u201312 mai Administra\u021bie local\u0103 Investitii in Timisoara S\u0103n\u0103tate \u0218tiri Locale Dezinsec\u021bie \u00een Timi\u0219oara: tratamente \u00eempotriva \u021b\u00e2n\u021barilor \u0219i c\u0103pu\u0219elor, \u00een perioada 4\u201312 mai De c\u0103tre redactia &#8211; 26\/04\/2026 Facebook Twitter WhatsApp Linkedin ReddIt Email Imprimare Prim\u0103ria Prim\u0103ria Municipiului Timi\u0219oara anun\u021b\u0103 continuarea ac\u021biunilor [&hellip;]<\/p>\n","protected":false},"author":1,"featured_media":0,"comment_status":"open","ping_status":"","sticky":false,"template":"","format":"standard","meta":{"footnotes":""},"categories":[89],"tags":[226,189],"class_list":["post-1903927","post","type-post","status-publish","format-standard","hentry","category-romania","tag-crawlmanager","tag-orasul-timisoara-ro"],"_links":{"self":[{"href":"https:\/\/analyse.optim.biz\/index.php?rest_route=\/wp\/v2\/posts\/1903927","targetHints":{"allow":["GET"]}}],"collection":[{"href":"https:\/\/analyse.optim.biz\/index.php?rest_route=\/wp\/v2\/posts"}],"about":[{"href":"https:\/\/analyse.optim.biz\/index.php?rest_route=\/wp\/v2\/types\/post"}],"author":[{"embeddable":true,"href":"https:\/\/analyse.optim.biz\/index.php?rest_route=\/wp\/v2\/users\/1"}],"replies":[{"embeddable":true,"href":"https:\/\/analyse.optim.biz\/index.php?rest_route=%2Fwp%2Fv2%2Fcomments&post=1903927"}],"version-history":[{"count":0,"href":"https:\/\/analyse.optim.biz\/index.php?rest_route=\/wp\/v2\/posts\/1903927\/revisions"}],"wp:attachment":[{"href":"https:\/\/analyse.optim.biz\/index.php?rest_route=%2Fwp%2Fv2%2Fmedia&parent=1903927"}],"wp:term":[{"taxonomy":"category","embeddable":true,"href":"https:\/\/analyse.optim.biz\/index.php?rest_route=%2Fwp%2Fv2%2Fcategories&post=1903927"},{"taxonomy":"post_tag","embeddable":true,"href":"https:\/\/analyse.optim.biz\/index.php?rest_route=%2Fwp%2Fv2%2Ftags&post=1903927"}],"curies":[{"name":"wp","href":"https:\/\/api.w.org\/{rel}","templated":true}]}}