{"id":190391,"date":"2014-12-15T15:00:26","date_gmt":"2014-12-15T12:00:26","guid":{"rendered":"https:\/\/analyse.optim.biz\/?p=190391"},"modified":"2014-12-15T15:00:26","modified_gmt":"2014-12-15T12:00:26","slug":"kelemen-hunor-dam-un-cec-in-alb-premierului-victor-ponta","status":"publish","type":"post","link":"https:\/\/analyse.optim.biz\/?p=190391","title":{"rendered":"Kelemen Hunor: \u201eD\u0103m un cec \u00een alb premierului Victor Ponta\u201d"},"content":{"rendered":"<div class=\"entry data-app-meta data-app-meta-article\" data-embed-base-url-canonical=\"https:\/\/www.digi24.ro\/embed\/stiri\/actualitate\/politica\/kelemen-hunor-dam-un-cec-in-alb-premierului-victor-ponta-335314\">\n<p data-index=\"1\"><strong>UPDATE 16.20\u00a0<\/strong><\/p>\n<p data-index=\"2\">Kelemen Hunor a declarat c\u0103 va sus\u021bine Guvernul Ponta IV. \u201e \u021ain\u00e2nd cont c\u0103 nu am fost da\u021bi afar\u0103 de la Guvern, ci am plecat benevol am decis s\u0103 d\u0103m un cec \u00een alb premierului Victor Ponta\u201d, a declarat Kelemen Hunor.\u00a0<\/p>\n<hr>\n<p data-index=\"3\">\u201eI-am prezentat (lui\u00a0Victor Ponta, n.r.) problemele din jude\u0163ul Covasna pentru c\u0103 noi consider\u0103m c\u0103 rela\u0163iile interetnice nu trebuie s\u0103 sufere \u015fi nu trebuie stricate mai mult dec\u00e2t a stricat prefectul din Covasna, doar din cauz\u0103 c\u0103 noi am ie\u015fit de la guvernare. Deci am prezentat aceast\u0103 situa\u0163ie premierului\u201d,\u00a0a spus Kelemen, dup\u0103 ce a discutat cu Ponta la Parlament.<\/p>\n<p data-index=\"4\">\u00centrebat dac\u0103 i-a spus lui Ponta c\u0103 UDMR va sus\u0163ine noua structur\u0103 a Guvernului, Kelemen Hunor a precizat: \u201eNu, am spus c\u0103 merg la \u015fedin\u0163a de grup acum \u015fi vom discuta acolo\u201d.<\/p>\n<p data-index=\"5\"><strong>El a precizat c\u0103 va face anun\u0163ul privind sus\u0163inerea sau nu \u00een Parlament a Guvernului Ponta 4 dup\u0103 \u015fedin\u0163a grupurilor UDMR, care se vor reuni imediat la Parlament.\u00a0<\/strong>\u00centrebat ce s-a schimbat de la momentul \u00een care a spus c\u0103 UDMR iese de la guvernare, dar va vota Guvernului Ponta 4, Kelemen a spus: \u201eS-a schimbat ceea ce \u015fti\u0163i \u015fi dumneavostr\u0103, s-a schimbat la Covasna \u015fi din cauza unui singur om. Altceva nu s-a schimbat\u201d.<\/p>\n<p data-index=\"6\">Dup\u0103 ce a f\u0103cut aceast\u0103 declara\u0163ie, Kelemen a mers la sala de grup, pentru a se \u00eent\u00e2lni cu parlamentarii UDMR \u015fi a discuta dac\u0103 voteaz\u0103 sau nu Guvernul Ponta 4.<\/p>\n<h2 id=\"highlight-335314-1\"><a href=\"https:\/\/www.digi24.ro\/Stiri\/Digi24\/Actualitate\/Social\/Primarul+din+Sfantu+Gheorghe+somat+de+prefect+sa+inlature+steagu\" target=\"_blank\" data-skip-linkfix=\"1\" rel=\"noopener\">Primarul din Sf\u00e2ntu Gheorghe, somat de prefect s\u0103 \u00eenl\u0103ture steagul secuiesc din parcul din ora\u015f<\/a><\/h2>\n<p data-index=\"7\">S\u0103pt\u0103m\u00e2na trecut\u0103, Partidul Civic Maghiar (PCM) Covasna a fost amendat de Prefectur\u0103 cu 5.000 de lei pentru intonarea imnului Ungariei la o manifestare public\u0103 organizat\u0103, \u00een 4 iunie, \u00een municipiul Sf\u00e2ntu Gheorghe, cu prilejul Zilei solidarit\u0103\u0163ii na\u0163ionale a maghiarilor \u015fi comemor\u0103rii Tratatului de la Trianon.<\/p>\n<p data-index=\"8\">Pre\u015fedintele UDMR, Kelemen Hunor, a declarat, s\u00e2mb\u0103t\u0103, la Consiliul Reprezentan\u0163ilor Unionali de la T\u00e2rgu Mure\u015f, c\u0103 de c\u00e2nd Uniunea a anun\u0163at c\u0103 vrea s\u0103 ias\u0103 de la guvernare s-au \u00eenregistrat incidente legate de amendarea unor lideri ai comunit\u0103\u0163ii maghiare de c\u0103tre prefec\u0163i, f\u0103c\u00e2nd referire la amenda dat\u0103 PCM de prefectul din Covasna, Marius Popica.\u00a0<\/p>\n<p data-index=\"9\">El a ad\u0103ugat c\u0103 i-a semnalat premierului Victor Ponta aceste probleme.<\/p>\n<\/div>\n<p> Source URL: https:\/\/www.digi24.ro\/stiri\/actualitate\/politica\/kelemen-hunor-dam-un-cec-in-alb-premierului-victor-ponta-335314<\/p>\n","protected":false},"excerpt":{"rendered":"<p>UPDATE 16.20\u00a0 Kelemen Hunor a declarat c\u0103 va sus\u021bine Guvernul Ponta IV. \u201e \u021ain\u00e2nd cont c\u0103 nu am fost da\u021bi afar\u0103 de la Guvern, ci am plecat benevol am decis s\u0103 d\u0103m un cec \u00een alb premierului Victor Ponta\u201d, a declarat Kelemen Hunor.\u00a0 \u201eI-am prezentat (lui\u00a0Victor Ponta, n.r.) problemele din jude\u0163ul Covasna pentru c\u0103 noi [&hellip;]<\/p>\n","protected":false},"author":1,"featured_media":190392,"comment_status":"open","ping_status":"","sticky":false,"template":"","format":"standard","meta":{"footnotes":""},"categories":[2],"tags":[11],"class_list":["post-190391","post","type-post","status-publish","format-standard","has-post-thumbnail","hentry","category-politics","tag-digi24"],"_links":{"self":[{"href":"https:\/\/analyse.optim.biz\/index.php?rest_route=\/wp\/v2\/posts\/190391","targetHints":{"allow":["GET"]}}],"collection":[{"href":"https:\/\/analyse.optim.biz\/index.php?rest_route=\/wp\/v2\/posts"}],"about":[{"href":"https:\/\/analyse.optim.biz\/index.php?rest_route=\/wp\/v2\/types\/post"}],"author":[{"embeddable":true,"href":"https:\/\/analyse.optim.biz\/index.php?rest_route=\/wp\/v2\/users\/1"}],"replies":[{"embeddable":true,"href":"https:\/\/analyse.optim.biz\/index.php?rest_route=%2Fwp%2Fv2%2Fcomments&post=190391"}],"version-history":[{"count":0,"href":"https:\/\/analyse.optim.biz\/index.php?rest_route=\/wp\/v2\/posts\/190391\/revisions"}],"wp:featuredmedia":[{"embeddable":true,"href":"https:\/\/analyse.optim.biz\/index.php?rest_route=\/wp\/v2\/media\/190392"}],"wp:attachment":[{"href":"https:\/\/analyse.optim.biz\/index.php?rest_route=%2Fwp%2Fv2%2Fmedia&parent=190391"}],"wp:term":[{"taxonomy":"category","embeddable":true,"href":"https:\/\/analyse.optim.biz\/index.php?rest_route=%2Fwp%2Fv2%2Fcategories&post=190391"},{"taxonomy":"post_tag","embeddable":true,"href":"https:\/\/analyse.optim.biz\/index.php?rest_route=%2Fwp%2Fv2%2Ftags&post=190391"}],"curies":[{"name":"wp","href":"https:\/\/api.w.org\/{rel}","templated":true}]}}