{"id":190388,"date":"2014-12-15T16:12:20","date_gmt":"2014-12-15T13:12:20","guid":{"rendered":"https:\/\/analyse.optim.biz\/?p=190388"},"modified":"2014-12-15T16:12:20","modified_gmt":"2014-12-15T13:12:20","slug":"traian-basescu-isi-elibereaza-din-functie-consilierii","status":"publish","type":"post","link":"https:\/\/analyse.optim.biz\/?p=190388","title":{"rendered":"Traian B\u0103sescu \u00ee\u0219i elibereaz\u0103 din func\u021bie consilierii"},"content":{"rendered":"<div class=\"entry data-app-meta data-app-meta-article\" data-embed-base-url-canonical=\"https:\/\/www.digi24.ro\/embed\/stiri\/actualitate\/politica\/traian-basescu-isi-elibereaza-din-functie-consilierii-335390\">\n<p data-index=\"1\"><img decoding=\"async\" src=\"https:\/\/analyse.optim.biz\/wp-content\/uploads\/2024\/09\/jnc9odawjmhhc2g9zdgyn2viy2q0n2u5ztm2odhlmguyzgq1n2q5ymm3ogi-thumb_.jpg\" data-skip-htmlfix=\"1\" title=\"jnc9odawjmhhc2g9zdgyn2viy2q0n2u5ztm2odhlmguyzgq1n2q5ymm3ogi-thumb_\"><\/p>\n<p data-index=\"2\">Potrivit unul comunicat de pres\u0103 al Administra\u0163iei Preziden\u0163iale, pre\u015fedintele Traian B\u0103sescu a semnat eliberarea din func\u0163ie, \u00eencep\u00e2nd cu data de 22 decembrie, a consilierilor preziden\u0163iali Iulian Fota, Iulian Chifu, Claudiu-Constantin Dinu, Anca-Ileana Ilinoiu, Bogdan-Alexandru Dr\u0103goi \u0219i Bogdan M\u0103noiu, precum \u0219i pentru consilierii de stat Dorel-Constantin Onaca \u0219i Anca-Carmen C\u0103t\u0103nescu.<\/p>\n<p data-index=\"3\">Pre\u015fedintele a mai semnat deciziile pentru eliberarea din func\u0163ie a consilierilor de stat <span>Dorel-Constantin Onaca \u0219i Anca-Carmen C\u0103t\u0103nescu.<\/span><\/p>\n<p data-index=\"4\">&#8220;<strong>Pre\u0219edintele Rom\u00e2niei, domnul Traian B\u0103sescu, a semnat luni, 15 decembrie a.c., urm\u0103toarele decrete:<\/strong><\/p>\n<p data-index=\"5\"><strong>\u2022 Decret pentru eliberarea din func\u0163ia de consilier preziden\u0163ial a domnului Iulian Fota, \u00eencep\u00e2nd cu data de 22 decembrie 2014;<\/strong><br \/><strong>\u2022 Decret pentru eliberarea din func\u0163ia de consilier preziden\u0163ial a domnului Iulian Chifu, \u00eencep\u00e2nd cu data de 22 decembrie 2014;<\/strong><br \/><strong>\u2022 Decret pentru eliberarea din func\u0163ia de consilier preziden\u0163ial a domnului Claudiu-Constantin Dinu, \u00eencep\u00e2nd cu data de 22 decembrie 2014;<\/strong><br \/><strong>\u2022 Decret pentru eliberarea din func\u0163ia de consilier preziden\u0163ial a doamnei Anca-Ileana Ilinoiu, \u00eencep\u00e2nd cu data de 22 decembrie 2014;<\/strong><br \/><strong>\u2022 Decret pentru eliberarea din func\u0163ia de consilier preziden\u0163ial a domnului Bogdan-Alexandru Dr\u0103goi, \u00eencep\u00e2nd cu data de 22 decembrie 2014;<\/strong><br \/><strong>\u2022 Decret pentru eliberarea din func\u0163ia de consilier preziden\u0163ial a domnului Bogdan M\u0103noiu, \u00eencep\u00e2nd cu data de 22 decembrie 2014.<\/strong><\/p>\n<p><strong>De asemenea, pre\u0219edintele Rom\u00e2niei, domnul Traian B\u0103sescu, a semnat luni, 15 decembrie a.c., urm\u0103toarele decizii:<\/strong><\/p>\n<p><strong>\u2022 Decizie pentru eliberarea din func\u0163ia de consilier de stat a domnului Dorel-Constantin Onaca, \u00eencep\u00e2nd cu data de 22 decembrie 2014;<\/strong><br \/><strong>\u2022 Decizie pentru eliberarea din func\u0163ia de consilier de stat a doamnei Anca-Carmen C\u0103t\u0103nescu, \u00eencep\u00e2nd cu data de 22 decembrie 2014.<\/strong>&#8221; se arat\u0103 \u00een comunicatul de pres\u0103 postat pe site-ul Administra\u021biei Preziden\u021biale.<\/p>\n<\/div>\n<p> Source URL: https:\/\/www.digi24.ro\/stiri\/actualitate\/politica\/traian-basescu-isi-elibereaza-din-functie-consilierii-335390<\/p>\n","protected":false},"excerpt":{"rendered":"<p>Potrivit unul comunicat de pres\u0103 al Administra\u0163iei Preziden\u0163iale, pre\u015fedintele Traian B\u0103sescu a semnat eliberarea din func\u0163ie, \u00eencep\u00e2nd cu data de 22 decembrie, a consilierilor preziden\u0163iali Iulian Fota, Iulian Chifu, Claudiu-Constantin Dinu, Anca-Ileana Ilinoiu, Bogdan-Alexandru Dr\u0103goi \u0219i Bogdan M\u0103noiu, precum \u0219i pentru consilierii de stat Dorel-Constantin Onaca \u0219i Anca-Carmen C\u0103t\u0103nescu. Pre\u015fedintele a mai semnat deciziile pentru [&hellip;]<\/p>\n","protected":false},"author":1,"featured_media":190389,"comment_status":"open","ping_status":"","sticky":false,"template":"","format":"standard","meta":{"footnotes":""},"categories":[2],"tags":[11],"class_list":["post-190388","post","type-post","status-publish","format-standard","has-post-thumbnail","hentry","category-politics","tag-digi24"],"_links":{"self":[{"href":"https:\/\/analyse.optim.biz\/index.php?rest_route=\/wp\/v2\/posts\/190388","targetHints":{"allow":["GET"]}}],"collection":[{"href":"https:\/\/analyse.optim.biz\/index.php?rest_route=\/wp\/v2\/posts"}],"about":[{"href":"https:\/\/analyse.optim.biz\/index.php?rest_route=\/wp\/v2\/types\/post"}],"author":[{"embeddable":true,"href":"https:\/\/analyse.optim.biz\/index.php?rest_route=\/wp\/v2\/users\/1"}],"replies":[{"embeddable":true,"href":"https:\/\/analyse.optim.biz\/index.php?rest_route=%2Fwp%2Fv2%2Fcomments&post=190388"}],"version-history":[{"count":0,"href":"https:\/\/analyse.optim.biz\/index.php?rest_route=\/wp\/v2\/posts\/190388\/revisions"}],"wp:featuredmedia":[{"embeddable":true,"href":"https:\/\/analyse.optim.biz\/index.php?rest_route=\/wp\/v2\/media\/190389"}],"wp:attachment":[{"href":"https:\/\/analyse.optim.biz\/index.php?rest_route=%2Fwp%2Fv2%2Fmedia&parent=190388"}],"wp:term":[{"taxonomy":"category","embeddable":true,"href":"https:\/\/analyse.optim.biz\/index.php?rest_route=%2Fwp%2Fv2%2Fcategories&post=190388"},{"taxonomy":"post_tag","embeddable":true,"href":"https:\/\/analyse.optim.biz\/index.php?rest_route=%2Fwp%2Fv2%2Ftags&post=190388"}],"curies":[{"name":"wp","href":"https:\/\/api.w.org\/{rel}","templated":true}]}}