{"id":1903453,"date":"2026-04-26T08:35:55","date_gmt":"2026-04-26T05:35:55","guid":{"rendered":"https:\/\/analyse.optim.biz\/?p=1903453"},"modified":"2026-04-26T08:35:55","modified_gmt":"2026-04-26T05:35:55","slug":"regal-de-yachting-european-la-constanta","status":"publish","type":"post","link":"https:\/\/analyse.optim.biz\/?p=1903453","title":{"rendered":"Regal de yachting european la Constan\u021ba"},"content":{"rendered":"<p>[analyse_image type=&#8221;featured&#8221; src=&#8221;https:\/\/dobrogeanews.b-cdn.net\/wp-content\/uploads\/2026\/04\/regal-de-yachting-la-constanta.jpg&#8221;]<\/p>\n<div id=\"post-70248\" class=\"entry single-default post-70248 post type-post status-publish format-standard has-post-thumbnail hentry category-constanta category-info\">\n<div>\n<div class=\"ss-follow-wrapper ss-clearfix ss-regular-buttons ss-columns-1 ss-default-style\">\n<div class=\"ss-follow-column\" data-ss-sf-network-id='\"facebook\"'><a href=\"https:\/\/www.facebook.com\/dobrogeanews\" class=\"ss-follow-network ss-facebook-color\" rel=\"nofollow noopener\" aria-label=\"facebook\" target=\"_blank\"><span class=\"ss-follow-network-label\">Urm\u0103re\u015fte-ne \u015fi pe Facebook!<\/span><span class=\"ss-follow-network-count\"><span class=\"ss-follow-network-count-number\">57K<\/span><span class=\"ss-follow-network-count-label\">Followers<\/span><\/span><\/a><\/div>\n<\/div>\n<\/div>\n<p>Sloganul acesta marcheaz\u0103 un moment istoric pentru sporturile nautice din Rom\u00e2nia: \u00een perioada <strong>5\u201310 mai 2026<\/strong>, ora\u0219ul Constan\u021ba devine centrul aten\u021biei \u00een lumea velelor europene prin g\u0103zduirea simultan\u0103 a dou\u0103 competi\u021bii de anvergur\u0103. Evenimentul propulseaz\u0103 Constan\u021ba \u00een liga marilor destina\u021bii de yachting, oferind nu doar spectacol nautic, ci \u0219i un test major pentru sportivii rom\u00e2ni \u00eenaintea campionatelor na\u021bionale.<\/p>\n<figure class=\"wp-block-image size-full is-resized\">\n<source type=\"image\/webp\" data-lazy-srcset=\"https:\/\/dobrogeanews.b-cdn.net\/wp-content\/uploads\/2026\/04\/regal-de-yachting-la-constanta2.jpg.webp 2560w, https:\/\/dobrogeanews.b-cdn.net\/wp-content\/uploads\/2026\/04\/regal-de-yachting-la-constanta2-300x172.jpg.webp 300w, https:\/\/dobrogeanews.b-cdn.net\/wp-content\/uploads\/2026\/04\/regal-de-yachting-la-constanta2-1024x587.jpg.webp 1024w, https:\/\/dobrogeanews.b-cdn.net\/wp-content\/uploads\/2026\/04\/regal-de-yachting-la-constanta2-768x440.jpg.webp 768w, https:\/\/dobrogeanews.b-cdn.net\/wp-content\/uploads\/2026\/04\/regal-de-yachting-la-constanta2-1536x881.jpg.webp 1536w, https:\/\/dobrogeanews.b-cdn.net\/wp-content\/uploads\/2026\/04\/regal-de-yachting-la-constanta2-2048x1174.jpg.webp 2048w\" sizes=\"(max-width: 640px) 100vw, 640px\" \/><br \/>\n<img loading=\"lazy\" decoding=\"async\" src=\"https:\/\/dobrogeanews.b-cdn.net\/wp-content\/uploads\/2026\/04\/regal-de-yachting-la-constanta2.jpg\" alt=\"Constan\u021ba yachting\" width=\"640\" height=\"367\"><\/figure>\n<p>*Peste 50 sportivi din Rom\u00e2nia, Slovacia, Ucraina, Serbia, Bulgaria, Republica Moldova \u0219i Austria sunt \u00eenscri\u0219i \u00een competi\u021bii.<\/p>\n<p>*Dou\u0103 competi\u021bii desf\u0103\u0219urate simultan, \u00een perioada 5-10 mai, EurILCA Europa Cup 2026 \u2013 Constan\u021ba Stage \u0219i Regata Interna\u021bional\u0103 Optimist.<\/p>\n<figure class=\"wp-block-image size-full is-resized\">\n<source type=\"image\/webp\" data-lazy-srcset=\"https:\/\/dobrogeanews.b-cdn.net\/wp-content\/uploads\/2026\/04\/regal-de-yachting-la-constanta.jpg.webp 2560w, https:\/\/dobrogeanews.b-cdn.net\/wp-content\/uploads\/2026\/04\/regal-de-yachting-la-constanta-300x246.jpg.webp 300w, https:\/\/dobrogeanews.b-cdn.net\/wp-content\/uploads\/2026\/04\/regal-de-yachting-la-constanta-1024x840.jpg.webp 1024w, https:\/\/dobrogeanews.b-cdn.net\/wp-content\/uploads\/2026\/04\/regal-de-yachting-la-constanta-768x630.jpg.webp 768w, https:\/\/dobrogeanews.b-cdn.net\/wp-content\/uploads\/2026\/04\/regal-de-yachting-la-constanta-1536x1260.jpg.webp 1536w, https:\/\/dobrogeanews.b-cdn.net\/wp-content\/uploads\/2026\/04\/regal-de-yachting-la-constanta-2048x1680.jpg.webp 2048w\" sizes=\"(max-width: 640px) 100vw, 640px\" \/><br \/>\n<img loading=\"lazy\" decoding=\"async\" src=\"https:\/\/dobrogeanews.b-cdn.net\/wp-content\/uploads\/2026\/04\/regal-de-yachting-la-constanta.jpg\" alt=\"Constan\u021ba yachting 2026\" width=\"640\" height=\"525\"><\/figure>\n<p>Chiar \u00eenainte de start, cele dou\u0103 competi\u021bii interna\u021bionale de yachting, EurILCA Europa Cup 2026 \u2013 Constan\u021ba Stage \u0219i Regata Optimist SEANERGYA \u2013 SAILING 4 FUN, organizate de Federa\u021bia Rom\u00e2n\u0103 de Yachting, atrag un interes interna\u021bional puternic \u0219i confirm\u0103 prezen\u021ba la start a sportivilor interna\u021bionali din 6 \u021b\u0103ri. P\u00e2n\u0103 \u00een acest moment,s-au \u00eenscris peste 50 de concuren\u021bi din Slovacia, Ucraina, Serbia, Bulgaria, Republica Moldova \u0219i Austria, al\u0103turi de reprezentan\u021bii Rom\u00e2niei.<\/p>\n<p>Se anun\u021b\u0103, astfel, o competi\u021bie dinamic\u0103, cu un nivel ridicat de performan\u021b\u0103 \u0219i un spectacol nautic pe m\u0103sur\u0103, dar \u0219i o experien\u021b\u0103 complet\u0103 pentru participan\u021bi \u0219i spectatori deopotriv\u0103.<\/p>\n<p>Pentru sportivii rom\u00e2ni, competi\u021bia reprezint\u0103 un test important \u00eenaintea debutului sezonului competi\u021bional na\u021bional, fiind considerat\u0103 o oportunitate ideal\u0103 de \u201e\u00eenc\u0103lzire\u201d \u0219i evaluare a nivelului de preg\u0103tire.<\/p>\n<p>Un element important al evenimentului este prezen\u021ba oficialilor interna\u021bionali, printre care Jean-Luc Michon, Chairperson al Asocia\u021biei EURILCA, a c\u0103rui participare arat\u0103 importan\u021ba competi\u021biei \u00een<br \/>calendarul yachtingului european.<\/p>\n<div class=\"monsterinsights-inline-popular-posts monsterinsights-inline-popular-posts-charlie monsterinsights-popular-posts-styled\">\n<div class=\"monsterinsights-inline-popular-posts-text\"><span class=\"monsterinsights-inline-popular-posts-label\">Vezi \u0219i:<\/span><\/p>\n<div class=\"monsterinsights-inline-popular-posts-post\"><a class=\"monsterinsights-inline-popular-posts-title\" href=\"https:\/\/www.dobrogeanews.ro\/la-babadag-eleviii-continua-sa-primeasca-pachetele-alimentare-prin-programul-national-masa-sanatoasa\/\">La Babadag, elevii continu\u0103 s\u0103 primeasc\u0103 pachetele alimentare prin Programul Na\u021bional \u201eMas\u0103 s\u0103n\u0103toas\u0103\u201d<\/a><\/div>\n<div class=\"monsterinsights-inline-popular-posts-post\"><a class=\"monsterinsights-inline-popular-posts-title\" href=\"https:\/\/www.dobrogeanews.ro\/primaria-tulcea-amenajeaza-un-parc-urban-de-peste-3-700-mp-in-zona-aquaserv-pe-strada-babadag-proiect-finantat-din-fonduri-europene\/\">Prim\u0103ria Tulcea amenajeaz\u0103 un Parc Urban de peste 3.700 mp \u00een zona Aquaserv, pe strada Babadag. Proiect finan\u021bat din fonduri europene<\/a><\/div>\n<div class=\"monsterinsights-inline-popular-posts-post\"><a class=\"monsterinsights-inline-popular-posts-title\" href=\"https:\/\/www.dobrogeanews.ro\/la-baia-taxa-de-habitat-a-ramas-15-lei-luna-pers-adica-180-lei-an-am-votat-aplicarea-cotelor-minime-permise\/\">La Baia, taxa de habitat a r\u0103mas 15 lei\/lun\u0103\/pers, adic\u0103, 180 lei\/an. \u201eAm votat aplicarea cotelor minime permise\u201d<\/a><\/div>\n<\/div>\n<\/div>\n<p class=\"has-text-align-center has-white-color has-text-color has-background\"><span><a href=\"https:\/\/news.google.com\/publications\/CAAqBwgKMIu5pgsw88O-Aw?ceid=RO:ro&amp;oc=3\">Urm\u0103ri\u0163i \u015etirile Dobrogeanews \u015fi pe Google News<\/a><\/span><\/p>\n<\/div>\n<div id=\"post-70248\" class=\"entry single-default post-70248 post type-post status-publish format-standard has-post-thumbnail hentry category-constanta category-info\">\n<div>\n<div class=\"ss-follow-wrapper ss-clearfix ss-regular-buttons ss-columns-1 ss-default-style\">\n<div class=\"ss-follow-column\" data-ss-sf-network-id='\"facebook\"'><a href=\"https:\/\/www.facebook.com\/dobrogeanews\" class=\"ss-follow-network ss-facebook-color\" rel=\"nofollow noopener\" aria-label=\"facebook\" target=\"_blank\"><span class=\"ss-follow-network-label\">Urm\u0103re\u015fte-ne \u015fi pe Facebook!<\/span><span class=\"ss-follow-network-count\"><span class=\"ss-follow-network-count-number\">57K<\/span><span class=\"ss-follow-network-count-label\">Followers<\/span><\/span><\/a><\/div>\n<\/div>\n<\/div>\n<p>Sloganul acesta marcheaz\u0103 un moment istoric pentru sporturile nautice din Rom\u00e2nia: \u00een perioada <strong>5\u201310 mai 2026<\/strong>, ora\u0219ul Constan\u021ba devine centrul aten\u021biei \u00een lumea velelor europene prin g\u0103zduirea simultan\u0103 a dou\u0103 competi\u021bii de anvergur\u0103. Evenimentul propulseaz\u0103 Constan\u021ba \u00een liga marilor destina\u021bii de yachting, oferind nu doar spectacol nautic, ci \u0219i un test major pentru sportivii rom\u00e2ni \u00eenaintea campionatelor na\u021bionale.<\/p>\n<figure class=\"wp-block-image size-full is-resized\">\n<source type=\"image\/webp\" data-lazy-srcset=\"https:\/\/dobrogeanews.b-cdn.net\/wp-content\/uploads\/2026\/04\/regal-de-yachting-la-constanta2.jpg.webp 2560w, https:\/\/dobrogeanews.b-cdn.net\/wp-content\/uploads\/2026\/04\/regal-de-yachting-la-constanta2-300x172.jpg.webp 300w, https:\/\/dobrogeanews.b-cdn.net\/wp-content\/uploads\/2026\/04\/regal-de-yachting-la-constanta2-1024x587.jpg.webp 1024w, https:\/\/dobrogeanews.b-cdn.net\/wp-content\/uploads\/2026\/04\/regal-de-yachting-la-constanta2-768x440.jpg.webp 768w, https:\/\/dobrogeanews.b-cdn.net\/wp-content\/uploads\/2026\/04\/regal-de-yachting-la-constanta2-1536x881.jpg.webp 1536w, https:\/\/dobrogeanews.b-cdn.net\/wp-content\/uploads\/2026\/04\/regal-de-yachting-la-constanta2-2048x1174.jpg.webp 2048w\" sizes=\"(max-width: 640px) 100vw, 640px\" \/><br \/>\n<img loading=\"lazy\" decoding=\"async\" src=\"https:\/\/dobrogeanews.b-cdn.net\/wp-content\/uploads\/2026\/04\/regal-de-yachting-la-constanta2.jpg\" alt=\"Constan\u021ba yachting\" width=\"640\" height=\"367\"><\/figure>\n<p>*Peste 50 sportivi din Rom\u00e2nia, Slovacia, Ucraina, Serbia, Bulgaria, Republica Moldova \u0219i Austria sunt \u00eenscri\u0219i \u00een competi\u021bii.<\/p>\n<p>*Dou\u0103 competi\u021bii desf\u0103\u0219urate simultan, \u00een perioada 5-10 mai, EurILCA Europa Cup 2026 \u2013 Constan\u021ba Stage \u0219i Regata Interna\u021bional\u0103 Optimist.<\/p>\n<figure class=\"wp-block-image size-full is-resized\">\n<source type=\"image\/webp\" data-lazy-srcset=\"https:\/\/dobrogeanews.b-cdn.net\/wp-content\/uploads\/2026\/04\/regal-de-yachting-la-constanta.jpg.webp 2560w, https:\/\/dobrogeanews.b-cdn.net\/wp-content\/uploads\/2026\/04\/regal-de-yachting-la-constanta-300x246.jpg.webp 300w, https:\/\/dobrogeanews.b-cdn.net\/wp-content\/uploads\/2026\/04\/regal-de-yachting-la-constanta-1024x840.jpg.webp 1024w, https:\/\/dobrogeanews.b-cdn.net\/wp-content\/uploads\/2026\/04\/regal-de-yachting-la-constanta-768x630.jpg.webp 768w, https:\/\/dobrogeanews.b-cdn.net\/wp-content\/uploads\/2026\/04\/regal-de-yachting-la-constanta-1536x1260.jpg.webp 1536w, https:\/\/dobrogeanews.b-cdn.net\/wp-content\/uploads\/2026\/04\/regal-de-yachting-la-constanta-2048x1680.jpg.webp 2048w\" sizes=\"(max-width: 640px) 100vw, 640px\" \/><br \/>\n<img loading=\"lazy\" decoding=\"async\" src=\"https:\/\/dobrogeanews.b-cdn.net\/wp-content\/uploads\/2026\/04\/regal-de-yachting-la-constanta.jpg\" alt=\"Constan\u021ba yachting 2026\" width=\"640\" height=\"525\"><\/figure>\n<p>Chiar \u00eenainte de start, cele dou\u0103 competi\u021bii interna\u021bionale de yachting, EurILCA Europa Cup 2026 \u2013 Constan\u021ba Stage \u0219i Regata Optimist SEANERGYA \u2013 SAILING 4 FUN, organizate de Federa\u021bia Rom\u00e2n\u0103 de Yachting, atrag un interes interna\u021bional puternic \u0219i confirm\u0103 prezen\u021ba la start a sportivilor interna\u021bionali din 6 \u021b\u0103ri. P\u00e2n\u0103 \u00een acest moment,s-au \u00eenscris peste 50 de concuren\u021bi din Slovacia, Ucraina, Serbia, Bulgaria, Republica Moldova \u0219i Austria, al\u0103turi de reprezentan\u021bii Rom\u00e2niei.<\/p>\n<p>Se anun\u021b\u0103, astfel, o competi\u021bie dinamic\u0103, cu un nivel ridicat de performan\u021b\u0103 \u0219i un spectacol nautic pe m\u0103sur\u0103, dar \u0219i o experien\u021b\u0103 complet\u0103 pentru participan\u021bi \u0219i spectatori deopotriv\u0103.<\/p>\n<p>Pentru sportivii rom\u00e2ni, competi\u021bia reprezint\u0103 un test important \u00eenaintea debutului sezonului competi\u021bional na\u021bional, fiind considerat\u0103 o oportunitate ideal\u0103 de \u201e\u00eenc\u0103lzire\u201d \u0219i evaluare a nivelului de preg\u0103tire.<\/p>\n<p>Un element important al evenimentului este prezen\u021ba oficialilor interna\u021bionali, printre care Jean-Luc Michon, Chairperson al Asocia\u021biei EURILCA, a c\u0103rui participare arat\u0103 importan\u021ba competi\u021biei \u00een<br \/>calendarul yachtingului european.<\/p>\n<div class=\"monsterinsights-inline-popular-posts monsterinsights-inline-popular-posts-charlie monsterinsights-popular-posts-styled\">\n<div class=\"monsterinsights-inline-popular-posts-text\"><span class=\"monsterinsights-inline-popular-posts-label\">Vezi \u0219i:<\/span><\/p>\n<div class=\"monsterinsights-inline-popular-posts-post\"><a class=\"monsterinsights-inline-popular-posts-title\" href=\"https:\/\/www.dobrogeanews.ro\/la-babadag-eleviii-continua-sa-primeasca-pachetele-alimentare-prin-programul-national-masa-sanatoasa\/\">La Babadag, elevii continu\u0103 s\u0103 primeasc\u0103 pachetele alimentare prin Programul Na\u021bional \u201eMas\u0103 s\u0103n\u0103toas\u0103\u201d<\/a><\/div>\n<div class=\"monsterinsights-inline-popular-posts-post\"><a class=\"monsterinsights-inline-popular-posts-title\" href=\"https:\/\/www.dobrogeanews.ro\/primaria-tulcea-amenajeaza-un-parc-urban-de-peste-3-700-mp-in-zona-aquaserv-pe-strada-babadag-proiect-finantat-din-fonduri-europene\/\">Prim\u0103ria Tulcea amenajeaz\u0103 un Parc Urban de peste 3.700 mp \u00een zona Aquaserv, pe strada Babadag. Proiect finan\u021bat din fonduri europene<\/a><\/div>\n<div class=\"monsterinsights-inline-popular-posts-post\"><a class=\"monsterinsights-inline-popular-posts-title\" href=\"https:\/\/www.dobrogeanews.ro\/la-baia-taxa-de-habitat-a-ramas-15-lei-luna-pers-adica-180-lei-an-am-votat-aplicarea-cotelor-minime-permise\/\">La Baia, taxa de habitat a r\u0103mas 15 lei\/lun\u0103\/pers, adic\u0103, 180 lei\/an. \u201eAm votat aplicarea cotelor minime permise\u201d<\/a><\/div>\n<\/div>\n<\/div>\n<p class=\"has-text-align-center has-white-color has-text-color has-background\"><span><a href=\"https:\/\/news.google.com\/publications\/CAAqBwgKMIu5pgsw88O-Aw?ceid=RO:ro&amp;oc=3\">Urm\u0103ri\u0163i \u015etirile Dobrogeanews \u015fi pe Google News<\/a><\/span><\/p>\n<\/div>\n<p>[analyse_source url=&#8221;https:\/\/www.dobrogeanews.ro\/regal-de-yachting-european-la-constanta\/&#8221;]<\/p>\n","protected":false},"excerpt":{"rendered":"<p>[analyse_image type=&#8221;featured&#8221; src=&#8221;https:\/\/dobrogeanews.b-cdn.net\/wp-content\/uploads\/2026\/04\/regal-de-yachting-la-constanta.jpg&#8221;] Urm\u0103re\u015fte-ne \u015fi pe Facebook!57KFollowers Sloganul acesta marcheaz\u0103 un moment istoric pentru sporturile nautice din Rom\u00e2nia: \u00een perioada 5\u201310 mai 2026, ora\u0219ul Constan\u021ba devine centrul aten\u021biei \u00een lumea velelor europene prin g\u0103zduirea simultan\u0103 a dou\u0103 competi\u021bii de anvergur\u0103. Evenimentul propulseaz\u0103 Constan\u021ba \u00een liga marilor destina\u021bii de yachting, oferind nu doar spectacol nautic, ci [&hellip;]<\/p>\n","protected":false},"author":1,"featured_media":0,"comment_status":"open","ping_status":"","sticky":false,"template":"","format":"standard","meta":{"footnotes":""},"categories":[89],"tags":[226,223],"class_list":["post-1903453","post","type-post","status-publish","format-standard","hentry","category-romania","tag-crawlmanager","tag-dobrogeanews-ro"],"_links":{"self":[{"href":"https:\/\/analyse.optim.biz\/index.php?rest_route=\/wp\/v2\/posts\/1903453","targetHints":{"allow":["GET"]}}],"collection":[{"href":"https:\/\/analyse.optim.biz\/index.php?rest_route=\/wp\/v2\/posts"}],"about":[{"href":"https:\/\/analyse.optim.biz\/index.php?rest_route=\/wp\/v2\/types\/post"}],"author":[{"embeddable":true,"href":"https:\/\/analyse.optim.biz\/index.php?rest_route=\/wp\/v2\/users\/1"}],"replies":[{"embeddable":true,"href":"https:\/\/analyse.optim.biz\/index.php?rest_route=%2Fwp%2Fv2%2Fcomments&post=1903453"}],"version-history":[{"count":0,"href":"https:\/\/analyse.optim.biz\/index.php?rest_route=\/wp\/v2\/posts\/1903453\/revisions"}],"wp:attachment":[{"href":"https:\/\/analyse.optim.biz\/index.php?rest_route=%2Fwp%2Fv2%2Fmedia&parent=1903453"}],"wp:term":[{"taxonomy":"category","embeddable":true,"href":"https:\/\/analyse.optim.biz\/index.php?rest_route=%2Fwp%2Fv2%2Fcategories&post=1903453"},{"taxonomy":"post_tag","embeddable":true,"href":"https:\/\/analyse.optim.biz\/index.php?rest_route=%2Fwp%2Fv2%2Ftags&post=1903453"}],"curies":[{"name":"wp","href":"https:\/\/api.w.org\/{rel}","templated":true}]}}