{"id":1903447,"date":"2026-04-26T10:00:32","date_gmt":"2026-04-26T07:00:32","guid":{"rendered":"https:\/\/analyse.optim.biz\/?p=1903447"},"modified":"2026-04-26T10:00:32","modified_gmt":"2026-04-26T07:00:32","slug":"un-aparat-de-zbor-fara-pilot-a-fost-identificat-in-zbor-in-zona-dintre-localitatile-luncavita-si-vacareni","status":"publish","type":"post","link":"https:\/\/analyse.optim.biz\/?p=1903447","title":{"rendered":"Un aparat de zbor f\u0103r\u0103 pilot a fost identificat \u00een zbor \u00een zona dintre localit\u0103\u021bile Luncavi\u021ba \u0219i V\u0103c\u0103reni"},"content":{"rendered":"<p>[analyse_image type=&#8221;featured&#8221; src=&#8221;https:\/\/dobrogeanews.b-cdn.net\/wp-content\/uploads\/2026\/04\/drona.jpg&#8221;]<\/p>\n<div id=\"post-70254\" class=\"entry single-default post-70254 post type-post status-publish format-standard has-post-thumbnail hentry category-info\">\n<div>\n<div class=\"ss-follow-wrapper ss-clearfix ss-regular-buttons ss-columns-1 ss-default-style\">\n<div class=\"ss-follow-column\" data-ss-sf-network-id='\"facebook\"'><a href=\"https:\/\/www.facebook.com\/dobrogeanews\" class=\"ss-follow-network ss-facebook-color\" rel=\"nofollow noopener\" aria-label=\"facebook\" target=\"_blank\"><span class=\"ss-follow-network-label\">Urm\u0103re\u015fte-ne \u015fi pe Facebook!<\/span><span class=\"ss-follow-network-count\"><span class=\"ss-follow-network-count-number\">57K<\/span><span class=\"ss-follow-network-count-label\">Followers<\/span><\/span><\/a><\/div>\n<\/div>\n<\/div>\n<p>Duminic\u0103, 26 aprilie 2026, \u00een urma unui apel primit prin SNUAU 112, a fost identificat un aparat de zbor f\u0103r\u0103 pilot, \u00een zona dintre localit\u0103\u021bile Luncavi\u021ba \u0219i V\u0103c\u0103reni, fiind dispuse m\u0103suri imediate de asigurare a perimetrului.<\/p>\n<figure class=\"wp-block-image size-full is-resized\">\n<source type=\"image\/webp\" data-lazy-srcset=\"https:\/\/dobrogeanews.b-cdn.net\/wp-content\/uploads\/2026\/04\/drona.jpg.webp 2560w, https:\/\/dobrogeanews.b-cdn.net\/wp-content\/uploads\/2026\/04\/drona-300x246.jpg.webp 300w, https:\/\/dobrogeanews.b-cdn.net\/wp-content\/uploads\/2026\/04\/drona-1024x840.jpg.webp 1024w, https:\/\/dobrogeanews.b-cdn.net\/wp-content\/uploads\/2026\/04\/drona-768x630.jpg.webp 768w, https:\/\/dobrogeanews.b-cdn.net\/wp-content\/uploads\/2026\/04\/drona-1536x1260.jpg.webp 1536w, https:\/\/dobrogeanews.b-cdn.net\/wp-content\/uploads\/2026\/04\/drona-2048x1680.jpg.webp 2048w\" sizes=\"(max-width: 640px) 100vw, 640px\" \/><br \/>\n<img loading=\"lazy\" decoding=\"async\" src=\"https:\/\/dobrogeanews.b-cdn.net\/wp-content\/uploads\/2026\/04\/drona.jpg\" alt=\"Dron\u0103 foto rol ilustrativ\" width=\"640\" height=\"525\"><\/figure>\n<p>Au fost de \u00eendat\u0103 informate toate autorit\u0103\u021bile competente iar \u00een prezent se desf\u0103\u0219oar\u0103 activit\u0103\u021bile specifice \u00een astfel de situa\u021bii.<\/p>\n<p>\u00cen cauz\u0103 se efectueaz\u0103 cercet\u0103ri, \u00een cooperare cu celelalte autorit\u0103\u021bi cu atribu\u021bii \u00een domeniu, sub aspectul s\u0103v\u00e2r\u0219irii infrac\u021biunii prev\u0103zute de Legea nr. 21\/2020 privind Codul aerian, sub coordonarea procurorului de caz din cadrul Parchetului de pe l\u00e2ng\u0103 Curtea de Apel Constan\u021ba.<\/p>\n<div class=\"monsterinsights-inline-popular-posts monsterinsights-inline-popular-posts-charlie monsterinsights-popular-posts-styled\">\n<div class=\"monsterinsights-inline-popular-posts-text\"><span class=\"monsterinsights-inline-popular-posts-label\">Vezi \u0219i:<\/span><\/p>\n<div class=\"monsterinsights-inline-popular-posts-post\"><a class=\"monsterinsights-inline-popular-posts-title\" href=\"https:\/\/www.dobrogeanews.ro\/la-baia-taxa-de-habitat-a-ramas-15-lei-luna-pers-adica-180-lei-an-am-votat-aplicarea-cotelor-minime-permise\/\">La Baia, taxa de habitat a r\u0103mas 15 lei\/lun\u0103\/pers, adic\u0103, 180 lei\/an. \u201eAm votat aplicarea cotelor minime permise\u201d<\/a><\/div>\n<div class=\"monsterinsights-inline-popular-posts-post\"><a class=\"monsterinsights-inline-popular-posts-title\" href=\"https:\/\/www.dobrogeanews.ro\/municipiul-tulcea-a-adoptat-o-crestere-minima-a-taxelor-locale-taxa-de-habitat-creste-cu-3-lei-iar-pentru-impozitul-auto-trebuie-sa-depuneti-declaratie\/\">Municipiul Tulcea a adoptat o cre\u0219tere minim\u0103 a taxelor locale. Taxa de habitat cre\u0219te cu 3 lei iar pentru impozitul auto trebuie s\u0103 depune\u021bi declara\u021bie<\/a><\/div>\n<div class=\"monsterinsights-inline-popular-posts-post\"><a class=\"monsterinsights-inline-popular-posts-title\" href=\"https:\/\/www.dobrogeanews.ro\/impozitul-pe-imobile-2026-in-municipiul-tulcea-pe-intelesul-tuturor-cine-benefiaza-de-reduceri-informatii-detaliate\/\">Impozitul pe imobile\/2026 \u00een Municipiul Tulcea, pe \u00een\u021belesul tuturor. Cine benefiaz\u0103 de reduceri. Informa\u021bii detaliate<\/a><\/div>\n<\/div>\n<\/div>\n<p class=\"has-text-align-center has-white-color has-text-color has-background\"><span><a href=\"https:\/\/news.google.com\/publications\/CAAqBwgKMIu5pgsw88O-Aw?ceid=RO:ro&amp;oc=3\">Urm\u0103ri\u0163i \u015etirile Dobrogeanews \u015fi pe Google News<\/a><\/span><\/p>\n<\/div>\n<div id=\"post-70254\" class=\"entry single-default post-70254 post type-post status-publish format-standard has-post-thumbnail hentry category-info\">\n<div>\n<div class=\"ss-follow-wrapper ss-clearfix ss-regular-buttons ss-columns-1 ss-default-style\">\n<div class=\"ss-follow-column\" data-ss-sf-network-id='\"facebook\"'><a href=\"https:\/\/www.facebook.com\/dobrogeanews\" class=\"ss-follow-network ss-facebook-color\" rel=\"nofollow noopener\" aria-label=\"facebook\" target=\"_blank\"><span class=\"ss-follow-network-label\">Urm\u0103re\u015fte-ne \u015fi pe Facebook!<\/span><span class=\"ss-follow-network-count\"><span class=\"ss-follow-network-count-number\">57K<\/span><span class=\"ss-follow-network-count-label\">Followers<\/span><\/span><\/a><\/div>\n<\/div>\n<\/div>\n<p>Duminic\u0103, 26 aprilie 2026, \u00een urma unui apel primit prin SNUAU 112, a fost identificat un aparat de zbor f\u0103r\u0103 pilot, \u00een zona dintre localit\u0103\u021bile Luncavi\u021ba \u0219i V\u0103c\u0103reni, fiind dispuse m\u0103suri imediate de asigurare a perimetrului.<\/p>\n<figure class=\"wp-block-image size-full is-resized\">\n<source type=\"image\/webp\" data-lazy-srcset=\"https:\/\/dobrogeanews.b-cdn.net\/wp-content\/uploads\/2026\/04\/drona.jpg.webp 2560w, https:\/\/dobrogeanews.b-cdn.net\/wp-content\/uploads\/2026\/04\/drona-300x246.jpg.webp 300w, https:\/\/dobrogeanews.b-cdn.net\/wp-content\/uploads\/2026\/04\/drona-1024x840.jpg.webp 1024w, https:\/\/dobrogeanews.b-cdn.net\/wp-content\/uploads\/2026\/04\/drona-768x630.jpg.webp 768w, https:\/\/dobrogeanews.b-cdn.net\/wp-content\/uploads\/2026\/04\/drona-1536x1260.jpg.webp 1536w, https:\/\/dobrogeanews.b-cdn.net\/wp-content\/uploads\/2026\/04\/drona-2048x1680.jpg.webp 2048w\" sizes=\"(max-width: 640px) 100vw, 640px\" \/><br \/>\n<img loading=\"lazy\" decoding=\"async\" src=\"https:\/\/dobrogeanews.b-cdn.net\/wp-content\/uploads\/2026\/04\/drona.jpg\" alt=\"Dron\u0103 foto rol ilustrativ\" width=\"640\" height=\"525\"><\/figure>\n<p>Au fost de \u00eendat\u0103 informate toate autorit\u0103\u021bile competente iar \u00een prezent se desf\u0103\u0219oar\u0103 activit\u0103\u021bile specifice \u00een astfel de situa\u021bii.<\/p>\n<p>\u00cen cauz\u0103 se efectueaz\u0103 cercet\u0103ri, \u00een cooperare cu celelalte autorit\u0103\u021bi cu atribu\u021bii \u00een domeniu, sub aspectul s\u0103v\u00e2r\u0219irii infrac\u021biunii prev\u0103zute de Legea nr. 21\/2020 privind Codul aerian, sub coordonarea procurorului de caz din cadrul Parchetului de pe l\u00e2ng\u0103 Curtea de Apel Constan\u021ba.<\/p>\n<div class=\"monsterinsights-inline-popular-posts monsterinsights-inline-popular-posts-charlie monsterinsights-popular-posts-styled\">\n<div class=\"monsterinsights-inline-popular-posts-text\"><span class=\"monsterinsights-inline-popular-posts-label\">Vezi \u0219i:<\/span><\/p>\n<div class=\"monsterinsights-inline-popular-posts-post\"><a class=\"monsterinsights-inline-popular-posts-title\" href=\"https:\/\/www.dobrogeanews.ro\/la-baia-taxa-de-habitat-a-ramas-15-lei-luna-pers-adica-180-lei-an-am-votat-aplicarea-cotelor-minime-permise\/\">La Baia, taxa de habitat a r\u0103mas 15 lei\/lun\u0103\/pers, adic\u0103, 180 lei\/an. \u201eAm votat aplicarea cotelor minime permise\u201d<\/a><\/div>\n<div class=\"monsterinsights-inline-popular-posts-post\"><a class=\"monsterinsights-inline-popular-posts-title\" href=\"https:\/\/www.dobrogeanews.ro\/municipiul-tulcea-a-adoptat-o-crestere-minima-a-taxelor-locale-taxa-de-habitat-creste-cu-3-lei-iar-pentru-impozitul-auto-trebuie-sa-depuneti-declaratie\/\">Municipiul Tulcea a adoptat o cre\u0219tere minim\u0103 a taxelor locale. Taxa de habitat cre\u0219te cu 3 lei iar pentru impozitul auto trebuie s\u0103 depune\u021bi declara\u021bie<\/a><\/div>\n<div class=\"monsterinsights-inline-popular-posts-post\"><a class=\"monsterinsights-inline-popular-posts-title\" href=\"https:\/\/www.dobrogeanews.ro\/impozitul-pe-imobile-2026-in-municipiul-tulcea-pe-intelesul-tuturor-cine-benefiaza-de-reduceri-informatii-detaliate\/\">Impozitul pe imobile\/2026 \u00een Municipiul Tulcea, pe \u00een\u021belesul tuturor. Cine benefiaz\u0103 de reduceri. Informa\u021bii detaliate<\/a><\/div>\n<\/div>\n<\/div>\n<p class=\"has-text-align-center has-white-color has-text-color has-background\"><span><a href=\"https:\/\/news.google.com\/publications\/CAAqBwgKMIu5pgsw88O-Aw?ceid=RO:ro&amp;oc=3\">Urm\u0103ri\u0163i \u015etirile Dobrogeanews \u015fi pe Google News<\/a><\/span><\/p>\n<\/div>\n<p>[analyse_source url=&#8221;https:\/\/www.dobrogeanews.ro\/un-aparat-de-zbor-fara-pilot-a-fost-identificat-in-zbor-in-zona-dintre-localitatile-luncavita-si-vacareni\/&#8221;]<\/p>\n","protected":false},"excerpt":{"rendered":"<p>[analyse_image type=&#8221;featured&#8221; src=&#8221;https:\/\/dobrogeanews.b-cdn.net\/wp-content\/uploads\/2026\/04\/drona.jpg&#8221;] Urm\u0103re\u015fte-ne \u015fi pe Facebook!57KFollowers Duminic\u0103, 26 aprilie 2026, \u00een urma unui apel primit prin SNUAU 112, a fost identificat un aparat de zbor f\u0103r\u0103 pilot, \u00een zona dintre localit\u0103\u021bile Luncavi\u021ba \u0219i V\u0103c\u0103reni, fiind dispuse m\u0103suri imediate de asigurare a perimetrului. Au fost de \u00eendat\u0103 informate toate autorit\u0103\u021bile competente iar \u00een prezent se [&hellip;]<\/p>\n","protected":false},"author":1,"featured_media":0,"comment_status":"open","ping_status":"","sticky":false,"template":"","format":"standard","meta":{"footnotes":""},"categories":[89],"tags":[226,223],"class_list":["post-1903447","post","type-post","status-publish","format-standard","hentry","category-romania","tag-crawlmanager","tag-dobrogeanews-ro"],"_links":{"self":[{"href":"https:\/\/analyse.optim.biz\/index.php?rest_route=\/wp\/v2\/posts\/1903447","targetHints":{"allow":["GET"]}}],"collection":[{"href":"https:\/\/analyse.optim.biz\/index.php?rest_route=\/wp\/v2\/posts"}],"about":[{"href":"https:\/\/analyse.optim.biz\/index.php?rest_route=\/wp\/v2\/types\/post"}],"author":[{"embeddable":true,"href":"https:\/\/analyse.optim.biz\/index.php?rest_route=\/wp\/v2\/users\/1"}],"replies":[{"embeddable":true,"href":"https:\/\/analyse.optim.biz\/index.php?rest_route=%2Fwp%2Fv2%2Fcomments&post=1903447"}],"version-history":[{"count":0,"href":"https:\/\/analyse.optim.biz\/index.php?rest_route=\/wp\/v2\/posts\/1903447\/revisions"}],"wp:attachment":[{"href":"https:\/\/analyse.optim.biz\/index.php?rest_route=%2Fwp%2Fv2%2Fmedia&parent=1903447"}],"wp:term":[{"taxonomy":"category","embeddable":true,"href":"https:\/\/analyse.optim.biz\/index.php?rest_route=%2Fwp%2Fv2%2Fcategories&post=1903447"},{"taxonomy":"post_tag","embeddable":true,"href":"https:\/\/analyse.optim.biz\/index.php?rest_route=%2Fwp%2Fv2%2Ftags&post=1903447"}],"curies":[{"name":"wp","href":"https:\/\/api.w.org\/{rel}","templated":true}]}}