{"id":1903367,"date":"2026-04-26T08:17:48","date_gmt":"2026-04-26T05:17:48","guid":{"rendered":"https:\/\/analyse.optim.biz\/?p=1903367"},"modified":"2026-04-26T08:17:48","modified_gmt":"2026-04-26T05:17:48","slug":"anm-avertizari-cod-galben-si-portocaliu-de-vant","status":"publish","type":"post","link":"https:\/\/analyse.optim.biz\/?p=1903367","title":{"rendered":"ANM \u2013 Avertiz\u0103ri cod galben \u015fi portocaliu de v\u00e2nt"},"content":{"rendered":"<p>[analyse_image type=&#8221;featured&#8221; src=&#8221;https:\/\/ziardesuceava.ro\/wp-content\/uploads\/2026\/04\/vant_puternic_0.jpg&#8221;]<\/p>\n<div class=\"post-content clearfix\">\n<div class=\"blog-post-thumb\"><img loading=\"lazy\" decoding=\"async\" width=\"1000\" height=\"600\" src=\"https:\/\/ziardesuceava.ro\/wp-content\/uploads\/2026\/04\/vant_puternic_0.jpg\" class=\"attachment-inhype-blog-thumb size-inhype-blog-thumb wp-post-image\" alt><\/div>\n<div class=\"entry-content\">\n<div>\n<p class=\"first-paragraph\">Avertiz\u0103ri cod galben \u015fi portocaliu de v\u00e2nt pentru toat\u0103 \u0163ara au intrat \u00een vigoare de duminic\u0103, de la ora 9.00, rafalele put\u00e2nd ajunge p\u00e2n\u0103 la 90 de km\/or\u0103, iar la munte, la peste 1600 de metri, la 120 de km\/or\u0103.<\/p>\n<p>Pentru perioada 26 aprilie, ora 09:00 \u2013 26 aprilie, ora 21:00, a fost emis\u0103 o avertizare cod galben de v\u00e2nt pentru cea mai mare parte a \u0163\u0103rii.<\/p>\n<p>\u201dPe parcursul zilei de duminic\u0103 (26 aprilie), v\u00e2ntul se va intensifica la \u00eenceput \u00een nordul, nord-estul \u015fi centrul \u0163\u0103rii, iar dup\u0103 orele amiezii \u015fi \u00een restul zonelor. \u00cen zonele joase de relief vor fi rafale de 50\u202670 km\/h, iar la munte de 70\u202690 km\/h\u201d, precizeaz\u0103 meteorologii.<\/p>\n<p>O aten\u0163ionare cod portocaliu vizeaz\u0103 intervalul 26 aprilie, ora 12:00 \u2013 26 aprilie, ora 18:00, \u00een\u00a0\u00a0jude\u0163ele Boto\u015fani, Ia\u015fi, Vaslui \u015fi Gala\u0163i, precum \u015fi \u00een zona joas\u0103 de relief a jude\u0163elor Suceava, Neam\u0163, Bac\u0103u \u015fi Vrancea fiind prognozate\u00a0intensific\u0103ri temporare puternice ale v\u00e2ntului, cu viteze la rafal\u0103 de 70\u202690 km\/h.<\/p>\n<p>\u00cen aceea\u015fi zi, \u00een perioada,\u00a0 18:00 \u2013 20:00, se vor afla sub cord portocaliu de v\u00e2nt puternic\u00a0jude\u0163ele Br\u0103ila, Tulcea, Ialomi\u0163a \u015fi C\u0103l\u0103ra\u015fi.<\/p>\n<p>\u201d\u00cen intervalul men\u0163ionat, local \u00een jude\u0163ele Br\u0103ila, Tulcea, Ialomi\u0163a \u015fi C\u0103l\u0103ra\u015fi temporar vor fi intensific\u0103ri puternice ale v\u00e2ntului, cu viteze la rafal\u0103 de 70\u202690 km\/h\u201d, anun\u0163\u0103 meteorologii.<\/p>\n<p>Cod portocaliu de v\u00e2nt va fi duminic\u0103, \u00eentre 12.00 \u015fi 21.00,\u00a0 \u00een\u00a0Carpa\u0163ii Orientali, Meridionali \u015fi Mun\u0163ii Apuseni, la altitudini mai mari de 1600 m,unde temporar vor fi intensific\u0103ri puternice ale v\u00e2ntului, cu viteze la rafal\u0103 de 100\u2026120 km\/h.<\/p>\n<\/div>\n<\/div>\n<div class=\"inhype-social-share-fixed sidebar-position-right\">\n<div class=\"post-social-wrapper\">\n<div class=\"post-social-title\"><span class=\"post-social-title-text\">Share<\/span><\/div>\n<\/div>\n<\/div>\n<\/div>\n<p>[analyse_source url=&#8221;https:\/\/ziardesuceava.ro\/anm-avertizari-cod-galben-si-portocaliu-de-vant\/&#8221;]<\/p>\n","protected":false},"excerpt":{"rendered":"<p>[analyse_image type=&#8221;featured&#8221; src=&#8221;https:\/\/ziardesuceava.ro\/wp-content\/uploads\/2026\/04\/vant_puternic_0.jpg&#8221;] Avertiz\u0103ri cod galben \u015fi portocaliu de v\u00e2nt pentru toat\u0103 \u0163ara au intrat \u00een vigoare de duminic\u0103, de la ora 9.00, rafalele put\u00e2nd ajunge p\u00e2n\u0103 la 90 de km\/or\u0103, iar la munte, la peste 1600 de metri, la 120 de km\/or\u0103. Pentru perioada 26 aprilie, ora 09:00 \u2013 26 aprilie, ora 21:00, a [&hellip;]<\/p>\n","protected":false},"author":1,"featured_media":0,"comment_status":"open","ping_status":"","sticky":false,"template":"","format":"standard","meta":{"footnotes":""},"categories":[89],"tags":[226,171],"class_list":["post-1903367","post","type-post","status-publish","format-standard","hentry","category-romania","tag-crawlmanager","tag-ziardesuceava-ro"],"_links":{"self":[{"href":"https:\/\/analyse.optim.biz\/index.php?rest_route=\/wp\/v2\/posts\/1903367","targetHints":{"allow":["GET"]}}],"collection":[{"href":"https:\/\/analyse.optim.biz\/index.php?rest_route=\/wp\/v2\/posts"}],"about":[{"href":"https:\/\/analyse.optim.biz\/index.php?rest_route=\/wp\/v2\/types\/post"}],"author":[{"embeddable":true,"href":"https:\/\/analyse.optim.biz\/index.php?rest_route=\/wp\/v2\/users\/1"}],"replies":[{"embeddable":true,"href":"https:\/\/analyse.optim.biz\/index.php?rest_route=%2Fwp%2Fv2%2Fcomments&post=1903367"}],"version-history":[{"count":0,"href":"https:\/\/analyse.optim.biz\/index.php?rest_route=\/wp\/v2\/posts\/1903367\/revisions"}],"wp:attachment":[{"href":"https:\/\/analyse.optim.biz\/index.php?rest_route=%2Fwp%2Fv2%2Fmedia&parent=1903367"}],"wp:term":[{"taxonomy":"category","embeddable":true,"href":"https:\/\/analyse.optim.biz\/index.php?rest_route=%2Fwp%2Fv2%2Fcategories&post=1903367"},{"taxonomy":"post_tag","embeddable":true,"href":"https:\/\/analyse.optim.biz\/index.php?rest_route=%2Fwp%2Fv2%2Ftags&post=1903367"}],"curies":[{"name":"wp","href":"https:\/\/api.w.org\/{rel}","templated":true}]}}