{"id":1903273,"date":"2026-04-26T05:41:32","date_gmt":"2026-04-26T02:41:32","guid":{"rendered":"https:\/\/analyse.optim.biz\/?p=1903273"},"modified":"2026-04-26T05:41:32","modified_gmt":"2026-04-26T02:41:32","slug":"ultima-ora-coduri-galben-si-portocaliu-de-vant-in-sibiu","status":"publish","type":"post","link":"https:\/\/analyse.optim.biz\/?p=1903273","title":{"rendered":"ULTIMA OR\u0102: Coduri Galben \u0219i Portocaliu de v\u00e2nt \u00een Sibiu"},"content":{"rendered":"<p>[analyse_image type=&#8221;featured&#8221; src=&#8221;https:\/\/sibiu100.ro\/wp-content\/uploads\/2026\/04\/Vant-Sibiu.png&#8221;]<\/p>\n<div class=\"tdb-block-inner td-fix-index\">\n<div class=\"tdb-weather-deg-wrap\" data-block-uid=\"tdb_header_weather_uid\"><span class=\"tdb-weather-deg\">20.2<\/span><span class=\"tdb-weather-unit\">C<\/span><\/div>\n<div class=\"tdb-weather-city\">Sibiu<\/div>\n<\/div>\n<div class=\"tdb-block-inner td-fix-index\">\n<div class=\"tdb-head-date-txt\">duminic\u0103, aprilie 26, 2026<\/div>\n<\/div>\n<div class=\"tdb-block-inner td-fix-index\">\n<div class=\"tdb-drop-down-search\" aria-labelledby=\"td-header-search-button\">\n<div class=\"tdb-drop-down-search-inner\">\n<div class=\"tdb-search-form-inner\">\n<div class=\"tdb-head-search-placeholder\">type here&#8230;<\/div>\n<\/div>\n<\/div>\n<\/div>\n<\/div>\n<div class=\"tdb-block-inner td-fix-index\"><span>Actualizat:<\/span><time class=\"entry-date updated td-module-date\" datetime=\"2026-04-26T08:41:32+03:00\">26 aprilie 2026<\/time><\/div>\n<div class=\"tdb-block-inner td-fix-index\">\n<h1 class=\"tdb-title-text\">ULTIMA OR\u0102: Coduri Galben \u0219i Portocaliu de v\u00e2nt \u00een Sibiu<\/h1>\n<\/div>\n<div class=\"tdb-block-inner td-fix-index\">\n<div class=\"tdb-author-name-wrap\"><span class=\"tdb-author-by\">de:<\/span><a class=\"tdb-author-name\" href=\"https:\/\/sibiu100.ro\/author\/radupadure\/\">Vasile Antipa<\/a><\/div>\n<\/div>\n<div class=\"tdb-block-inner td-fix-index\"><time class=\"entry-date updated td-module-date\" datetime=\"2026-04-26T08:41:30+03:00\">26 aprilie 2026<\/time><\/div>\n<div class=\"tdb-block-inner td-fix-index\"><a href=\"https:\/\/sibiu100.ro\/eveniment\/ultima-ora-coduri-galben-si-portocaliu-de-vant-in-sibiu\/#respond\"><span>0<\/span><\/a><\/div>\n<div class=\"tdb-block-inner td-fix-index\">\n<div class=\"tdb-author-info\"><a href=\"https:\/\/sibiu100.ro\/author\/radupadure\/\" class=\"tdb-author-name\">Vasile Antipa<\/a><\/div>\n<\/div>\n<div class=\"td_block_wrap tdb_single_content tdi_84 td-pb-border-top td_block_template_1 td-post-content tagdiv-type\" data-td-block-uid=\"tdi_84\">\n<div class=\"tdb-block-inner td-fix-index\">\n<h2 class=\"wp-block-heading\">Avertiz\u0103ri Cod portocaliu \u0219i Cod galben de v\u00e2nt vor fi \u00een vigoare duminic\u0103 \u00een \u00eentreaga \u021bar\u0103, iar \u00een unele zone, viteza v\u00e2ntului va ajunge \u0219i la 120 km\/h.<\/h2>\n<p>Duminic\u0103, \u00eentre orele 9.00 \u0219i 21.00, o avertizare Cod galben va viza aproape toat\u0103 \u021bara. Conform ANM, v\u00e2ntul se va intensifica la \u00eenceput \u00een nordul, nord-estul \u0219i centrul \u021b\u0103rii, iar dup\u0103 orele amiezii \u0219i \u00een restul zonelor. \u00cen zonele joase de relief <a href=\"https:\/\/sibiu100.ro\/eveniment\/alerta-meteo-cod-portocaliu-de-vant-furtuni-violente-si-vreme-rece-in-toata-tara\/\" id=\"https:\/\/sibiu100.ro\/eveniment\/alerta-meteo-cod-portocaliu-de-vant-furtuni-violente-si-vreme-rece-in-toata-tara\/\">vor fi rafale de 50-70 km\/h, iar la munte de<\/a> 70-90 km\/h.<\/p>\n<p>\u00centre orele 12.00 \u0219i 18.00, jude\u021bele Boto\u0219ani, Ia\u0219i, Vaslui \u0219i Gala\u021bi, precum \u0219i zona joas\u0103 de relief a jude\u021belor Suceava, Neam\u021b, Bac\u0103u \u0219i Vrancea vor fi sub avertizare Cod portocaliu. V\u00e2ntul va sufla cu viteze de 70-90 km\/h.<\/p>\n<p>O alt\u0103 avertizare Cod portocaliu va fi \u00een vigoare \u00eentre orele 18.00 \u0219i 20.00. \u00cen jude\u021bele Br\u0103ila, Tulcea, Ialomi\u021ba \u0219i C\u0103l\u0103ra\u0219i <a href=\"https:\/\/sibiu100.ro\/eveniment\/alerta-meteo-cod-galben-de-vant-puternic-joi-si-vineri-in-judetul-sibiu\/\" id=\"https:\/\/sibiu100.ro\/eveniment\/alerta-meteo-cod-galben-de-vant-puternic-joi-si-vineri-in-judetul-sibiu\/\">temporar vor fi intensific\u0103ri puternice ale v\u00e2ntului<\/a>, cu viteze la rafal\u0103 de 70-90 km\/h.<\/p>\n<div class=\"td-a-ad id_inline_ad2 id_ad_content-horiz-center\"><span class=\"td-adspot-title\">Publicitate<\/span><\/div>\n<p>De asemenea, \u00eentre orele 12.00 \u0219i 21.00, este \u00een vigoare o avertizare Cod portocaliu, care vizeaz\u0103 Carpa\u021bii Orientali, Meridionali \u0219i Mun\u021bii Apuseni, la altitudini mai mari de 1600 m. Aici, v\u00e2ntul va avea viteze la rafal\u0103 de 100-120 km\/h.<\/p>\n<p>De duminic\u0103, de la ora 21.00, p\u00e2n\u0103 luni, la ora 2.00, va fi \u00een vigoare o avertizare Cod galben. Conform acesteia, \u00een Carpa\u021bii Meridionali, <a href=\"https:\/\/sibiu100.ro\/eveniment\/alerta-cod-portocaliu-in-sibiu-si-12-localitati-averse-torentiale-si-vant-puternic\/\" id=\"https:\/\/sibiu100.ro\/eveniment\/alerta-cod-portocaliu-in-sibiu-si-12-localitati-averse-torentiale-si-vant-puternic\/\">v\u00e2ntul va avea intensific\u0103ri cu viteze la rafal\u0103<\/a> de 70-90 km\/h.<\/p>\n<p>\u00centre acelea\u0219i ore, o avertizare Cod portocaliu va viza Carpa\u021bii Meridionali, la altitudini mai mari de 1600 m, unde v\u00e2ntul va bate cu viteze la rafal\u0103 de 100-120 km\/h.<\/p>\n<p><strong>\u00ce\u021bi mul\u021bumim pentru c\u0103 ai ales s\u0103 te informezi <a href=\"https:\/\/sibiu100.ro\/\" id=\"https:\/\/sibiu100.ro\/\">din\u00a0Sibiu 100%<\/a>. Poate ai informa\u021bii din comunitate \u0219i vrei s\u0103 le \u00eemp\u0103rt\u0103\u0219e\u0219ti cu noi. Scrie un mesaj pe e-mail\u00a0<a href=\"https:\/\/sibiu100.ro\/cdn-cgi\/l\/email-protection\" class=\"__cf_email__\" data-cfemail=\"fb949d9d92989ebb889299928ecacbcbd58994\">[email\u00a0protected]<\/a>\u00a0sau WhatsApp 0752.060.007<\/strong><\/p>\n<\/div>\n<\/div>\n<div class=\"tdb-block-inner td-fix-index\">\n<h2 class=\"wp-block-heading\">Avertiz\u0103ri Cod portocaliu \u0219i Cod galben de v\u00e2nt vor fi \u00een vigoare duminic\u0103 \u00een \u00eentreaga \u021bar\u0103, iar \u00een unele zone, viteza v\u00e2ntului va ajunge \u0219i la 120 km\/h.<\/h2>\n<p>Duminic\u0103, \u00eentre orele 9.00 \u0219i 21.00, o avertizare Cod galben va viza aproape toat\u0103 \u021bara. Conform ANM, v\u00e2ntul se va intensifica la \u00eenceput \u00een nordul, nord-estul \u0219i centrul \u021b\u0103rii, iar dup\u0103 orele amiezii \u0219i \u00een restul zonelor. \u00cen zonele joase de relief <a href=\"https:\/\/sibiu100.ro\/eveniment\/alerta-meteo-cod-portocaliu-de-vant-furtuni-violente-si-vreme-rece-in-toata-tara\/\" id=\"https:\/\/sibiu100.ro\/eveniment\/alerta-meteo-cod-portocaliu-de-vant-furtuni-violente-si-vreme-rece-in-toata-tara\/\">vor fi rafale de 50-70 km\/h, iar la munte de<\/a> 70-90 km\/h.<\/p>\n<p>\u00centre orele 12.00 \u0219i 18.00, jude\u021bele Boto\u0219ani, Ia\u0219i, Vaslui \u0219i Gala\u021bi, precum \u0219i zona joas\u0103 de relief a jude\u021belor Suceava, Neam\u021b, Bac\u0103u \u0219i Vrancea vor fi sub avertizare Cod portocaliu. V\u00e2ntul va sufla cu viteze de 70-90 km\/h.<\/p>\n<p>O alt\u0103 avertizare Cod portocaliu va fi \u00een vigoare \u00eentre orele 18.00 \u0219i 20.00. \u00cen jude\u021bele Br\u0103ila, Tulcea, Ialomi\u021ba \u0219i C\u0103l\u0103ra\u0219i <a href=\"https:\/\/sibiu100.ro\/eveniment\/alerta-meteo-cod-galben-de-vant-puternic-joi-si-vineri-in-judetul-sibiu\/\" id=\"https:\/\/sibiu100.ro\/eveniment\/alerta-meteo-cod-galben-de-vant-puternic-joi-si-vineri-in-judetul-sibiu\/\">temporar vor fi intensific\u0103ri puternice ale v\u00e2ntului<\/a>, cu viteze la rafal\u0103 de 70-90 km\/h.<\/p>\n<div class=\"td-a-ad id_inline_ad2 id_ad_content-horiz-center\"><span class=\"td-adspot-title\">Publicitate<\/span><\/div>\n<p>De asemenea, \u00eentre orele 12.00 \u0219i 21.00, este \u00een vigoare o avertizare Cod portocaliu, care vizeaz\u0103 Carpa\u021bii Orientali, Meridionali \u0219i Mun\u021bii Apuseni, la altitudini mai mari de 1600 m. Aici, v\u00e2ntul va avea viteze la rafal\u0103 de 100-120 km\/h.<\/p>\n<p>De duminic\u0103, de la ora 21.00, p\u00e2n\u0103 luni, la ora 2.00, va fi \u00een vigoare o avertizare Cod galben. Conform acesteia, \u00een Carpa\u021bii Meridionali, <a href=\"https:\/\/sibiu100.ro\/eveniment\/alerta-cod-portocaliu-in-sibiu-si-12-localitati-averse-torentiale-si-vant-puternic\/\" id=\"https:\/\/sibiu100.ro\/eveniment\/alerta-cod-portocaliu-in-sibiu-si-12-localitati-averse-torentiale-si-vant-puternic\/\">v\u00e2ntul va avea intensific\u0103ri cu viteze la rafal\u0103<\/a> de 70-90 km\/h.<\/p>\n<p>\u00centre acelea\u0219i ore, o avertizare Cod portocaliu va viza Carpa\u021bii Meridionali, la altitudini mai mari de 1600 m, unde v\u00e2ntul va bate cu viteze la rafal\u0103 de 100-120 km\/h.<\/p>\n<p><strong>\u00ce\u021bi mul\u021bumim pentru c\u0103 ai ales s\u0103 te informezi <a href=\"https:\/\/sibiu100.ro\/\" id=\"https:\/\/sibiu100.ro\/\">din\u00a0Sibiu 100%<\/a>. Poate ai informa\u021bii din comunitate \u0219i vrei s\u0103 le \u00eemp\u0103rt\u0103\u0219e\u0219ti cu noi. Scrie un mesaj pe e-mail\u00a0<a href=\"https:\/\/sibiu100.ro\/cdn-cgi\/l\/email-protection\" class=\"__cf_email__\" data-cfemail=\"fb949d9d92989ebb889299928ecacbcbd58994\">[email\u00a0protected]<\/a>\u00a0sau WhatsApp 0752.060.007<\/strong><\/p>\n<\/div>\n<div class=\"tdb-block-inner td-fix-index\">\n<ul class=\"tdb-tags\">\n<li><span>Tags<\/span><\/li>\n<li><a href=\"https:\/\/sibiu100.ro\/tag\/cod-vant-sibiu\/\">cod vant sibiu<\/a><\/li>\n<\/ul>\n<\/div>\n<div class=\"tdb-block-inner td-fix-index\">\n<div class=\"tdb-next-post tdb-next-post-bg tdb-post-prev\"><span>Articolul precedent<\/span><\/p>\n<div class=\"td-module-container\">\n<div class=\"next-prev-title\"><a href=\"https:\/\/sibiu100.ro\/eveniment\/foto-cernobil-40-de-ani-de-la-noaptea-care-a-otravit-europa\/\">FOTO: Cernob\u00eel, 40 de ani de la noaptea care a OTR\u0102VIT Europa<\/a><\/div>\n<\/div>\n<\/div>\n<div class=\"tdb-next-post tdb-next-post-bg tdb-post-next\"><span>Articolul urm\u0103tor<\/span><\/p>\n<div class=\"td-module-container\">\n<div class=\"next-prev-title\"><a href=\"https:\/\/sibiu100.ro\/cultura\/tacerea-care-doare-wanda-un-spectacol-despre-bullying-si-vinovatie-la-teatrul-gong\/\">T\u0103cerea care doare: \u201eWanda\u201d, un spectacol despre bullying \u0219i vinov\u0103\u021bie la Teatrul Gong<\/a><\/div>\n<\/div>\n<\/div>\n<\/div>\n<div id=\"tdi_137\" class=\"td_block_inner tdb-block-inner td-fix-index\">\n<div class=\"tdb_module_related td_module_wrap td-animation-stack\">\n<div class=\"td-module-container td-category-pos-\">\n<div class=\"td-module-meta-info\">\n<h3 class=\"entry-title td-module-title\"><a href=\"https:\/\/sibiu100.ro\/educatie\/foto-copiii-care-strang-dupa-nepasarea-adultilor-lectia-tacuta-din-padurea-greweln\/\" rel=\"bookmark\" title=\"FOTO \u2013 Copiii care str\u00e2ng dup\u0103 nep\u0103sarea adul\u021bilor: lec\u021bia t\u0103cut\u0103 din p\u0103durea Greweln\">FOTO \u2013 Copiii care str\u00e2ng dup\u0103 nep\u0103sarea adul\u021bilor: lec\u021bia t\u0103cut\u0103 din p\u0103durea Greweln<\/a><\/h3>\n<div class=\"td-editor-date\"><a href=\"https:\/\/sibiu100.ro\/categorie\/educatie\/\" class=\"td-post-category\">Educatie<\/a><span class=\"td-author-date\"><span class=\"td-post-author-name\"><a href=\"https:\/\/sibiu100.ro\/author\/radupadure\/\">Vasile Antipa<\/a><span>&#8211;<\/span><\/span><span class=\"td-post-date\"><time class=\"entry-date updated td-module-date\" datetime=\"2026-04-26T12:17:08+03:00\">26 aprilie 2026<\/time><\/span><\/span><\/div>\n<\/div>\n<\/div>\n<\/div>\n<div class=\"tdb_module_related td_module_wrap td-animation-stack\">\n<div class=\"td-module-container td-category-pos-\">\n<div class=\"td-module-meta-info\">\n<h3 class=\"entry-title td-module-title\"><a href=\"https:\/\/sibiu100.ro\/cultura\/tacerea-care-doare-wanda-un-spectacol-despre-bullying-si-vinovatie-la-teatrul-gong\/\" rel=\"bookmark\" title=\"T\u0103cerea care doare: \u201eWanda\u201d, un spectacol despre bullying \u0219i vinov\u0103\u021bie la Teatrul Gong\">T\u0103cerea care doare: \u201eWanda\u201d, un spectacol despre bullying \u0219i vinov\u0103\u021bie la Teatrul Gong<\/a><\/h3>\n<div class=\"td-editor-date\"><a href=\"https:\/\/sibiu100.ro\/categorie\/cultura\/\" class=\"td-post-category\">Cultur\u0103<\/a><span class=\"td-author-date\"><span class=\"td-post-author-name\"><a href=\"https:\/\/sibiu100.ro\/author\/radupadure\/\">Vasile Antipa<\/a><span>&#8211;<\/span><\/span><span class=\"td-post-date\"><time class=\"entry-date updated td-module-date\" datetime=\"2026-04-26T12:01:47+03:00\">26 aprilie 2026<\/time><\/span><\/span><\/div>\n<\/div>\n<\/div>\n<\/div>\n<div class=\"tdb_module_related td_module_wrap td-animation-stack\">\n<div class=\"td-module-container td-category-pos-\">\n<div class=\"td-module-meta-info\">\n<h3 class=\"entry-title td-module-title\"><a href=\"https:\/\/sibiu100.ro\/eveniment\/foto-cernobil-40-de-ani-de-la-noaptea-care-a-otravit-europa\/\" rel=\"bookmark\" title=\"FOTO: Cernob\u00eel, 40 de ani de la noaptea care a OTR\u0102VIT Europa\">FOTO: Cernob\u00eel, 40 de ani de la noaptea care a OTR\u0102VIT Europa<\/a><\/h3>\n<div class=\"td-editor-date\"><a href=\"https:\/\/sibiu100.ro\/categorie\/eveniment\/\" class=\"td-post-category\">Eveniment<\/a><span class=\"td-author-date\"><span class=\"td-post-author-name\"><a href=\"https:\/\/sibiu100.ro\/author\/radupadure\/\">Vasile Antipa<\/a><span>&#8211;<\/span><\/span><span class=\"td-post-date\"><time class=\"entry-date updated td-module-date\" datetime=\"2026-04-26T08:16:32+03:00\">26 aprilie 2026<\/time><\/span><\/span><\/div>\n<\/div>\n<\/div>\n<\/div>\n<div class=\"tdb_module_related td_module_wrap td-animation-stack\">\n<div class=\"td-module-container td-category-pos-\">\n<div class=\"td-module-meta-info\">\n<h3 class=\"entry-title td-module-title\"><a href=\"https:\/\/sibiu100.ro\/eveniment\/video-ultima-ora-atac-armat-in-timpul-dineului-prezidential-donald-si-melania-trump-evacuati-de-urgenta\/\" rel=\"bookmark\" title=\"VIDEO\/ULTIMA OR\u0102: Atac armat \u00een timpul dineului preziden\u021bial: Donald \u0219i Melania Trump, evacua\u021bi de urgen\u021b\u0103\">VIDEO\/ULTIMA OR\u0102: Atac armat \u00een timpul dineului preziden\u021bial: Donald \u0219i Melania Trump, evacua\u021bi de urgen\u021b\u0103<\/a><\/h3>\n<div class=\"td-editor-date\"><a href=\"https:\/\/sibiu100.ro\/categorie\/eveniment\/\" class=\"td-post-category\">Eveniment<\/a><span class=\"td-author-date\"><span class=\"td-post-author-name\"><a href=\"https:\/\/sibiu100.ro\/author\/radupadure\/\">Vasile Antipa<\/a><span>&#8211;<\/span><\/span><span class=\"td-post-date\"><time class=\"entry-date updated td-module-date\" datetime=\"2026-04-26T07:08:52+03:00\">26 aprilie 2026<\/time><\/span><\/span><\/div>\n<\/div>\n<\/div>\n<\/div>\n<\/div>\n<p>[analyse_source url=&#8221;https:\/\/sibiu100.ro\/eveniment\/ultima-ora-coduri-galben-si-portocaliu-de-vant-in-sibiu\/#new_tab&#8221;]<\/p>\n","protected":false},"excerpt":{"rendered":"<p>[analyse_image type=&#8221;featured&#8221; src=&#8221;https:\/\/sibiu100.ro\/wp-content\/uploads\/2026\/04\/Vant-Sibiu.png&#8221;] 20.2C Sibiu duminic\u0103, aprilie 26, 2026 type here&#8230; Actualizat:26 aprilie 2026 ULTIMA OR\u0102: Coduri Galben \u0219i Portocaliu de v\u00e2nt \u00een Sibiu de:Vasile Antipa 26 aprilie 2026 0 Vasile Antipa Avertiz\u0103ri Cod portocaliu \u0219i Cod galben de v\u00e2nt vor fi \u00een vigoare duminic\u0103 \u00een \u00eentreaga \u021bar\u0103, iar \u00een unele zone, viteza v\u00e2ntului va [&hellip;]<\/p>\n","protected":false},"author":1,"featured_media":0,"comment_status":"open","ping_status":"","sticky":false,"template":"","format":"standard","meta":{"footnotes":""},"categories":[89],"tags":[226,217],"class_list":["post-1903273","post","type-post","status-publish","format-standard","hentry","category-romania","tag-crawlmanager","tag-vaslui-robo-stiri-ro"],"_links":{"self":[{"href":"https:\/\/analyse.optim.biz\/index.php?rest_route=\/wp\/v2\/posts\/1903273","targetHints":{"allow":["GET"]}}],"collection":[{"href":"https:\/\/analyse.optim.biz\/index.php?rest_route=\/wp\/v2\/posts"}],"about":[{"href":"https:\/\/analyse.optim.biz\/index.php?rest_route=\/wp\/v2\/types\/post"}],"author":[{"embeddable":true,"href":"https:\/\/analyse.optim.biz\/index.php?rest_route=\/wp\/v2\/users\/1"}],"replies":[{"embeddable":true,"href":"https:\/\/analyse.optim.biz\/index.php?rest_route=%2Fwp%2Fv2%2Fcomments&post=1903273"}],"version-history":[{"count":0,"href":"https:\/\/analyse.optim.biz\/index.php?rest_route=\/wp\/v2\/posts\/1903273\/revisions"}],"wp:attachment":[{"href":"https:\/\/analyse.optim.biz\/index.php?rest_route=%2Fwp%2Fv2%2Fmedia&parent=1903273"}],"wp:term":[{"taxonomy":"category","embeddable":true,"href":"https:\/\/analyse.optim.biz\/index.php?rest_route=%2Fwp%2Fv2%2Fcategories&post=1903273"},{"taxonomy":"post_tag","embeddable":true,"href":"https:\/\/analyse.optim.biz\/index.php?rest_route=%2Fwp%2Fv2%2Ftags&post=1903273"}],"curies":[{"name":"wp","href":"https:\/\/api.w.org\/{rel}","templated":true}]}}