{"id":1903002,"date":"2026-04-24T08:39:27","date_gmt":"2026-04-24T05:39:27","guid":{"rendered":"https:\/\/analyse.optim.biz\/?p=1903002"},"modified":"2026-04-24T08:39:27","modified_gmt":"2026-04-24T05:39:27","slug":"minutul-de-agricultura-proiect-al-directiei-agricole-suceava-informatii-simple-si-utile-pentru-fermieri-si-publicul-larg-de-la-legislatie-si-autorizatii-pina-la-riscuri","status":"publish","type":"post","link":"https:\/\/analyse.optim.biz\/?p=1903002","title":{"rendered":"\u201dMinutul de Agricultur\u0103\u201d, proiect al Direc\u021biei Agricole Suceava: informa\u021bii simple \u0219i utile pentru fermieri \u0219i publicul larg \u2013 de la legisla\u021bie \u0219i autoriza\u021bii, p\u00een\u0103 la riscuri \u0219i termene importante pentru fermieri"},"content":{"rendered":"<p>[analyse_image type=&#8221;featured&#8221; src=&#8221;https:\/\/www.radiotop.ro\/img\/media\/2024\/10\/fia-elena-gogu-1.jpeghttps:\/\/www.radiotop.ro\/img\/media\/2024\/10\/fia-elena-gogu-1.jpeg&#8221;]<\/p>\n<div class=\"entry-content no-share\">\n<div class=\"content-inner \">\n<p>Direc\u021bia pentru Agricultur\u0103 Jude\u021bean\u0103 Suceava a lansat proiectul \u201dMinutul de Agricultur\u0103\u201d, o ini\u021biativ\u0103 prin care institu\u021bia \u00ee\u0219i propune s\u0103 transmit\u0103 informa\u021bii practice despre domeniul agricol \u2013 de la legisla\u021bie \u0219i autoriza\u021bii, p\u00een\u0103 la riscuri \u0219i termene importante pentru fermieri.<\/p>\n<p>\u00centr-o interven\u021bie telefonic\u0103 la Radio Top, directoarea institu\u021biei, Claudia Elena Gogu, a declarat: \u201dNe-am propus s\u0103 venim cu informa\u021bii c\u00eet mai simple, c\u00eet mai pe \u00een\u021belesul tuturor, c\u00eet mai clare, c\u00eet mai elocvente. Am \u00een vedere lucruri care s\u00eent poate mai pu\u021bin cunoscute legate de partea de fond funciar, de autoriza\u021bii de plantare, de autoriza\u021bii de defri\u0219are, c\u00eet e de riscant s\u0103 t\u0103iem un nuc f\u0103r\u0103 autoriza\u021bie, care s\u00eent contraven\u021biile, la ce ne expunem c\u00eend construim f\u0103r\u0103 s\u0103 scoatem din circuitul agricol, f\u0103r\u0103 s\u0103 avem documente necesare\u201d.<\/p>\n<p>Potrivit acesteia, proiectul vine ca o completare a comunic\u0103rii deja existente: \u201dAvem o pagin\u0103 de Facebook a institu\u021biei unde am comunicat absolut tot ce s-a putut. De asemenea, avem c\u00eeteva grupuri de WhatsApp unde comunic\u0103m cu fermierii. Dar am considerat c\u0103 poate e binevenit\u0103 \u0219i o comunicare prin intermediul mass-media\u201d.<\/p>\n<p>Claudia Gogu a subliniat c\u0103 informa\u021biile vor viza \u0219i aspecte punctuale din activitatea agricol\u0103. A spus aceasta: \u201dIeri (23 aprilie \u2013 n.r.) am f\u0103cut o informare legat\u0103 de p\u0103\u0219uni, o s\u0103 continu\u0103m \u0219i la capitolul acesta. De asemenea, o s\u0103 anun\u021b\u0103m zilele urm\u0103toare faptul c\u0103 se prelunge\u0219te un termen pentru depunerea \u00eenregistr\u0103rii \u00een agricultura ecologic\u0103. Lucruri simple, dar de interes totu\u0219i pentru publicul larg\u201d.<\/p>\n<p>Mesajele vor fi distribuite at\u00eet online, c\u00eet \u0219i prin intermediul presei. A mai precizat directoarea DAJ Suceava: \u201dO s\u0103 post\u0103m acolo \u0219i, de asemenea, o s\u0103 transmit pe grupul de WhatsApp pe care l-am constituit \u00eempreun\u0103 cu cei din zona mass-media. O s\u0103 public\u0103m \u0219i acolo, \u0219i fiecare s\u0103 ia informa\u021bia de unde consider\u0103 c\u0103 e mai la \u00eendem\u00een\u0103. \u00cenc\u0103 o dat\u0103, mul\u021bumesc tuturor celor care aleg s\u0103 colaboreze cu noi \u0219i s\u0103 ne sprijin\u0103 \u00een acest demers\u201d.<\/p>\n<p>\u00a0<\/p>\n<\/div>\n<\/div>\n<div class=\"content-inner \">\n<p>Direc\u021bia pentru Agricultur\u0103 Jude\u021bean\u0103 Suceava a lansat proiectul \u201dMinutul de Agricultur\u0103\u201d, o ini\u021biativ\u0103 prin care institu\u021bia \u00ee\u0219i propune s\u0103 transmit\u0103 informa\u021bii practice despre domeniul agricol \u2013 de la legisla\u021bie \u0219i autoriza\u021bii, p\u00een\u0103 la riscuri \u0219i termene importante pentru fermieri.<\/p>\n<p>\u00centr-o interven\u021bie telefonic\u0103 la Radio Top, directoarea institu\u021biei, Claudia Elena Gogu, a declarat: \u201dNe-am propus s\u0103 venim cu informa\u021bii c\u00eet mai simple, c\u00eet mai pe \u00een\u021belesul tuturor, c\u00eet mai clare, c\u00eet mai elocvente. Am \u00een vedere lucruri care s\u00eent poate mai pu\u021bin cunoscute legate de partea de fond funciar, de autoriza\u021bii de plantare, de autoriza\u021bii de defri\u0219are, c\u00eet e de riscant s\u0103 t\u0103iem un nuc f\u0103r\u0103 autoriza\u021bie, care s\u00eent contraven\u021biile, la ce ne expunem c\u00eend construim f\u0103r\u0103 s\u0103 scoatem din circuitul agricol, f\u0103r\u0103 s\u0103 avem documente necesare\u201d.<\/p>\n<p>Potrivit acesteia, proiectul vine ca o completare a comunic\u0103rii deja existente: \u201dAvem o pagin\u0103 de Facebook a institu\u021biei unde am comunicat absolut tot ce s-a putut. De asemenea, avem c\u00eeteva grupuri de WhatsApp unde comunic\u0103m cu fermierii. Dar am considerat c\u0103 poate e binevenit\u0103 \u0219i o comunicare prin intermediul mass-media\u201d.<\/p>\n<p>Claudia Gogu a subliniat c\u0103 informa\u021biile vor viza \u0219i aspecte punctuale din activitatea agricol\u0103. A spus aceasta: \u201dIeri (23 aprilie \u2013 n.r.) am f\u0103cut o informare legat\u0103 de p\u0103\u0219uni, o s\u0103 continu\u0103m \u0219i la capitolul acesta. De asemenea, o s\u0103 anun\u021b\u0103m zilele urm\u0103toare faptul c\u0103 se prelunge\u0219te un termen pentru depunerea \u00eenregistr\u0103rii \u00een agricultura ecologic\u0103. Lucruri simple, dar de interes totu\u0219i pentru publicul larg\u201d.<\/p>\n<p>Mesajele vor fi distribuite at\u00eet online, c\u00eet \u0219i prin intermediul presei. A mai precizat directoarea DAJ Suceava: \u201dO s\u0103 post\u0103m acolo \u0219i, de asemenea, o s\u0103 transmit pe grupul de WhatsApp pe care l-am constituit \u00eempreun\u0103 cu cei din zona mass-media. O s\u0103 public\u0103m \u0219i acolo, \u0219i fiecare s\u0103 ia informa\u021bia de unde consider\u0103 c\u0103 e mai la \u00eendem\u00een\u0103. \u00cenc\u0103 o dat\u0103, mul\u021bumesc tuturor celor care aleg s\u0103 colaboreze cu noi \u0219i s\u0103 ne sprijin\u0103 \u00een acest demers\u201d.<\/p>\n<p>\u00a0<\/p>\n<\/div>\n<p>[analyse_source url=&#8221;https:\/\/www.radiotop.ro\/actualitate\/minutul-de-agricultura-proiect-al-directiei-agricole-suceava-informatii-simple-si-utile-pentru-fermieri-si-publicul-larg-de-la-legislatie-si-autorizatii-pina-la-riscuri-si-terme.html&#8221;]<\/p>\n","protected":false},"excerpt":{"rendered":"<p>[analyse_image type=&#8221;featured&#8221; src=&#8221;https:\/\/www.radiotop.ro\/img\/media\/2024\/10\/fia-elena-gogu-1.jpeghttps:\/\/www.radiotop.ro\/img\/media\/2024\/10\/fia-elena-gogu-1.jpeg&#8221;] Direc\u021bia pentru Agricultur\u0103 Jude\u021bean\u0103 Suceava a lansat proiectul \u201dMinutul de Agricultur\u0103\u201d, o ini\u021biativ\u0103 prin care institu\u021bia \u00ee\u0219i propune s\u0103 transmit\u0103 informa\u021bii practice despre domeniul agricol \u2013 de la legisla\u021bie \u0219i autoriza\u021bii, p\u00een\u0103 la riscuri \u0219i termene importante pentru fermieri. \u00centr-o interven\u021bie telefonic\u0103 la Radio Top, directoarea institu\u021biei, Claudia Elena Gogu, a declarat: [&hellip;]<\/p>\n","protected":false},"author":1,"featured_media":0,"comment_status":"open","ping_status":"","sticky":false,"template":"","format":"standard","meta":{"footnotes":""},"categories":[89],"tags":[226,163],"class_list":["post-1903002","post","type-post","status-publish","format-standard","hentry","category-romania","tag-crawlmanager","tag-radiotop-ro"],"_links":{"self":[{"href":"https:\/\/analyse.optim.biz\/index.php?rest_route=\/wp\/v2\/posts\/1903002","targetHints":{"allow":["GET"]}}],"collection":[{"href":"https:\/\/analyse.optim.biz\/index.php?rest_route=\/wp\/v2\/posts"}],"about":[{"href":"https:\/\/analyse.optim.biz\/index.php?rest_route=\/wp\/v2\/types\/post"}],"author":[{"embeddable":true,"href":"https:\/\/analyse.optim.biz\/index.php?rest_route=\/wp\/v2\/users\/1"}],"replies":[{"embeddable":true,"href":"https:\/\/analyse.optim.biz\/index.php?rest_route=%2Fwp%2Fv2%2Fcomments&post=1903002"}],"version-history":[{"count":0,"href":"https:\/\/analyse.optim.biz\/index.php?rest_route=\/wp\/v2\/posts\/1903002\/revisions"}],"wp:attachment":[{"href":"https:\/\/analyse.optim.biz\/index.php?rest_route=%2Fwp%2Fv2%2Fmedia&parent=1903002"}],"wp:term":[{"taxonomy":"category","embeddable":true,"href":"https:\/\/analyse.optim.biz\/index.php?rest_route=%2Fwp%2Fv2%2Fcategories&post=1903002"},{"taxonomy":"post_tag","embeddable":true,"href":"https:\/\/analyse.optim.biz\/index.php?rest_route=%2Fwp%2Fv2%2Ftags&post=1903002"}],"curies":[{"name":"wp","href":"https:\/\/api.w.org\/{rel}","templated":true}]}}