{"id":1902998,"date":"2026-04-24T08:44:39","date_gmt":"2026-04-24T05:44:39","guid":{"rendered":"https:\/\/analyse.optim.biz\/?p=1902998"},"modified":"2026-04-24T08:44:39","modified_gmt":"2026-04-24T05:44:39","slug":"parteneriat-intre-directia-agricola-si-isj-suceava-claudia-elena-gogu-directoarea-djas-straturi-cu-legume-la-10-scoli-si-educatie-alimentara","status":"publish","type":"post","link":"https:\/\/analyse.optim.biz\/?p=1902998","title":{"rendered":"Parteneriat \u00eentre Direc\u021bia Agricol\u0103 \u0219i I\u0218J Suceava. Claudia Elena Gogu, directoarea DJAS: Straturi cu legume la 10 \u0219coli \u0219i educa\u021bie alimentar\u0103"},"content":{"rendered":"<p>[analyse_image type=&#8221;featured&#8221; src=&#8221;https:\/\/www.radiotop.ro\/img\/media\/2026\/04\/anton-gogu.jpghttps:\/\/www.radiotop.ro\/img\/media\/2026\/04\/anton-gogu.jpg&#8221;]<\/p>\n<div class=\"entry-content no-share\">\n<div class=\"content-inner \">\n<p>Direc\u021bia pentru Agricultur\u0103 Jude\u021bean\u0103 Suceava \u0219i Inspectoratul \u0218colar Jude\u021bean Suceava au semnat un parteneriat care consolideaz\u0103 colaborarea din ultimii ani \u0219i aduce, \u00een premier\u0103, proiecte concrete pentru elevi, de la \u00eenfiin\u021barea unor gr\u0103dini de legume la \u0219coli, p\u00een\u0103 la vizite la ferme \u0219i activit\u0103\u021bi de educa\u021bie alimentar\u0103.<\/p>\n<p>\u00centr-o interven\u021bie telefonic\u0103 la Radio Top, directoarea Direc\u021biei Agricole Suceava, Claudia Elena Gogu, a declarat: \u201dParteneriatul pe care l-am semnat vine s\u0103 \u00eencununeze de fapt o activitate pe care noi o desf\u0103\u0219ur\u0103m \u00eempreun\u0103 cu mediul \u0219colar de mai bine de trei ani de zile. Am avut activit\u0103\u021bi multiple \u00een sensul acesta. Acum doar am parafat o chestie pe care o desf\u0103\u0219uram de ceva timp\u201d.<\/p>\n<p>Aceasta a explicat c\u0103, p\u00een\u0103 acum, colaborarea a inclus numeroase activit\u0103\u021bi cu elevii: \u201d\u00cen &lt;S\u0103pt\u0103m\u00eena verde&gt;, \u00een &lt;\u0218coala altfel&gt;, am avut foarte multe vizite ale copiilor la institu\u021bia noastr\u0103. Copii \u00eensemn\u00eend de la pre\u0219colari p\u00een\u0103 la liceeni, \u00eempreun\u0103 cu cadrele didactice. Am comunicat teme de interes pentru copii, de la educa\u021bia consumatorului, la risipa alimentar\u0103, la hran\u0103 s\u0103n\u0103toas\u0103, la lan\u021b scurt de aprovizionare, de asemenea am avut \u0219i vizite la ferme\u201d.<\/p>\n<p>Noul protocol prevede \u0219i activit\u0103\u021bi practice. A mai spus doamna Gogu la Radio Top: \u201dAm parafat un protocol prin care avem trei teme mari, prin care anul acesta, a\u0219a, \u00een premier\u0103, ne-am propus o colaborare pentru maxim 10 \u0219coli, \u00een care s\u0103 facem un strat de legume. Noi o s\u0103 punem la dispozi\u021bie semin\u021bele \u0219i o s\u0103-i rug\u0103m pe d\u00een\u0219ii s\u0103 vin\u0103 cu partea cealalt\u0103, cu buc\u0103\u021bica de teren\u201d.<\/p>\n<p>Pe l\u00eeng\u0103 aceste ini\u021biative vor continua \u0219i activit\u0103\u021bile educative deja existente, inclusiv vizite la ferme \u0219i sesiuni dedicate form\u0103rii unor obiceiuri alimentare s\u0103n\u0103toase \u00een r\u00eendul elevilor.<\/p>\n<\/div>\n<\/div>\n<div class=\"content-inner \">\n<p>Direc\u021bia pentru Agricultur\u0103 Jude\u021bean\u0103 Suceava \u0219i Inspectoratul \u0218colar Jude\u021bean Suceava au semnat un parteneriat care consolideaz\u0103 colaborarea din ultimii ani \u0219i aduce, \u00een premier\u0103, proiecte concrete pentru elevi, de la \u00eenfiin\u021barea unor gr\u0103dini de legume la \u0219coli, p\u00een\u0103 la vizite la ferme \u0219i activit\u0103\u021bi de educa\u021bie alimentar\u0103.<\/p>\n<p>\u00centr-o interven\u021bie telefonic\u0103 la Radio Top, directoarea Direc\u021biei Agricole Suceava, Claudia Elena Gogu, a declarat: \u201dParteneriatul pe care l-am semnat vine s\u0103 \u00eencununeze de fapt o activitate pe care noi o desf\u0103\u0219ur\u0103m \u00eempreun\u0103 cu mediul \u0219colar de mai bine de trei ani de zile. Am avut activit\u0103\u021bi multiple \u00een sensul acesta. Acum doar am parafat o chestie pe care o desf\u0103\u0219uram de ceva timp\u201d.<\/p>\n<p>Aceasta a explicat c\u0103, p\u00een\u0103 acum, colaborarea a inclus numeroase activit\u0103\u021bi cu elevii: \u201d\u00cen &lt;S\u0103pt\u0103m\u00eena verde&gt;, \u00een &lt;\u0218coala altfel&gt;, am avut foarte multe vizite ale copiilor la institu\u021bia noastr\u0103. Copii \u00eensemn\u00eend de la pre\u0219colari p\u00een\u0103 la liceeni, \u00eempreun\u0103 cu cadrele didactice. Am comunicat teme de interes pentru copii, de la educa\u021bia consumatorului, la risipa alimentar\u0103, la hran\u0103 s\u0103n\u0103toas\u0103, la lan\u021b scurt de aprovizionare, de asemenea am avut \u0219i vizite la ferme\u201d.<\/p>\n<p>Noul protocol prevede \u0219i activit\u0103\u021bi practice. A mai spus doamna Gogu la Radio Top: \u201dAm parafat un protocol prin care avem trei teme mari, prin care anul acesta, a\u0219a, \u00een premier\u0103, ne-am propus o colaborare pentru maxim 10 \u0219coli, \u00een care s\u0103 facem un strat de legume. Noi o s\u0103 punem la dispozi\u021bie semin\u021bele \u0219i o s\u0103-i rug\u0103m pe d\u00een\u0219ii s\u0103 vin\u0103 cu partea cealalt\u0103, cu buc\u0103\u021bica de teren\u201d.<\/p>\n<p>Pe l\u00eeng\u0103 aceste ini\u021biative vor continua \u0219i activit\u0103\u021bile educative deja existente, inclusiv vizite la ferme \u0219i sesiuni dedicate form\u0103rii unor obiceiuri alimentare s\u0103n\u0103toase \u00een r\u00eendul elevilor.<\/p>\n<\/div>\n<p>[analyse_source url=&#8221;https:\/\/www.radiotop.ro\/actualitate\/parteneriat-intre-directia-agricola-si-isj-suceava-claudia-elena-gogu-directoarea-djas-straturi-cu-legume-la-10-scoli-si-educatie-alimentara.html&#8221;]<\/p>\n","protected":false},"excerpt":{"rendered":"<p>[analyse_image type=&#8221;featured&#8221; src=&#8221;https:\/\/www.radiotop.ro\/img\/media\/2026\/04\/anton-gogu.jpghttps:\/\/www.radiotop.ro\/img\/media\/2026\/04\/anton-gogu.jpg&#8221;] Direc\u021bia pentru Agricultur\u0103 Jude\u021bean\u0103 Suceava \u0219i Inspectoratul \u0218colar Jude\u021bean Suceava au semnat un parteneriat care consolideaz\u0103 colaborarea din ultimii ani \u0219i aduce, \u00een premier\u0103, proiecte concrete pentru elevi, de la \u00eenfiin\u021barea unor gr\u0103dini de legume la \u0219coli, p\u00een\u0103 la vizite la ferme \u0219i activit\u0103\u021bi de educa\u021bie alimentar\u0103. \u00centr-o interven\u021bie telefonic\u0103 la Radio [&hellip;]<\/p>\n","protected":false},"author":1,"featured_media":0,"comment_status":"open","ping_status":"","sticky":false,"template":"","format":"standard","meta":{"footnotes":""},"categories":[89],"tags":[226,163],"class_list":["post-1902998","post","type-post","status-publish","format-standard","hentry","category-romania","tag-crawlmanager","tag-radiotop-ro"],"_links":{"self":[{"href":"https:\/\/analyse.optim.biz\/index.php?rest_route=\/wp\/v2\/posts\/1902998","targetHints":{"allow":["GET"]}}],"collection":[{"href":"https:\/\/analyse.optim.biz\/index.php?rest_route=\/wp\/v2\/posts"}],"about":[{"href":"https:\/\/analyse.optim.biz\/index.php?rest_route=\/wp\/v2\/types\/post"}],"author":[{"embeddable":true,"href":"https:\/\/analyse.optim.biz\/index.php?rest_route=\/wp\/v2\/users\/1"}],"replies":[{"embeddable":true,"href":"https:\/\/analyse.optim.biz\/index.php?rest_route=%2Fwp%2Fv2%2Fcomments&post=1902998"}],"version-history":[{"count":0,"href":"https:\/\/analyse.optim.biz\/index.php?rest_route=\/wp\/v2\/posts\/1902998\/revisions"}],"wp:attachment":[{"href":"https:\/\/analyse.optim.biz\/index.php?rest_route=%2Fwp%2Fv2%2Fmedia&parent=1902998"}],"wp:term":[{"taxonomy":"category","embeddable":true,"href":"https:\/\/analyse.optim.biz\/index.php?rest_route=%2Fwp%2Fv2%2Fcategories&post=1902998"},{"taxonomy":"post_tag","embeddable":true,"href":"https:\/\/analyse.optim.biz\/index.php?rest_route=%2Fwp%2Fv2%2Ftags&post=1902998"}],"curies":[{"name":"wp","href":"https:\/\/api.w.org\/{rel}","templated":true}]}}