{"id":1902875,"date":"2026-04-24T11:41:39","date_gmt":"2026-04-24T08:41:39","guid":{"rendered":"https:\/\/analyse.optim.biz\/?p=1902875"},"modified":"2026-04-24T11:41:39","modified_gmt":"2026-04-24T08:41:39","slug":"lucrarile-de-modernizare-a-drumului-satu-mare-granicesti-receptionate","status":"publish","type":"post","link":"https:\/\/analyse.optim.biz\/?p=1902875","title":{"rendered":"Lucr\u0103rile de modernizare a drumului Satu Mare \u2013 Gr\u0103nice\u0219ti, recep\u021bionate"},"content":{"rendered":"<p>[analyse_image type=&#8221;featured&#8221; src=&#8221;https:\/\/www.radiotop.ro\/img\/media\/2026\/04\/drum-satu-mare.jpghttps:\/\/www.radiotop.ro\/img\/media\/2026\/04\/drum-satu-mare.jpg&#8221;]<\/p>\n<div class=\"entry-content no-share\">\n<div class=\"content-inner \">\n<div class=\"jeg_preview_slider gallery_1\" data-selector=\"gallery_1\">\n<div class=\"jeg_preview_holder\">\n<div class=\"jeg_preview_media\">\n<div class=\"jeg_preview_media_holder\">\n<h3>\u00a0<\/h3>\n<div class=\"jeg_preview_control\">\n<div class=\"left_control\">\n<div class=\"counter\"><span class=\"current\">1<\/span> of  4<\/div>\n<\/div>\n<div class=\"zoom\"><span class=\"reduce\">&#8211;<\/span><span class=\"increase\">+<\/span><\/div>\n<\/div>\n<\/div>\n<\/div>\n<div class=\"jeg_preview_bottom_slider\"><a data-id=\"0\" data-title data-image=\"https:\/\/www.radiotop.ro\/img\/media\/2026\/04\/drum-trecere-calea-ferata.jpg\" href=\"https:\/\/www.radiotop.ro\/img\/media\/2026\/04\/drum-trecere-calea-ferata.jpg\" class=\"jeg_preview_item active\"><\/p>\n<div class=\"jeg_preview_item_thumbnail\"><img loading=\"lazy\" decoding=\"async\" width=\"120\" height=\"86\" src=\"https:\/\/www.radiotop.ro\/img\/media\/2026\/04\/drum-trecere-calea-ferata-120x86.jpg\" class=\"attachment-jnews-120x86 size-jnews-120x86\" alt><\/div>\n<p><\/a><a data-id=\"1\" data-title data-image=\"https:\/\/www.radiotop.ro\/img\/media\/2026\/04\/drum-modernizat.jpg\" href=\"https:\/\/www.radiotop.ro\/img\/media\/2026\/04\/drum-modernizat.jpg\" class=\"jeg_preview_item \"><\/p>\n<div class=\"jeg_preview_item_thumbnail\"><img loading=\"lazy\" decoding=\"async\" width=\"120\" height=\"86\" src=\"https:\/\/www.radiotop.ro\/img\/media\/2026\/04\/drum-modernizat-120x86.jpg\" class=\"attachment-jnews-120x86 size-jnews-120x86\" alt><\/div>\n<p><\/a><a data-id=\"2\" data-title data-image=\"https:\/\/www.radiotop.ro\/img\/media\/2026\/04\/drum-satu-mare-1.jpg\" href=\"https:\/\/www.radiotop.ro\/img\/media\/2026\/04\/drum-satu-mare-1.jpg\" class=\"jeg_preview_item \"><\/p>\n<div class=\"jeg_preview_item_thumbnail\"><img loading=\"lazy\" decoding=\"async\" width=\"120\" height=\"86\" src=\"https:\/\/www.radiotop.ro\/img\/media\/2026\/04\/drum-satu-mare-1-120x86.jpg\" class=\"attachment-jnews-120x86 size-jnews-120x86\" alt><\/div>\n<p><\/a><a data-id=\"3\" data-title data-image=\"https:\/\/www.radiotop.ro\/img\/media\/2026\/04\/drum-terenuri-agricole.jpg\" href=\"https:\/\/www.radiotop.ro\/img\/media\/2026\/04\/drum-terenuri-agricole.jpg\" class=\"jeg_preview_item \"><\/p>\n<div class=\"jeg_preview_item_thumbnail\"><img loading=\"lazy\" decoding=\"async\" width=\"120\" height=\"86\" src=\"https:\/\/www.radiotop.ro\/img\/media\/2026\/04\/drum-terenuri-agricole-120x86.jpg\" class=\"attachment-jnews-120x86 size-jnews-120x86\" alt><\/div>\n<p><\/a><\/div>\n<\/div>\n<\/div>\n<p>Vicepre\u0219edintele Consiliului Jude\u021bean Suceava Stelian Simerea a participat, ast\u0103zi, la recep\u021bia lucr\u0103rilor de modernizare a drumului jude\u021bean DJ 178B, pe tronsonul Satu Mare \u2013 Gr\u0103nice\u0219ti. Investi\u021bia, care a vizat un tronson de aproximativ 3,2 kilometri, a fost realizat\u0103 prin Programul Na\u021bional \u201eAnghel Saligny\u201d, valoarea total\u0103 fiind de aproximativ 15,5 milioane de lei, inclusiv TVA.<\/p>\n<p>Drumul a fost modernizat la standarde actuale, av\u00eend o l\u0103\u021bime total\u0103 de 8 metri, din care 6 metri parte carosabil\u0103, dou\u0103 benzi de \u00eencadrare de c\u00eete 0,25 metri \u0219i dou\u0103 acostamente de c\u00eete 0,75 metri. Viteza de proiectare este de 50 km\/h.<\/p>\n<p>Lucr\u0103rile au inclus \u0219i realizarea unui sistem complet de colectare \u0219i evacuare a apelor pluviale: \u0219an\u021buri \u0219i rigole pe o lungime total\u0103 de 5.244 metri, 10 pode\u021be transversale pentru preluarea apelor, 34 de accese amenajate la propriet\u0103\u021bi \u0219i 12 drumuri laterale modernizate.<\/p>\n<p>De asemenea, a fost reabilitat\u0103 trecerea la nivel cu calea ferat\u0103, prin montarea unor dale noi din beton.<\/p>\n<\/div>\n<\/div>\n<div class=\"content-inner \">\n<div class=\"jeg_preview_slider gallery_1\" data-selector=\"gallery_1\">\n<div class=\"jeg_preview_holder\">\n<div class=\"jeg_preview_media\">\n<div class=\"jeg_preview_media_holder\">\n<h3>\u00a0<\/h3>\n<div class=\"jeg_preview_control\">\n<div class=\"left_control\">\n<div class=\"counter\"><span class=\"current\">1<\/span> of  4<\/div>\n<\/div>\n<div class=\"zoom\"><span class=\"reduce\">&#8211;<\/span><span class=\"increase\">+<\/span><\/div>\n<\/div>\n<\/div>\n<\/div>\n<div class=\"jeg_preview_bottom_slider\"><a data-id=\"0\" data-title data-image=\"https:\/\/www.radiotop.ro\/img\/media\/2026\/04\/drum-trecere-calea-ferata.jpg\" href=\"https:\/\/www.radiotop.ro\/img\/media\/2026\/04\/drum-trecere-calea-ferata.jpg\" class=\"jeg_preview_item active\"><\/p>\n<div class=\"jeg_preview_item_thumbnail\"><img loading=\"lazy\" decoding=\"async\" width=\"120\" height=\"86\" src=\"https:\/\/www.radiotop.ro\/img\/media\/2026\/04\/drum-trecere-calea-ferata-120x86.jpg\" class=\"attachment-jnews-120x86 size-jnews-120x86\" alt><\/div>\n<p><\/a><a data-id=\"1\" data-title data-image=\"https:\/\/www.radiotop.ro\/img\/media\/2026\/04\/drum-modernizat.jpg\" href=\"https:\/\/www.radiotop.ro\/img\/media\/2026\/04\/drum-modernizat.jpg\" class=\"jeg_preview_item \"><\/p>\n<div class=\"jeg_preview_item_thumbnail\"><img loading=\"lazy\" decoding=\"async\" width=\"120\" height=\"86\" src=\"https:\/\/www.radiotop.ro\/img\/media\/2026\/04\/drum-modernizat-120x86.jpg\" class=\"attachment-jnews-120x86 size-jnews-120x86\" alt><\/div>\n<p><\/a><a data-id=\"2\" data-title data-image=\"https:\/\/www.radiotop.ro\/img\/media\/2026\/04\/drum-satu-mare-1.jpg\" href=\"https:\/\/www.radiotop.ro\/img\/media\/2026\/04\/drum-satu-mare-1.jpg\" class=\"jeg_preview_item \"><\/p>\n<div class=\"jeg_preview_item_thumbnail\"><img loading=\"lazy\" decoding=\"async\" width=\"120\" height=\"86\" src=\"https:\/\/www.radiotop.ro\/img\/media\/2026\/04\/drum-satu-mare-1-120x86.jpg\" class=\"attachment-jnews-120x86 size-jnews-120x86\" alt><\/div>\n<p><\/a><a data-id=\"3\" data-title data-image=\"https:\/\/www.radiotop.ro\/img\/media\/2026\/04\/drum-terenuri-agricole.jpg\" href=\"https:\/\/www.radiotop.ro\/img\/media\/2026\/04\/drum-terenuri-agricole.jpg\" class=\"jeg_preview_item \"><\/p>\n<div class=\"jeg_preview_item_thumbnail\"><img loading=\"lazy\" decoding=\"async\" width=\"120\" height=\"86\" src=\"https:\/\/www.radiotop.ro\/img\/media\/2026\/04\/drum-terenuri-agricole-120x86.jpg\" class=\"attachment-jnews-120x86 size-jnews-120x86\" alt><\/div>\n<p><\/a><\/div>\n<\/div>\n<\/div>\n<p>Vicepre\u0219edintele Consiliului Jude\u021bean Suceava Stelian Simerea a participat, ast\u0103zi, la recep\u021bia lucr\u0103rilor de modernizare a drumului jude\u021bean DJ 178B, pe tronsonul Satu Mare \u2013 Gr\u0103nice\u0219ti. Investi\u021bia, care a vizat un tronson de aproximativ 3,2 kilometri, a fost realizat\u0103 prin Programul Na\u021bional \u201eAnghel Saligny\u201d, valoarea total\u0103 fiind de aproximativ 15,5 milioane de lei, inclusiv TVA.<\/p>\n<p>Drumul a fost modernizat la standarde actuale, av\u00eend o l\u0103\u021bime total\u0103 de 8 metri, din care 6 metri parte carosabil\u0103, dou\u0103 benzi de \u00eencadrare de c\u00eete 0,25 metri \u0219i dou\u0103 acostamente de c\u00eete 0,75 metri. Viteza de proiectare este de 50 km\/h.<\/p>\n<p>Lucr\u0103rile au inclus \u0219i realizarea unui sistem complet de colectare \u0219i evacuare a apelor pluviale: \u0219an\u021buri \u0219i rigole pe o lungime total\u0103 de 5.244 metri, 10 pode\u021be transversale pentru preluarea apelor, 34 de accese amenajate la propriet\u0103\u021bi \u0219i 12 drumuri laterale modernizate.<\/p>\n<p>De asemenea, a fost reabilitat\u0103 trecerea la nivel cu calea ferat\u0103, prin montarea unor dale noi din beton.<\/p>\n<\/div>\n<p>[analyse_source url=&#8221;https:\/\/www.radiotop.ro\/administratie\/lucrarile-de-modernizare-a-drumului-satu-mare-granicesti-receptionate.html&#8221;]<\/p>\n","protected":false},"excerpt":{"rendered":"<p>[analyse_image type=&#8221;featured&#8221; src=&#8221;https:\/\/www.radiotop.ro\/img\/media\/2026\/04\/drum-satu-mare.jpghttps:\/\/www.radiotop.ro\/img\/media\/2026\/04\/drum-satu-mare.jpg&#8221;] \u00a0 1 of 4 &#8211;+ Vicepre\u0219edintele Consiliului Jude\u021bean Suceava Stelian Simerea a participat, ast\u0103zi, la recep\u021bia lucr\u0103rilor de modernizare a drumului jude\u021bean DJ 178B, pe tronsonul Satu Mare \u2013 Gr\u0103nice\u0219ti. Investi\u021bia, care a vizat un tronson de aproximativ 3,2 kilometri, a fost realizat\u0103 prin Programul Na\u021bional \u201eAnghel Saligny\u201d, valoarea total\u0103 fiind de [&hellip;]<\/p>\n","protected":false},"author":1,"featured_media":0,"comment_status":"open","ping_status":"","sticky":false,"template":"","format":"standard","meta":{"footnotes":""},"categories":[89],"tags":[226,163],"class_list":["post-1902875","post","type-post","status-publish","format-standard","hentry","category-romania","tag-crawlmanager","tag-radiotop-ro"],"_links":{"self":[{"href":"https:\/\/analyse.optim.biz\/index.php?rest_route=\/wp\/v2\/posts\/1902875","targetHints":{"allow":["GET"]}}],"collection":[{"href":"https:\/\/analyse.optim.biz\/index.php?rest_route=\/wp\/v2\/posts"}],"about":[{"href":"https:\/\/analyse.optim.biz\/index.php?rest_route=\/wp\/v2\/types\/post"}],"author":[{"embeddable":true,"href":"https:\/\/analyse.optim.biz\/index.php?rest_route=\/wp\/v2\/users\/1"}],"replies":[{"embeddable":true,"href":"https:\/\/analyse.optim.biz\/index.php?rest_route=%2Fwp%2Fv2%2Fcomments&post=1902875"}],"version-history":[{"count":0,"href":"https:\/\/analyse.optim.biz\/index.php?rest_route=\/wp\/v2\/posts\/1902875\/revisions"}],"wp:attachment":[{"href":"https:\/\/analyse.optim.biz\/index.php?rest_route=%2Fwp%2Fv2%2Fmedia&parent=1902875"}],"wp:term":[{"taxonomy":"category","embeddable":true,"href":"https:\/\/analyse.optim.biz\/index.php?rest_route=%2Fwp%2Fv2%2Fcategories&post=1902875"},{"taxonomy":"post_tag","embeddable":true,"href":"https:\/\/analyse.optim.biz\/index.php?rest_route=%2Fwp%2Fv2%2Ftags&post=1902875"}],"curies":[{"name":"wp","href":"https:\/\/api.w.org\/{rel}","templated":true}]}}