{"id":1902871,"date":"2026-04-24T09:49:20","date_gmt":"2026-04-24T06:49:20","guid":{"rendered":"https:\/\/analyse.optim.biz\/?p=1902871"},"modified":"2026-04-24T09:49:20","modified_gmt":"2026-04-24T06:49:20","slug":"catalina-biholar-intermedia-tv-suceava-unul-din-cei-25-de-manageri-de-institutii-media-din-europa-selectati-pentru-un-program-intitulat-sustainability-media-management-training-programme","status":"publish","type":"post","link":"https:\/\/analyse.optim.biz\/?p=1902871","title":{"rendered":"C\u0103t\u0103lina Biholar (Intermedia TV Suceava), unul din cei 25 de manageri de institu\u021bii media din Europa selecta\u021bi pentru un program intitulat Sustainability &amp; Media Management Training Programme"},"content":{"rendered":"<p>[analyse_image type=&#8221;featured&#8221; src=&#8221;https:\/\/www.radiotop.ro\/img\/media\/2026\/04\/catalina-biholar-tricou.jpghttps:\/\/www.radiotop.ro\/img\/media\/2026\/04\/catalina-biholar-tricou.jpg&#8221;]<\/p>\n<div class=\"entry-content no-share\">\n<div class=\"content-inner \">\n<p>International Media Support a selectat-o pe C\u0103t\u0103lina Biholar, redactorul \u0219ef al Intermedia TV Suceava, pentru European Pluralistic Media Horizon Summit, unde va fi speaker \u00een panelul din prima zi, al\u0103turi de al\u021bi doi vorbitori. Tema primei zile a seminarului de la Bruxelles va fi Securing Media Pluralism in Europe.<\/p>\n<p>\u00cen plus, C\u0103t\u0103lina este unul din cei 25 de manageri de institu\u021bii media din Europa selecta\u021bi pentru un program intitulat Sustainability &amp; Media Management Training Programme, organizat de Stockholm School of Economics in Riga Centre for Media Studies. Conform C\u0103t\u0103linei, \u201deste un program extrem de amplu, dezvoltat \u00een cadrul ini\u021biativei europene EXPJOU, sprijinit\u0103 de Uniunea European\u0103, cu implicarea Journalismfund Europe. Programul este dedicat managerilor din presa local\u0103 \u0219i regional\u0103, \u0219i combin\u0103 module fizice \u0219i sesiuni online, axate pe strategie, monetizare, management financiar \u0219i leadership\u201d.<\/p>\n<p>Participarea este complet gratuit\u0103 pentru cei 25 de invita\u021bi.<\/p>\n<\/div>\n<\/div>\n<div class=\"content-inner \">\n<p>International Media Support a selectat-o pe C\u0103t\u0103lina Biholar, redactorul \u0219ef al Intermedia TV Suceava, pentru European Pluralistic Media Horizon Summit, unde va fi speaker \u00een panelul din prima zi, al\u0103turi de al\u021bi doi vorbitori. Tema primei zile a seminarului de la Bruxelles va fi Securing Media Pluralism in Europe.<\/p>\n<p>\u00cen plus, C\u0103t\u0103lina este unul din cei 25 de manageri de institu\u021bii media din Europa selecta\u021bi pentru un program intitulat Sustainability &amp; Media Management Training Programme, organizat de Stockholm School of Economics in Riga Centre for Media Studies. Conform C\u0103t\u0103linei, \u201deste un program extrem de amplu, dezvoltat \u00een cadrul ini\u021biativei europene EXPJOU, sprijinit\u0103 de Uniunea European\u0103, cu implicarea Journalismfund Europe. Programul este dedicat managerilor din presa local\u0103 \u0219i regional\u0103, \u0219i combin\u0103 module fizice \u0219i sesiuni online, axate pe strategie, monetizare, management financiar \u0219i leadership\u201d.<\/p>\n<p>Participarea este complet gratuit\u0103 pentru cei 25 de invita\u021bi.<\/p>\n<\/div>\n<p>[analyse_source url=&#8221;https:\/\/www.radiotop.ro\/actualitate\/catalina-biholar-intermedia-tv-suceava-unul-din-cei-25-de-manageri-de-institutii-media-din-europa-selectati-pentru-un-program-intitulat-sustainability-media-management-training-programme.html&#8221;]<\/p>\n","protected":false},"excerpt":{"rendered":"<p>[analyse_image type=&#8221;featured&#8221; src=&#8221;https:\/\/www.radiotop.ro\/img\/media\/2026\/04\/catalina-biholar-tricou.jpghttps:\/\/www.radiotop.ro\/img\/media\/2026\/04\/catalina-biholar-tricou.jpg&#8221;] International Media Support a selectat-o pe C\u0103t\u0103lina Biholar, redactorul \u0219ef al Intermedia TV Suceava, pentru European Pluralistic Media Horizon Summit, unde va fi speaker \u00een panelul din prima zi, al\u0103turi de al\u021bi doi vorbitori. Tema primei zile a seminarului de la Bruxelles va fi Securing Media Pluralism in Europe. \u00cen plus, C\u0103t\u0103lina [&hellip;]<\/p>\n","protected":false},"author":1,"featured_media":0,"comment_status":"open","ping_status":"","sticky":false,"template":"","format":"standard","meta":{"footnotes":""},"categories":[89],"tags":[226,163],"class_list":["post-1902871","post","type-post","status-publish","format-standard","hentry","category-romania","tag-crawlmanager","tag-radiotop-ro"],"_links":{"self":[{"href":"https:\/\/analyse.optim.biz\/index.php?rest_route=\/wp\/v2\/posts\/1902871","targetHints":{"allow":["GET"]}}],"collection":[{"href":"https:\/\/analyse.optim.biz\/index.php?rest_route=\/wp\/v2\/posts"}],"about":[{"href":"https:\/\/analyse.optim.biz\/index.php?rest_route=\/wp\/v2\/types\/post"}],"author":[{"embeddable":true,"href":"https:\/\/analyse.optim.biz\/index.php?rest_route=\/wp\/v2\/users\/1"}],"replies":[{"embeddable":true,"href":"https:\/\/analyse.optim.biz\/index.php?rest_route=%2Fwp%2Fv2%2Fcomments&post=1902871"}],"version-history":[{"count":0,"href":"https:\/\/analyse.optim.biz\/index.php?rest_route=\/wp\/v2\/posts\/1902871\/revisions"}],"wp:attachment":[{"href":"https:\/\/analyse.optim.biz\/index.php?rest_route=%2Fwp%2Fv2%2Fmedia&parent=1902871"}],"wp:term":[{"taxonomy":"category","embeddable":true,"href":"https:\/\/analyse.optim.biz\/index.php?rest_route=%2Fwp%2Fv2%2Fcategories&post=1902871"},{"taxonomy":"post_tag","embeddable":true,"href":"https:\/\/analyse.optim.biz\/index.php?rest_route=%2Fwp%2Fv2%2Ftags&post=1902871"}],"curies":[{"name":"wp","href":"https:\/\/api.w.org\/{rel}","templated":true}]}}