{"id":1902869,"date":"2026-04-24T08:58:13","date_gmt":"2026-04-24T05:58:13","guid":{"rendered":"https:\/\/analyse.optim.biz\/?p=1902869"},"modified":"2026-04-24T08:58:13","modified_gmt":"2026-04-24T05:58:13","slug":"ziua-internationala-a-jazzului-marcata-la-colegiul-national-petru-rares-suceava-elevii-devin-creatori-nu-doar-spectatori-vor-fi-sesiuni-interactive-qa-cu-artistii-berti-barb","status":"publish","type":"post","link":"https:\/\/analyse.optim.biz\/?p=1902869","title":{"rendered":"Ziua Interna\u021bional\u0103 a Jazzului, marcat\u0103 la Colegiul Na\u021bional \u201dPetru Rare\u0219\u201d Suceava: elevii devin creatori, nu doar spectatori. Vor fi sesiuni interactive Q&amp;A cu arti\u0219tii Berti Barbera \u0219i Adalbert J. Cserkesz, un vernisaj \u0219i recitaluri"},"content":{"rendered":"<p>[analyse_image type=&#8221;featured&#8221; src=&#8221;https:\/\/www.radiotop.ro\/img\/media\/2026\/04\/jazz-petru.jpghttps:\/\/www.radiotop.ro\/img\/media\/2026\/04\/jazz-petru.jpg&#8221;]<\/p>\n<div class=\"entry-content no-share\">\n<div class=\"content-inner \">\n<p>Colegiul Na\u021bional \u201dPetru Rare\u0219\u201d din Suceava marcheaz\u0103, pe 30 aprilie, Ziua Interna\u021bional\u0103 a Jazzului prin cea de-a doua edi\u021bie a proiectului \u201dDe ce doar unora le place jazzul?\u201d. Evenimentul se va desf\u0103\u0219ura sub patronaj UNESCO, cu accent pe implicarea direct\u0103 a elevilor \u00een actul artistic.<\/p>\n<p>Potrivit unui comunicat de pres\u0103 transmis de organizatori, evenimentul reprezint\u0103 \u201dtrecerea de la entuziasmul \u00eenceputului la o continuitate asumat\u0103\u201d, dup\u0103 succesul edi\u021biei de anul trecut, \u0219i aduce \u00een prim-plan exprimarea artistic\u0103 a elevilor: \u201dJazzul nu mai este doar &lt;povestit&gt; de invita\u021bi, ci este tr\u0103it \u0219i exprimat direct de elevii de la &lt;Petru&gt;\u201d.<\/p>\n<p>Manifestarea, organizat\u0103 \u00een parteneriat cu Teatrul Municipal \u201dMatei Vi\u0219niec\u201d Suceava, include dou\u0103 momente principale. De la ora 13:00, \u00een aula colegiului, va avea loc o sesiune de \u00eentreb\u0103ri \u0219i r\u0103spunsuri cu arti\u0219tii Berti Barbera \u0219i Adalbert J. Cserkesz, precum \u0219i vernisajul expozi\u021biei \u201dJazz pe \u0219evalet\u201d, cu lucr\u0103ri realizate de elevi.<\/p>\n<p>Seara, de la ora 18:30, la Teatrul Municipal \u201dMatei Vi\u0219niec\u201d Suceava, va avea loc un recital sus\u021binut de duetul Berti &amp; Jimmy, la care va participa \u0219i eleva Antonia Maz\u0103re, \u201do dovad\u0103 vie a continuit\u0103\u021bii talentului muzical \u00eentre genera\u021bii\u201d.<\/p>\n<p>Proiectul este coordonat de profesoarele Ramona Chitul, Isabela Tabarcea \u0219i Crina Gabriela Stroe, cu sprijinul conducerii colegiului, \u0219i \u00ee\u0219i propune \u201ds\u0103 aduc\u0103 jazzul \u0219i mai aproape de sufletul tinerilor, transform\u00eendu-i din spectatori \u00een creatori de cultur\u0103\u201d.<\/p>\n<p>Participarea la recital este deschis\u0103 publicului larg, \u00een limita locurilor disponibile, pe baz\u0103 de invita\u021bii gratuite care pot fi ridicate de la sediul colegiului \u00een zilele de 29 \u0219i 30 aprilie, \u00eentre orele 9:00 \u0219i 11:00.<\/p>\n<p>Proiectul cultural este sus\u021binut cu sprijinul mass-media locale (Viva FM, Impact FM, Radio Top, Intermedia, Monitorul de Suceava,\u00a0<a href=\"https:\/\/l.facebook.com\/l.php?u=http%3A%2F%2Forasulsuceava.ro%2F%3Ffbclid%3DIwZXh0bgNhZW0CMTAAAR47KRrbpKW1mniDB0_aHYoP83moCTBkC8XPVqTlrfZLdeWXtzcby-deC9PQ5Q_aem_k5HYzM9GUKpIs9oBT2YT0w&amp;h=AT0xKDQkjYdx-vcH8Psz1kJfsd4XAgpoV0PERh523y0kYKrU82Ia_YbfU0FaaykZtUgbeeG8VortX-KklDhimGZg_ulSU3hap5V_q99sEsyvT-GsLl4u8vjfYa3JIOJrbC4lhqiaPC_ecdrshQcGk33SwjgENA&amp;__tn__=-UK-R&amp;c%5B0%5D=AT2bN8DD-EbElSgdTzXoXIyhtGshEtiLqHu_pgKnsthiiKL8_dDqgZCr9Y0fOIX7t00TTBtNOLiXsJ2gAF6p-z6VbybvWy1X4gUrmzEHaapQOelFVrAee4Susc0nbFWB4BYSRMcggBRMp5I2WgqetkqAcaHc5KIr5HvEfWgwwYJxO9AggCLQGF3AFyKiTq6I1A\"><strong>orasulsuceava.ro<\/strong><\/a>, Jup\u00e2nu\u2019, Asocia\u021bia Pentru Localnici) \u0219i al unor sponsori genero\u0219i din comunitate (Farmaciile Biomedica, Interconti, Hotel Sonnenhof, Blackrock, CAR \u00cenv\u0103\u021b\u0103m\u00e2nt F\u0103lticeni, Jazz House, 1Print Opus1, Edumax).<\/p>\n<\/div>\n<\/div>\n<div class=\"content-inner \">\n<p>Colegiul Na\u021bional \u201dPetru Rare\u0219\u201d din Suceava marcheaz\u0103, pe 30 aprilie, Ziua Interna\u021bional\u0103 a Jazzului prin cea de-a doua edi\u021bie a proiectului \u201dDe ce doar unora le place jazzul?\u201d. Evenimentul se va desf\u0103\u0219ura sub patronaj UNESCO, cu accent pe implicarea direct\u0103 a elevilor \u00een actul artistic.<\/p>\n<p>Potrivit unui comunicat de pres\u0103 transmis de organizatori, evenimentul reprezint\u0103 \u201dtrecerea de la entuziasmul \u00eenceputului la o continuitate asumat\u0103\u201d, dup\u0103 succesul edi\u021biei de anul trecut, \u0219i aduce \u00een prim-plan exprimarea artistic\u0103 a elevilor: \u201dJazzul nu mai este doar &lt;povestit&gt; de invita\u021bi, ci este tr\u0103it \u0219i exprimat direct de elevii de la &lt;Petru&gt;\u201d.<\/p>\n<p>Manifestarea, organizat\u0103 \u00een parteneriat cu Teatrul Municipal \u201dMatei Vi\u0219niec\u201d Suceava, include dou\u0103 momente principale. De la ora 13:00, \u00een aula colegiului, va avea loc o sesiune de \u00eentreb\u0103ri \u0219i r\u0103spunsuri cu arti\u0219tii Berti Barbera \u0219i Adalbert J. Cserkesz, precum \u0219i vernisajul expozi\u021biei \u201dJazz pe \u0219evalet\u201d, cu lucr\u0103ri realizate de elevi.<\/p>\n<p>Seara, de la ora 18:30, la Teatrul Municipal \u201dMatei Vi\u0219niec\u201d Suceava, va avea loc un recital sus\u021binut de duetul Berti &amp; Jimmy, la care va participa \u0219i eleva Antonia Maz\u0103re, \u201do dovad\u0103 vie a continuit\u0103\u021bii talentului muzical \u00eentre genera\u021bii\u201d.<\/p>\n<p>Proiectul este coordonat de profesoarele Ramona Chitul, Isabela Tabarcea \u0219i Crina Gabriela Stroe, cu sprijinul conducerii colegiului, \u0219i \u00ee\u0219i propune \u201ds\u0103 aduc\u0103 jazzul \u0219i mai aproape de sufletul tinerilor, transform\u00eendu-i din spectatori \u00een creatori de cultur\u0103\u201d.<\/p>\n<p>Participarea la recital este deschis\u0103 publicului larg, \u00een limita locurilor disponibile, pe baz\u0103 de invita\u021bii gratuite care pot fi ridicate de la sediul colegiului \u00een zilele de 29 \u0219i 30 aprilie, \u00eentre orele 9:00 \u0219i 11:00.<\/p>\n<p>Proiectul cultural este sus\u021binut cu sprijinul mass-media locale (Viva FM, Impact FM, Radio Top, Intermedia, Monitorul de Suceava,\u00a0<a href=\"https:\/\/l.facebook.com\/l.php?u=http%3A%2F%2Forasulsuceava.ro%2F%3Ffbclid%3DIwZXh0bgNhZW0CMTAAAR47KRrbpKW1mniDB0_aHYoP83moCTBkC8XPVqTlrfZLdeWXtzcby-deC9PQ5Q_aem_k5HYzM9GUKpIs9oBT2YT0w&amp;h=AT0xKDQkjYdx-vcH8Psz1kJfsd4XAgpoV0PERh523y0kYKrU82Ia_YbfU0FaaykZtUgbeeG8VortX-KklDhimGZg_ulSU3hap5V_q99sEsyvT-GsLl4u8vjfYa3JIOJrbC4lhqiaPC_ecdrshQcGk33SwjgENA&amp;__tn__=-UK-R&amp;c%5B0%5D=AT2bN8DD-EbElSgdTzXoXIyhtGshEtiLqHu_pgKnsthiiKL8_dDqgZCr9Y0fOIX7t00TTBtNOLiXsJ2gAF6p-z6VbybvWy1X4gUrmzEHaapQOelFVrAee4Susc0nbFWB4BYSRMcggBRMp5I2WgqetkqAcaHc5KIr5HvEfWgwwYJxO9AggCLQGF3AFyKiTq6I1A\"><strong>orasulsuceava.ro<\/strong><\/a>, Jup\u00e2nu\u2019, Asocia\u021bia Pentru Localnici) \u0219i al unor sponsori genero\u0219i din comunitate (Farmaciile Biomedica, Interconti, Hotel Sonnenhof, Blackrock, CAR \u00cenv\u0103\u021b\u0103m\u00e2nt F\u0103lticeni, Jazz House, 1Print Opus1, Edumax).<\/p>\n<\/div>\n<p>[analyse_source url=&#8221;https:\/\/www.radiotop.ro\/actualitate\/ziua-internationala-a-jazzului-marcata-la-colegiul-national-petru-rares-suceava-elevii-devin-creatori-nu-doar-spectatori-vor-fi-sesiuni-interactive-qa-cu-artistii-berti-barbera.html&#8221;]<\/p>\n","protected":false},"excerpt":{"rendered":"<p>[analyse_image type=&#8221;featured&#8221; src=&#8221;https:\/\/www.radiotop.ro\/img\/media\/2026\/04\/jazz-petru.jpghttps:\/\/www.radiotop.ro\/img\/media\/2026\/04\/jazz-petru.jpg&#8221;] Colegiul Na\u021bional \u201dPetru Rare\u0219\u201d din Suceava marcheaz\u0103, pe 30 aprilie, Ziua Interna\u021bional\u0103 a Jazzului prin cea de-a doua edi\u021bie a proiectului \u201dDe ce doar unora le place jazzul?\u201d. Evenimentul se va desf\u0103\u0219ura sub patronaj UNESCO, cu accent pe implicarea direct\u0103 a elevilor \u00een actul artistic. Potrivit unui comunicat de pres\u0103 transmis de [&hellip;]<\/p>\n","protected":false},"author":1,"featured_media":0,"comment_status":"open","ping_status":"","sticky":false,"template":"","format":"standard","meta":{"footnotes":""},"categories":[89],"tags":[226,163],"class_list":["post-1902869","post","type-post","status-publish","format-standard","hentry","category-romania","tag-crawlmanager","tag-radiotop-ro"],"_links":{"self":[{"href":"https:\/\/analyse.optim.biz\/index.php?rest_route=\/wp\/v2\/posts\/1902869","targetHints":{"allow":["GET"]}}],"collection":[{"href":"https:\/\/analyse.optim.biz\/index.php?rest_route=\/wp\/v2\/posts"}],"about":[{"href":"https:\/\/analyse.optim.biz\/index.php?rest_route=\/wp\/v2\/types\/post"}],"author":[{"embeddable":true,"href":"https:\/\/analyse.optim.biz\/index.php?rest_route=\/wp\/v2\/users\/1"}],"replies":[{"embeddable":true,"href":"https:\/\/analyse.optim.biz\/index.php?rest_route=%2Fwp%2Fv2%2Fcomments&post=1902869"}],"version-history":[{"count":0,"href":"https:\/\/analyse.optim.biz\/index.php?rest_route=\/wp\/v2\/posts\/1902869\/revisions"}],"wp:attachment":[{"href":"https:\/\/analyse.optim.biz\/index.php?rest_route=%2Fwp%2Fv2%2Fmedia&parent=1902869"}],"wp:term":[{"taxonomy":"category","embeddable":true,"href":"https:\/\/analyse.optim.biz\/index.php?rest_route=%2Fwp%2Fv2%2Fcategories&post=1902869"},{"taxonomy":"post_tag","embeddable":true,"href":"https:\/\/analyse.optim.biz\/index.php?rest_route=%2Fwp%2Fv2%2Ftags&post=1902869"}],"curies":[{"name":"wp","href":"https:\/\/api.w.org\/{rel}","templated":true}]}}