{"id":1902730,"date":"2026-04-25T16:36:52","date_gmt":"2026-04-25T13:36:52","guid":{"rendered":"https:\/\/analyse.optim.biz\/?p=1902730"},"modified":"2026-04-25T16:36:52","modified_gmt":"2026-04-25T13:36:52","slug":"primaria-timisoara-castiga-definitiv-procesul-cu-dinar-trotuarul-revine-domeniului-public","status":"publish","type":"post","link":"https:\/\/analyse.optim.biz\/?p=1902730","title":{"rendered":"Prim\u0103ria Timi\u0219oara c\u00e2\u0219tig\u0103 definitiv procesul cu Dinar: trotuarul revine domeniului public"},"content":{"rendered":"<p>[analyse_image type=&#8221;featured&#8221; src=&#8221;https:\/\/orasul-timisoara.ro\/wp-content\/uploads\/2026\/04\/679421300_1383008453853101_5553430491327519850_n.jpg&#8221;]<\/p>\n<article id=\"post-38382\" class=\"td-post-template-7 post-38382 post type-post status-publish format-standard has-post-thumbnail category-administratie category-featured category-stiri-timisoara tag-conflict-juridic tag-demolare-terasa tag-domeniu-public tag-ocpi-timis tag-primaria-timisoara-2 tag-proces-instanta tag-terasa-ilegala tag-timisoara-2 tag-urbanism td-container-wrap\">\n<div class=\"td-full-screen-header-image-wrap\">\n<div class=\"td-container td-post-header\">\n<div class=\"td-crumb-container\">\n<div class=\"entry-crumbs\"><span><a title=\"Vede\u021bi toate articolele \u00een Administra\u021bie local\u0103\" class=\"entry-crumb\" href=\"https:\/\/orasul-timisoara.ro\/local-category\/administratie\/\">Administra\u021bie local\u0103<\/a><\/span><span class=\"td-bred-no-url-last\">Prim\u0103ria Timi\u0219oara c\u00e2\u0219tig\u0103 definitiv procesul cu Dinar: trotuarul revine domeniului public<\/span><\/div>\n<\/div>\n<div class=\"td-post-header-holder\">\n<div class=\"td-parallax-header\">\n<header class=\"td-post-title\">\n<ul class=\"td-category\">\n<li class=\"entry-category\"><a href=\"https:\/\/orasul-timisoara.ro\/local-category\/administratie\/\">Administra\u021bie local\u0103<\/a><\/li>\n<li class=\"entry-category\"><a href=\"https:\/\/orasul-timisoara.ro\/local-category\/stiri-timisoara\/\">\u0218tiri Locale<\/a><\/li>\n<\/ul>\n<h1 class=\"entry-title\">Prim\u0103ria Timi\u0219oara c\u00e2\u0219tig\u0103 definitiv procesul cu Dinar: trotuarul revine domeniului public<\/h1>\n<div class=\"td-module-meta-info\">\n<div class=\"td-post-author-name\">\n<div class=\"td-author-by\">De c\u0103tre<\/div>\n<p><a href=\"https:\/\/orasul-timisoara.ro\/author\/timisoara\/\">redactia<\/a><\/p>\n<div class=\"td-author-line\"> &#8211; <\/div>\n<\/div>\n<p><span class=\"td-post-date\"><time class=\"entry-date updated td-module-date\" datetime=\"2026-04-25T19:36:52+03:00\">25\/04\/2026<\/time><\/span><\/div>\n<\/header>\n<\/div>\n<\/div>\n<\/div>\n<div id=\"td-full-screen-header-image\" class=\"td-image-gradient-style7\"><img decoding=\"async\" class=\"td-backstretch\" src=\"https:\/\/orasul-timisoara.ro\/wp-content\/uploads\/2026\/04\/679421300_1383008453853101_5553430491327519850_n.jpg\"><\/div>\n<\/div>\n<div class=\"td-container\">\n<div class=\"td-pb-row\">\n<div class=\"td-pb-span8 td-main-content\" role=\"main\">\n<div class=\"td-ss-main-content\">\n<div class=\"td-post-sharing-top\">\n<div class=\"td-post-sharing-classic\"><iframe title=\"topFacebookLike\" frameborder src=\"https:\/\/www.facebook.com\/plugins\/like.php?href=https:\/\/orasul-timisoara.ro\/local-38382\/&amp;layout=button_count&amp;show_faces=false&amp;width=105&amp;action=like&amp;colorscheme=light&amp;height=21\"><\/iframe><\/div>\n<div id=\"td_social_sharing_article_top\" class=\"td-post-sharing td-ps-bg td-ps-notext td-post-sharing-style1 \">\n<div class=\"td-post-sharing-visible\"><a class=\"td-social-sharing-button td-social-sharing-button-js td-social-network td-social-facebook\" href=\"https:\/\/www.facebook.com\/sharer.php?u=https%3A%2F%2Forasul-timisoara.ro%2Flocal-38382%2F\" title=\"Facebook\"><\/p>\n<div class=\"td-social-but-text\">Facebook<\/div>\n<p><\/a><a class=\"td-social-sharing-button td-social-sharing-button-js td-social-network td-social-twitter\" href=\"https:\/\/twitter.com\/intent\/tweet?text=Prim%C4%83ria+Timi%C8%99oara+c%C3%A2%C8%99tig%C4%83+definitiv+procesul+cu+Dinar%3A+trotuarul+revine+domeniului+public&amp;url=https%3A%2F%2Forasul-timisoara.ro%2Flocal-38382%2F&amp;via=orasultm\" title=\"Twitter\"><\/p>\n<div class=\"td-social-but-text\">Twitter<\/div>\n<p><\/a><a class=\"td-social-sharing-button td-social-sharing-button-js td-social-network td-social-whatsapp\" href=\"https:\/\/api.whatsapp.com\/send?text=Prim%C4%83ria+Timi%C8%99oara+c%C3%A2%C8%99tig%C4%83+definitiv+procesul+cu+Dinar%3A+trotuarul+revine+domeniului+public%20%0A%0A%20https:\/\/orasul-timisoara.ro\/local-38382\/\" title=\"WhatsApp\"><\/p>\n<div class=\"td-social-but-text\">WhatsApp<\/div>\n<p><\/a><a class=\"td-social-sharing-button td-social-sharing-button-js td-social-network td-social-linkedin\" href=\"https:\/\/www.linkedin.com\/shareArticle?mini=true&amp;url=https:\/\/orasul-timisoara.ro\/local-38382\/&amp;title=Prim%C4%83ria+Timi%C8%99oara+c%C3%A2%C8%99tig%C4%83+definitiv+procesul+cu+Dinar%3A+trotuarul+revine+domeniului+public\" title=\"Linkedin\"><\/p>\n<div class=\"td-social-but-text\">Linkedin<\/div>\n<p><\/a><a class=\"td-social-sharing-button td-social-sharing-button-js td-social-network td-social-reddit\" href=\"https:\/\/reddit.com\/submit?url=https:\/\/orasul-timisoara.ro\/local-38382\/&amp;title=Prim%C4%83ria+Timi%C8%99oara+c%C3%A2%C8%99tig%C4%83+definitiv+procesul+cu+Dinar%3A+trotuarul+revine+domeniului+public\" title=\"ReddIt\"><\/p>\n<div class=\"td-social-but-text\">ReddIt<\/div>\n<p><\/a><a class=\"td-social-sharing-button td-social-sharing-button-js td-social-network td-social-mail\" href=\"mailto:?subject=Prim%C4%83ria%20Timi%C8%99oara%20c%C3%A2%C8%99tig%C4%83%20definitiv%20procesul%20cu%20Dinar:%20trotuarul%20revine%20domeniului%20public&amp;body=https:\/\/orasul-timisoara.ro\/local-38382\/\" title=\"Email\"><\/p>\n<div class=\"td-social-but-text\">Email<\/div>\n<p><\/a><a class=\"td-social-sharing-button td-social-sharing-button-js td-social-network td-social-print\" href=\"https:\/\/orasul-timisoara.ro\/local-38382\/\" title=\"Imprimare\"><\/p>\n<div class=\"td-social-but-text\">Imprimare<\/div>\n<p><\/a><\/div>\n<\/div>\n<\/div>\n<div class=\"td-post-content tagdiv-type\">\n<p>Prim\u0103ria Municipiului Timi\u0219oara a ob\u021binut o victorie definitiv\u0103 \u00een instan\u021b\u0103 \u00een litigiul cu restaurantul Dinar, dup\u0103 luni de dispute juridice \u0219i administrative privind ocuparea domeniului public. Decizia instan\u021bei confirm\u0103 legalitatea interven\u021biei municipalit\u0103\u021bii \u0219i respinge tentativa operatorului economic de a bloca lucr\u0103rile prin ordonan\u021b\u0103 pre\u0219edin\u021bial\u0103.<\/p>\n<p>Conflictul a izbucnit \u00een toamna anului 2025, c\u00e2nd administra\u021bia local\u0103 a constatat c\u0103 mai multe unit\u0103\u021bi de alimenta\u021bie public\u0103, printre care Dinar \u0219i Joy Pub, s-au extins ilegal pe trotuar. Autorit\u0103\u021bile au solicitat intrarea \u00een legalitate, \u00eens\u0103 doar o parte dintre operatori au dat curs solicit\u0103rii. \u00cen cazul restaurantului Dinar, situa\u021bia a escaladat, fiind necesar\u0103 interven\u021bia echipelor municipalit\u0103\u021bii.<\/p>\n<figure class=\"wp-block-gallery has-nested-images columns-default is-cropped wp-block-gallery-1 is-layout-flex wp-block-gallery-is-layout-flex\">\n<figure class=\"wp-block-image size-large\"><img loading=\"lazy\" decoding=\"async\" width=\"1920\" height=\"1078\" data-id=\"38384\" src=\"https:\/\/orasul-timisoara.ro\/wp-content\/uploads\/2026\/04\/restaurant-dinar-1.jpg\" alt class=\"wp-image-38384\"><\/figure>\n<figure class=\"wp-block-image size-large\"><img loading=\"lazy\" decoding=\"async\" width=\"1080\" height=\"1350\" data-id=\"38385\" src=\"https:\/\/orasul-timisoara.ro\/wp-content\/uploads\/2026\/04\/restaurant-dinar-2.jpg\" alt class=\"wp-image-38385\"><\/figure>\n<figure class=\"wp-block-image size-large\"><img loading=\"lazy\" decoding=\"async\" width=\"1080\" height=\"1350\" data-id=\"38386\" src=\"https:\/\/orasul-timisoara.ro\/wp-content\/uploads\/2026\/04\/restaurant-dinar-3.jpg\" alt class=\"wp-image-38386\"><\/figure>\n<\/figure>\n<p>Pe 25 septembrie 2025, autorit\u0103\u021bile au demarat ac\u021biunea de desfiin\u021bare a terasei amplasate ilegal pe domeniul public, moment care a declan\u0219at un conflict deschis \u00eentre reprezentan\u021bii localului \u0219i administra\u021bia ora\u0219ului. Proprietarii au sus\u021binut c\u0103 de\u021bin toate documentele necesare \u0219i c\u0103 sunt contribuabili corec\u021bi, \u00een timp ce Prim\u0103ria a acuzat ocuparea abuziv\u0103 a spa\u021biului public.<\/p>\n<p>Disputa a c\u0103p\u0103tat o dimensiune juridic\u0103 complex\u0103 dup\u0103 ce proprietarii au reu\u0219it intabularea construc\u021biei la Oficiul de Cadastru \u0219i Publicitate Imobiliar\u0103 Timi\u0219 chiar \u00een perioada demol\u0103rilor. Municipalitatea a contestat documenta\u021bia cadastral\u0103, iar \u00een urma unei reanaliz\u0103ri efectuate \u00een luna octombrie 2025, s-a stabilit c\u0103 pozi\u021bia administra\u021biei locale este \u00eentemeiat\u0103.<\/p>\n<p>Cazul a continuat \u00een instan\u021b\u0103, unde reprezentan\u021bii restaurantului au \u00eencercat s\u0103 suspende lucr\u0103rile printr-o ordonan\u021b\u0103 pre\u0219edin\u021bial\u0103. Instan\u021ba a respins \u00eens\u0103 solicitarea, iar hot\u0103r\u00e2rea definitiv\u0103 consfin\u021be\u0219te faptul c\u0103 trotuarul apar\u021bine domeniului public \u0219i nu putea fi utilizat \u00een scop comercial f\u0103r\u0103 autoriza\u021bie.<\/p>\n<p>\u00cen prezent, lucr\u0103rile sunt finalizate, iar spa\u021biul ocupat anterior de teras\u0103 a fost redat comunit\u0103\u021bii. Decizia instan\u021bei este considerat\u0103 de autorit\u0103\u021bi un precedent important \u00een ceea ce prive\u0219te protejarea domeniului public \u0219i respectarea regulilor urbanistice \u00een Timi\u0219oara.<\/p>\n<\/div>\n<footer>\n<div class=\"td-post-source-tags\">\n<ul class=\"td-tags td-post-small-box clearfix\">\n<li><span>ETICHETE<\/span><\/li>\n<li><a href=\"https:\/\/orasul-timisoara.ro\/local-tag\/conflict-juridic\/\">conflict juridic<\/a><\/li>\n<li><a href=\"https:\/\/orasul-timisoara.ro\/local-tag\/demolare-terasa\/\">demolare teras\u0103<\/a><\/li>\n<li><a href=\"https:\/\/orasul-timisoara.ro\/local-tag\/domeniu-public\/\">domeniu public<\/a><\/li>\n<li><a href=\"https:\/\/orasul-timisoara.ro\/local-tag\/ocpi-timis\/\">OCPI Timi\u0219<\/a><\/li>\n<li><a href=\"https:\/\/orasul-timisoara.ro\/local-tag\/primaria-timisoara-2\/\">Prim\u0103ria Timi\u0219oara<\/a><\/li>\n<li><a href=\"https:\/\/orasul-timisoara.ro\/local-tag\/proces-instanta\/\">proces instan\u021b\u0103<\/a><\/li>\n<li><a href=\"https:\/\/orasul-timisoara.ro\/local-tag\/terasa-ilegala\/\">terasa ilegal\u0103<\/a><\/li>\n<li><a href=\"https:\/\/orasul-timisoara.ro\/local-tag\/timisoara-2\/\">timi\u0219oara<\/a><\/li>\n<li><a href=\"https:\/\/orasul-timisoara.ro\/local-tag\/urbanism\/\">urbanism<\/a><\/li>\n<\/ul>\n<\/div>\n<div class=\"td-post-sharing-bottom\">\n<div class=\"td-post-sharing-classic\"><iframe title=\"bottomFacebookLike\" frameborder src=\"https:\/\/www.facebook.com\/plugins\/like.php?href=https:\/\/orasul-timisoara.ro\/local-38382\/&amp;layout=button_count&amp;show_faces=false&amp;width=105&amp;action=like&amp;colorscheme=light&amp;height=21\"><\/iframe><\/div>\n<div id=\"td_social_sharing_article_bottom\" class=\"td-post-sharing td-ps-bg td-ps-notext td-post-sharing-style1 \">\n<div class=\"td-post-sharing-visible\"><a class=\"td-social-sharing-button td-social-sharing-button-js td-social-network td-social-facebook\" href=\"https:\/\/www.facebook.com\/sharer.php?u=https%3A%2F%2Forasul-timisoara.ro%2Flocal-38382%2F\" title=\"Facebook\"><\/p>\n<div class=\"td-social-but-text\">Facebook<\/div>\n<p><\/a><a class=\"td-social-sharing-button td-social-sharing-button-js td-social-network td-social-twitter\" href=\"https:\/\/twitter.com\/intent\/tweet?text=Prim%C4%83ria+Timi%C8%99oara+c%C3%A2%C8%99tig%C4%83+definitiv+procesul+cu+Dinar%3A+trotuarul+revine+domeniului+public&amp;url=https%3A%2F%2Forasul-timisoara.ro%2Flocal-38382%2F&amp;via=orasultm\" title=\"Twitter\"><\/p>\n<div class=\"td-social-but-text\">Twitter<\/div>\n<p><\/a><a class=\"td-social-sharing-button td-social-sharing-button-js td-social-network td-social-whatsapp\" href=\"https:\/\/api.whatsapp.com\/send?text=Prim%C4%83ria+Timi%C8%99oara+c%C3%A2%C8%99tig%C4%83+definitiv+procesul+cu+Dinar%3A+trotuarul+revine+domeniului+public%20%0A%0A%20https:\/\/orasul-timisoara.ro\/local-38382\/\" title=\"WhatsApp\"><\/p>\n<div class=\"td-social-but-text\">WhatsApp<\/div>\n<p><\/a><a class=\"td-social-sharing-button td-social-sharing-button-js td-social-network td-social-linkedin\" href=\"https:\/\/www.linkedin.com\/shareArticle?mini=true&amp;url=https:\/\/orasul-timisoara.ro\/local-38382\/&amp;title=Prim%C4%83ria+Timi%C8%99oara+c%C3%A2%C8%99tig%C4%83+definitiv+procesul+cu+Dinar%3A+trotuarul+revine+domeniului+public\" title=\"Linkedin\"><\/p>\n<div class=\"td-social-but-text\">Linkedin<\/div>\n<p><\/a><a class=\"td-social-sharing-button td-social-sharing-button-js td-social-network td-social-reddit\" href=\"https:\/\/reddit.com\/submit?url=https:\/\/orasul-timisoara.ro\/local-38382\/&amp;title=Prim%C4%83ria+Timi%C8%99oara+c%C3%A2%C8%99tig%C4%83+definitiv+procesul+cu+Dinar%3A+trotuarul+revine+domeniului+public\" title=\"ReddIt\"><\/p>\n<div class=\"td-social-but-text\">ReddIt<\/div>\n<p><\/a><a class=\"td-social-sharing-button td-social-sharing-button-js td-social-network td-social-mail\" href=\"mailto:?subject=Prim%C4%83ria%20Timi%C8%99oara%20c%C3%A2%C8%99tig%C4%83%20definitiv%20procesul%20cu%20Dinar:%20trotuarul%20revine%20domeniului%20public&amp;body=https:\/\/orasul-timisoara.ro\/local-38382\/\" title=\"Email\"><\/p>\n<div class=\"td-social-but-text\">Email<\/div>\n<p><\/a><a class=\"td-social-sharing-button td-social-sharing-button-js td-social-network td-social-print\" href=\"https:\/\/orasul-timisoara.ro\/local-38382\/\" title=\"Imprimare\"><\/p>\n<div class=\"td-social-but-text\">Imprimare<\/div>\n<p><\/a><\/div>\n<\/div>\n<\/div>\n<div class=\"td-block-row td-post-next-prev\">\n<div class=\"td-block-span6 td-post-prev-post\">\n<div class=\"td-post-next-prev-content\"><span>Articolul precedent<\/span><a href=\"https:\/\/orasul-timisoara.ro\/local-38378\/\">Drifturi \u00een parcare, amendate de poli\u021bi\u0219ti: \u0219ofer de 21 de ani, prins dup\u0103 imagini ap\u0103rute online<\/a><\/div>\n<\/div>\n<\/div>\n<div class=\"td-author-name vcard author\"><span class=\"fn\"><a href=\"https:\/\/orasul-timisoara.ro\/author\/timisoara\/\">redactia<\/a><\/span><\/div>\n<p><span class=\"td-page-meta\"><\/span><span class=\"td-page-meta\"><span class=\"td-page-meta\"><\/span><\/span><span class=\"td-page-meta\"><\/span><\/footer>\n<div class=\"td_block_wrap td_block_related_posts tdi_3 td_with_ajax_pagination td-pb-border-top td_block_template_8\" data-td-block-uid=\"tdi_3\">\n<h4 class=\"td-related-title td-block-title\"><a id=\"tdi_4\" class=\"td-related-left td-cur-simple-item\" data-td_filter_value data-td_block_id=\"tdi_3\" href=\"https:\/\/orasul-timisoara.ro\/local-38382\/\">ARTICOLE SIMILARE<\/a><a id=\"tdi_5\" class=\"td-related-right\" data-td_filter_value=\"td_related_more_from_author\" data-td_block_id=\"tdi_3\" href=\"https:\/\/orasul-timisoara.ro\/local-38382\/\">DE LA ACELA\u0218I AUTOR<\/a><\/h4>\n<div id=\"tdi_3\" class=\"td_block_inner\">\n<div class=\"td-related-row\">\n<div class=\"td-related-span4\">\n<div class=\"td_module_related_posts td-animation-stack td_mod_related_posts\">\n<div class=\"td-module-image\">\n<div class=\"td-module-thumb\"><a href=\"https:\/\/orasul-timisoara.ro\/local-38304\/\" rel=\"bookmark\" class=\"td-image-wrap \" title=\"Prim\u0103ria Lugoj \u00eencepe ridicarea ma\u0219inilor abandonate de pe domeniul public\"><img loading=\"lazy\" decoding=\"async\" class=\"entry-thumb\" src=\"https:\/\/orasul-timisoara.ro\/wp-content\/uploads\/2026\/04\/masini-abandonate-x-436x300.jpg\" alt title=\"Prim\u0103ria Lugoj \u00eencepe ridicarea ma\u0219inilor abandonate de pe domeniul public\" width=\"218\" height=\"150\"><\/a><\/div>\n<\/div>\n<div class=\"item-details\">\n<h3 class=\"entry-title td-module-title\"><a href=\"https:\/\/orasul-timisoara.ro\/local-38304\/\" rel=\"bookmark\" title=\"Prim\u0103ria Lugoj \u00eencepe ridicarea ma\u0219inilor abandonate de pe domeniul public\">Prim\u0103ria Lugoj \u00eencepe ridicarea ma\u0219inilor abandonate de pe domeniul public<\/a><\/h3>\n<\/div>\n<\/div>\n<\/div>\n<div class=\"td-related-span4\">\n<div class=\"td_module_related_posts td-animation-stack td_mod_related_posts\">\n<div class=\"td-module-image\">\n<div class=\"td-module-thumb\"><a href=\"https:\/\/orasul-timisoara.ro\/local-38091\/\" rel=\"bookmark\" class=\"td-image-wrap \" title=\"Dominic Fritz anun\u021b\u0103 recuperarea unei cl\u0103diri importante din zona central\u0103 a ora\u0219ului: planuri pentru o nou\u0103 gr\u0103dini\u021b\u0103 \u00een Timi\u0219oara\"><img loading=\"lazy\" decoding=\"async\" class=\"entry-thumb\" src=\"https:\/\/orasul-timisoara.ro\/wp-content\/uploads\/2026\/04\/671905111_1374846211335992_1392813272985405673_n-1-436x300.jpg\" alt title=\"Dominic Fritz anun\u021b\u0103 recuperarea unei cl\u0103diri importante din zona central\u0103 a ora\u0219ului: planuri pentru o nou\u0103 gr\u0103dini\u021b\u0103 \u00een Timi\u0219oara\" width=\"218\" height=\"150\"><\/a><\/div>\n<\/div>\n<div class=\"item-details\">\n<h3 class=\"entry-title td-module-title\"><a href=\"https:\/\/orasul-timisoara.ro\/local-38091\/\" rel=\"bookmark\" title=\"Dominic Fritz anun\u021b\u0103 recuperarea unei cl\u0103diri importante din zona central\u0103 a ora\u0219ului: planuri pentru o nou\u0103 gr\u0103dini\u021b\u0103 \u00een Timi\u0219oara\">Dominic Fritz anun\u021b\u0103 recuperarea unei cl\u0103diri importante din zona central\u0103 a ora\u0219ului: planuri pentru o nou\u0103 gr\u0103dini\u021b\u0103 \u00een Timi\u0219oara<\/a><\/h3>\n<\/div>\n<\/div>\n<\/div>\n<div class=\"td-related-span4\">\n<div class=\"td_module_related_posts td-animation-stack td_mod_related_posts\">\n<div class=\"td-module-image\">\n<div class=\"td-module-thumb\"><a href=\"https:\/\/orasul-timisoara.ro\/local-37702\/\" rel=\"bookmark\" class=\"td-image-wrap \" title=\"Oportunit\u0103\u021bi de afaceri \u00een centrul Timi\u0219oarei: spa\u021bii de patrimoniu disponibile pentru \u00eenchiriere\"><img loading=\"lazy\" decoding=\"async\" class=\"entry-thumb\" src=\"https:\/\/orasul-timisoara.ro\/wp-content\/uploads\/2026\/01\/parcare-centru-bega-436x300.jpg\" alt title=\"Oportunit\u0103\u021bi de afaceri \u00een centrul Timi\u0219oarei: spa\u021bii de patrimoniu disponibile pentru \u00eenchiriere\" width=\"218\" height=\"150\"><\/a><\/div>\n<\/div>\n<div class=\"item-details\">\n<h3 class=\"entry-title td-module-title\"><a href=\"https:\/\/orasul-timisoara.ro\/local-37702\/\" rel=\"bookmark\" title=\"Oportunit\u0103\u021bi de afaceri \u00een centrul Timi\u0219oarei: spa\u021bii de patrimoniu disponibile pentru \u00eenchiriere\">Oportunit\u0103\u021bi de afaceri \u00een centrul Timi\u0219oarei: spa\u021bii de patrimoniu disponibile pentru \u00eenchiriere<\/a><\/h3>\n<\/div>\n<\/div>\n<\/div>\n<\/div>\n<\/div>\n<\/div>\n<div class=\"comments\" id=\"comments\">\n<div id=\"respond\" class=\"comment-respond\">\n<h3 id=\"reply-title\" class=\"comment-reply-title\">L\u0102SA\u021aI UN MESAJ<\/h3>\n<div class=\"comment-form-input-wrap td-form-comment\">\n<div class=\"td-warning-comment\">V\u0103 rug\u0103m s\u0103 introduce\u021bi comentariul dvs.!<\/div>\n<\/div>\n<div class=\"comment-form-input-wrap td-form-author\">\n<div class=\"td-warning-author\">Introduce\u021bi aici numele dvs.<\/div>\n<\/div>\n<div class=\"comment-form-input-wrap td-form-email\">\n<div class=\"td-warning-email-error\">A\u021bi introdus o adres\u0103 de e-mail incorect\u0103!<\/div>\n<div class=\"td-warning-email\">V\u0103 rug\u0103m s\u0103 introduce\u021bi adresa dvs. de e-mail aici<\/div>\n<\/div>\n<\/div>\n<p class=\"akismet_comment_form_privacy_notice\">Acest site folose\u0219te Akismet pentru a reduce spamul. <a href=\"https:\/\/akismet.com\/privacy\/\" target=\"_blank\" rel=\"nofollow noopener\">Afl\u0103 cum sunt procesate datele comentariilor tale<\/a>.<\/p>\n<\/div>\n<\/div>\n<\/div>\n<div class=\"td-pb-span4 td-main-sidebar\" role=\"complementary\">\n<div class=\"td-ss-main-sidebar\">\n<aside id=\"block-4\" class=\"td_block_template_8 widget block-4 widget_block widget_media_image\">\n<figure class=\"wp-block-image size-full\"><img decoding=\"async\" loading=\"lazy\" width=\"336\" height=\"280\" src=\"https:\/\/orasul-timisoara.ro\/wp-content\/uploads\/2024\/11\/ReTIM-Abonamentul-Verde-Google-Ads-336x280px.gif\" alt class=\"wp-image-29257\"><\/figure>\n<\/aside>\n<div class=\"td_block_wrap td_block_social_counter td_block_widget tdi_6 td-social-style5 td-social-boxed td-pb-border-top td_block_template_8\">\n<div class=\"td-block-title-wrap\">\n<h4 class=\"td-block-title\"><span>Urm\u0103re\u0219te-ne pe Social Media<\/span><\/h4>\n<\/div>\n<div class=\"td-social-list\">\n<div class=\"td_social_type td-pb-margin-side td_social_facebook\">\n<div class=\"td-social-box\"><span class=\"td_social_info td_social_info_counter\">344,595<\/span><span class=\"td_social_info td_social_info_name\">Fani<\/span><span class=\"td_social_button\"><a href=\"https:\/\/www.facebook.com\/247timisoara\" target=\"_blank\" rel=\"nofollow\">\u00cemi place<\/a><\/span><\/div>\n<\/div>\n<div class=\"td_social_type td-pb-margin-side td_social_instagram\">\n<div class=\"td-social-box\"><span class=\"td_social_info td_social_info_counter\">4,416<\/span><span class=\"td_social_info td_social_info_name\">Cititori<\/span><span class=\"td_social_button\"><a href=\"https:\/\/instagram.com\/orasultimisoararo\/\" target=\"_blank\" rel=\"nofollow\">Conecta\u021bi-v\u0103<\/a><\/span><\/div>\n<\/div>\n<div class=\"td_social_type td-pb-margin-side td_social_rss\">\n<div class=\"td-social-box\"><span class=\"td_social_info td_social_info_counter\">12,506<\/span><span class=\"td_social_info td_social_info_name\">Cititori<\/span><span class=\"td_social_button\"><a href=\"https:\/\/orasul-timisoara.ro\/feed\/\" target=\"_blank\" rel=\"nofollow\">Conecta\u021bi-v\u0103<\/a><\/span><\/div>\n<\/div>\n<div class=\"td_social_type td-pb-margin-side td_social_tiktok\">\n<div class=\"td-social-box\"><span class=\"td_social_info td_social_info_counter\">1,500<\/span><span class=\"td_social_info td_social_info_name\">Cititori<\/span><span class=\"td_social_button\"><a href=\"https:\/\/www.tiktok.com\/@orasultimisoara\" target=\"_blank\" rel=\"nofollow\">Conecta\u021bi-v\u0103<\/a><\/span><\/div>\n<\/div>\n<div class=\"td_social_type td-pb-margin-side td_social_twitter\">\n<div class=\"td-social-box\"><span class=\"td_social_info td_social_info_counter\">1,595<\/span><span class=\"td_social_info td_social_info_name\">Cititori<\/span><span class=\"td_social_button\"><a href=\"https:\/\/twitter.com\/orasultm\" target=\"_blank\" rel=\"nofollow\">Conecta\u021bi-v\u0103<\/a><\/span><\/div>\n<\/div>\n<div class=\"td_social_type td-pb-margin-side td_social_youtube\">\n<div class=\"td-social-box\"><span class=\"td_social_info td_social_info_counter\">3,506<\/span><span class=\"td_social_info td_social_info_name\">Abona\u021bi<\/span><span class=\"td_social_button\"><a href=\"https:\/\/www.youtube.com\/channel\/UCQNsQvs2XCSIm1Z-AHRturw?sub_confirmation=1\" target=\"_blank\" rel=\"nofollow\">Abona\u021bi-v\u0103<\/a><\/span><\/div>\n<\/div>\n<\/div>\n<\/div>\n<aside id=\"text-7\" class=\"td_block_template_8 widget text-7 widget_text\">\n<h4 class=\"td-block-title\"><span>C\u0103ut\u0103ri populare pe OTM<\/span><\/h4>\n<div class=\"textwidget\"><a href=\"https:\/\/orasul-timisoara.ro\/?s=timisoara\"><span>Timisoara<\/span><\/a><a href=\"https:\/\/orasul-timisoara.ro\/?s=calin+dobra\"><span>Calin Dobra<\/span><\/a><a href=\"https:\/\/orasul-timisoara.ro\/?s=primaria+timisoara\"><span>Primaria Timisoara<\/span><\/a><a href=\"https:\/\/orasul-timisoara.ro\/?s=dominic+fritz\"><span>Dominic Fritz<\/span><\/a><a href=\"https:\/\/orasul-timisoara.ro\/?s=nicolae+robu\"><span>Nicolae Robu<\/span><\/a><a href=\"https:\/\/orasul-timisoara.ro\/?s=consiliul+local+timisoara\">Consiliul Local Timisoara<\/a><a href=\"https:\/\/orasul-timisoara.ro\/?s=consiliul+judetean+timis\"><span>Consiliul Judetean Timis<\/span><\/a><a href=\"https:\/\/orasul-timisoara.ro\/?s=cjt\"><span>CJT<\/span><\/a><a href=\"https:\/\/orasul-timisoara.ro\/?s=Alfred+Simonis\"><span>Alfred Simonis<\/span><\/a><a href=\"https:\/\/orasul-timisoara.ro\/?s=PNL\"><span>PNL<\/span><\/a><a href=\"https:\/\/orasul-timisoara.ro\/?s=coronavirus\"><span>coronavirus<\/span><\/a><a href=\"https:\/\/orasul-timisoara.ro\/?s=teatru+timisoara\">teatru Timisoara<\/a><a href=\"https:\/\/orasul-timisoara.ro\/?s=restaurante\"><span>restaurante Timisoara<\/span><\/a><a href=\"https:\/\/orasul-timisoara.ro\/?s=diskoteka\"><span>Diskoteka<\/span><\/a><a href=\"https:\/\/orasul-timisoara.ro\/?s=iulius+town\"><span>Iulius Town<\/span><\/a><a href=\"https:\/\/orasul-timisoara.ro\/?s=iulius+mall\"><span>Iulius Mall<\/span><\/a><a href=\"https:\/\/orasul-timisoara.ro\/?s=stpt\"><span>STPT<\/span><\/a><a href=\"https:\/\/orasul-timisoara.ro\/?s=alin+nica\"><span>Alin Nica<\/span><\/a><a href=\"https:\/\/orasul-timisoara.ro\/?s=psd\"><span>PSD<\/span><\/a><a href=\"https:\/\/orasul-timisoara.ro\/?s=aeroport\"><span>Aeroportul International Timisoara<\/span><\/a><a href=\"https:\/\/orasul-timisoara.ro\/?s=babes\"><span>Spitalul Victor Babes Timisoara<\/span><\/a><a href=\"https:\/\/orasul-timisoara.ro\/?s=poli\"><span>Poli Timi\u0219oara<\/span><\/a><a href=\"https:\/\/orasul-timisoara.ro\/?s=carantina\"><span>carantina<\/span><\/a><a href=\"https:\/\/orasul-timisoara.ro\/?s=aquatim\"><span>Aquatim<\/span><\/a><a href=\"https:\/\/orasul-timisoara.ro\/local-category\/stiri-timisoara\/\"><span>Stiri Timisoara<\/span><\/a><a href=\"https:\/\/orasul-timisoara.ro\/local-category\/investitii-in-timisoara\/\"><span>Investi\u021bii in Timi\u0219oara<\/span><\/a><a href=\"https:\/\/orasul-timisoara.ro\/local-9463\/\"><span>shaorma<\/span><\/a><a href=\"https:\/\/orasul-timisoara.ro\/?s=trafic\"><span>trafic rutier<\/span><\/a><a href=\"https:\/\/orasul-timisoara.ro\/?s=politia\"><span>politia locala timisoara<\/span><\/a><a href=\"https:\/\/orasul-timisoara.ro\/?s=roxana\"><span>Roxana Iliescu<\/span><\/a><a href=\"https:\/\/orasul-timisoara.ro\/?s=colterm\"><span>Colterm<\/span><\/a><a href=\"https:\/\/orasul-timisoara.ro\/?s=latcau\"><span>Ruben La\u021bc\u0103u<\/span><\/a><a href=\"https:\/\/orasul-timisoara.ro\/?s=timis\"><span>\u0218tiri din Timi\u0219<\/span><\/a><a href=\"https:\/\/orasul-timisoara.ro\/?s=spital\"><span>Spitale din Timi\u0219oara<\/span><\/a><a href=\"https:\/\/orasul-timisoara.ro\/?s=tabara\"><span>Cosmin Tab\u0103r\u0103<\/span><\/a><\/div>\n<\/aside>\n<aside id=\"rss-2\" class=\"td_block_template_8 widget rss-2 widget_rss\">\n<h4 class=\"td-block-title\"><span><a class=\"rsswidget rss-widget-feed\" href=\"https:\/\/fashionfridays.ro\/feed\"><img decoding=\"async\" class=\"rss-widget-icon\" width=\"14\" height=\"14\" src=\"https:\/\/orasul-timisoara.ro\/wp-includes\/images\/rss.png\" alt=\"RSS\" loading=\"lazy\"><\/a><a class=\"rsswidget rss-widget-title\" href=\"https:\/\/fashionfridays.ro\/\">Fashion Fridays<\/a><\/span><\/h4>\n<ul>\n<li><a class=\"rsswidget\" href=\"https:\/\/fashionfridays.ro\/crocs-lanseaza-crocband-gum-clog-confort-iconic-cu-influente-retro-sport-pentru-primavara\/\">Crocs lanseaz\u0103 Crocband Gum Clog: confort iconic cu influen\u021be retro-sport pentru prim\u0103var\u0103<\/a>\n<div class=\"rssSummary\">Martie marcheaz\u0103 acel moment al anului \u00een care stilul \u00eencepe s\u0103 se relaxeze. Zilele devin mai lungi, ritmul ora\u0219ului se schimb\u0103, iar garderoba face tranzi\u021bia c\u0103tre piese care pun confortul pe primul loc, f\u0103r\u0103 s\u0103 renun\u021be la atitudine. Este sezonul \u00een care autenticitatea devine declara\u021bie de stil, iar alegerile vestimentare reflect\u0103 mai mult ca oric\u00e2nd [\u2026]<\/div>\n<\/li>\n<\/ul>\n<\/aside>\n<aside id=\"rss-4\" class=\"td_block_template_8 widget rss-4 widget_rss\">\n<h4 class=\"td-block-title\"><span><a class=\"rsswidget rss-widget-feed\" href=\"https:\/\/emasini.ro\/feed\"><img decoding=\"async\" class=\"rss-widget-icon\" width=\"14\" height=\"14\" src=\"https:\/\/orasul-timisoara.ro\/wp-includes\/images\/rss.png\" alt=\"RSS\" loading=\"lazy\"><\/a><a class=\"rsswidget rss-widget-title\" href=\"https:\/\/emasini.ro\/\">eMasini<\/a><\/span><\/h4>\n<ul>\n<li><a class=\"rsswidget\" href=\"https:\/\/emasini.ro\/traficul-rutier-sub-analiza-recensamant-national-pentru-modernizarea-infrastructurii\/\">Traficul rutier, sub analiz\u0103: recens\u0103m\u00e2nt na\u021bional pentru modernizarea infrastructurii<\/a>\n<div class=\"rssSummary\">Compania Na\u021bional\u0103 de Administrare a Infrastructurii Rutiere, prin Centrul de Studii Tehnice Rutiere \u0219i Informatic\u0103, preg\u0103te\u0219te una dintre cele mai importante ac\u021biuni de colectare de date din domeniul transporturilor: Recens\u0103m\u00e2ntul General de Circula\u021bie Rutier\u0103. Demersul are un rol strategic \u00een fundamentarea deciziilor privind dezvoltarea \u0219i modernizarea infrastructurii rutiere din Rom\u00e2nia. Ac\u021biunea este coordonat\u0103 de CNAIR, [\u2026]<\/div>\n<\/li>\n<\/ul>\n<\/aside>\n<\/div>\n<\/div>\n<\/div>\n<\/div>\n<\/article>\n<div class=\"td-post-content tagdiv-type\">\n<p>Prim\u0103ria Municipiului Timi\u0219oara a ob\u021binut o victorie definitiv\u0103 \u00een instan\u021b\u0103 \u00een litigiul cu restaurantul Dinar, dup\u0103 luni de dispute juridice \u0219i administrative privind ocuparea domeniului public. Decizia instan\u021bei confirm\u0103 legalitatea interven\u021biei municipalit\u0103\u021bii \u0219i respinge tentativa operatorului economic de a bloca lucr\u0103rile prin ordonan\u021b\u0103 pre\u0219edin\u021bial\u0103.<\/p>\n<p>Conflictul a izbucnit \u00een toamna anului 2025, c\u00e2nd administra\u021bia local\u0103 a constatat c\u0103 mai multe unit\u0103\u021bi de alimenta\u021bie public\u0103, printre care Dinar \u0219i Joy Pub, s-au extins ilegal pe trotuar. Autorit\u0103\u021bile au solicitat intrarea \u00een legalitate, \u00eens\u0103 doar o parte dintre operatori au dat curs solicit\u0103rii. \u00cen cazul restaurantului Dinar, situa\u021bia a escaladat, fiind necesar\u0103 interven\u021bia echipelor municipalit\u0103\u021bii.<\/p>\n<figure class=\"wp-block-gallery has-nested-images columns-default is-cropped wp-block-gallery-1 is-layout-flex wp-block-gallery-is-layout-flex\">\n<figure class=\"wp-block-image size-large\"><img loading=\"lazy\" decoding=\"async\" width=\"1920\" height=\"1078\" data-id=\"38384\" src=\"https:\/\/orasul-timisoara.ro\/wp-content\/uploads\/2026\/04\/restaurant-dinar-1.jpg\" alt class=\"wp-image-38384\"><\/figure>\n<figure class=\"wp-block-image size-large\"><img loading=\"lazy\" decoding=\"async\" width=\"1080\" height=\"1350\" data-id=\"38385\" src=\"https:\/\/orasul-timisoara.ro\/wp-content\/uploads\/2026\/04\/restaurant-dinar-2.jpg\" alt class=\"wp-image-38385\"><\/figure>\n<figure class=\"wp-block-image size-large\"><img loading=\"lazy\" decoding=\"async\" width=\"1080\" height=\"1350\" data-id=\"38386\" src=\"https:\/\/orasul-timisoara.ro\/wp-content\/uploads\/2026\/04\/restaurant-dinar-3.jpg\" alt class=\"wp-image-38386\"><\/figure>\n<\/figure>\n<p>Pe 25 septembrie 2025, autorit\u0103\u021bile au demarat ac\u021biunea de desfiin\u021bare a terasei amplasate ilegal pe domeniul public, moment care a declan\u0219at un conflict deschis \u00eentre reprezentan\u021bii localului \u0219i administra\u021bia ora\u0219ului. Proprietarii au sus\u021binut c\u0103 de\u021bin toate documentele necesare \u0219i c\u0103 sunt contribuabili corec\u021bi, \u00een timp ce Prim\u0103ria a acuzat ocuparea abuziv\u0103 a spa\u021biului public.<\/p>\n<p>Disputa a c\u0103p\u0103tat o dimensiune juridic\u0103 complex\u0103 dup\u0103 ce proprietarii au reu\u0219it intabularea construc\u021biei la Oficiul de Cadastru \u0219i Publicitate Imobiliar\u0103 Timi\u0219 chiar \u00een perioada demol\u0103rilor. Municipalitatea a contestat documenta\u021bia cadastral\u0103, iar \u00een urma unei reanaliz\u0103ri efectuate \u00een luna octombrie 2025, s-a stabilit c\u0103 pozi\u021bia administra\u021biei locale este \u00eentemeiat\u0103.<\/p>\n<p>Cazul a continuat \u00een instan\u021b\u0103, unde reprezentan\u021bii restaurantului au \u00eencercat s\u0103 suspende lucr\u0103rile printr-o ordonan\u021b\u0103 pre\u0219edin\u021bial\u0103. Instan\u021ba a respins \u00eens\u0103 solicitarea, iar hot\u0103r\u00e2rea definitiv\u0103 consfin\u021be\u0219te faptul c\u0103 trotuarul apar\u021bine domeniului public \u0219i nu putea fi utilizat \u00een scop comercial f\u0103r\u0103 autoriza\u021bie.<\/p>\n<p>\u00cen prezent, lucr\u0103rile sunt finalizate, iar spa\u021biul ocupat anterior de teras\u0103 a fost redat comunit\u0103\u021bii. Decizia instan\u021bei este considerat\u0103 de autorit\u0103\u021bi un precedent important \u00een ceea ce prive\u0219te protejarea domeniului public \u0219i respectarea regulilor urbanistice \u00een Timi\u0219oara.<\/p>\n<\/div>\n<p>[analyse_source url=&#8221;https:\/\/orasul-timisoara.ro\/local-38382\/&#8221;]<\/p>\n","protected":false},"excerpt":{"rendered":"<p>[analyse_image type=&#8221;featured&#8221; src=&#8221;https:\/\/orasul-timisoara.ro\/wp-content\/uploads\/2026\/04\/679421300_1383008453853101_5553430491327519850_n.jpg&#8221;] Administra\u021bie local\u0103Prim\u0103ria Timi\u0219oara c\u00e2\u0219tig\u0103 definitiv procesul cu Dinar: trotuarul revine domeniului public Administra\u021bie local\u0103 \u0218tiri Locale Prim\u0103ria Timi\u0219oara c\u00e2\u0219tig\u0103 definitiv procesul cu Dinar: trotuarul revine domeniului public De c\u0103tre redactia &#8211; 25\/04\/2026 Facebook Twitter WhatsApp Linkedin ReddIt Email Imprimare Prim\u0103ria Municipiului Timi\u0219oara a ob\u021binut o victorie definitiv\u0103 \u00een instan\u021b\u0103 \u00een litigiul cu [&hellip;]<\/p>\n","protected":false},"author":1,"featured_media":0,"comment_status":"open","ping_status":"","sticky":false,"template":"","format":"standard","meta":{"footnotes":""},"categories":[89],"tags":[226,189],"class_list":["post-1902730","post","type-post","status-publish","format-standard","hentry","category-romania","tag-crawlmanager","tag-orasul-timisoara-ro"],"_links":{"self":[{"href":"https:\/\/analyse.optim.biz\/index.php?rest_route=\/wp\/v2\/posts\/1902730","targetHints":{"allow":["GET"]}}],"collection":[{"href":"https:\/\/analyse.optim.biz\/index.php?rest_route=\/wp\/v2\/posts"}],"about":[{"href":"https:\/\/analyse.optim.biz\/index.php?rest_route=\/wp\/v2\/types\/post"}],"author":[{"embeddable":true,"href":"https:\/\/analyse.optim.biz\/index.php?rest_route=\/wp\/v2\/users\/1"}],"replies":[{"embeddable":true,"href":"https:\/\/analyse.optim.biz\/index.php?rest_route=%2Fwp%2Fv2%2Fcomments&post=1902730"}],"version-history":[{"count":0,"href":"https:\/\/analyse.optim.biz\/index.php?rest_route=\/wp\/v2\/posts\/1902730\/revisions"}],"wp:attachment":[{"href":"https:\/\/analyse.optim.biz\/index.php?rest_route=%2Fwp%2Fv2%2Fmedia&parent=1902730"}],"wp:term":[{"taxonomy":"category","embeddable":true,"href":"https:\/\/analyse.optim.biz\/index.php?rest_route=%2Fwp%2Fv2%2Fcategories&post=1902730"},{"taxonomy":"post_tag","embeddable":true,"href":"https:\/\/analyse.optim.biz\/index.php?rest_route=%2Fwp%2Fv2%2Ftags&post=1902730"}],"curies":[{"name":"wp","href":"https:\/\/api.w.org\/{rel}","templated":true}]}}