{"id":1902689,"date":"2026-04-24T14:29:26","date_gmt":"2026-04-24T11:29:26","guid":{"rendered":"https:\/\/analyse.optim.biz\/?p=1902689"},"modified":"2026-04-24T14:29:26","modified_gmt":"2026-04-24T11:29:26","slug":"o-noua-sesiune-de-simulare-a-evaluarii-nationale","status":"publish","type":"post","link":"https:\/\/analyse.optim.biz\/?p=1902689","title":{"rendered":"O NOU\u0102 SESIUNE DE SIMULARE A EVALU\u0102RII NA\u021aIONALE"},"content":{"rendered":"<p>[analyse_image type=&#8221;featured&#8221; src=&#8221;https:\/\/newss.ro\/wp-content\/uploads\/2026\/03\/evaluare-nationala.webp&#8221;]<\/p>\n<div class=\"td-post-content\">\n<div class=\"td-post-featured-image\"><a href=\"https:\/\/newss.ro\/wp-content\/uploads\/2026\/03\/evaluare-nationala.webp\" data-caption><img loading=\"lazy\" decoding=\"async\" width=\"696\" height=\"392\" class=\"entry-thumb td-modal-image\" src=\"https:\/\/newss.ro\/wp-content\/uploads\/2026\/03\/evaluare-nationala-696x392.webp\" alt title=\"evaluare nationala\"><\/a><\/div>\n<p>Elevii de clasa a VIII-a care nu au participat la simularea Evalu\u0103rii Na\u021bionale de luna trecut\u0103 \u00ee\u0219i vor putea testa cuno\u0219tin\u021bele \u00eentr-o nou\u0103 sesiune care va \u00eencepe luni.<\/p>\n<p>Ministerul Educa\u021biei a introdus posibilitatea organiz\u0103rii unei sesiuni suplimentare de simulare la solicitarea unit\u0103\u021bilor de \u00eenv\u0103\u021b\u0103m\u00e2nt \u0219i de aceast\u0103 dat\u0103 se prezint\u0103 doar elevii care doresc.<\/p>\n<p>M\u0103sura vine ca o solu\u021bie pentru elevii care nu au avut ocazia s\u0103 participe la simularea desf\u0103\u0219urat\u0103 \u00een perioada 16-30 martie. La nivel na\u021bional, peste 5.000 de elevi au fost afecta\u021bi de boicotul profesorilor.<\/p>\n<p>Pe 27 aprilie, elevii claselor a VIII-a vor sus\u021bine proba scris\u0103 la limba \u0219i literatura rom\u00e2n\u0103, iar pe 28 aprilie proba scris\u0103 la matematic\u0103.<\/p>\n<p>Elevii care apar\u021bin minorit\u0103\u021bilor na\u021bionale vor sus\u021bine pe 29 aprilie proba scris\u0103 la limba \u0219i literatura matern\u0103. Rezultatele vor fi comunicate elevilor pe data de 8 mai.<\/p>\n<p>La sesiunea din martie au lipsit aproximativ 24.000 de elevi, iar dintre cei care au participat, aproape o treime au ob\u0163inut note sub 5 la limba \u015fi literatura rom\u00e2n\u0103 \u015fi la matematic\u0103.<\/p>\n<\/div>\n<div class=\"td-post-content\">\n<div class=\"td-post-featured-image\"><a href=\"https:\/\/newss.ro\/wp-content\/uploads\/2026\/03\/evaluare-nationala.webp\" data-caption><img loading=\"lazy\" decoding=\"async\" width=\"696\" height=\"392\" class=\"entry-thumb td-modal-image\" src=\"https:\/\/newss.ro\/wp-content\/uploads\/2026\/03\/evaluare-nationala-696x392.webp\" alt title=\"evaluare nationala\"><\/a><\/div>\n<p>Elevii de clasa a VIII-a care nu au participat la simularea Evalu\u0103rii Na\u021bionale de luna trecut\u0103 \u00ee\u0219i vor putea testa cuno\u0219tin\u021bele \u00eentr-o nou\u0103 sesiune care va \u00eencepe luni.<\/p>\n<p>Ministerul Educa\u021biei a introdus posibilitatea organiz\u0103rii unei sesiuni suplimentare de simulare la solicitarea unit\u0103\u021bilor de \u00eenv\u0103\u021b\u0103m\u00e2nt \u0219i de aceast\u0103 dat\u0103 se prezint\u0103 doar elevii care doresc.<\/p>\n<p>M\u0103sura vine ca o solu\u021bie pentru elevii care nu au avut ocazia s\u0103 participe la simularea desf\u0103\u0219urat\u0103 \u00een perioada 16-30 martie. La nivel na\u021bional, peste 5.000 de elevi au fost afecta\u021bi de boicotul profesorilor.<\/p>\n<p>Pe 27 aprilie, elevii claselor a VIII-a vor sus\u021bine proba scris\u0103 la limba \u0219i literatura rom\u00e2n\u0103, iar pe 28 aprilie proba scris\u0103 la matematic\u0103.<\/p>\n<p>Elevii care apar\u021bin minorit\u0103\u021bilor na\u021bionale vor sus\u021bine pe 29 aprilie proba scris\u0103 la limba \u0219i literatura matern\u0103. Rezultatele vor fi comunicate elevilor pe data de 8 mai.<\/p>\n<p>La sesiunea din martie au lipsit aproximativ 24.000 de elevi, iar dintre cei care au participat, aproape o treime au ob\u0163inut note sub 5 la limba \u015fi literatura rom\u00e2n\u0103 \u015fi la matematic\u0103.<\/p>\n<\/div>\n<p>[analyse_source url=&#8221;https:\/\/newss.ro\/2026\/04\/24\/o-noua-sesiune-de-simulare-a-evaluarii-nationale\/&#8221;]<\/p>\n","protected":false},"excerpt":{"rendered":"<p>[analyse_image type=&#8221;featured&#8221; src=&#8221;https:\/\/newss.ro\/wp-content\/uploads\/2026\/03\/evaluare-nationala.webp&#8221;] Elevii de clasa a VIII-a care nu au participat la simularea Evalu\u0103rii Na\u021bionale de luna trecut\u0103 \u00ee\u0219i vor putea testa cuno\u0219tin\u021bele \u00eentr-o nou\u0103 sesiune care va \u00eencepe luni. Ministerul Educa\u021biei a introdus posibilitatea organiz\u0103rii unei sesiuni suplimentare de simulare la solicitarea unit\u0103\u021bilor de \u00eenv\u0103\u021b\u0103m\u00e2nt \u0219i de aceast\u0103 dat\u0103 se prezint\u0103 doar elevii [&hellip;]<\/p>\n","protected":false},"author":1,"featured_media":0,"comment_status":"open","ping_status":"","sticky":false,"template":"","format":"standard","meta":{"footnotes":""},"categories":[2],"tags":[226,73],"class_list":["post-1902689","post","type-post","status-publish","format-standard","hentry","category-politics","tag-crawlmanager","tag-newss-ro"],"_links":{"self":[{"href":"https:\/\/analyse.optim.biz\/index.php?rest_route=\/wp\/v2\/posts\/1902689","targetHints":{"allow":["GET"]}}],"collection":[{"href":"https:\/\/analyse.optim.biz\/index.php?rest_route=\/wp\/v2\/posts"}],"about":[{"href":"https:\/\/analyse.optim.biz\/index.php?rest_route=\/wp\/v2\/types\/post"}],"author":[{"embeddable":true,"href":"https:\/\/analyse.optim.biz\/index.php?rest_route=\/wp\/v2\/users\/1"}],"replies":[{"embeddable":true,"href":"https:\/\/analyse.optim.biz\/index.php?rest_route=%2Fwp%2Fv2%2Fcomments&post=1902689"}],"version-history":[{"count":0,"href":"https:\/\/analyse.optim.biz\/index.php?rest_route=\/wp\/v2\/posts\/1902689\/revisions"}],"wp:attachment":[{"href":"https:\/\/analyse.optim.biz\/index.php?rest_route=%2Fwp%2Fv2%2Fmedia&parent=1902689"}],"wp:term":[{"taxonomy":"category","embeddable":true,"href":"https:\/\/analyse.optim.biz\/index.php?rest_route=%2Fwp%2Fv2%2Fcategories&post=1902689"},{"taxonomy":"post_tag","embeddable":true,"href":"https:\/\/analyse.optim.biz\/index.php?rest_route=%2Fwp%2Fv2%2Ftags&post=1902689"}],"curies":[{"name":"wp","href":"https:\/\/api.w.org\/{rel}","templated":true}]}}