{"id":1902538,"date":"2026-04-25T15:37:23","date_gmt":"2026-04-25T12:37:23","guid":{"rendered":"https:\/\/analyse.optim.biz\/?p=1902538"},"modified":"2026-04-25T15:37:23","modified_gmt":"2026-04-25T12:37:23","slug":"accident-mortal-pe-pasarela-bucium-iasi-ce-arata-primele-verificari-despre-coliziunea-cu-camionul","status":"publish","type":"post","link":"https:\/\/analyse.optim.biz\/?p=1902538","title":{"rendered":"Accident mortal pe Pasarela Bucium, Ia\u0219i \u2014 ce arat\u0103 primele verific\u0103ri despre coliziunea cu camionul"},"content":{"rendered":"<p>[analyse_image type=&#8221;featured&#8221; src=&#8221;https:\/\/news-vaslui.ro\/wp-content\/uploads\/2026\/04\/featured-image-1777131441299.jpg&#8221;]<\/p>\n<div class=\"tdb-block-inner td-fix-index\"><a class=\"tdb-logo-a\" href=\"https:\/\/news-vaslui.ro\/\" title=\"logo\"><span class=\"tdb-logo-img-wrap\"><img decoding=\"async\" class=\"tdb-logo-img td-retina-data\" data-retina=\"https:\/\/news-vaslui.ro\/wp-content\/uploads\/2025\/12\/FACT-CHECKED-NEWS-VASLUI-2-300x85.png\" src=\"https:\/\/news-vaslui.ro\/wp-content\/uploads\/2025\/12\/FACT-CHECKED-NEWS-VASLUI-2-300x85.png\" alt=\"logo\" title=\"logo\"><\/span><\/a><\/div>\n<div class=\"tdb-block-inner td-fix-index\"><a class=\"tdb-logo-a\" href=\"https:\/\/news-vaslui.ro\/\" title=\"logo\"><span class=\"tdb-logo-img-wrap\"><img decoding=\"async\" class=\"tdb-logo-img td-retina-data\" data-retina=\"https:\/\/news-vaslui.ro\/wp-content\/uploads\/2025\/12\/FACT-CHECKED-NEWS-VASLUI-2-300x85.png\" src=\"https:\/\/news-vaslui.ro\/wp-content\/uploads\/2025\/12\/FACT-CHECKED-NEWS-VASLUI-2-300x85.png\" alt=\"logo\" title=\"logo\"><\/span><\/a><\/div>\n<div class=\"tdb-block-inner td-fix-index\"><a class=\"tdb-logo-a\" href=\"https:\/\/news-vaslui.ro\/\" title=\"logo\"><span class=\"tdb-logo-img-wrap\"><img decoding=\"async\" class=\"tdb-logo-img td-retina-data\" data-retina=\"https:\/\/news-vaslui.ro\/wp-content\/uploads\/2025\/12\/FACT-CHECKED-NEWS-VASLUI-2-300x85.png\" src=\"https:\/\/news-vaslui.ro\/wp-content\/uploads\/2025\/12\/FACT-CHECKED-NEWS-VASLUI-2-300x85.png\" alt=\"logo\" title=\"logo\"><\/span><\/a><\/div>\n<div class=\"tdb-block-inner td-fix-index\">\n<div class=\"tdb-head-date-txt\">s\u00e2mb\u0103t\u0103, aprilie 25, 2026<\/div>\n<\/div>\n<div class=\"tdb-block-inner td-fix-index\">\n<div class=\"tdb-weather-deg-wrap\" data-block-uid=\"tdb_header_weather_uid\"><span class=\"tdb-weather-deg\">20.2<\/span><span class=\"tdb-weather-unit\">C<\/span><\/div>\n<div class=\"tdb-weather-city\">Vaslui<\/div>\n<\/div>\n<div class=\"tdb-block-inner td-fix-index\">\n<div class=\"tdb-drop-down-search\" aria-labelledby=\"td-header-search-button\">\n<div class=\"tdb-drop-down-search-inner\">\n<div class=\"tdb-search-form-inner\">\n<div class=\"tdb-head-search-placeholder\">type here&#8230;<\/div>\n<\/div>\n<\/div>\n<\/div>\n<\/div>\n<div class=\"tdb-block-inner td-fix-index\"><a class=\"tdb-logo-a\" href=\"https:\/\/news-vaslui.ro\/\" title=\"logo\"><span class=\"tdb-logo-img-wrap\"><img decoding=\"async\" class=\"tdb-logo-img td-retina-data\" data-retina=\"https:\/\/news-vaslui.ro\/wp-content\/uploads\/2025\/12\/FACT-CHECKED-NEWS-VASLUI-2-300x85.png\" src=\"https:\/\/news-vaslui.ro\/wp-content\/uploads\/2025\/12\/FACT-CHECKED-NEWS-VASLUI-2-300x85.png\" alt=\"Vaslui News\" title=\"logo\"><\/span><\/a><\/div>\n<div class=\"tdb-block-inner td-fix-index\"><img loading=\"lazy\" decoding=\"async\" width=\"1068\" height=\"712\" class=\"entry-thumb\" src=\"https:\/\/news-vaslui.ro\/wp-content\/uploads\/2026\/04\/featured-image-1777131441299-1068x712.jpg\" alt title=\"Featured Image\"><\/div>\n<div class=\"tdb-block-inner td-fix-index\"><span class=\"reading-time-number\">1<\/span><span class=\"tdb-minute-text\"> min.<\/span><span class=\"tdb-add-text\">Read<\/span><\/div>\n<div class=\"tdb-block-inner td-fix-index\">\n<h1 class=\"tdb-title-text\">Accident mortal pe Pasarela Bucium, Ia\u0219i \u2014 ce arat\u0103 primele verific\u0103ri despre coliziunea cu camionul<\/h1>\n<\/div>\n<div class=\"tdb-block-inner td-fix-index\"><a class=\"tdb-author-photo\" href=\"https:\/\/news-vaslui.ro\/author\/vasluidev\/\" title=\"News Vaslui\"><img decoding=\"async\" alt=\"News Vaslui\" src=\"https:\/\/secure.gravatar.com\/avatar\/7cd75f71af07ac3deeb6cda7fa3e40e8f10cbbf011f111ff652b3ec2cc663f22?s=96&amp;d=mm&amp;r=g\" class=\"avatar avatar-96 photo\" height=\"96\" width=\"96\" loading=\"lazy\"><\/a><\/p>\n<div class=\"tdb-author-name-wrap\"><span class=\"tdb-author-by\">By<\/span><a class=\"tdb-author-name\" href=\"https:\/\/news-vaslui.ro\/author\/vasluidev\/\">News Vaslui<\/a><\/div>\n<\/div>\n<div class=\"tdb-block-inner td-fix-index\"><time class=\"entry-date updated td-module-date\" datetime=\"2026-04-25T15:37:23+00:00\">25 aprilie 2026<\/time><\/div>\n<div class=\"td_block_wrap tdb_single_content tdi_103 td-pb-border-top td_block_template_1 td-post-content tagdiv-type\" data-td-block-uid=\"tdi_103\">\n<div class=\"tdb-block-inner td-fix-index\">\n<div class=\"post-sources-section\">\n<h3>Surse<\/h3>\n<div class=\"sources-list\"><a href=\"https:\/\/www.vremeanoua.ro\/accident-mortal-in-iasi-o-soferita-s-a-rasturnat-cu-masina-de-pe-o-pasarela-dupa-ce-s-a-ciocnit-de-un-camion\" target=\"_blank\" rel=\"noopener\" class=\"source-item\"><\/p>\n<div class=\"source-thumb\"><img decoding=\"async\" src=\"https:\/\/news-vaslui.ro\/wp-content\/uploads\/2025\/12\/vremeanoua.png\" alt=\"Accident mortal \u00een Ia\u0219i: o \u0219oferi\u021b\u0103 s-a r\u0103sturnat cu ma\u0219ina de pe...\" class=\"td-animation-stack-type0-2\"><\/div>\n<div class=\"source-info\"><span class=\"source-publication\">Vremea Noua<\/span><span class=\"source-title\">Accident mortal \u00een Ia\u0219i: o \u0219oferi\u021b\u0103 s-a r\u0103sturnat cu ma\u0219ina de pe&#8230;<\/span><\/p>\n<p class=\"source-date\">24\/04\/2026<\/p>\n<\/div>\n<p><\/a><a href=\"https:\/\/zch.ro\/iasi-un-autoturism-a-cazut-de-pe-pasarela-bucium-dupa-impactul-cu-un-camion\" target=\"_blank\" rel=\"noopener\" class=\"source-item\"><\/p>\n<div class=\"source-info\"><span class=\"source-publication\">ZCH News<\/span><span class=\"source-title\">Ia\u0219i. Un autoturism a c\u0103zut de pe Pasarela Bucium dup\u0103 impactul cu&#8230;<\/span><\/p>\n<p class=\"source-date\">24\/04\/2026<\/p>\n<\/div>\n<p><\/a><\/div>\n<\/div>\n<p>Vineri, pe Pasarela Bucium din Ia\u0219i, a avut loc un accident rutier grav \u00een urma c\u0103ruia autoturismul implicat a fost aruncat \u00een afara pasarelei dup\u0103 o coliziune cu un autocamion. Potrivit ISU Ia\u0219i, victima este o femeie de 52 de ani, care a fost g\u0103sit\u0103 \u00een stop cardio-respirator la sosirea echipajelor; s-a \u00eencercat resuscitarea, \u00eens\u0103 f\u0103r\u0103 succes, fiind constat decesul.<\/p>\n<p>\u0218oferul camionului, \u00een v\u00e2rst\u0103 de 59 de ani, a fost testat alcoscopic, rezultatul fiind negativ. Primele date indic\u0103 faptul c\u0103 femeia ar fi schimbat direc\u021bia de mers f\u0103r\u0103 s\u0103 se asigure. \u00cen urma impactului, autoturismul a p\u0103r\u0103sit sensul de mers \u0219i a c\u0103zut de pe pod.<\/p>\n<p>La fa\u021ba locului au intervenit trei autospeciale de stingere, o autospecial\u0103 de descarcerare, un echipaj de terapie intensiv\u0103 mobil\u0103 \u0219i un echipaj de prim ajutor calificat, iar pentru sprijin au fost dislocate \u0219i dou\u0103 echipaje ale Serviciului de Ambulan\u021b\u0103 Jude\u021bean. Poli\u021bia a deschis cercet\u0103ri \u0219i a demarat dosar penal pentru ucidere din culp\u0103 pentru stabilirea circumstan\u021belor exacte ale incidentului.<\/p>\n<p>Un martor a indicat pe re\u021belele sociale c\u0103 limita de vitez\u0103 pe pod este de 30 km\/h \u0219i c\u0103 lipsa unui parapet adecvat ar fi putut contribui la tragedie. Ancheta este \u00een desf\u0103\u0219urare, iar autorit\u0103\u021bile continu\u0103 s\u0103 adune informa\u021bii pentru a clarifica cauzele accidentului.<\/p>\n<\/div>\n<\/div>\n<div class=\"tdb-block-inner td-fix-index\">\n<div class=\"post-sources-section\">\n<h3>Surse<\/h3>\n<div class=\"sources-list\"><a href=\"https:\/\/www.vremeanoua.ro\/accident-mortal-in-iasi-o-soferita-s-a-rasturnat-cu-masina-de-pe-o-pasarela-dupa-ce-s-a-ciocnit-de-un-camion\" target=\"_blank\" rel=\"noopener\" class=\"source-item\"><\/p>\n<div class=\"source-thumb\"><img decoding=\"async\" src=\"https:\/\/news-vaslui.ro\/wp-content\/uploads\/2025\/12\/vremeanoua.png\" alt=\"Accident mortal \u00een Ia\u0219i: o \u0219oferi\u021b\u0103 s-a r\u0103sturnat cu ma\u0219ina de pe...\" class=\"td-animation-stack-type0-2\"><\/div>\n<div class=\"source-info\"><span class=\"source-publication\">Vremea Noua<\/span><span class=\"source-title\">Accident mortal \u00een Ia\u0219i: o \u0219oferi\u021b\u0103 s-a r\u0103sturnat cu ma\u0219ina de pe&#8230;<\/span><\/p>\n<p class=\"source-date\">24\/04\/2026<\/p>\n<\/div>\n<p><\/a><a href=\"https:\/\/zch.ro\/iasi-un-autoturism-a-cazut-de-pe-pasarela-bucium-dupa-impactul-cu-un-camion\" target=\"_blank\" rel=\"noopener\" class=\"source-item\"><\/p>\n<div class=\"source-info\"><span class=\"source-publication\">ZCH News<\/span><span class=\"source-title\">Ia\u0219i. Un autoturism a c\u0103zut de pe Pasarela Bucium dup\u0103 impactul cu&#8230;<\/span><\/p>\n<p class=\"source-date\">24\/04\/2026<\/p>\n<\/div>\n<p><\/a><\/div>\n<\/div>\n<p>Vineri, pe Pasarela Bucium din Ia\u0219i, a avut loc un accident rutier grav \u00een urma c\u0103ruia autoturismul implicat a fost aruncat \u00een afara pasarelei dup\u0103 o coliziune cu un autocamion. Potrivit ISU Ia\u0219i, victima este o femeie de 52 de ani, care a fost g\u0103sit\u0103 \u00een stop cardio-respirator la sosirea echipajelor; s-a \u00eencercat resuscitarea, \u00eens\u0103 f\u0103r\u0103 succes, fiind constat decesul.<\/p>\n<p>\u0218oferul camionului, \u00een v\u00e2rst\u0103 de 59 de ani, a fost testat alcoscopic, rezultatul fiind negativ. Primele date indic\u0103 faptul c\u0103 femeia ar fi schimbat direc\u021bia de mers f\u0103r\u0103 s\u0103 se asigure. \u00cen urma impactului, autoturismul a p\u0103r\u0103sit sensul de mers \u0219i a c\u0103zut de pe pod.<\/p>\n<p>La fa\u021ba locului au intervenit trei autospeciale de stingere, o autospecial\u0103 de descarcerare, un echipaj de terapie intensiv\u0103 mobil\u0103 \u0219i un echipaj de prim ajutor calificat, iar pentru sprijin au fost dislocate \u0219i dou\u0103 echipaje ale Serviciului de Ambulan\u021b\u0103 Jude\u021bean. Poli\u021bia a deschis cercet\u0103ri \u0219i a demarat dosar penal pentru ucidere din culp\u0103 pentru stabilirea circumstan\u021belor exacte ale incidentului.<\/p>\n<p>Un martor a indicat pe re\u021belele sociale c\u0103 limita de vitez\u0103 pe pod este de 30 km\/h \u0219i c\u0103 lipsa unui parapet adecvat ar fi putut contribui la tragedie. Ancheta este \u00een desf\u0103\u0219urare, iar autorit\u0103\u021bile continu\u0103 s\u0103 adune informa\u021bii pentru a clarifica cauzele accidentului.<\/p>\n<\/div>\n<div class=\"tdb-block-inner td-fix-index\">\n<div class=\"tdb-next-post tdb-next-post-bg tdb-post-prev\"><span>Articolul precedent<\/span><\/p>\n<div class=\"td-module-container\">\n<div class=\"td-image-container\"><a class=\"td-image-wrap\" href=\"https:\/\/news-vaslui.ro\/schimb-de-focuri-la-hangu-interventia-sas-surprinsa-de-bodycam-in-contextul-a-trei-ordine-de-protectie\/\"><img decoding=\"async\" class=\"td-next-prev-image td-fix-index\" src=\"https:\/\/news-vaslui.ro\/wp-content\/uploads\/2026\/04\/featured-image-1777131431867-1068x712.jpg\"><\/a><\/div>\n<div class=\"next-prev-title\"><a href=\"https:\/\/news-vaslui.ro\/schimb-de-focuri-la-hangu-interventia-sas-surprinsa-de-bodycam-in-contextul-a-trei-ordine-de-protectie\/\">Schimb de focuri la Hangu: interven\u021bia SAS surprins\u0103 de bodycam, \u00een contextul a trei ordine de protec\u021bie<\/a><\/div>\n<\/div>\n<\/div>\n<div class=\"tdb-next-post tdb-next-post-bg tdb-post-next\"><span>Articolul urm\u0103tor<\/span><\/p>\n<div class=\"td-module-container\">\n<div class=\"td-image-container\"><a class=\"td-image-wrap\" href=\"https:\/\/news-vaslui.ro\/criza-de-kerosen-pentru-avioane-in-europa-ce-ar-putea-insemna-pentru-zboruri-si-vacante-romanesti\/\"><img decoding=\"async\" class=\"td-next-prev-image td-fix-index\" src=\"https:\/\/news-vaslui.ro\/wp-content\/uploads\/2026\/04\/featured-image-1777131447357-1068x712.jpg\"><\/a><\/div>\n<div class=\"next-prev-title\"><a href=\"https:\/\/news-vaslui.ro\/criza-de-kerosen-pentru-avioane-in-europa-ce-ar-putea-insemna-pentru-zboruri-si-vacante-romanesti\/\">Criz\u0103 de KEROSEN pentru avioane \u00een Europa: ce ar putea \u00eensemna pentru zboruri \u0219i vacan\u021be rom\u00e2ne\u0219ti<\/a><\/div>\n<\/div>\n<\/div>\n<\/div>\n<div class=\"tdb-block-inner td-fix-index\"><a class=\"tdb-logo-a\" href=\"https:\/\/news-vaslui.ro\/\" title=\"logo\"><span class=\"tdb-logo-img-wrap\"><img decoding=\"async\" class=\"tdb-logo-img td-retina-data\" data-retina=\"https:\/\/news-vaslui.ro\/wp-content\/uploads\/2025\/12\/FACT-CHECKED-NEWS-VASLUI-2-300x85.png\" src=\"https:\/\/news-vaslui.ro\/wp-content\/uploads\/2025\/12\/FACT-CHECKED-NEWS-VASLUI-2-300x85.png\" alt=\"logo\" title=\"logo\"><\/span><\/a><\/div>\n<p>[analyse_source url=&#8221;https:\/\/news-vaslui.ro\/accident-mortal-pe-pasarela-bucium-iasi-ce-arata-primele-verificari-despre-coliziunea-cu-camionul\/#new_tab&#8221;]<\/p>\n","protected":false},"excerpt":{"rendered":"<p>[analyse_image type=&#8221;featured&#8221; src=&#8221;https:\/\/news-vaslui.ro\/wp-content\/uploads\/2026\/04\/featured-image-1777131441299.jpg&#8221;] s\u00e2mb\u0103t\u0103, aprilie 25, 2026 20.2C Vaslui type here&#8230; 1 min.Read Accident mortal pe Pasarela Bucium, Ia\u0219i \u2014 ce arat\u0103 primele verific\u0103ri despre coliziunea cu camionul ByNews Vaslui 25 aprilie 2026 Surse Vremea NouaAccident mortal \u00een Ia\u0219i: o \u0219oferi\u021b\u0103 s-a r\u0103sturnat cu ma\u0219ina de pe&#8230; 24\/04\/2026 ZCH NewsIa\u0219i. Un autoturism a c\u0103zut de [&hellip;]<\/p>\n","protected":false},"author":1,"featured_media":0,"comment_status":"open","ping_status":"","sticky":false,"template":"","format":"standard","meta":{"footnotes":""},"categories":[89],"tags":[226,217],"class_list":["post-1902538","post","type-post","status-publish","format-standard","hentry","category-romania","tag-crawlmanager","tag-vaslui-robo-stiri-ro"],"_links":{"self":[{"href":"https:\/\/analyse.optim.biz\/index.php?rest_route=\/wp\/v2\/posts\/1902538","targetHints":{"allow":["GET"]}}],"collection":[{"href":"https:\/\/analyse.optim.biz\/index.php?rest_route=\/wp\/v2\/posts"}],"about":[{"href":"https:\/\/analyse.optim.biz\/index.php?rest_route=\/wp\/v2\/types\/post"}],"author":[{"embeddable":true,"href":"https:\/\/analyse.optim.biz\/index.php?rest_route=\/wp\/v2\/users\/1"}],"replies":[{"embeddable":true,"href":"https:\/\/analyse.optim.biz\/index.php?rest_route=%2Fwp%2Fv2%2Fcomments&post=1902538"}],"version-history":[{"count":0,"href":"https:\/\/analyse.optim.biz\/index.php?rest_route=\/wp\/v2\/posts\/1902538\/revisions"}],"wp:attachment":[{"href":"https:\/\/analyse.optim.biz\/index.php?rest_route=%2Fwp%2Fv2%2Fmedia&parent=1902538"}],"wp:term":[{"taxonomy":"category","embeddable":true,"href":"https:\/\/analyse.optim.biz\/index.php?rest_route=%2Fwp%2Fv2%2Fcategories&post=1902538"},{"taxonomy":"post_tag","embeddable":true,"href":"https:\/\/analyse.optim.biz\/index.php?rest_route=%2Fwp%2Fv2%2Ftags&post=1902538"}],"curies":[{"name":"wp","href":"https:\/\/api.w.org\/{rel}","templated":true}]}}