{"id":1902536,"date":"2026-04-25T15:37:30","date_gmt":"2026-04-25T12:37:30","guid":{"rendered":"https:\/\/analyse.optim.biz\/?p=1902536"},"modified":"2026-04-25T15:37:30","modified_gmt":"2026-04-25T12:37:30","slug":"criza-de-kerosen-pentru-avioane-in-europa-ce-ar-putea-insemna-pentru-zboruri-si-vacante-romanesti","status":"publish","type":"post","link":"https:\/\/analyse.optim.biz\/?p=1902536","title":{"rendered":"Criz\u0103 de KEROSEN pentru avioane \u00een Europa: ce ar putea \u00eensemna pentru zboruri \u0219i vacan\u021be rom\u00e2ne\u0219ti"},"content":{"rendered":"<p>[analyse_image type=&#8221;featured&#8221; src=&#8221;https:\/\/news-vaslui.ro\/wp-content\/uploads\/2026\/04\/featured-image-1777131447357.jpg&#8221;]<\/p>\n<div class=\"tdb-block-inner td-fix-index\"><a class=\"tdb-logo-a\" href=\"https:\/\/news-vaslui.ro\/\" title=\"logo\"><span class=\"tdb-logo-img-wrap\"><img decoding=\"async\" class=\"tdb-logo-img td-retina-data\" data-retina=\"https:\/\/news-vaslui.ro\/wp-content\/uploads\/2025\/12\/FACT-CHECKED-NEWS-VASLUI-2-300x85.png\" src=\"https:\/\/news-vaslui.ro\/wp-content\/uploads\/2025\/12\/FACT-CHECKED-NEWS-VASLUI-2-300x85.png\" alt=\"logo\" title=\"logo\"><\/span><\/a><\/div>\n<div class=\"tdb-block-inner td-fix-index\"><a class=\"tdb-logo-a\" href=\"https:\/\/news-vaslui.ro\/\" title=\"logo\"><span class=\"tdb-logo-img-wrap\"><img decoding=\"async\" class=\"tdb-logo-img td-retina-data\" data-retina=\"https:\/\/news-vaslui.ro\/wp-content\/uploads\/2025\/12\/FACT-CHECKED-NEWS-VASLUI-2-300x85.png\" src=\"https:\/\/news-vaslui.ro\/wp-content\/uploads\/2025\/12\/FACT-CHECKED-NEWS-VASLUI-2-300x85.png\" alt=\"logo\" title=\"logo\"><\/span><\/a><\/div>\n<div class=\"tdb-block-inner td-fix-index\"><a class=\"tdb-logo-a\" href=\"https:\/\/news-vaslui.ro\/\" title=\"logo\"><span class=\"tdb-logo-img-wrap\"><img decoding=\"async\" class=\"tdb-logo-img td-retina-data\" data-retina=\"https:\/\/news-vaslui.ro\/wp-content\/uploads\/2025\/12\/FACT-CHECKED-NEWS-VASLUI-2-300x85.png\" src=\"https:\/\/news-vaslui.ro\/wp-content\/uploads\/2025\/12\/FACT-CHECKED-NEWS-VASLUI-2-300x85.png\" alt=\"logo\" title=\"logo\"><\/span><\/a><\/div>\n<div class=\"tdb-block-inner td-fix-index\">\n<div class=\"tdb-head-date-txt\">s\u00e2mb\u0103t\u0103, aprilie 25, 2026<\/div>\n<\/div>\n<div class=\"tdb-block-inner td-fix-index\">\n<div class=\"tdb-weather-deg-wrap\" data-block-uid=\"tdb_header_weather_uid\"><span class=\"tdb-weather-deg\">20.2<\/span><span class=\"tdb-weather-unit\">C<\/span><\/div>\n<div class=\"tdb-weather-city\">Vaslui<\/div>\n<\/div>\n<div class=\"tdb-block-inner td-fix-index\">\n<div class=\"tdb-drop-down-search\" aria-labelledby=\"td-header-search-button\">\n<div class=\"tdb-drop-down-search-inner\">\n<div class=\"tdb-search-form-inner\">\n<div class=\"tdb-head-search-placeholder\">type here&#8230;<\/div>\n<\/div>\n<\/div>\n<\/div>\n<\/div>\n<div class=\"tdb-block-inner td-fix-index\"><a class=\"tdb-logo-a\" href=\"https:\/\/news-vaslui.ro\/\" title=\"logo\"><span class=\"tdb-logo-img-wrap\"><img decoding=\"async\" class=\"tdb-logo-img td-retina-data\" data-retina=\"https:\/\/news-vaslui.ro\/wp-content\/uploads\/2025\/12\/FACT-CHECKED-NEWS-VASLUI-2-300x85.png\" src=\"https:\/\/news-vaslui.ro\/wp-content\/uploads\/2025\/12\/FACT-CHECKED-NEWS-VASLUI-2-300x85.png\" alt=\"Vaslui News\" title=\"logo\"><\/span><\/a><\/div>\n<div class=\"tdb-block-inner td-fix-index\"><img loading=\"lazy\" decoding=\"async\" width=\"1068\" height=\"712\" class=\"entry-thumb\" src=\"https:\/\/news-vaslui.ro\/wp-content\/uploads\/2026\/04\/featured-image-1777131447357-1068x712.jpg\" alt title=\"Featured Image\"><\/div>\n<div class=\"tdb-block-inner td-fix-index\"><span class=\"reading-time-number\">1<\/span><span class=\"tdb-minute-text\"> min.<\/span><span class=\"tdb-add-text\">Read<\/span><\/div>\n<div class=\"tdb-block-inner td-fix-index\">\n<h1 class=\"tdb-title-text\">Criz\u0103 de KEROSEN pentru avioane \u00een Europa: ce ar putea \u00eensemna pentru zboruri \u0219i vacan\u021be rom\u00e2ne\u0219ti<\/h1>\n<\/div>\n<div class=\"tdb-block-inner td-fix-index\"><a class=\"tdb-author-photo\" href=\"https:\/\/news-vaslui.ro\/author\/vasluidev\/\" title=\"News Vaslui\"><img decoding=\"async\" alt=\"News Vaslui\" src=\"https:\/\/secure.gravatar.com\/avatar\/7cd75f71af07ac3deeb6cda7fa3e40e8f10cbbf011f111ff652b3ec2cc663f22?s=96&amp;d=mm&amp;r=g\" class=\"avatar avatar-96 photo\" height=\"96\" width=\"96\" loading=\"lazy\"><\/a><\/p>\n<div class=\"tdb-author-name-wrap\"><span class=\"tdb-author-by\">By<\/span><a class=\"tdb-author-name\" href=\"https:\/\/news-vaslui.ro\/author\/vasluidev\/\">News Vaslui<\/a><\/div>\n<\/div>\n<div class=\"tdb-block-inner td-fix-index\"><time class=\"entry-date updated td-module-date\" datetime=\"2026-04-25T15:37:30+00:00\">25 aprilie 2026<\/time><\/div>\n<div class=\"td_block_wrap tdb_single_content tdi_103 td-pb-border-top td_block_template_1 td-post-content tagdiv-type\" data-td-block-uid=\"tdi_103\">\n<div class=\"tdb-block-inner td-fix-index\">\n<div class=\"post-sources-section\">\n<h3>Surse<\/h3>\n<div class=\"sources-list\"><a href=\"https:\/\/www.vremeanoua.ro\/vacantele-romanilor-sub-presiune-zborurile-din-europa-afectate-de-criza-combustibulului-trei-scenarii-pentru-sezonul-estival\" target=\"_blank\" rel=\"noopener\" class=\"source-item\"><\/p>\n<div class=\"source-thumb\"><img decoding=\"async\" src=\"https:\/\/news-vaslui.ro\/wp-content\/uploads\/2025\/12\/vremeanoua.png\" alt=\"Vacan\u021bele rom\u00e2nilor, sub presiune: zborurile din Europa, afectate de criza combustibulului. Trei...\" class=\"td-animation-stack-type0-2\"><\/div>\n<div class=\"source-info\"><span class=\"source-publication\">Vremea Noua<\/span><span class=\"source-title\">Vacan\u021bele rom\u00e2nilor, sub presiune: zborurile din Europa, afectate de criza combustibulului. Trei&#8230;<\/span><\/p>\n<p class=\"source-date\">24\/04\/2026<\/p>\n<\/div>\n<p><\/a><\/div>\n<\/div>\n<p>O criz\u0103 a combustibilului pentru avioane \u00een Europa, agravat\u0103 de conflictul din Golf, amenin\u021b\u0103 sezonul estival \u0219i vacan\u021bele rom\u00e2nilor, inclusiv cele ale locuitorilor din Vaslui. Potrivit unei analize citate de presa de profil, stocurile de kerosen ar putea deveni limitate \u00een urm\u0103toarele s\u0103pt\u0103m\u00e2ni, ceea ce ar putea duce la cre\u0219terea pre\u021burilor biletelor \u0219i la perturb\u0103ri \u00een programul zborurilor.<\/p>\n<p>Chiar dac\u0103 r\u0103zboiul din Orientul Mijlociu s-ar \u00eencheia cur\u00e2nd, sectorul aerian european se preg\u0103te\u0219te pentru un sezon dificil, cu tarife pe val \u0219i profituri sub presiune. Perturb\u0103rile \u00een livr\u0103rile de combustibil din Golf, transportate prin Str\u00e2mtoarea Ormuz, cresc costurile opera\u021bionale \u0219i men\u021bin un risc de penurie pe termen scurt, \u00eenainte ca vacan\u021bele s\u0103 \u00eenceap\u0103.<\/p>\n<p>Uniunea European\u0103 sus\u021bine c\u0103 lucreaz\u0103 la m\u0103suri menite s\u0103 limiteze impactul asupra transportului aerian, \u00eens\u0103 companiile aeriene au \u00eenceput deja s\u0103-\u0219i ajusteze programele \u0219i rutele, ceea ce se poate traduce \u00een \u00eent\u00e2rzieri sau schimb\u0103ri de orar pentru pasagerii rom\u00e2ni. Pentru vara anului 2026, exper\u021bii vizualizeaz\u0103 trei scenarii distincte: (1) un sezon moderat, cu perturb\u0103ri limitate \u0219i cre\u0219teri de pre\u021buri moderate; (2) un sezon intens, cu disponibilitate sc\u0103zut\u0103 a locurilor \u0219i major\u0103ri semnificative ale tarifelor; (3) o var\u0103 cu volatilitate crescut\u0103, \u00een care programul zborurilor poate suferi varia\u021bii s\u0103pt\u0103m\u00e2nale.<\/p>\n<p>\u00cen Vaslui \u0219i \u00een zona Moldovei, agen\u021biile de turism locale semnaleaz\u0103 un interes \u00een sc\u0103dere pentru unele destina\u021bii europene, iar mul\u021bi cet\u0103\u021beni aleg op\u021biuni mai apropiate sau concedii \u00een \u021bar\u0103 pentru a evita riscurile legate de zboruri interna\u021bionale. Impactul asupra bugetelor familiilor va depinde de evolu\u021bia pre\u021burilor la carburant \u0219i de reac\u021bia operatorilor aerieni, dar, \u00een linii mari, vacan\u021bele de var\u0103 se anun\u021b\u0103 s\u0103 fie mai dificil de planificat \u00een contextul actual.<\/p>\n<\/div>\n<\/div>\n<div class=\"tdb-block-inner td-fix-index\">\n<div class=\"post-sources-section\">\n<h3>Surse<\/h3>\n<div class=\"sources-list\"><a href=\"https:\/\/www.vremeanoua.ro\/vacantele-romanilor-sub-presiune-zborurile-din-europa-afectate-de-criza-combustibulului-trei-scenarii-pentru-sezonul-estival\" target=\"_blank\" rel=\"noopener\" class=\"source-item\"><\/p>\n<div class=\"source-thumb\"><img decoding=\"async\" src=\"https:\/\/news-vaslui.ro\/wp-content\/uploads\/2025\/12\/vremeanoua.png\" alt=\"Vacan\u021bele rom\u00e2nilor, sub presiune: zborurile din Europa, afectate de criza combustibulului. Trei...\" class=\"td-animation-stack-type0-2\"><\/div>\n<div class=\"source-info\"><span class=\"source-publication\">Vremea Noua<\/span><span class=\"source-title\">Vacan\u021bele rom\u00e2nilor, sub presiune: zborurile din Europa, afectate de criza combustibulului. Trei&#8230;<\/span><\/p>\n<p class=\"source-date\">24\/04\/2026<\/p>\n<\/div>\n<p><\/a><\/div>\n<\/div>\n<p>O criz\u0103 a combustibilului pentru avioane \u00een Europa, agravat\u0103 de conflictul din Golf, amenin\u021b\u0103 sezonul estival \u0219i vacan\u021bele rom\u00e2nilor, inclusiv cele ale locuitorilor din Vaslui. Potrivit unei analize citate de presa de profil, stocurile de kerosen ar putea deveni limitate \u00een urm\u0103toarele s\u0103pt\u0103m\u00e2ni, ceea ce ar putea duce la cre\u0219terea pre\u021burilor biletelor \u0219i la perturb\u0103ri \u00een programul zborurilor.<\/p>\n<p>Chiar dac\u0103 r\u0103zboiul din Orientul Mijlociu s-ar \u00eencheia cur\u00e2nd, sectorul aerian european se preg\u0103te\u0219te pentru un sezon dificil, cu tarife pe val \u0219i profituri sub presiune. Perturb\u0103rile \u00een livr\u0103rile de combustibil din Golf, transportate prin Str\u00e2mtoarea Ormuz, cresc costurile opera\u021bionale \u0219i men\u021bin un risc de penurie pe termen scurt, \u00eenainte ca vacan\u021bele s\u0103 \u00eenceap\u0103.<\/p>\n<p>Uniunea European\u0103 sus\u021bine c\u0103 lucreaz\u0103 la m\u0103suri menite s\u0103 limiteze impactul asupra transportului aerian, \u00eens\u0103 companiile aeriene au \u00eenceput deja s\u0103-\u0219i ajusteze programele \u0219i rutele, ceea ce se poate traduce \u00een \u00eent\u00e2rzieri sau schimb\u0103ri de orar pentru pasagerii rom\u00e2ni. Pentru vara anului 2026, exper\u021bii vizualizeaz\u0103 trei scenarii distincte: (1) un sezon moderat, cu perturb\u0103ri limitate \u0219i cre\u0219teri de pre\u021buri moderate; (2) un sezon intens, cu disponibilitate sc\u0103zut\u0103 a locurilor \u0219i major\u0103ri semnificative ale tarifelor; (3) o var\u0103 cu volatilitate crescut\u0103, \u00een care programul zborurilor poate suferi varia\u021bii s\u0103pt\u0103m\u00e2nale.<\/p>\n<p>\u00cen Vaslui \u0219i \u00een zona Moldovei, agen\u021biile de turism locale semnaleaz\u0103 un interes \u00een sc\u0103dere pentru unele destina\u021bii europene, iar mul\u021bi cet\u0103\u021beni aleg op\u021biuni mai apropiate sau concedii \u00een \u021bar\u0103 pentru a evita riscurile legate de zboruri interna\u021bionale. Impactul asupra bugetelor familiilor va depinde de evolu\u021bia pre\u021burilor la carburant \u0219i de reac\u021bia operatorilor aerieni, dar, \u00een linii mari, vacan\u021bele de var\u0103 se anun\u021b\u0103 s\u0103 fie mai dificil de planificat \u00een contextul actual.<\/p>\n<\/div>\n<div class=\"tdb-block-inner td-fix-index\">\n<div class=\"tdb-next-post tdb-next-post-bg tdb-post-prev\"><span>Articolul precedent<\/span><\/p>\n<div class=\"td-module-container\">\n<div class=\"td-image-container\"><a class=\"td-image-wrap\" href=\"https:\/\/news-vaslui.ro\/accident-mortal-pe-pasarela-bucium-iasi-ce-arata-primele-verificari-despre-coliziunea-cu-camionul\/\"><img decoding=\"async\" class=\"td-next-prev-image td-fix-index\" src=\"https:\/\/news-vaslui.ro\/wp-content\/uploads\/2026\/04\/featured-image-1777131441299-1068x712.jpg\"><\/a><\/div>\n<div class=\"next-prev-title\"><a href=\"https:\/\/news-vaslui.ro\/accident-mortal-pe-pasarela-bucium-iasi-ce-arata-primele-verificari-despre-coliziunea-cu-camionul\/\">Accident mortal pe Pasarela Bucium, Ia\u0219i \u2014 ce arat\u0103 primele verific\u0103ri despre coliziunea cu camionul<\/a><\/div>\n<\/div>\n<\/div>\n<div class=\"tdb-next-post tdb-next-post-bg tdb-post-next\"><span>Articolul urm\u0103tor<\/span><\/p>\n<div class=\"td-module-container\">\n<div class=\"td-image-container\"><a class=\"td-image-wrap\" href=\"https:\/\/news-vaslui.ro\/doi-cetateni-romani-implicati-in-accidentul-de-tren-din-danemarca-ce-spune-mae-despre-starea-lor\/\"><img decoding=\"async\" class=\"td-next-prev-image td-fix-index\" src=\"https:\/\/news-vaslui.ro\/wp-content\/uploads\/2026\/04\/featured-image-1777131454285-1068x712.jpg\"><\/a><\/div>\n<div class=\"next-prev-title\"><a href=\"https:\/\/news-vaslui.ro\/doi-cetateni-romani-implicati-in-accidentul-de-tren-din-danemarca-ce-spune-mae-despre-starea-lor\/\">Doi cet\u0103\u021beni rom\u00e2ni implica\u021bi \u00een accidentul de tren din Danemarca: ce spune MAE despre starea lor<\/a><\/div>\n<\/div>\n<\/div>\n<\/div>\n<div class=\"tdb-block-inner td-fix-index\"><a class=\"tdb-logo-a\" href=\"https:\/\/news-vaslui.ro\/\" title=\"logo\"><span class=\"tdb-logo-img-wrap\"><img decoding=\"async\" class=\"tdb-logo-img td-retina-data\" data-retina=\"https:\/\/news-vaslui.ro\/wp-content\/uploads\/2025\/12\/FACT-CHECKED-NEWS-VASLUI-2-300x85.png\" src=\"https:\/\/news-vaslui.ro\/wp-content\/uploads\/2025\/12\/FACT-CHECKED-NEWS-VASLUI-2-300x85.png\" alt=\"logo\" title=\"logo\"><\/span><\/a><\/div>\n<p>[analyse_source url=&#8221;https:\/\/news-vaslui.ro\/criza-de-kerosen-pentru-avioane-in-europa-ce-ar-putea-insemna-pentru-zboruri-si-vacante-romanesti\/#new_tab&#8221;]<\/p>\n","protected":false},"excerpt":{"rendered":"<p>[analyse_image type=&#8221;featured&#8221; src=&#8221;https:\/\/news-vaslui.ro\/wp-content\/uploads\/2026\/04\/featured-image-1777131447357.jpg&#8221;] s\u00e2mb\u0103t\u0103, aprilie 25, 2026 20.2C Vaslui type here&#8230; 1 min.Read Criz\u0103 de KEROSEN pentru avioane \u00een Europa: ce ar putea \u00eensemna pentru zboruri \u0219i vacan\u021be rom\u00e2ne\u0219ti ByNews Vaslui 25 aprilie 2026 Surse Vremea NouaVacan\u021bele rom\u00e2nilor, sub presiune: zborurile din Europa, afectate de criza combustibulului. Trei&#8230; 24\/04\/2026 O criz\u0103 a combustibilului pentru avioane [&hellip;]<\/p>\n","protected":false},"author":1,"featured_media":0,"comment_status":"open","ping_status":"","sticky":false,"template":"","format":"standard","meta":{"footnotes":""},"categories":[89],"tags":[226,217],"class_list":["post-1902536","post","type-post","status-publish","format-standard","hentry","category-romania","tag-crawlmanager","tag-vaslui-robo-stiri-ro"],"_links":{"self":[{"href":"https:\/\/analyse.optim.biz\/index.php?rest_route=\/wp\/v2\/posts\/1902536","targetHints":{"allow":["GET"]}}],"collection":[{"href":"https:\/\/analyse.optim.biz\/index.php?rest_route=\/wp\/v2\/posts"}],"about":[{"href":"https:\/\/analyse.optim.biz\/index.php?rest_route=\/wp\/v2\/types\/post"}],"author":[{"embeddable":true,"href":"https:\/\/analyse.optim.biz\/index.php?rest_route=\/wp\/v2\/users\/1"}],"replies":[{"embeddable":true,"href":"https:\/\/analyse.optim.biz\/index.php?rest_route=%2Fwp%2Fv2%2Fcomments&post=1902536"}],"version-history":[{"count":0,"href":"https:\/\/analyse.optim.biz\/index.php?rest_route=\/wp\/v2\/posts\/1902536\/revisions"}],"wp:attachment":[{"href":"https:\/\/analyse.optim.biz\/index.php?rest_route=%2Fwp%2Fv2%2Fmedia&parent=1902536"}],"wp:term":[{"taxonomy":"category","embeddable":true,"href":"https:\/\/analyse.optim.biz\/index.php?rest_route=%2Fwp%2Fv2%2Fcategories&post=1902536"},{"taxonomy":"post_tag","embeddable":true,"href":"https:\/\/analyse.optim.biz\/index.php?rest_route=%2Fwp%2Fv2%2Ftags&post=1902536"}],"curies":[{"name":"wp","href":"https:\/\/api.w.org\/{rel}","templated":true}]}}