{"id":1902531,"date":"2026-04-25T15:37:36","date_gmt":"2026-04-25T12:37:36","guid":{"rendered":"https:\/\/analyse.optim.biz\/?p=1902531"},"modified":"2026-04-25T15:37:36","modified_gmt":"2026-04-25T12:37:36","slug":"doi-cetateni-romani-implicati-in-accidentul-de-tren-din-danemarca-ce-spune-mae-despre-starea-lor","status":"publish","type":"post","link":"https:\/\/analyse.optim.biz\/?p=1902531","title":{"rendered":"Doi cet\u0103\u021beni rom\u00e2ni implica\u021bi \u00een accidentul de tren din Danemarca: ce spune MAE despre starea lor"},"content":{"rendered":"<p>[analyse_image type=&#8221;featured&#8221; src=&#8221;https:\/\/news-vaslui.ro\/wp-content\/uploads\/2026\/04\/featured-image-1777131454285.jpg&#8221;]<\/p>\n<div class=\"tdb-block-inner td-fix-index\"><a class=\"tdb-logo-a\" href=\"https:\/\/news-vaslui.ro\/\" title=\"logo\"><span class=\"tdb-logo-img-wrap\"><img decoding=\"async\" class=\"tdb-logo-img td-retina-data\" data-retina=\"https:\/\/news-vaslui.ro\/wp-content\/uploads\/2025\/12\/FACT-CHECKED-NEWS-VASLUI-2-300x85.png\" src=\"https:\/\/news-vaslui.ro\/wp-content\/uploads\/2025\/12\/FACT-CHECKED-NEWS-VASLUI-2-300x85.png\" alt=\"logo\" title=\"logo\"><\/span><\/a><\/div>\n<div class=\"tdb-block-inner td-fix-index\"><a class=\"tdb-logo-a\" href=\"https:\/\/news-vaslui.ro\/\" title=\"logo\"><span class=\"tdb-logo-img-wrap\"><img decoding=\"async\" class=\"tdb-logo-img td-retina-data\" data-retina=\"https:\/\/news-vaslui.ro\/wp-content\/uploads\/2025\/12\/FACT-CHECKED-NEWS-VASLUI-2-300x85.png\" src=\"https:\/\/news-vaslui.ro\/wp-content\/uploads\/2025\/12\/FACT-CHECKED-NEWS-VASLUI-2-300x85.png\" alt=\"logo\" title=\"logo\"><\/span><\/a><\/div>\n<div class=\"tdb-block-inner td-fix-index\"><a class=\"tdb-logo-a\" href=\"https:\/\/news-vaslui.ro\/\" title=\"logo\"><span class=\"tdb-logo-img-wrap\"><img decoding=\"async\" class=\"tdb-logo-img td-retina-data\" data-retina=\"https:\/\/news-vaslui.ro\/wp-content\/uploads\/2025\/12\/FACT-CHECKED-NEWS-VASLUI-2-300x85.png\" src=\"https:\/\/news-vaslui.ro\/wp-content\/uploads\/2025\/12\/FACT-CHECKED-NEWS-VASLUI-2-300x85.png\" alt=\"logo\" title=\"logo\"><\/span><\/a><\/div>\n<div class=\"tdb-block-inner td-fix-index\">\n<div class=\"tdb-head-date-txt\">s\u00e2mb\u0103t\u0103, aprilie 25, 2026<\/div>\n<\/div>\n<div class=\"tdb-block-inner td-fix-index\">\n<div class=\"tdb-weather-deg-wrap\" data-block-uid=\"tdb_header_weather_uid\"><span class=\"tdb-weather-deg\">20.2<\/span><span class=\"tdb-weather-unit\">C<\/span><\/div>\n<div class=\"tdb-weather-city\">Vaslui<\/div>\n<\/div>\n<div class=\"tdb-block-inner td-fix-index\">\n<div class=\"tdb-drop-down-search\" aria-labelledby=\"td-header-search-button\">\n<div class=\"tdb-drop-down-search-inner\">\n<div class=\"tdb-search-form-inner\">\n<div class=\"tdb-head-search-placeholder\">type here&#8230;<\/div>\n<\/div>\n<\/div>\n<\/div>\n<\/div>\n<div class=\"tdb-block-inner td-fix-index\"><a class=\"tdb-logo-a\" href=\"https:\/\/news-vaslui.ro\/\" title=\"logo\"><span class=\"tdb-logo-img-wrap\"><img decoding=\"async\" class=\"tdb-logo-img td-retina-data\" data-retina=\"https:\/\/news-vaslui.ro\/wp-content\/uploads\/2025\/12\/FACT-CHECKED-NEWS-VASLUI-2-300x85.png\" src=\"https:\/\/news-vaslui.ro\/wp-content\/uploads\/2025\/12\/FACT-CHECKED-NEWS-VASLUI-2-300x85.png\" alt=\"Vaslui News\" title=\"logo\"><\/span><\/a><\/div>\n<div class=\"tdb-block-inner td-fix-index\"><img loading=\"lazy\" decoding=\"async\" width=\"1068\" height=\"712\" class=\"entry-thumb\" src=\"https:\/\/news-vaslui.ro\/wp-content\/uploads\/2026\/04\/featured-image-1777131454285-1068x712.jpg\" alt title=\"Featured Image\"><\/div>\n<div class=\"tdb-block-inner td-fix-index\"><span class=\"reading-time-number\">1<\/span><span class=\"tdb-minute-text\"> min.<\/span><span class=\"tdb-add-text\">Read<\/span><\/div>\n<div class=\"tdb-block-inner td-fix-index\">\n<h1 class=\"tdb-title-text\">Doi cet\u0103\u021beni rom\u00e2ni implica\u021bi \u00een accidentul de tren din Danemarca: ce spune MAE despre starea lor<\/h1>\n<\/div>\n<div class=\"tdb-block-inner td-fix-index\"><a class=\"tdb-author-photo\" href=\"https:\/\/news-vaslui.ro\/author\/vasluidev\/\" title=\"News Vaslui\"><img decoding=\"async\" alt=\"News Vaslui\" src=\"https:\/\/secure.gravatar.com\/avatar\/7cd75f71af07ac3deeb6cda7fa3e40e8f10cbbf011f111ff652b3ec2cc663f22?s=96&amp;d=mm&amp;r=g\" class=\"avatar avatar-96 photo\" height=\"96\" width=\"96\" loading=\"lazy\"><\/a><\/p>\n<div class=\"tdb-author-name-wrap\"><span class=\"tdb-author-by\">By<\/span><a class=\"tdb-author-name\" href=\"https:\/\/news-vaslui.ro\/author\/vasluidev\/\">News Vaslui<\/a><\/div>\n<\/div>\n<div class=\"tdb-block-inner td-fix-index\"><time class=\"entry-date updated td-module-date\" datetime=\"2026-04-25T15:37:36+00:00\">25 aprilie 2026<\/time><\/div>\n<div class=\"td_block_wrap tdb_single_content tdi_103 td-pb-border-top td_block_template_1 td-post-content tagdiv-type\" data-td-block-uid=\"tdi_103\">\n<div class=\"tdb-block-inner td-fix-index\">\n<div class=\"post-sources-section\">\n<h3>Surse<\/h3>\n<div class=\"sources-list\"><a href=\"https:\/\/www.vremeanoua.ro\/doi-romani-implicati-in-accidentul-de-tren-din-danemarca-anuntul-facut-de-mae-legat-de-starea-lor\" target=\"_blank\" rel=\"noopener\" class=\"source-item\"><\/p>\n<div class=\"source-thumb\"><img decoding=\"async\" src=\"https:\/\/news-vaslui.ro\/wp-content\/uploads\/2025\/12\/vremeanoua.png\" alt=\"Doi rom\u00e2ni, implica\u0163i \u00een accidentul de tren din Danemarca. Anun\u021bul f\u0103cut de...\" class=\"td-animation-stack-type0-2\"><\/div>\n<div class=\"source-info\"><span class=\"source-publication\">Vremea Noua<\/span><span class=\"source-title\">Doi rom\u00e2ni, implica\u0163i \u00een accidentul de tren din Danemarca. Anun\u021bul f\u0103cut de&#8230;<\/span><\/p>\n<p class=\"source-date\">24\/04\/2026<\/p>\n<\/div>\n<p><\/a><\/div>\n<\/div>\n<p>Un grav accident feroviar s-a produs joi diminea\u021b\u0103, 23 aprilie, \u00een Danemarca, \u00eentre localit\u0103\u021bile Hiller\u00f8d \u0219i Kagerup, la aproximativ 40 de kilometri nord de Copenhaga. \u00cen coliziunea frontal\u0103 dintre dou\u0103 trenuri au fost r\u0103ni\u021bi 17 oameni, dintre care patru se afl\u0103 \u00een stare critic\u0103, iar paginile oficiale au indicat avarii semnificative la p\u0103r\u021bile frontale ale garniturilor.<\/p>\n<p>Doi cet\u0103\u021beni rom\u00e2ni se num\u0103r\u0103 printre r\u0103ni\u021bi, potrivit MAE. Ministrul rom\u00e2n al Afacerilor Externe, Oana \u021aoiu, a transmis c\u0103 \u201ecei doi rom\u00e2ni sunt bine, \u00een afara oric\u0103rui pericol\u201d \u0219i a mul\u021bumit autorit\u0103\u021bilor daneze pentru modul profesionist \u00een care au gestionat situa\u021bia \u0219i pentru contactul constant cu partea rom\u00e2n\u0103.<\/p>\n<p>MAE precizeaz\u0103 c\u0103 autorit\u0103\u021bile consulare din Danemarca monitorizeaz\u0103 evolu\u021bia st\u0103rii de s\u0103n\u0103tate a r\u0103ni\u021bilor, iar familiile vor fi informate \u00een timp real. De asemenea, reprezentan\u021bii rom\u00e2ni vor continua s\u0103 ofere asisten\u021b\u0103 \u0219i s\u0103 coopereze cu omologii danezi pentru clarificarea cauzelor accidentului.<\/p>\n<p>Interven\u021bia de urgen\u021b\u0103 a fost unitar\u0103, iar ancheta tehnic\u0103 pentru stabilirea cauzelor incidentului este \u00een desf\u0103\u0219urare. Acest caz a reamintit comunit\u0103\u021bii rom\u00e2ne\u0219ti din regiune importan\u021ba cooper\u0103rii interna\u021bionale \u00een gestionarea situa\u021biilor de urgen\u021b\u0103 \u0219i a dialogului constant \u00eentre autorit\u0103\u021bi pentru protec\u021bia cet\u0103\u021benilor.<\/p>\n<\/div>\n<\/div>\n<div class=\"tdb-block-inner td-fix-index\">\n<div class=\"post-sources-section\">\n<h3>Surse<\/h3>\n<div class=\"sources-list\"><a href=\"https:\/\/www.vremeanoua.ro\/doi-romani-implicati-in-accidentul-de-tren-din-danemarca-anuntul-facut-de-mae-legat-de-starea-lor\" target=\"_blank\" rel=\"noopener\" class=\"source-item\"><\/p>\n<div class=\"source-thumb\"><img decoding=\"async\" src=\"https:\/\/news-vaslui.ro\/wp-content\/uploads\/2025\/12\/vremeanoua.png\" alt=\"Doi rom\u00e2ni, implica\u0163i \u00een accidentul de tren din Danemarca. Anun\u021bul f\u0103cut de...\" class=\"td-animation-stack-type0-2\"><\/div>\n<div class=\"source-info\"><span class=\"source-publication\">Vremea Noua<\/span><span class=\"source-title\">Doi rom\u00e2ni, implica\u0163i \u00een accidentul de tren din Danemarca. Anun\u021bul f\u0103cut de&#8230;<\/span><\/p>\n<p class=\"source-date\">24\/04\/2026<\/p>\n<\/div>\n<p><\/a><\/div>\n<\/div>\n<p>Un grav accident feroviar s-a produs joi diminea\u021b\u0103, 23 aprilie, \u00een Danemarca, \u00eentre localit\u0103\u021bile Hiller\u00f8d \u0219i Kagerup, la aproximativ 40 de kilometri nord de Copenhaga. \u00cen coliziunea frontal\u0103 dintre dou\u0103 trenuri au fost r\u0103ni\u021bi 17 oameni, dintre care patru se afl\u0103 \u00een stare critic\u0103, iar paginile oficiale au indicat avarii semnificative la p\u0103r\u021bile frontale ale garniturilor.<\/p>\n<p>Doi cet\u0103\u021beni rom\u00e2ni se num\u0103r\u0103 printre r\u0103ni\u021bi, potrivit MAE. Ministrul rom\u00e2n al Afacerilor Externe, Oana \u021aoiu, a transmis c\u0103 \u201ecei doi rom\u00e2ni sunt bine, \u00een afara oric\u0103rui pericol\u201d \u0219i a mul\u021bumit autorit\u0103\u021bilor daneze pentru modul profesionist \u00een care au gestionat situa\u021bia \u0219i pentru contactul constant cu partea rom\u00e2n\u0103.<\/p>\n<p>MAE precizeaz\u0103 c\u0103 autorit\u0103\u021bile consulare din Danemarca monitorizeaz\u0103 evolu\u021bia st\u0103rii de s\u0103n\u0103tate a r\u0103ni\u021bilor, iar familiile vor fi informate \u00een timp real. De asemenea, reprezentan\u021bii rom\u00e2ni vor continua s\u0103 ofere asisten\u021b\u0103 \u0219i s\u0103 coopereze cu omologii danezi pentru clarificarea cauzelor accidentului.<\/p>\n<p>Interven\u021bia de urgen\u021b\u0103 a fost unitar\u0103, iar ancheta tehnic\u0103 pentru stabilirea cauzelor incidentului este \u00een desf\u0103\u0219urare. Acest caz a reamintit comunit\u0103\u021bii rom\u00e2ne\u0219ti din regiune importan\u021ba cooper\u0103rii interna\u021bionale \u00een gestionarea situa\u021biilor de urgen\u021b\u0103 \u0219i a dialogului constant \u00eentre autorit\u0103\u021bi pentru protec\u021bia cet\u0103\u021benilor.<\/p>\n<\/div>\n<div class=\"tdb-block-inner td-fix-index\">\n<div class=\"tdb-next-post tdb-next-post-bg tdb-post-prev\"><span>Articolul precedent<\/span><\/p>\n<div class=\"td-module-container\">\n<div class=\"td-image-container\"><a class=\"td-image-wrap\" href=\"https:\/\/news-vaslui.ro\/criza-de-kerosen-pentru-avioane-in-europa-ce-ar-putea-insemna-pentru-zboruri-si-vacante-romanesti\/\"><img decoding=\"async\" class=\"td-next-prev-image td-fix-index\" src=\"https:\/\/news-vaslui.ro\/wp-content\/uploads\/2026\/04\/featured-image-1777131447357-1068x712.jpg\"><\/a><\/div>\n<div class=\"next-prev-title\"><a href=\"https:\/\/news-vaslui.ro\/criza-de-kerosen-pentru-avioane-in-europa-ce-ar-putea-insemna-pentru-zboruri-si-vacante-romanesti\/\">Criz\u0103 de KEROSEN pentru avioane \u00een Europa: ce ar putea \u00eensemna pentru zboruri \u0219i vacan\u021be rom\u00e2ne\u0219ti<\/a><\/div>\n<\/div>\n<\/div>\n<div class=\"tdb-next-post tdb-next-post-bg tdb-post-next\"><span>Articolul urm\u0103tor<\/span><\/p>\n<div class=\"td-module-container\">\n<div class=\"td-image-container\"><a class=\"td-image-wrap\" href=\"https:\/\/news-vaslui.ro\/pericol-de-explozie-in-rucar-100-de-persoane-evacuate-dupa-avarierea-unei-conducte-magistrale-de-gaze\/\"><img decoding=\"async\" class=\"td-next-prev-image td-fix-index\" src=\"https:\/\/news-vaslui.ro\/wp-content\/uploads\/2026\/04\/featured-image-1777131459910-1068x712.jpg\"><\/a><\/div>\n<div class=\"next-prev-title\"><a href=\"https:\/\/news-vaslui.ro\/pericol-de-explozie-in-rucar-100-de-persoane-evacuate-dupa-avarierea-unei-conducte-magistrale-de-gaze\/\">Pericol de explozie \u00een Ruc\u0103r: 100 de persoane evacuate dup\u0103 avarierea unei conducte magistrale de gaze<\/a><\/div>\n<\/div>\n<\/div>\n<\/div>\n<div class=\"tdb-block-inner td-fix-index\"><a class=\"tdb-logo-a\" href=\"https:\/\/news-vaslui.ro\/\" title=\"logo\"><span class=\"tdb-logo-img-wrap\"><img decoding=\"async\" class=\"tdb-logo-img td-retina-data\" data-retina=\"https:\/\/news-vaslui.ro\/wp-content\/uploads\/2025\/12\/FACT-CHECKED-NEWS-VASLUI-2-300x85.png\" src=\"https:\/\/news-vaslui.ro\/wp-content\/uploads\/2025\/12\/FACT-CHECKED-NEWS-VASLUI-2-300x85.png\" alt=\"logo\" title=\"logo\"><\/span><\/a><\/div>\n<p>[analyse_source url=&#8221;https:\/\/news-vaslui.ro\/doi-cetateni-romani-implicati-in-accidentul-de-tren-din-danemarca-ce-spune-mae-despre-starea-lor\/#new_tab&#8221;]<\/p>\n","protected":false},"excerpt":{"rendered":"<p>[analyse_image type=&#8221;featured&#8221; src=&#8221;https:\/\/news-vaslui.ro\/wp-content\/uploads\/2026\/04\/featured-image-1777131454285.jpg&#8221;] s\u00e2mb\u0103t\u0103, aprilie 25, 2026 20.2C Vaslui type here&#8230; 1 min.Read Doi cet\u0103\u021beni rom\u00e2ni implica\u021bi \u00een accidentul de tren din Danemarca: ce spune MAE despre starea lor ByNews Vaslui 25 aprilie 2026 Surse Vremea NouaDoi rom\u00e2ni, implica\u0163i \u00een accidentul de tren din Danemarca. Anun\u021bul f\u0103cut de&#8230; 24\/04\/2026 Un grav accident feroviar s-a produs [&hellip;]<\/p>\n","protected":false},"author":1,"featured_media":0,"comment_status":"open","ping_status":"","sticky":false,"template":"","format":"standard","meta":{"footnotes":""},"categories":[89],"tags":[226,217],"class_list":["post-1902531","post","type-post","status-publish","format-standard","hentry","category-romania","tag-crawlmanager","tag-vaslui-robo-stiri-ro"],"_links":{"self":[{"href":"https:\/\/analyse.optim.biz\/index.php?rest_route=\/wp\/v2\/posts\/1902531","targetHints":{"allow":["GET"]}}],"collection":[{"href":"https:\/\/analyse.optim.biz\/index.php?rest_route=\/wp\/v2\/posts"}],"about":[{"href":"https:\/\/analyse.optim.biz\/index.php?rest_route=\/wp\/v2\/types\/post"}],"author":[{"embeddable":true,"href":"https:\/\/analyse.optim.biz\/index.php?rest_route=\/wp\/v2\/users\/1"}],"replies":[{"embeddable":true,"href":"https:\/\/analyse.optim.biz\/index.php?rest_route=%2Fwp%2Fv2%2Fcomments&post=1902531"}],"version-history":[{"count":0,"href":"https:\/\/analyse.optim.biz\/index.php?rest_route=\/wp\/v2\/posts\/1902531\/revisions"}],"wp:attachment":[{"href":"https:\/\/analyse.optim.biz\/index.php?rest_route=%2Fwp%2Fv2%2Fmedia&parent=1902531"}],"wp:term":[{"taxonomy":"category","embeddable":true,"href":"https:\/\/analyse.optim.biz\/index.php?rest_route=%2Fwp%2Fv2%2Fcategories&post=1902531"},{"taxonomy":"post_tag","embeddable":true,"href":"https:\/\/analyse.optim.biz\/index.php?rest_route=%2Fwp%2Fv2%2Ftags&post=1902531"}],"curies":[{"name":"wp","href":"https:\/\/api.w.org\/{rel}","templated":true}]}}