{"id":1902499,"date":"2026-04-25T15:37:16","date_gmt":"2026-04-25T12:37:16","guid":{"rendered":"https:\/\/analyse.optim.biz\/?p=1902499"},"modified":"2026-04-25T15:37:16","modified_gmt":"2026-04-25T12:37:16","slug":"schimb-de-focuri-la-hangu-interventia-sas-surprinsa-de-bodycam-in-contextul-a-trei-ordine-de-protectie","status":"publish","type":"post","link":"https:\/\/analyse.optim.biz\/?p=1902499","title":{"rendered":"Schimb de focuri la Hangu: interven\u021bia SAS surprins\u0103 de bodycam, \u00een contextul a trei ordine de protec\u021bie"},"content":{"rendered":"<p>[analyse_image type=&#8221;featured&#8221; src=&#8221;https:\/\/news-vaslui.ro\/wp-content\/uploads\/2026\/04\/featured-image-1777131431867.jpg&#8221;]<\/p>\n<div class=\"tdb-block-inner td-fix-index\"><a class=\"tdb-logo-a\" href=\"https:\/\/news-vaslui.ro\/\" title=\"logo\"><span class=\"tdb-logo-img-wrap\"><img decoding=\"async\" class=\"tdb-logo-img td-retina-data\" data-retina=\"https:\/\/news-vaslui.ro\/wp-content\/uploads\/2025\/12\/FACT-CHECKED-NEWS-VASLUI-2-300x85.png\" src=\"https:\/\/news-vaslui.ro\/wp-content\/uploads\/2025\/12\/FACT-CHECKED-NEWS-VASLUI-2-300x85.png\" alt=\"logo\" title=\"logo\"><\/span><\/a><\/div>\n<div class=\"tdb-block-inner td-fix-index\"><a class=\"tdb-logo-a\" href=\"https:\/\/news-vaslui.ro\/\" title=\"logo\"><span class=\"tdb-logo-img-wrap\"><img decoding=\"async\" class=\"tdb-logo-img td-retina-data\" data-retina=\"https:\/\/news-vaslui.ro\/wp-content\/uploads\/2025\/12\/FACT-CHECKED-NEWS-VASLUI-2-300x85.png\" src=\"https:\/\/news-vaslui.ro\/wp-content\/uploads\/2025\/12\/FACT-CHECKED-NEWS-VASLUI-2-300x85.png\" alt=\"logo\" title=\"logo\"><\/span><\/a><\/div>\n<div class=\"tdb-block-inner td-fix-index\"><a class=\"tdb-logo-a\" href=\"https:\/\/news-vaslui.ro\/\" title=\"logo\"><span class=\"tdb-logo-img-wrap\"><img decoding=\"async\" class=\"tdb-logo-img td-retina-data\" data-retina=\"https:\/\/news-vaslui.ro\/wp-content\/uploads\/2025\/12\/FACT-CHECKED-NEWS-VASLUI-2-300x85.png\" src=\"https:\/\/news-vaslui.ro\/wp-content\/uploads\/2025\/12\/FACT-CHECKED-NEWS-VASLUI-2-300x85.png\" alt=\"logo\" title=\"logo\"><\/span><\/a><\/div>\n<div class=\"tdb-block-inner td-fix-index\">\n<div class=\"tdb-head-date-txt\">s\u00e2mb\u0103t\u0103, aprilie 25, 2026<\/div>\n<\/div>\n<div class=\"tdb-block-inner td-fix-index\">\n<div class=\"tdb-weather-deg-wrap\" data-block-uid=\"tdb_header_weather_uid\"><span class=\"tdb-weather-deg\">20.2<\/span><span class=\"tdb-weather-unit\">C<\/span><\/div>\n<div class=\"tdb-weather-city\">Vaslui<\/div>\n<\/div>\n<div class=\"tdb-block-inner td-fix-index\">\n<div class=\"tdb-drop-down-search\" aria-labelledby=\"td-header-search-button\">\n<div class=\"tdb-drop-down-search-inner\">\n<div class=\"tdb-search-form-inner\">\n<div class=\"tdb-head-search-placeholder\">type here&#8230;<\/div>\n<\/div>\n<\/div>\n<\/div>\n<\/div>\n<div class=\"tdb-block-inner td-fix-index\"><a class=\"tdb-logo-a\" href=\"https:\/\/news-vaslui.ro\/\" title=\"logo\"><span class=\"tdb-logo-img-wrap\"><img decoding=\"async\" class=\"tdb-logo-img td-retina-data\" data-retina=\"https:\/\/news-vaslui.ro\/wp-content\/uploads\/2025\/12\/FACT-CHECKED-NEWS-VASLUI-2-300x85.png\" src=\"https:\/\/news-vaslui.ro\/wp-content\/uploads\/2025\/12\/FACT-CHECKED-NEWS-VASLUI-2-300x85.png\" alt=\"Vaslui News\" title=\"logo\"><\/span><\/a><\/div>\n<div class=\"tdb-block-inner td-fix-index\"><img loading=\"lazy\" decoding=\"async\" width=\"1068\" height=\"712\" class=\"entry-thumb\" src=\"https:\/\/news-vaslui.ro\/wp-content\/uploads\/2026\/04\/featured-image-1777131431867-1068x712.jpg\" alt title=\"Featured Image\"><\/div>\n<div class=\"tdb-block-inner td-fix-index\"><span class=\"reading-time-number\">1<\/span><span class=\"tdb-minute-text\"> min.<\/span><span class=\"tdb-add-text\">Read<\/span><\/div>\n<div class=\"tdb-block-inner td-fix-index\">\n<h1 class=\"tdb-title-text\">Schimb de focuri la Hangu: interven\u021bia SAS surprins\u0103 de bodycam, \u00een contextul a trei ordine de protec\u021bie<\/h1>\n<\/div>\n<div class=\"tdb-block-inner td-fix-index\"><a class=\"tdb-author-photo\" href=\"https:\/\/news-vaslui.ro\/author\/vasluidev\/\" title=\"News Vaslui\"><img decoding=\"async\" alt=\"News Vaslui\" src=\"https:\/\/secure.gravatar.com\/avatar\/7cd75f71af07ac3deeb6cda7fa3e40e8f10cbbf011f111ff652b3ec2cc663f22?s=96&amp;d=mm&amp;r=g\" class=\"avatar avatar-96 photo\" height=\"96\" width=\"96\" loading=\"lazy\"><\/a><\/p>\n<div class=\"tdb-author-name-wrap\"><span class=\"tdb-author-by\">By<\/span><a class=\"tdb-author-name\" href=\"https:\/\/news-vaslui.ro\/author\/vasluidev\/\">News Vaslui<\/a><\/div>\n<\/div>\n<div class=\"tdb-block-inner td-fix-index\"><time class=\"entry-date updated td-module-date\" datetime=\"2026-04-25T15:37:16+00:00\">25 aprilie 2026<\/time><\/div>\n<div class=\"td_block_wrap tdb_single_content tdi_103 td-pb-border-top td_block_template_1 td-post-content tagdiv-type\" data-td-block-uid=\"tdi_103\">\n<div class=\"tdb-block-inner td-fix-index\">\n<div class=\"post-sources-section\">\n<h3>Surse<\/h3>\n<div class=\"sources-list\"><a href=\"https:\/\/www.vremeanoua.ro\/schimbul-de-focuri-intre-barbatul-din-neamt-si-luptatorii-sas-surprins-de-bodycam-nu-mai-tragem-nici-noi-nici-tu\" target=\"_blank\" rel=\"noopener\" class=\"source-item\"><\/p>\n<div class=\"source-thumb\"><img decoding=\"async\" src=\"https:\/\/news-vaslui.ro\/wp-content\/uploads\/2025\/12\/vremeanoua.png\" alt=\"Schimbul de focuri \u00eentre b\u0103rbatul din Neam\u021b \u0219i lupt\u0103torii SAS, surprins de...\" class=\"td-animation-stack-type0-2\"><\/div>\n<div class=\"source-info\"><span class=\"source-publication\">Vremea Noua<\/span><span class=\"source-title\">Schimbul de focuri \u00eentre b\u0103rbatul din Neam\u021b \u0219i lupt\u0103torii SAS, surprins de&#8230;<\/span><\/p>\n<p class=\"source-date\">24\/04\/2026<\/p>\n<\/div>\n<p><\/a><a href=\"https:\/\/zch.ro\/neamt-barbat-impuscat-mortal-dupa-ce-a-tras-asupra-politistilor-interventie-in-forta-la-hangu\" target=\"_blank\" rel=\"noopener\" class=\"source-item\"><\/p>\n<div class=\"source-info\"><span class=\"source-publication\">ZCH News<\/span><span class=\"source-title\">Neam\u021b. B\u0103rbat \u00eempu\u0219cat mortal dup\u0103 ce a tras asupra poli\u021bi\u0219tilor. Interven\u021bie \u00een&#8230;<\/span><\/p>\n<p class=\"source-date\">24\/04\/2026<\/p>\n<\/div>\n<p><\/a><\/div>\n<\/div>\n<p>Un incident extrem de tensionat s-a petrecut \u00een seara zilei de 23 aprilie, \u00een localitatea Hangu, din jude\u021bul Neam\u021b, \u00een timpul unei interven\u021bii a poli\u021biei. Un b\u0103rbat \u00een v\u00e2rst\u0103 de 37 de ani a fost implicat \u00eentr-un lan\u021b de amenin\u021b\u0103ri la adresa so\u021biei, a socrilor \u0219i a fiicei sale, motiv pentru care autorit\u0103\u021bile au emis trei ordine de protec\u021bie provizorii.<\/p>\n<p>Alertat de apelul la 112, la ora 21:14 o femeie de 58 de ani a semnalat c\u0103 ginerele s\u0103u \u00eel amenin\u021b\u0103 cu moartea pe ea, pe so\u021bul ei \u0219i pe fiica ei. \u00cen ciuda avertismentelor, b\u0103rbatul a fost surprins \u00een jurul locului \u00een timpul interven\u021biei.<\/p>\n<p>Poli\u021bi\u0219tii din cadrul Sec\u021biei de Poli\u021bie Rural\u0103 Bicaz, sprijini\u021bi de lupt\u0103tori SAS, au mers la domiciliu pentru a pune \u00een aplicare m\u0103surile legale. Conform IPJ Neam\u021b, b\u0103rbatul de\u021binea legal arme de v\u00e2n\u0103toare.<\/p>\n<p>Imaginile de pe camera corporal\u0103 a unuia dintre poli\u021bi\u0219ti, publicate de site-ul local Neam\u021b365, surprind momentul \u00een care mai mul\u021bi membri SAS intr\u0103 \u00een curte, \u00eel roag\u0103 pe suspect s\u0103 ias\u0103 din cas\u0103 \u0219i s\u0103 lase arma jos, iar apoi se aud focuri de arm\u0103 \u00een timpul contactului cu for\u021bele de ordine. Deznod\u0103m\u00e2ntul a fost tragic: b\u0103rbatul a fost \u00eempu\u0219cat mortal dup\u0103 ce a tras asupra for\u021belor de ordine.<\/p>\n<p>Autorit\u0103\u021bile au deschis o anchet\u0103 pentru a clarifica circumstan\u021bele interven\u021biei \u0219i modul de gestionare a for\u021bei \u00een aceast\u0103 opera\u021biune. Evenimentul eviden\u021biaz\u0103 provoc\u0103rile interven\u021biilor \u00een cazuri de violen\u021b\u0103 \u00een familie, mai ales c\u00e2nd exist\u0103 ordine de protec\u021bie \u0219i arme legale \u00een posesie.<\/p>\n<\/div>\n<\/div>\n<div class=\"tdb-block-inner td-fix-index\">\n<div class=\"post-sources-section\">\n<h3>Surse<\/h3>\n<div class=\"sources-list\"><a href=\"https:\/\/www.vremeanoua.ro\/schimbul-de-focuri-intre-barbatul-din-neamt-si-luptatorii-sas-surprins-de-bodycam-nu-mai-tragem-nici-noi-nici-tu\" target=\"_blank\" rel=\"noopener\" class=\"source-item\"><\/p>\n<div class=\"source-thumb\"><img decoding=\"async\" src=\"https:\/\/news-vaslui.ro\/wp-content\/uploads\/2025\/12\/vremeanoua.png\" alt=\"Schimbul de focuri \u00eentre b\u0103rbatul din Neam\u021b \u0219i lupt\u0103torii SAS, surprins de...\" class=\"td-animation-stack-type0-2\"><\/div>\n<div class=\"source-info\"><span class=\"source-publication\">Vremea Noua<\/span><span class=\"source-title\">Schimbul de focuri \u00eentre b\u0103rbatul din Neam\u021b \u0219i lupt\u0103torii SAS, surprins de&#8230;<\/span><\/p>\n<p class=\"source-date\">24\/04\/2026<\/p>\n<\/div>\n<p><\/a><a href=\"https:\/\/zch.ro\/neamt-barbat-impuscat-mortal-dupa-ce-a-tras-asupra-politistilor-interventie-in-forta-la-hangu\" target=\"_blank\" rel=\"noopener\" class=\"source-item\"><\/p>\n<div class=\"source-info\"><span class=\"source-publication\">ZCH News<\/span><span class=\"source-title\">Neam\u021b. B\u0103rbat \u00eempu\u0219cat mortal dup\u0103 ce a tras asupra poli\u021bi\u0219tilor. Interven\u021bie \u00een&#8230;<\/span><\/p>\n<p class=\"source-date\">24\/04\/2026<\/p>\n<\/div>\n<p><\/a><\/div>\n<\/div>\n<p>Un incident extrem de tensionat s-a petrecut \u00een seara zilei de 23 aprilie, \u00een localitatea Hangu, din jude\u021bul Neam\u021b, \u00een timpul unei interven\u021bii a poli\u021biei. Un b\u0103rbat \u00een v\u00e2rst\u0103 de 37 de ani a fost implicat \u00eentr-un lan\u021b de amenin\u021b\u0103ri la adresa so\u021biei, a socrilor \u0219i a fiicei sale, motiv pentru care autorit\u0103\u021bile au emis trei ordine de protec\u021bie provizorii.<\/p>\n<p>Alertat de apelul la 112, la ora 21:14 o femeie de 58 de ani a semnalat c\u0103 ginerele s\u0103u \u00eel amenin\u021b\u0103 cu moartea pe ea, pe so\u021bul ei \u0219i pe fiica ei. \u00cen ciuda avertismentelor, b\u0103rbatul a fost surprins \u00een jurul locului \u00een timpul interven\u021biei.<\/p>\n<p>Poli\u021bi\u0219tii din cadrul Sec\u021biei de Poli\u021bie Rural\u0103 Bicaz, sprijini\u021bi de lupt\u0103tori SAS, au mers la domiciliu pentru a pune \u00een aplicare m\u0103surile legale. Conform IPJ Neam\u021b, b\u0103rbatul de\u021binea legal arme de v\u00e2n\u0103toare.<\/p>\n<p>Imaginile de pe camera corporal\u0103 a unuia dintre poli\u021bi\u0219ti, publicate de site-ul local Neam\u021b365, surprind momentul \u00een care mai mul\u021bi membri SAS intr\u0103 \u00een curte, \u00eel roag\u0103 pe suspect s\u0103 ias\u0103 din cas\u0103 \u0219i s\u0103 lase arma jos, iar apoi se aud focuri de arm\u0103 \u00een timpul contactului cu for\u021bele de ordine. Deznod\u0103m\u00e2ntul a fost tragic: b\u0103rbatul a fost \u00eempu\u0219cat mortal dup\u0103 ce a tras asupra for\u021belor de ordine.<\/p>\n<p>Autorit\u0103\u021bile au deschis o anchet\u0103 pentru a clarifica circumstan\u021bele interven\u021biei \u0219i modul de gestionare a for\u021bei \u00een aceast\u0103 opera\u021biune. Evenimentul eviden\u021biaz\u0103 provoc\u0103rile interven\u021biilor \u00een cazuri de violen\u021b\u0103 \u00een familie, mai ales c\u00e2nd exist\u0103 ordine de protec\u021bie \u0219i arme legale \u00een posesie.<\/p>\n<\/div>\n<div class=\"tdb-block-inner td-fix-index\">\n<div class=\"tdb-next-post tdb-next-post-bg tdb-post-prev\"><span>Articolul precedent<\/span><\/p>\n<div class=\"td-module-container\">\n<div class=\"td-image-container\"><a class=\"td-image-wrap\" href=\"https:\/\/news-vaslui.ro\/braniste-vorbeste-despre-progrese-la-scoala-nr-10-un-semnal-pentru-viitoarea-redeschidere\/\"><img decoding=\"async\" class=\"td-next-prev-image td-fix-index\" src=\"https:\/\/news-vaslui.ro\/wp-content\/uploads\/2026\/04\/featured-image-1777045224642-1068x712.jpg\"><\/a><\/div>\n<div class=\"next-prev-title\"><a href=\"https:\/\/news-vaslui.ro\/braniste-vorbeste-despre-progrese-la-scoala-nr-10-un-semnal-pentru-viitoarea-redeschidere\/\">Brani\u0219te vorbe\u0219te despre progrese la \u0218coala nr. 10, un semnal pentru viitoarea redeschidere<\/a><\/div>\n<\/div>\n<\/div>\n<div class=\"tdb-next-post tdb-next-post-bg tdb-post-next\"><span>Articolul urm\u0103tor<\/span><\/p>\n<div class=\"td-module-container\">\n<div class=\"td-image-container\"><a class=\"td-image-wrap\" href=\"https:\/\/news-vaslui.ro\/accident-mortal-pe-pasarela-bucium-iasi-ce-arata-primele-verificari-despre-coliziunea-cu-camionul\/\"><img decoding=\"async\" class=\"td-next-prev-image td-fix-index\" src=\"https:\/\/news-vaslui.ro\/wp-content\/uploads\/2026\/04\/featured-image-1777131441299-1068x712.jpg\"><\/a><\/div>\n<div class=\"next-prev-title\"><a href=\"https:\/\/news-vaslui.ro\/accident-mortal-pe-pasarela-bucium-iasi-ce-arata-primele-verificari-despre-coliziunea-cu-camionul\/\">Accident mortal pe Pasarela Bucium, Ia\u0219i \u2014 ce arat\u0103 primele verific\u0103ri despre coliziunea cu camionul<\/a><\/div>\n<\/div>\n<\/div>\n<\/div>\n<div class=\"tdb-block-inner td-fix-index\"><a class=\"tdb-logo-a\" href=\"https:\/\/news-vaslui.ro\/\" title=\"logo\"><span class=\"tdb-logo-img-wrap\"><img decoding=\"async\" class=\"tdb-logo-img td-retina-data\" data-retina=\"https:\/\/news-vaslui.ro\/wp-content\/uploads\/2025\/12\/FACT-CHECKED-NEWS-VASLUI-2-300x85.png\" src=\"https:\/\/news-vaslui.ro\/wp-content\/uploads\/2025\/12\/FACT-CHECKED-NEWS-VASLUI-2-300x85.png\" alt=\"logo\" title=\"logo\"><\/span><\/a><\/div>\n<p>[analyse_source url=&#8221;https:\/\/news-vaslui.ro\/schimb-de-focuri-la-hangu-interventia-sas-surprinsa-de-bodycam-in-contextul-a-trei-ordine-de-protectie\/#new_tab&#8221;]<\/p>\n","protected":false},"excerpt":{"rendered":"<p>[analyse_image type=&#8221;featured&#8221; src=&#8221;https:\/\/news-vaslui.ro\/wp-content\/uploads\/2026\/04\/featured-image-1777131431867.jpg&#8221;] s\u00e2mb\u0103t\u0103, aprilie 25, 2026 20.2C Vaslui type here&#8230; 1 min.Read Schimb de focuri la Hangu: interven\u021bia SAS surprins\u0103 de bodycam, \u00een contextul a trei ordine de protec\u021bie ByNews Vaslui 25 aprilie 2026 Surse Vremea NouaSchimbul de focuri \u00eentre b\u0103rbatul din Neam\u021b \u0219i lupt\u0103torii SAS, surprins de&#8230; 24\/04\/2026 ZCH NewsNeam\u021b. B\u0103rbat \u00eempu\u0219cat mortal [&hellip;]<\/p>\n","protected":false},"author":1,"featured_media":0,"comment_status":"open","ping_status":"","sticky":false,"template":"","format":"standard","meta":{"footnotes":""},"categories":[89],"tags":[226,217],"class_list":["post-1902499","post","type-post","status-publish","format-standard","hentry","category-romania","tag-crawlmanager","tag-vaslui-robo-stiri-ro"],"_links":{"self":[{"href":"https:\/\/analyse.optim.biz\/index.php?rest_route=\/wp\/v2\/posts\/1902499","targetHints":{"allow":["GET"]}}],"collection":[{"href":"https:\/\/analyse.optim.biz\/index.php?rest_route=\/wp\/v2\/posts"}],"about":[{"href":"https:\/\/analyse.optim.biz\/index.php?rest_route=\/wp\/v2\/types\/post"}],"author":[{"embeddable":true,"href":"https:\/\/analyse.optim.biz\/index.php?rest_route=\/wp\/v2\/users\/1"}],"replies":[{"embeddable":true,"href":"https:\/\/analyse.optim.biz\/index.php?rest_route=%2Fwp%2Fv2%2Fcomments&post=1902499"}],"version-history":[{"count":0,"href":"https:\/\/analyse.optim.biz\/index.php?rest_route=\/wp\/v2\/posts\/1902499\/revisions"}],"wp:attachment":[{"href":"https:\/\/analyse.optim.biz\/index.php?rest_route=%2Fwp%2Fv2%2Fmedia&parent=1902499"}],"wp:term":[{"taxonomy":"category","embeddable":true,"href":"https:\/\/analyse.optim.biz\/index.php?rest_route=%2Fwp%2Fv2%2Fcategories&post=1902499"},{"taxonomy":"post_tag","embeddable":true,"href":"https:\/\/analyse.optim.biz\/index.php?rest_route=%2Fwp%2Fv2%2Ftags&post=1902499"}],"curies":[{"name":"wp","href":"https:\/\/api.w.org\/{rel}","templated":true}]}}