{"id":1902441,"date":"2026-04-23T18:27:12","date_gmt":"2026-04-23T15:27:12","guid":{"rendered":"https:\/\/analyse.optim.biz\/?p=1902441"},"modified":"2026-04-23T18:27:12","modified_gmt":"2026-04-23T15:27:12","slug":"drifturi-in-parcare-amendate-de-politisti-sofer-de-21-de-ani-prins-dupa-imagini-aparute-online","status":"publish","type":"post","link":"https:\/\/analyse.optim.biz\/?p=1902441","title":{"rendered":"Drifturi \u00een parcare, amendate de poli\u021bi\u0219ti: \u0219ofer de 21 de ani, prins dup\u0103 imagini ap\u0103rute online"},"content":{"rendered":"<p>[analyse_image type=&#8221;featured&#8221; src=&#8221;https:\/\/orasul-timisoara.ro\/wp-content\/uploads\/2026\/04\/masina-drift-benzinarie.jpg&#8221;]<\/p>\n<article id=\"post-38378\" class=\"td-post-template-7 post-38378 post type-post status-publish format-standard has-post-thumbnail category-featured category-stiri-timisoara tag-amenda-sofer tag-conducere-agresiva tag-drift-ilegal tag-ipj-timis tag-permis-suspendat tag-siguranta-rutiera tag-stiri-locale tag-timisoara-politie tag-trafic-rutier td-container-wrap\">\n<div class=\"td-full-screen-header-image-wrap\">\n<div class=\"td-container td-post-header\">\n<div class=\"td-crumb-container\">\n<div class=\"entry-crumbs\"><span><a title=\"Vede\u021bi toate articolele \u00een \u0218tiri Locale\" class=\"entry-crumb\" href=\"https:\/\/orasul-timisoara.ro\/local-category\/stiri-timisoara\/\">\u0218tiri Locale<\/a><\/span><span class=\"td-bred-no-url-last\">Drifturi \u00een parcare, amendate de poli\u021bi\u0219ti: \u0219ofer de 21 de ani, prins&#8230;<\/span><\/div>\n<\/div>\n<div class=\"td-post-header-holder\">\n<div class=\"td-parallax-header\">\n<header class=\"td-post-title\">\n<ul class=\"td-category\">\n<li class=\"entry-category\"><a href=\"https:\/\/orasul-timisoara.ro\/local-category\/stiri-timisoara\/\">\u0218tiri Locale<\/a><\/li>\n<\/ul>\n<h1 class=\"entry-title\">Drifturi \u00een parcare, amendate de poli\u021bi\u0219ti: \u0219ofer de 21 de ani, prins dup\u0103 imagini ap\u0103rute online<\/h1>\n<div class=\"td-module-meta-info\">\n<div class=\"td-post-author-name\">\n<div class=\"td-author-by\">De c\u0103tre<\/div>\n<p><a href=\"https:\/\/orasul-timisoara.ro\/author\/timisoara\/\">redactia<\/a><\/p>\n<div class=\"td-author-line\"> &#8211; <\/div>\n<\/div>\n<p><span class=\"td-post-date\"><time class=\"entry-date updated td-module-date\" datetime=\"2026-04-23T21:27:12+03:00\">23\/04\/2026<\/time><\/span><\/div>\n<\/header>\n<\/div>\n<\/div>\n<\/div>\n<div id=\"td-full-screen-header-image\" class=\"td-image-gradient-style7\"><img decoding=\"async\" class=\"td-backstretch\" src=\"https:\/\/orasul-timisoara.ro\/wp-content\/uploads\/2026\/04\/masina-drift-benzinarie.jpg\"><\/div>\n<\/div>\n<div class=\"td-container\">\n<div class=\"td-pb-row\">\n<div class=\"td-pb-span8 td-main-content\" role=\"main\">\n<div class=\"td-ss-main-content\">\n<div class=\"td-post-sharing-top\">\n<div class=\"td-post-sharing-classic\"><iframe title=\"topFacebookLike\" frameborder src=\"https:\/\/www.facebook.com\/plugins\/like.php?href=https:\/\/orasul-timisoara.ro\/local-38378\/&amp;layout=button_count&amp;show_faces=false&amp;width=105&amp;action=like&amp;colorscheme=light&amp;height=21\"><\/iframe><\/div>\n<div id=\"td_social_sharing_article_top\" class=\"td-post-sharing td-ps-bg td-ps-notext td-post-sharing-style1 \">\n<div class=\"td-post-sharing-visible\"><a class=\"td-social-sharing-button td-social-sharing-button-js td-social-network td-social-facebook\" href=\"https:\/\/www.facebook.com\/sharer.php?u=https%3A%2F%2Forasul-timisoara.ro%2Flocal-38378%2F\" title=\"Facebook\"><\/p>\n<div class=\"td-social-but-text\">Facebook<\/div>\n<p><\/a><a class=\"td-social-sharing-button td-social-sharing-button-js td-social-network td-social-twitter\" href=\"https:\/\/twitter.com\/intent\/tweet?text=Drifturi+%C3%AEn+parcare%2C+amendate+de+poli%C8%9Bi%C8%99ti%3A+%C8%99ofer+de+21+de+ani%2C+prins+dup%C4%83+imagini+ap%C4%83rute+online&amp;url=https%3A%2F%2Forasul-timisoara.ro%2Flocal-38378%2F&amp;via=orasultm\" title=\"Twitter\"><\/p>\n<div class=\"td-social-but-text\">Twitter<\/div>\n<p><\/a><a class=\"td-social-sharing-button td-social-sharing-button-js td-social-network td-social-whatsapp\" href=\"https:\/\/api.whatsapp.com\/send?text=Drifturi+%C3%AEn+parcare%2C+amendate+de+poli%C8%9Bi%C8%99ti%3A+%C8%99ofer+de+21+de+ani%2C+prins+dup%C4%83+imagini+ap%C4%83rute+online%20%0A%0A%20https:\/\/orasul-timisoara.ro\/local-38378\/\" title=\"WhatsApp\"><\/p>\n<div class=\"td-social-but-text\">WhatsApp<\/div>\n<p><\/a><a class=\"td-social-sharing-button td-social-sharing-button-js td-social-network td-social-linkedin\" href=\"https:\/\/www.linkedin.com\/shareArticle?mini=true&amp;url=https:\/\/orasul-timisoara.ro\/local-38378\/&amp;title=Drifturi+%C3%AEn+parcare%2C+amendate+de+poli%C8%9Bi%C8%99ti%3A+%C8%99ofer+de+21+de+ani%2C+prins+dup%C4%83+imagini+ap%C4%83rute+online\" title=\"Linkedin\"><\/p>\n<div class=\"td-social-but-text\">Linkedin<\/div>\n<p><\/a><a class=\"td-social-sharing-button td-social-sharing-button-js td-social-network td-social-reddit\" href=\"https:\/\/reddit.com\/submit?url=https:\/\/orasul-timisoara.ro\/local-38378\/&amp;title=Drifturi+%C3%AEn+parcare%2C+amendate+de+poli%C8%9Bi%C8%99ti%3A+%C8%99ofer+de+21+de+ani%2C+prins+dup%C4%83+imagini+ap%C4%83rute+online\" title=\"ReddIt\"><\/p>\n<div class=\"td-social-but-text\">ReddIt<\/div>\n<p><\/a><a class=\"td-social-sharing-button td-social-sharing-button-js td-social-network td-social-mail\" href=\"mailto:?subject=Drifturi%20%C3%AEn%20parcare,%20amendate%20de%20poli%C8%9Bi%C8%99ti:%20%C8%99ofer%20de%2021%20de%20ani,%20prins%20dup%C4%83%20imagini%20ap%C4%83rute%20online&amp;body=https:\/\/orasul-timisoara.ro\/local-38378\/\" title=\"Email\"><\/p>\n<div class=\"td-social-but-text\">Email<\/div>\n<p><\/a><a class=\"td-social-sharing-button td-social-sharing-button-js td-social-network td-social-print\" href=\"https:\/\/orasul-timisoara.ro\/local-38378\/\" title=\"Imprimare\"><\/p>\n<div class=\"td-social-but-text\">Imprimare<\/div>\n<p><\/a><\/div>\n<\/div>\n<\/div>\n<div class=\"td-post-content tagdiv-type\">\n<p>Un t\u00e2n\u0103r de 21 de ani din Timi\u0219oara a fost sanc\u021bionat de poli\u021bi\u0219ti dup\u0103 ce a fost surprins efectu\u00e2nd manevre periculoase de tip drift \u00eentr-o parcare situat\u0103 \u00een apropierea unei sta\u021bii de carburant. Cazul a fost semnalat \u00een urma apari\u021biei unor imagini video \u00een mediul online, \u00een data de 22 aprilie 2026.<\/p>\n<p>Poli\u021bi\u0219tii din cadrul Inspectoratul de Poli\u021bie Jude\u021bean Timi\u0219 \u2013 Biroul Rutier s-au sesizat din oficiu \u0219i au demarat verific\u0103ri pentru identificarea \u0219oferului \u0219i stabilirea circumstan\u021belor \u00een care au avut loc incidentele.<\/p>\n<h3 class=\"wp-block-heading\">Comportament agresiv \u00een trafic<\/h3>\n<p>\u00cen urma investiga\u021biilor efectuate, autorit\u0103\u021bile au identificat conduc\u0103torul autoturismului, stabilind c\u0103 acesta a adoptat un comportament agresiv \u00een trafic, prin efectuarea inten\u021bionat\u0103 de derapaje controlate. Manevrele au fost considerate periculoase, av\u00e2nd poten\u021bialul de a pune \u00een pericol at\u00e2t participan\u021bii la trafic, c\u00e2t \u0219i persoanele aflate \u00een zon\u0103.<\/p>\n<h3 class=\"wp-block-heading\">Amend\u0103 \u0219i permis suspendat<\/h3>\n<p>Pentru faptele constatate, t\u00e2n\u0103rul a fost sanc\u021bionat contraven\u021bional cu o amend\u0103 \u00een valoare de 2.632,50 lei. Totodat\u0103, poli\u021bi\u0219tii au dispus suspendarea dreptului de a conduce pentru o perioad\u0103 de 30 de zile.<\/p>\n<p>\u00cen plus, \u00een urma verific\u0103rilor, s-a constatat c\u0103 autoturismul nu avea transcris dreptul de proprietate \u00een termenul legal, motiv pentru care certificatul de \u00eenmatriculare a fost re\u021binut.<\/p>\n<h3 class=\"wp-block-heading\">Recomand\u0103rile poli\u021biei<\/h3>\n<p>Reprezentan\u021bii IPJ Timi\u0219 atrag aten\u021bia asupra importan\u021bei respect\u0103rii regulilor de circula\u021bie \u0219i a adopt\u0103rii unui comportament responsabil \u00een trafic. Astfel de ac\u021biuni, chiar dac\u0103 sunt realizate \u00een afara drumurilor publice, pot avea consecin\u021be grave \u0219i pot pune \u00een pericol siguran\u021ba celor din jur.<\/p>\n<p>Poli\u021bi\u0219tii subliniaz\u0103 c\u0103 vor continua s\u0103 monitorizeze \u0219i s\u0103 sanc\u021bioneze comportamentele agresive \u00een trafic, inclusiv pe baza imaginilor ap\u0103rute \u00een spa\u021biul online.<\/p>\n<p>Not\u0103: poza are doar un rol ilustrativ<\/p>\n<\/div>\n<footer>\n<div class=\"td-post-source-tags\">\n<ul class=\"td-tags td-post-small-box clearfix\">\n<li><span>ETICHETE<\/span><\/li>\n<li><a href=\"https:\/\/orasul-timisoara.ro\/local-tag\/amenda-sofer\/\">amenda sofer<\/a><\/li>\n<li><a href=\"https:\/\/orasul-timisoara.ro\/local-tag\/conducere-agresiva\/\">conducere agresiva<\/a><\/li>\n<li><a href=\"https:\/\/orasul-timisoara.ro\/local-tag\/drift-ilegal\/\">drift ilegal<\/a><\/li>\n<li><a href=\"https:\/\/orasul-timisoara.ro\/local-tag\/ipj-timis\/\">ipj timis<\/a><\/li>\n<li><a href=\"https:\/\/orasul-timisoara.ro\/local-tag\/permis-suspendat\/\">permis suspendat<\/a><\/li>\n<li><a href=\"https:\/\/orasul-timisoara.ro\/local-tag\/siguranta-rutiera\/\">siguranta rutiera<\/a><\/li>\n<li><a href=\"https:\/\/orasul-timisoara.ro\/local-tag\/stiri-locale\/\">stiri locale<\/a><\/li>\n<li><a href=\"https:\/\/orasul-timisoara.ro\/local-tag\/timisoara-politie\/\">Timisoara politie<\/a><\/li>\n<li><a href=\"https:\/\/orasul-timisoara.ro\/local-tag\/trafic-rutier\/\">trafic rutier<\/a><\/li>\n<\/ul>\n<\/div>\n<div class=\"td-post-sharing-bottom\">\n<div class=\"td-post-sharing-classic\"><iframe title=\"bottomFacebookLike\" frameborder src=\"https:\/\/www.facebook.com\/plugins\/like.php?href=https:\/\/orasul-timisoara.ro\/local-38378\/&amp;layout=button_count&amp;show_faces=false&amp;width=105&amp;action=like&amp;colorscheme=light&amp;height=21\"><\/iframe><\/div>\n<div id=\"td_social_sharing_article_bottom\" class=\"td-post-sharing td-ps-bg td-ps-notext td-post-sharing-style1 \">\n<div class=\"td-post-sharing-visible\"><a class=\"td-social-sharing-button td-social-sharing-button-js td-social-network td-social-facebook\" href=\"https:\/\/www.facebook.com\/sharer.php?u=https%3A%2F%2Forasul-timisoara.ro%2Flocal-38378%2F\" title=\"Facebook\"><\/p>\n<div class=\"td-social-but-text\">Facebook<\/div>\n<p><\/a><a class=\"td-social-sharing-button td-social-sharing-button-js td-social-network td-social-twitter\" href=\"https:\/\/twitter.com\/intent\/tweet?text=Drifturi+%C3%AEn+parcare%2C+amendate+de+poli%C8%9Bi%C8%99ti%3A+%C8%99ofer+de+21+de+ani%2C+prins+dup%C4%83+imagini+ap%C4%83rute+online&amp;url=https%3A%2F%2Forasul-timisoara.ro%2Flocal-38378%2F&amp;via=orasultm\" title=\"Twitter\"><\/p>\n<div class=\"td-social-but-text\">Twitter<\/div>\n<p><\/a><a class=\"td-social-sharing-button td-social-sharing-button-js td-social-network td-social-whatsapp\" href=\"https:\/\/api.whatsapp.com\/send?text=Drifturi+%C3%AEn+parcare%2C+amendate+de+poli%C8%9Bi%C8%99ti%3A+%C8%99ofer+de+21+de+ani%2C+prins+dup%C4%83+imagini+ap%C4%83rute+online%20%0A%0A%20https:\/\/orasul-timisoara.ro\/local-38378\/\" title=\"WhatsApp\"><\/p>\n<div class=\"td-social-but-text\">WhatsApp<\/div>\n<p><\/a><a class=\"td-social-sharing-button td-social-sharing-button-js td-social-network td-social-linkedin\" href=\"https:\/\/www.linkedin.com\/shareArticle?mini=true&amp;url=https:\/\/orasul-timisoara.ro\/local-38378\/&amp;title=Drifturi+%C3%AEn+parcare%2C+amendate+de+poli%C8%9Bi%C8%99ti%3A+%C8%99ofer+de+21+de+ani%2C+prins+dup%C4%83+imagini+ap%C4%83rute+online\" title=\"Linkedin\"><\/p>\n<div class=\"td-social-but-text\">Linkedin<\/div>\n<p><\/a><a class=\"td-social-sharing-button td-social-sharing-button-js td-social-network td-social-reddit\" href=\"https:\/\/reddit.com\/submit?url=https:\/\/orasul-timisoara.ro\/local-38378\/&amp;title=Drifturi+%C3%AEn+parcare%2C+amendate+de+poli%C8%9Bi%C8%99ti%3A+%C8%99ofer+de+21+de+ani%2C+prins+dup%C4%83+imagini+ap%C4%83rute+online\" title=\"ReddIt\"><\/p>\n<div class=\"td-social-but-text\">ReddIt<\/div>\n<p><\/a><a class=\"td-social-sharing-button td-social-sharing-button-js td-social-network td-social-mail\" href=\"mailto:?subject=Drifturi%20%C3%AEn%20parcare,%20amendate%20de%20poli%C8%9Bi%C8%99ti:%20%C8%99ofer%20de%2021%20de%20ani,%20prins%20dup%C4%83%20imagini%20ap%C4%83rute%20online&amp;body=https:\/\/orasul-timisoara.ro\/local-38378\/\" title=\"Email\"><\/p>\n<div class=\"td-social-but-text\">Email<\/div>\n<p><\/a><a class=\"td-social-sharing-button td-social-sharing-button-js td-social-network td-social-print\" href=\"https:\/\/orasul-timisoara.ro\/local-38378\/\" title=\"Imprimare\"><\/p>\n<div class=\"td-social-but-text\">Imprimare<\/div>\n<p><\/a><\/div>\n<\/div>\n<\/div>\n<div class=\"td-block-row td-post-next-prev\">\n<div class=\"td-block-span6 td-post-prev-post\">\n<div class=\"td-post-next-prev-content\"><span>Articolul precedent<\/span><a href=\"https:\/\/orasul-timisoara.ro\/local-38373\/\">Autoturism de 20.000 de euro, indisponibilizat la trecerea de frontiera Foeni<\/a><\/div>\n<\/div>\n<\/div>\n<div class=\"td-author-name vcard author\"><span class=\"fn\"><a href=\"https:\/\/orasul-timisoara.ro\/author\/timisoara\/\">redactia<\/a><\/span><\/div>\n<p><span class=\"td-page-meta\"><\/span><span class=\"td-page-meta\"><span class=\"td-page-meta\"><\/span><\/span><span class=\"td-page-meta\"><\/span><\/footer>\n<div class=\"td_block_wrap td_block_related_posts tdi_3 td_with_ajax_pagination td-pb-border-top td_block_template_8\" data-td-block-uid=\"tdi_3\">\n<h4 class=\"td-related-title td-block-title\"><a id=\"tdi_4\" class=\"td-related-left td-cur-simple-item\" data-td_filter_value data-td_block_id=\"tdi_3\" href=\"https:\/\/orasul-timisoara.ro\/local-38378\/\">ARTICOLE SIMILARE<\/a><a id=\"tdi_5\" class=\"td-related-right\" data-td_filter_value=\"td_related_more_from_author\" data-td_block_id=\"tdi_3\" href=\"https:\/\/orasul-timisoara.ro\/local-38378\/\">DE LA ACELA\u0218I AUTOR<\/a><\/h4>\n<div id=\"tdi_3\" class=\"td_block_inner\">\n<div class=\"td-related-row\">\n<div class=\"td-related-span4\">\n<div class=\"td_module_related_posts td-animation-stack td_mod_related_posts\">\n<div class=\"td-module-image\">\n<div class=\"td-module-thumb\"><a href=\"https:\/\/orasul-timisoara.ro\/local-38204\/\" rel=\"bookmark\" class=\"td-image-wrap \" title=\"Accident \u00een Timi\u0219oara: autoturism lovit de tramvai, un b\u0103rbat de 73 de ani r\u0103nit\"><img loading=\"lazy\" decoding=\"async\" class=\"entry-thumb\" src=\"https:\/\/orasul-timisoara.ro\/wp-content\/uploads\/2026\/04\/accident-tramvai-tm-436x300.jpg\" alt title=\"Accident \u00een Timi\u0219oara: autoturism lovit de tramvai, un b\u0103rbat de 73 de ani r\u0103nit\" width=\"218\" height=\"150\"><\/a><\/div>\n<\/div>\n<div class=\"item-details\">\n<h3 class=\"entry-title td-module-title\"><a href=\"https:\/\/orasul-timisoara.ro\/local-38204\/\" rel=\"bookmark\" title=\"Accident \u00een Timi\u0219oara: autoturism lovit de tramvai, un b\u0103rbat de 73 de ani r\u0103nit\">Accident \u00een Timi\u0219oara: autoturism lovit de tramvai, un b\u0103rbat de 73 de ani r\u0103nit<\/a><\/h3>\n<\/div>\n<\/div>\n<\/div>\n<div class=\"td-related-span4\">\n<div class=\"td_module_related_posts td-animation-stack td_mod_related_posts\">\n<div class=\"td-module-image\">\n<div class=\"td-module-thumb\"><a href=\"https:\/\/orasul-timisoara.ro\/local-38180\/\" rel=\"bookmark\" class=\"td-image-wrap \" title=\"Razie de amploare \u00een Buzia\u0219 \u0219i Reca\u0219: zeci de amenzi \u0219i controale \u00een trafic\"><img loading=\"lazy\" decoding=\"async\" class=\"entry-thumb\" src=\"https:\/\/orasul-timisoara.ro\/wp-content\/uploads\/2024\/03\/politie-control-trafic-1-436x300.jpg\" alt title=\"Razie de amploare \u00een Buzia\u0219 \u0219i Reca\u0219: zeci de amenzi \u0219i controale \u00een trafic\" width=\"218\" height=\"150\"><\/a><\/div>\n<\/div>\n<div class=\"item-details\">\n<h3 class=\"entry-title td-module-title\"><a href=\"https:\/\/orasul-timisoara.ro\/local-38180\/\" rel=\"bookmark\" title=\"Razie de amploare \u00een Buzia\u0219 \u0219i Reca\u0219: zeci de amenzi \u0219i controale \u00een trafic\">Razie de amploare \u00een Buzia\u0219 \u0219i Reca\u0219: zeci de amenzi \u0219i controale \u00een trafic<\/a><\/h3>\n<\/div>\n<\/div>\n<\/div>\n<div class=\"td-related-span4\">\n<div class=\"td_module_related_posts td-animation-stack td_mod_related_posts\">\n<div class=\"td-module-image\">\n<div class=\"td-module-thumb\"><a href=\"https:\/\/orasul-timisoara.ro\/local-38170\/\" rel=\"bookmark\" class=\"td-image-wrap \" title=\"\u0218ofer re\u021binut la Timi\u0219oara dup\u0103 ce a fost prins conduc\u00e2nd cu permisul suspendat\"><img loading=\"lazy\" decoding=\"async\" class=\"entry-thumb\" src=\"https:\/\/orasul-timisoara.ro\/wp-content\/uploads\/2021\/07\/catuse-politie-arest.jpg\" alt title=\"\u0218ofer re\u021binut la Timi\u0219oara dup\u0103 ce a fost prins conduc\u00e2nd cu permisul suspendat\" width=\"218\" height=\"150\"><\/a><\/div>\n<\/div>\n<div class=\"item-details\">\n<h3 class=\"entry-title td-module-title\"><a href=\"https:\/\/orasul-timisoara.ro\/local-38170\/\" rel=\"bookmark\" title=\"\u0218ofer re\u021binut la Timi\u0219oara dup\u0103 ce a fost prins conduc\u00e2nd cu permisul suspendat\">\u0218ofer re\u021binut la Timi\u0219oara dup\u0103 ce a fost prins conduc\u00e2nd cu permisul suspendat<\/a><\/h3>\n<\/div>\n<\/div>\n<\/div>\n<\/div>\n<\/div>\n<\/div>\n<div class=\"comments\" id=\"comments\">\n<div id=\"respond\" class=\"comment-respond\">\n<h3 id=\"reply-title\" class=\"comment-reply-title\">L\u0102SA\u021aI UN MESAJ<\/h3>\n<div class=\"comment-form-input-wrap td-form-comment\">\n<div class=\"td-warning-comment\">V\u0103 rug\u0103m s\u0103 introduce\u021bi comentariul dvs.!<\/div>\n<\/div>\n<div class=\"comment-form-input-wrap td-form-author\">\n<div class=\"td-warning-author\">Introduce\u021bi aici numele dvs.<\/div>\n<\/div>\n<div class=\"comment-form-input-wrap td-form-email\">\n<div class=\"td-warning-email-error\">A\u021bi introdus o adres\u0103 de e-mail incorect\u0103!<\/div>\n<div class=\"td-warning-email\">V\u0103 rug\u0103m s\u0103 introduce\u021bi adresa dvs. de e-mail aici<\/div>\n<\/div>\n<\/div>\n<p class=\"akismet_comment_form_privacy_notice\">Acest site folose\u0219te Akismet pentru a reduce spamul. <a href=\"https:\/\/akismet.com\/privacy\/\" target=\"_blank\" rel=\"nofollow noopener\">Afl\u0103 cum sunt procesate datele comentariilor tale<\/a>.<\/p>\n<\/div>\n<\/div>\n<\/div>\n<div class=\"td-pb-span4 td-main-sidebar\" role=\"complementary\">\n<div class=\"td-ss-main-sidebar\">\n<aside id=\"block-4\" class=\"td_block_template_8 widget block-4 widget_block widget_media_image\">\n<figure class=\"wp-block-image size-full\"><img loading=\"lazy\" decoding=\"async\" width=\"336\" height=\"280\" src=\"https:\/\/orasul-timisoara.ro\/wp-content\/uploads\/2024\/11\/ReTIM-Abonamentul-Verde-Google-Ads-336x280px.gif\" alt class=\"wp-image-29257\"><\/figure>\n<\/aside>\n<div class=\"td_block_wrap td_block_social_counter td_block_widget tdi_6 td-social-style5 td-social-boxed td-pb-border-top td_block_template_8\">\n<div class=\"td-block-title-wrap\">\n<h4 class=\"td-block-title\"><span>Urm\u0103re\u0219te-ne pe Social Media<\/span><\/h4>\n<\/div>\n<div class=\"td-social-list\">\n<div class=\"td_social_type td-pb-margin-side td_social_facebook\">\n<div class=\"td-social-box\"><span class=\"td_social_info td_social_info_counter\">344,595<\/span><span class=\"td_social_info td_social_info_name\">Fani<\/span><span class=\"td_social_button\"><a href=\"https:\/\/www.facebook.com\/247timisoara\" target=\"_blank\" rel=\"nofollow\">\u00cemi place<\/a><\/span><\/div>\n<\/div>\n<div class=\"td_social_type td-pb-margin-side td_social_instagram\">\n<div class=\"td-social-box\"><span class=\"td_social_info td_social_info_counter\">4,416<\/span><span class=\"td_social_info td_social_info_name\">Cititori<\/span><span class=\"td_social_button\"><a href=\"https:\/\/instagram.com\/orasultimisoararo\/\" target=\"_blank\" rel=\"nofollow\">Conecta\u021bi-v\u0103<\/a><\/span><\/div>\n<\/div>\n<div class=\"td_social_type td-pb-margin-side td_social_rss\">\n<div class=\"td-social-box\"><span class=\"td_social_info td_social_info_counter\">12,506<\/span><span class=\"td_social_info td_social_info_name\">Cititori<\/span><span class=\"td_social_button\"><a href=\"https:\/\/orasul-timisoara.ro\/feed\/\" target=\"_blank\" rel=\"nofollow\">Conecta\u021bi-v\u0103<\/a><\/span><\/div>\n<\/div>\n<div class=\"td_social_type td-pb-margin-side td_social_tiktok\">\n<div class=\"td-social-box\"><span class=\"td_social_info td_social_info_counter\">1,500<\/span><span class=\"td_social_info td_social_info_name\">Cititori<\/span><span class=\"td_social_button\"><a href=\"https:\/\/www.tiktok.com\/@orasultimisoara\" target=\"_blank\" rel=\"nofollow\">Conecta\u021bi-v\u0103<\/a><\/span><\/div>\n<\/div>\n<div class=\"td_social_type td-pb-margin-side td_social_twitter\">\n<div class=\"td-social-box\"><span class=\"td_social_info td_social_info_counter\">1,595<\/span><span class=\"td_social_info td_social_info_name\">Cititori<\/span><span class=\"td_social_button\"><a href=\"https:\/\/twitter.com\/orasultm\" target=\"_blank\" rel=\"nofollow\">Conecta\u021bi-v\u0103<\/a><\/span><\/div>\n<\/div>\n<div class=\"td_social_type td-pb-margin-side td_social_youtube\">\n<div class=\"td-social-box\"><span class=\"td_social_info td_social_info_counter\">3,506<\/span><span class=\"td_social_info td_social_info_name\">Abona\u021bi<\/span><span class=\"td_social_button\"><a href=\"https:\/\/www.youtube.com\/channel\/UCQNsQvs2XCSIm1Z-AHRturw?sub_confirmation=1\" target=\"_blank\" rel=\"nofollow\">Abona\u021bi-v\u0103<\/a><\/span><\/div>\n<\/div>\n<\/div>\n<\/div>\n<aside id=\"text-7\" class=\"td_block_template_8 widget text-7 widget_text\">\n<h4 class=\"td-block-title\"><span>C\u0103ut\u0103ri populare pe OTM<\/span><\/h4>\n<div class=\"textwidget\"><a href=\"https:\/\/orasul-timisoara.ro\/?s=timisoara\"><span>Timisoara<\/span><\/a><a href=\"https:\/\/orasul-timisoara.ro\/?s=calin+dobra\"><span>Calin Dobra<\/span><\/a><a href=\"https:\/\/orasul-timisoara.ro\/?s=primaria+timisoara\"><span>Primaria Timisoara<\/span><\/a><a href=\"https:\/\/orasul-timisoara.ro\/?s=dominic+fritz\"><span>Dominic Fritz<\/span><\/a><a href=\"https:\/\/orasul-timisoara.ro\/?s=nicolae+robu\"><span>Nicolae Robu<\/span><\/a><a href=\"https:\/\/orasul-timisoara.ro\/?s=consiliul+local+timisoara\">Consiliul Local Timisoara<\/a><a href=\"https:\/\/orasul-timisoara.ro\/?s=consiliul+judetean+timis\"><span>Consiliul Judetean Timis<\/span><\/a><a href=\"https:\/\/orasul-timisoara.ro\/?s=cjt\"><span>CJT<\/span><\/a><a href=\"https:\/\/orasul-timisoara.ro\/?s=Alfred+Simonis\"><span>Alfred Simonis<\/span><\/a><a href=\"https:\/\/orasul-timisoara.ro\/?s=PNL\"><span>PNL<\/span><\/a><a href=\"https:\/\/orasul-timisoara.ro\/?s=coronavirus\"><span>coronavirus<\/span><\/a><a href=\"https:\/\/orasul-timisoara.ro\/?s=teatru+timisoara\">teatru Timisoara<\/a><a href=\"https:\/\/orasul-timisoara.ro\/?s=restaurante\"><span>restaurante Timisoara<\/span><\/a><a href=\"https:\/\/orasul-timisoara.ro\/?s=diskoteka\"><span>Diskoteka<\/span><\/a><a href=\"https:\/\/orasul-timisoara.ro\/?s=iulius+town\"><span>Iulius Town<\/span><\/a><a href=\"https:\/\/orasul-timisoara.ro\/?s=iulius+mall\"><span>Iulius Mall<\/span><\/a><a href=\"https:\/\/orasul-timisoara.ro\/?s=stpt\"><span>STPT<\/span><\/a><a href=\"https:\/\/orasul-timisoara.ro\/?s=alin+nica\"><span>Alin Nica<\/span><\/a><a href=\"https:\/\/orasul-timisoara.ro\/?s=psd\"><span>PSD<\/span><\/a><a href=\"https:\/\/orasul-timisoara.ro\/?s=aeroport\"><span>Aeroportul International Timisoara<\/span><\/a><a href=\"https:\/\/orasul-timisoara.ro\/?s=babes\"><span>Spitalul Victor Babes Timisoara<\/span><\/a><a href=\"https:\/\/orasul-timisoara.ro\/?s=poli\"><span>Poli Timi\u0219oara<\/span><\/a><a href=\"https:\/\/orasul-timisoara.ro\/?s=carantina\"><span>carantina<\/span><\/a><a href=\"https:\/\/orasul-timisoara.ro\/?s=aquatim\"><span>Aquatim<\/span><\/a><a href=\"https:\/\/orasul-timisoara.ro\/local-category\/stiri-timisoara\/\"><span>Stiri Timisoara<\/span><\/a><a href=\"https:\/\/orasul-timisoara.ro\/local-category\/investitii-in-timisoara\/\"><span>Investi\u021bii in Timi\u0219oara<\/span><\/a><a href=\"https:\/\/orasul-timisoara.ro\/local-9463\/\"><span>shaorma<\/span><\/a><a href=\"https:\/\/orasul-timisoara.ro\/?s=trafic\"><span>trafic rutier<\/span><\/a><a href=\"https:\/\/orasul-timisoara.ro\/?s=politia\"><span>politia locala timisoara<\/span><\/a><a href=\"https:\/\/orasul-timisoara.ro\/?s=roxana\"><span>Roxana Iliescu<\/span><\/a><a href=\"https:\/\/orasul-timisoara.ro\/?s=colterm\"><span>Colterm<\/span><\/a><a href=\"https:\/\/orasul-timisoara.ro\/?s=latcau\"><span>Ruben La\u021bc\u0103u<\/span><\/a><a href=\"https:\/\/orasul-timisoara.ro\/?s=timis\"><span>\u0218tiri din Timi\u0219<\/span><\/a><a href=\"https:\/\/orasul-timisoara.ro\/?s=spital\"><span>Spitale din Timi\u0219oara<\/span><\/a><a href=\"https:\/\/orasul-timisoara.ro\/?s=tabara\"><span>Cosmin Tab\u0103r\u0103<\/span><\/a><\/div>\n<\/aside>\n<aside id=\"rss-2\" class=\"td_block_template_8 widget rss-2 widget_rss\">\n<h4 class=\"td-block-title\"><span><a class=\"rsswidget rss-widget-feed\" href=\"https:\/\/fashionfridays.ro\/feed\"><img decoding=\"async\" class=\"rss-widget-icon\" width=\"14\" height=\"14\" src=\"https:\/\/orasul-timisoara.ro\/wp-includes\/images\/rss.png\" alt=\"RSS\" loading=\"lazy\"><\/a><a class=\"rsswidget rss-widget-title\" href=\"https:\/\/fashionfridays.ro\/\">Fashion Fridays<\/a><\/span><\/h4>\n<ul>\n<li><a class=\"rsswidget\" href=\"https:\/\/fashionfridays.ro\/crocs-lanseaza-crocband-gum-clog-confort-iconic-cu-influente-retro-sport-pentru-primavara\/\">Crocs lanseaz\u0103 Crocband Gum Clog: confort iconic cu influen\u021be retro-sport pentru prim\u0103var\u0103<\/a>\n<div class=\"rssSummary\">Martie marcheaz\u0103 acel moment al anului \u00een care stilul \u00eencepe s\u0103 se relaxeze. Zilele devin mai lungi, ritmul ora\u0219ului se schimb\u0103, iar garderoba face tranzi\u021bia c\u0103tre piese care pun confortul pe primul loc, f\u0103r\u0103 s\u0103 renun\u021be la atitudine. Este sezonul \u00een care autenticitatea devine declara\u021bie de stil, iar alegerile vestimentare reflect\u0103 mai mult ca oric\u00e2nd [\u2026]<\/div>\n<\/li>\n<\/ul>\n<\/aside>\n<aside id=\"rss-4\" class=\"td_block_template_8 widget rss-4 widget_rss\">\n<h4 class=\"td-block-title\"><span><a class=\"rsswidget rss-widget-feed\" href=\"https:\/\/emasini.ro\/feed\"><img decoding=\"async\" class=\"rss-widget-icon\" width=\"14\" height=\"14\" src=\"https:\/\/orasul-timisoara.ro\/wp-includes\/images\/rss.png\" alt=\"RSS\" loading=\"lazy\"><\/a><a class=\"rsswidget rss-widget-title\" href=\"https:\/\/emasini.ro\/\">eMasini<\/a><\/span><\/h4>\n<ul>\n<li><a class=\"rsswidget\" href=\"https:\/\/emasini.ro\/traficul-rutier-sub-analiza-recensamant-national-pentru-modernizarea-infrastructurii\/\">Traficul rutier, sub analiz\u0103: recens\u0103m\u00e2nt na\u021bional pentru modernizarea infrastructurii<\/a>\n<div class=\"rssSummary\">Compania Na\u021bional\u0103 de Administrare a Infrastructurii Rutiere, prin Centrul de Studii Tehnice Rutiere \u0219i Informatic\u0103, preg\u0103te\u0219te una dintre cele mai importante ac\u021biuni de colectare de date din domeniul transporturilor: Recens\u0103m\u00e2ntul General de Circula\u021bie Rutier\u0103. Demersul are un rol strategic \u00een fundamentarea deciziilor privind dezvoltarea \u0219i modernizarea infrastructurii rutiere din Rom\u00e2nia. Ac\u021biunea este coordonat\u0103 de CNAIR, [\u2026]<\/div>\n<\/li>\n<\/ul>\n<\/aside>\n<\/div>\n<\/div>\n<\/div>\n<\/div>\n<\/article>\n<div class=\"td-post-content tagdiv-type\">\n<p>Un t\u00e2n\u0103r de 21 de ani din Timi\u0219oara a fost sanc\u021bionat de poli\u021bi\u0219ti dup\u0103 ce a fost surprins efectu\u00e2nd manevre periculoase de tip drift \u00eentr-o parcare situat\u0103 \u00een apropierea unei sta\u021bii de carburant. Cazul a fost semnalat \u00een urma apari\u021biei unor imagini video \u00een mediul online, \u00een data de 22 aprilie 2026.<\/p>\n<p>Poli\u021bi\u0219tii din cadrul Inspectoratul de Poli\u021bie Jude\u021bean Timi\u0219 \u2013 Biroul Rutier s-au sesizat din oficiu \u0219i au demarat verific\u0103ri pentru identificarea \u0219oferului \u0219i stabilirea circumstan\u021belor \u00een care au avut loc incidentele.<\/p>\n<h3 class=\"wp-block-heading\">Comportament agresiv \u00een trafic<\/h3>\n<p>\u00cen urma investiga\u021biilor efectuate, autorit\u0103\u021bile au identificat conduc\u0103torul autoturismului, stabilind c\u0103 acesta a adoptat un comportament agresiv \u00een trafic, prin efectuarea inten\u021bionat\u0103 de derapaje controlate. Manevrele au fost considerate periculoase, av\u00e2nd poten\u021bialul de a pune \u00een pericol at\u00e2t participan\u021bii la trafic, c\u00e2t \u0219i persoanele aflate \u00een zon\u0103.<\/p>\n<h3 class=\"wp-block-heading\">Amend\u0103 \u0219i permis suspendat<\/h3>\n<p>Pentru faptele constatate, t\u00e2n\u0103rul a fost sanc\u021bionat contraven\u021bional cu o amend\u0103 \u00een valoare de 2.632,50 lei. Totodat\u0103, poli\u021bi\u0219tii au dispus suspendarea dreptului de a conduce pentru o perioad\u0103 de 30 de zile.<\/p>\n<p>\u00cen plus, \u00een urma verific\u0103rilor, s-a constatat c\u0103 autoturismul nu avea transcris dreptul de proprietate \u00een termenul legal, motiv pentru care certificatul de \u00eenmatriculare a fost re\u021binut.<\/p>\n<h3 class=\"wp-block-heading\">Recomand\u0103rile poli\u021biei<\/h3>\n<p>Reprezentan\u021bii IPJ Timi\u0219 atrag aten\u021bia asupra importan\u021bei respect\u0103rii regulilor de circula\u021bie \u0219i a adopt\u0103rii unui comportament responsabil \u00een trafic. Astfel de ac\u021biuni, chiar dac\u0103 sunt realizate \u00een afara drumurilor publice, pot avea consecin\u021be grave \u0219i pot pune \u00een pericol siguran\u021ba celor din jur.<\/p>\n<p>Poli\u021bi\u0219tii subliniaz\u0103 c\u0103 vor continua s\u0103 monitorizeze \u0219i s\u0103 sanc\u021bioneze comportamentele agresive \u00een trafic, inclusiv pe baza imaginilor ap\u0103rute \u00een spa\u021biul online.<\/p>\n<p>Not\u0103: poza are doar un rol ilustrativ<\/p>\n<\/div>\n<p>[analyse_source url=&#8221;https:\/\/orasul-timisoara.ro\/local-38378\/&#8221;]<\/p>\n","protected":false},"excerpt":{"rendered":"<p>[analyse_image type=&#8221;featured&#8221; src=&#8221;https:\/\/orasul-timisoara.ro\/wp-content\/uploads\/2026\/04\/masina-drift-benzinarie.jpg&#8221;] \u0218tiri LocaleDrifturi \u00een parcare, amendate de poli\u021bi\u0219ti: \u0219ofer de 21 de ani, prins&#8230; \u0218tiri Locale Drifturi \u00een parcare, amendate de poli\u021bi\u0219ti: \u0219ofer de 21 de ani, prins dup\u0103 imagini ap\u0103rute online De c\u0103tre redactia &#8211; 23\/04\/2026 Facebook Twitter WhatsApp Linkedin ReddIt Email Imprimare Un t\u00e2n\u0103r de 21 de ani din Timi\u0219oara a [&hellip;]<\/p>\n","protected":false},"author":1,"featured_media":0,"comment_status":"open","ping_status":"","sticky":false,"template":"","format":"standard","meta":{"footnotes":""},"categories":[89],"tags":[226,189],"class_list":["post-1902441","post","type-post","status-publish","format-standard","hentry","category-romania","tag-crawlmanager","tag-orasul-timisoara-ro"],"_links":{"self":[{"href":"https:\/\/analyse.optim.biz\/index.php?rest_route=\/wp\/v2\/posts\/1902441","targetHints":{"allow":["GET"]}}],"collection":[{"href":"https:\/\/analyse.optim.biz\/index.php?rest_route=\/wp\/v2\/posts"}],"about":[{"href":"https:\/\/analyse.optim.biz\/index.php?rest_route=\/wp\/v2\/types\/post"}],"author":[{"embeddable":true,"href":"https:\/\/analyse.optim.biz\/index.php?rest_route=\/wp\/v2\/users\/1"}],"replies":[{"embeddable":true,"href":"https:\/\/analyse.optim.biz\/index.php?rest_route=%2Fwp%2Fv2%2Fcomments&post=1902441"}],"version-history":[{"count":0,"href":"https:\/\/analyse.optim.biz\/index.php?rest_route=\/wp\/v2\/posts\/1902441\/revisions"}],"wp:attachment":[{"href":"https:\/\/analyse.optim.biz\/index.php?rest_route=%2Fwp%2Fv2%2Fmedia&parent=1902441"}],"wp:term":[{"taxonomy":"category","embeddable":true,"href":"https:\/\/analyse.optim.biz\/index.php?rest_route=%2Fwp%2Fv2%2Fcategories&post=1902441"},{"taxonomy":"post_tag","embeddable":true,"href":"https:\/\/analyse.optim.biz\/index.php?rest_route=%2Fwp%2Fv2%2Ftags&post=1902441"}],"curies":[{"name":"wp","href":"https:\/\/api.w.org\/{rel}","templated":true}]}}