{"id":1902054,"date":"2026-04-23T12:21:53","date_gmt":"2026-04-23T09:21:53","guid":{"rendered":"https:\/\/analyse.optim.biz\/?p=1902054"},"modified":"2026-04-23T12:21:53","modified_gmt":"2026-04-23T09:21:53","slug":"romania-si-austria-isi-intaresc-parteneriatul-pentru-securizarea-frontierelor-ue","status":"publish","type":"post","link":"https:\/\/analyse.optim.biz\/?p=1902054","title":{"rendered":"Rom\u00e2nia \u0219i Austria \u00ee\u0219i \u00eent\u0103resc parteneriatul pentru securizarea frontierelor UE"},"content":{"rendered":"<p>[analyse_image type=&#8221;featured&#8221; src=&#8221;https:\/\/orasul-timisoara.ro\/wp-content\/uploads\/2026\/04\/1776940814425-1218-S4.jpg&#8221;]<\/p>\n<article id=\"post-38339\" class=\"td-post-template-7 post-38339 post type-post status-publish format-standard has-post-thumbnail category-featured category-stiri-timisoara category-stiri-nationale-si-internationale tag-control-frontiera tag-cooperare-romania-austria tag-frontex tag-frontiera-ue tag-igpf tag-itpf-timisoara tag-migratie-ilegala-2 tag-politia-de-frontiera tag-securitate-frontiere td-container-wrap\">\n<div class=\"td-full-screen-header-image-wrap\">\n<div class=\"td-container td-post-header\">\n<div class=\"td-crumb-container\">\n<div class=\"entry-crumbs\"><span><a title=\"Vede\u021bi toate articolele \u00een \u0218tiri Locale\" class=\"entry-crumb\" href=\"https:\/\/orasul-timisoara.ro\/local-category\/stiri-timisoara\/\">\u0218tiri Locale<\/a><\/span><span class=\"td-bred-no-url-last\">Rom\u00e2nia \u0219i Austria \u00ee\u0219i \u00eent\u0103resc parteneriatul pentru securizarea frontierelor UE<\/span><\/div>\n<\/div>\n<div class=\"td-post-header-holder\">\n<div class=\"td-parallax-header\">\n<header class=\"td-post-title\">\n<ul class=\"td-category\">\n<li class=\"entry-category\"><a href=\"https:\/\/orasul-timisoara.ro\/local-category\/stiri-timisoara\/\">\u0218tiri Locale<\/a><\/li>\n<li class=\"entry-category\"><a href=\"https:\/\/orasul-timisoara.ro\/local-category\/stiri-nationale-si-internationale\/\">\u0218tiri na\u021bionale \u0219i interna\u021bionale<\/a><\/li>\n<\/ul>\n<h1 class=\"entry-title\">Rom\u00e2nia \u0219i Austria \u00ee\u0219i \u00eent\u0103resc parteneriatul pentru securizarea frontierelor UE<\/h1>\n<div class=\"td-module-meta-info\">\n<div class=\"td-post-author-name\">\n<div class=\"td-author-by\">De c\u0103tre<\/div>\n<p><a href=\"https:\/\/orasul-timisoara.ro\/author\/timisoara\/\">redactia<\/a><\/p>\n<div class=\"td-author-line\"> &#8211; <\/div>\n<\/div>\n<p><span class=\"td-post-date\"><time class=\"entry-date updated td-module-date\" datetime=\"2026-04-23T15:21:53+03:00\">23\/04\/2026<\/time><\/span><\/div>\n<\/header>\n<\/div>\n<\/div>\n<\/div>\n<div id=\"td-full-screen-header-image\" class=\"td-image-gradient-style7\"><img decoding=\"async\" class=\"td-backstretch\" src=\"https:\/\/orasul-timisoara.ro\/wp-content\/uploads\/2026\/04\/1776940814425-1218-S4.jpg\"><\/div>\n<\/div>\n<div class=\"td-container\">\n<div class=\"td-pb-row\">\n<div class=\"td-pb-span8 td-main-content\" role=\"main\">\n<div class=\"td-ss-main-content\">\n<div class=\"td-post-sharing-top\">\n<div class=\"td-post-sharing-classic\"><iframe title=\"topFacebookLike\" frameborder src=\"https:\/\/www.facebook.com\/plugins\/like.php?href=https:\/\/orasul-timisoara.ro\/local-38339\/&amp;layout=button_count&amp;show_faces=false&amp;width=105&amp;action=like&amp;colorscheme=light&amp;height=21\"><\/iframe><\/div>\n<div id=\"td_social_sharing_article_top\" class=\"td-post-sharing td-ps-bg td-ps-notext td-post-sharing-style1 \">\n<div class=\"td-post-sharing-visible\"><a class=\"td-social-sharing-button td-social-sharing-button-js td-social-network td-social-facebook\" href=\"https:\/\/www.facebook.com\/sharer.php?u=https%3A%2F%2Forasul-timisoara.ro%2Flocal-38339%2F\" title=\"Facebook\"><\/p>\n<div class=\"td-social-but-text\">Facebook<\/div>\n<p><\/a><a class=\"td-social-sharing-button td-social-sharing-button-js td-social-network td-social-twitter\" href=\"https:\/\/twitter.com\/intent\/tweet?text=Rom%C3%A2nia+%C8%99i+Austria+%C3%AE%C8%99i+%C3%AEnt%C4%83resc+parteneriatul+pentru+securizarea+frontierelor+UE&amp;url=https%3A%2F%2Forasul-timisoara.ro%2Flocal-38339%2F&amp;via=orasultm\" title=\"Twitter\"><\/p>\n<div class=\"td-social-but-text\">Twitter<\/div>\n<p><\/a><a class=\"td-social-sharing-button td-social-sharing-button-js td-social-network td-social-whatsapp\" href=\"https:\/\/api.whatsapp.com\/send?text=Rom%C3%A2nia+%C8%99i+Austria+%C3%AE%C8%99i+%C3%AEnt%C4%83resc+parteneriatul+pentru+securizarea+frontierelor+UE%20%0A%0A%20https:\/\/orasul-timisoara.ro\/local-38339\/\" title=\"WhatsApp\"><\/p>\n<div class=\"td-social-but-text\">WhatsApp<\/div>\n<p><\/a><a class=\"td-social-sharing-button td-social-sharing-button-js td-social-network td-social-linkedin\" href=\"https:\/\/www.linkedin.com\/shareArticle?mini=true&amp;url=https:\/\/orasul-timisoara.ro\/local-38339\/&amp;title=Rom%C3%A2nia+%C8%99i+Austria+%C3%AE%C8%99i+%C3%AEnt%C4%83resc+parteneriatul+pentru+securizarea+frontierelor+UE\" title=\"Linkedin\"><\/p>\n<div class=\"td-social-but-text\">Linkedin<\/div>\n<p><\/a><a class=\"td-social-sharing-button td-social-sharing-button-js td-social-network td-social-reddit\" href=\"https:\/\/reddit.com\/submit?url=https:\/\/orasul-timisoara.ro\/local-38339\/&amp;title=Rom%C3%A2nia+%C8%99i+Austria+%C3%AE%C8%99i+%C3%AEnt%C4%83resc+parteneriatul+pentru+securizarea+frontierelor+UE\" title=\"ReddIt\"><\/p>\n<div class=\"td-social-but-text\">ReddIt<\/div>\n<p><\/a><a class=\"td-social-sharing-button td-social-sharing-button-js td-social-network td-social-mail\" href=\"mailto:?subject=Rom%C3%A2nia%20%C8%99i%20Austria%20%C3%AE%C8%99i%20%C3%AEnt%C4%83resc%20parteneriatul%20pentru%20securizarea%20frontierelor%20UE&amp;body=https:\/\/orasul-timisoara.ro\/local-38339\/\" title=\"Email\"><\/p>\n<div class=\"td-social-but-text\">Email<\/div>\n<p><\/a><a class=\"td-social-sharing-button td-social-sharing-button-js td-social-network td-social-print\" href=\"https:\/\/orasul-timisoara.ro\/local-38339\/\" title=\"Imprimare\"><\/p>\n<div class=\"td-social-but-text\">Imprimare<\/div>\n<p><\/a><\/div>\n<\/div>\n<\/div>\n<div class=\"td-post-content tagdiv-type\">\n<p>Poli\u021bia de Frontier\u0103 Rom\u00e2n\u0103 a g\u0103zduit, \u00een perioada 21\u201323 aprilie 2026, vizita oficial\u0103 a unei delega\u021bii din Republica Austria, condus\u0103 de Christian Dorfel, responsabil pentru Afaceri Sociale, Integrare \u0219i Tineret \u00een Austria Superioar\u0103. Vizita a avut ca obiectiv consolidarea cooper\u0103rii bilaterale \u0219i schimbul de bune practici \u00een domeniul securiz\u0103rii frontierelor externe ale Uniunii Europene.<\/p>\n<h3 class=\"wp-block-heading\">Discu\u021bii operative la Timi\u0219oara<\/h3>\n<p>Prima etap\u0103 a vizitei s-a desf\u0103\u0219urat la sediul Inspectoratul Teritorial al Poli\u021biei de Frontier\u0103 Timi\u0219oara, unde oficialii rom\u00e2ni au prezentat structura organizatoric\u0103 \u0219i principalele activit\u0103\u021bi desf\u0103\u0219urate \u00een zona de competen\u021b\u0103. Dialogul s-a concentrat pe gestionarea fluxurilor migratorii, provoc\u0103rile generate de migra\u021bia ilegal\u0103 \u0219i colaborarea cu Frontex.<\/p>\n<figure class=\"wp-block-gallery has-nested-images columns-7 is-cropped td-modal-on-gallery wp-block-gallery-1 is-layout-flex wp-block-gallery-is-layout-flex\">\n<figure class=\"wp-block-image size-large\"><img loading=\"lazy\" decoding=\"async\" width=\"1200\" height=\"720\" data-id=\"38343\" src=\"https:\/\/orasul-timisoara.ro\/wp-content\/uploads\/2026\/04\/1776943020116-1207-S4.jpg\" alt class=\"wp-image-38343\"><\/figure>\n<figure class=\"wp-block-image size-large\"><img loading=\"lazy\" decoding=\"async\" width=\"1200\" height=\"720\" data-id=\"38346\" src=\"https:\/\/orasul-timisoara.ro\/wp-content\/uploads\/2026\/04\/1776943021377-1206-S4.jpg\" alt class=\"wp-image-38346\"><\/figure>\n<figure class=\"wp-block-image size-large\"><img loading=\"lazy\" decoding=\"async\" width=\"1200\" height=\"720\" data-id=\"38344\" src=\"https:\/\/orasul-timisoara.ro\/wp-content\/uploads\/2026\/04\/177694302283-1205-S4.jpg\" alt class=\"wp-image-38344\"><\/figure>\n<figure class=\"wp-block-image size-large\"><img decoding=\"async\" loading=\"lazy\" width=\"1200\" height=\"720\" data-id=\"38348\" src=\"https:\/\/orasul-timisoara.ro\/wp-content\/uploads\/2026\/04\/1776940814425-1218-S4.jpg\" alt class=\"wp-image-38348\"><\/figure>\n<figure class=\"wp-block-image size-large\"><img decoding=\"async\" loading=\"lazy\" width=\"1200\" height=\"1798\" data-id=\"38345\" src=\"https:\/\/orasul-timisoara.ro\/wp-content\/uploads\/2026\/04\/177694081850-1213-S4.jpg\" alt class=\"wp-image-38345\"><\/figure>\n<figure class=\"wp-block-image size-large\"><img decoding=\"async\" loading=\"lazy\" width=\"1200\" height=\"720\" data-id=\"38340\" src=\"https:\/\/orasul-timisoara.ro\/wp-content\/uploads\/2026\/04\/1776940817127-1214-S4.jpg\" alt class=\"wp-image-38340\"><\/figure>\n<figure class=\"wp-block-image size-large\"><img decoding=\"async\" loading=\"lazy\" width=\"1200\" height=\"720\" data-id=\"38342\" src=\"https:\/\/orasul-timisoara.ro\/wp-content\/uploads\/2026\/04\/1776940816431-1215-S4.jpg\" alt class=\"wp-image-38342\"><\/figure>\n<figure class=\"wp-block-image size-large\"><img decoding=\"async\" loading=\"lazy\" width=\"1200\" height=\"720\" data-id=\"38341\" src=\"https:\/\/orasul-timisoara.ro\/wp-content\/uploads\/2026\/04\/1776940816264-1216-S4.jpg\" alt class=\"wp-image-38341\"><\/figure>\n<figure class=\"wp-block-image size-large\"><img decoding=\"async\" loading=\"lazy\" width=\"1200\" height=\"720\" data-id=\"38347\" src=\"https:\/\/orasul-timisoara.ro\/wp-content\/uploads\/2026\/04\/1776940815108-1217-S4.jpg\" alt class=\"wp-image-38347\"><\/figure>\n<\/figure>\n<p>Delega\u021bia a vizitat \u0219i Punctul de Trecere a Frontierei Stamora Moravi\u021ba, unul dintre punctele strategice de la grani\u021ba de vest, unde au fost prezentate procedurile de control \u0219i infrastructura utilizat\u0103 pentru monitorizarea traficului transfrontalier.<\/p>\n<h3 class=\"wp-block-heading\">\u00cent\u00e2lniri la nivel central, la Bucure\u0219ti<\/h3>\n<p>Programul vizitei a continuat pe 23 aprilie, la sediul Inspectoratul General al Poli\u021biei de Frontier\u0103 din Bucure\u0219ti. \u00cen cadrul \u00eent\u00e2lnirii desf\u0103\u0219urate la Centrul Opera\u021bional de Coordonare, oficialii au analizat activit\u0103\u021bile desf\u0103\u0219urate de Poli\u021bia de Frontier\u0103 Rom\u00e2n\u0103 \u00een combaterea migra\u021biei ilegale \u0219i \u00een asigurarea securit\u0103\u021bii grani\u021belor.<\/p>\n<p>Discu\u021biile au vizat, de asemenea, implicarea Rom\u00e2niei \u00een opera\u021biunile coordonate de Frontex \u0219i necesitatea unor solu\u021bii comune pentru \u00eent\u0103rirea securit\u0103\u021bii frontierelor Uniunii Europene, \u00een contextul presiunilor migratorii din regiune.<\/p>\n<h3 class=\"wp-block-heading\">Parteneriat pentru securitate \u0219i bune practici<\/h3>\n<p>Vizita delega\u021biei austriece a oferit un cadru important pentru schimbul de experien\u021b\u0103 \u0219i identificarea unor m\u0103suri concrete de eficientizare a controlului la frontier\u0103. Oficialii au subliniat importan\u021ba cooper\u0103rii interna\u021bionale \u00een gestionarea fenomenului migra\u021biei \u0219i \u00een combaterea criminalit\u0103\u021bii transfrontaliere.<\/p>\n<p>Poli\u021bia de Frontier\u0103 Rom\u00e2n\u0103 \u0219i-a reafirmat angajamentul de a colabora activ cu partenerii europeni, contribuind astfel la consolidarea securit\u0103\u021bii frontierelor externe ale Uniunii Europene \u0219i la optimizarea mecanismelor de r\u0103spuns \u00een fa\u021ba provoc\u0103rilor actuale.<\/p>\n<\/div>\n<footer>\n<div class=\"td-post-source-tags\">\n<ul class=\"td-tags td-post-small-box clearfix\">\n<li><span>ETICHETE<\/span><\/li>\n<li><a href=\"https:\/\/orasul-timisoara.ro\/local-tag\/control-frontiera\/\">control frontiera<\/a><\/li>\n<li><a href=\"https:\/\/orasul-timisoara.ro\/local-tag\/cooperare-romania-austria\/\">cooperare Romania Austria<\/a><\/li>\n<li><a href=\"https:\/\/orasul-timisoara.ro\/local-tag\/frontex\/\">Frontex<\/a><\/li>\n<li><a href=\"https:\/\/orasul-timisoara.ro\/local-tag\/frontiera-ue\/\">frontiera UE<\/a><\/li>\n<li><a href=\"https:\/\/orasul-timisoara.ro\/local-tag\/igpf\/\">IGPF<\/a><\/li>\n<li><a href=\"https:\/\/orasul-timisoara.ro\/local-tag\/itpf-timisoara\/\">ITPF Timisoara<\/a><\/li>\n<li><a href=\"https:\/\/orasul-timisoara.ro\/local-tag\/migratie-ilegala-2\/\">migratie ilegala<\/a><\/li>\n<li><a href=\"https:\/\/orasul-timisoara.ro\/local-tag\/politia-de-frontiera\/\">politia de frontiera<\/a><\/li>\n<li><a href=\"https:\/\/orasul-timisoara.ro\/local-tag\/securitate-frontiere\/\">securitate frontiere<\/a><\/li>\n<\/ul>\n<\/div>\n<div class=\"td-post-sharing-bottom\">\n<div class=\"td-post-sharing-classic\"><iframe title=\"bottomFacebookLike\" frameborder src=\"https:\/\/www.facebook.com\/plugins\/like.php?href=https:\/\/orasul-timisoara.ro\/local-38339\/&amp;layout=button_count&amp;show_faces=false&amp;width=105&amp;action=like&amp;colorscheme=light&amp;height=21\"><\/iframe><\/div>\n<div id=\"td_social_sharing_article_bottom\" class=\"td-post-sharing td-ps-bg td-ps-notext td-post-sharing-style1 \">\n<div class=\"td-post-sharing-visible\"><a class=\"td-social-sharing-button td-social-sharing-button-js td-social-network td-social-facebook\" href=\"https:\/\/www.facebook.com\/sharer.php?u=https%3A%2F%2Forasul-timisoara.ro%2Flocal-38339%2F\" title=\"Facebook\"><\/p>\n<div class=\"td-social-but-text\">Facebook<\/div>\n<p><\/a><a class=\"td-social-sharing-button td-social-sharing-button-js td-social-network td-social-twitter\" href=\"https:\/\/twitter.com\/intent\/tweet?text=Rom%C3%A2nia+%C8%99i+Austria+%C3%AE%C8%99i+%C3%AEnt%C4%83resc+parteneriatul+pentru+securizarea+frontierelor+UE&amp;url=https%3A%2F%2Forasul-timisoara.ro%2Flocal-38339%2F&amp;via=orasultm\" title=\"Twitter\"><\/p>\n<div class=\"td-social-but-text\">Twitter<\/div>\n<p><\/a><a class=\"td-social-sharing-button td-social-sharing-button-js td-social-network td-social-whatsapp\" href=\"https:\/\/api.whatsapp.com\/send?text=Rom%C3%A2nia+%C8%99i+Austria+%C3%AE%C8%99i+%C3%AEnt%C4%83resc+parteneriatul+pentru+securizarea+frontierelor+UE%20%0A%0A%20https:\/\/orasul-timisoara.ro\/local-38339\/\" title=\"WhatsApp\"><\/p>\n<div class=\"td-social-but-text\">WhatsApp<\/div>\n<p><\/a><a class=\"td-social-sharing-button td-social-sharing-button-js td-social-network td-social-linkedin\" href=\"https:\/\/www.linkedin.com\/shareArticle?mini=true&amp;url=https:\/\/orasul-timisoara.ro\/local-38339\/&amp;title=Rom%C3%A2nia+%C8%99i+Austria+%C3%AE%C8%99i+%C3%AEnt%C4%83resc+parteneriatul+pentru+securizarea+frontierelor+UE\" title=\"Linkedin\"><\/p>\n<div class=\"td-social-but-text\">Linkedin<\/div>\n<p><\/a><a class=\"td-social-sharing-button td-social-sharing-button-js td-social-network td-social-reddit\" href=\"https:\/\/reddit.com\/submit?url=https:\/\/orasul-timisoara.ro\/local-38339\/&amp;title=Rom%C3%A2nia+%C8%99i+Austria+%C3%AE%C8%99i+%C3%AEnt%C4%83resc+parteneriatul+pentru+securizarea+frontierelor+UE\" title=\"ReddIt\"><\/p>\n<div class=\"td-social-but-text\">ReddIt<\/div>\n<p><\/a><a class=\"td-social-sharing-button td-social-sharing-button-js td-social-network td-social-mail\" href=\"mailto:?subject=Rom%C3%A2nia%20%C8%99i%20Austria%20%C3%AE%C8%99i%20%C3%AEnt%C4%83resc%20parteneriatul%20pentru%20securizarea%20frontierelor%20UE&amp;body=https:\/\/orasul-timisoara.ro\/local-38339\/\" title=\"Email\"><\/p>\n<div class=\"td-social-but-text\">Email<\/div>\n<p><\/a><a class=\"td-social-sharing-button td-social-sharing-button-js td-social-network td-social-print\" href=\"https:\/\/orasul-timisoara.ro\/local-38339\/\" title=\"Imprimare\"><\/p>\n<div class=\"td-social-but-text\">Imprimare<\/div>\n<p><\/a><\/div>\n<\/div>\n<\/div>\n<div class=\"td-block-row td-post-next-prev\">\n<div class=\"td-block-span6 td-post-prev-post\">\n<div class=\"td-post-next-prev-content\"><span>Articolul precedent<\/span><a href=\"https:\/\/orasul-timisoara.ro\/local-38337\/\">Mini\u0219trii PSD au demisionat \u00een mas\u0103, partidul preg\u0103tindu-se pentru a treia r\u0103sturnare a unui guvern din care face parte, dup\u0103 Grindeanu (2017) \u0219i Tudose (2018)<\/a><\/div>\n<\/div>\n<div class=\"td-block-span6 td-post-next-post\">\n<div class=\"td-post-next-prev-content\"><span>Articolul urm\u0103tor<\/span><a href=\"https:\/\/orasul-timisoara.ro\/local-38350\/\">Und\u0103 verde pentru Pasarela \u00cendr\u0103gosti\u021bilor: proiectul din Timi\u0219oara poate continua<\/a><\/div>\n<\/div>\n<\/div>\n<div class=\"td-author-name vcard author\"><span class=\"fn\"><a href=\"https:\/\/orasul-timisoara.ro\/author\/timisoara\/\">redactia<\/a><\/span><\/div>\n<p><span class=\"td-page-meta\"><\/span><span class=\"td-page-meta\"><span class=\"td-page-meta\"><\/span><\/span><span class=\"td-page-meta\"><\/span><\/footer>\n<div class=\"td_block_wrap td_block_related_posts tdi_3 td_with_ajax_pagination td-pb-border-top td_block_template_8\" data-td-block-uid=\"tdi_3\">\n<h4 class=\"td-related-title td-block-title\"><a id=\"tdi_4\" class=\"td-related-left td-cur-simple-item\" data-td_filter_value data-td_block_id=\"tdi_3\" href=\"https:\/\/orasul-timisoara.ro\/local-38339\/\">ARTICOLE SIMILARE<\/a><a id=\"tdi_5\" class=\"td-related-right\" data-td_filter_value=\"td_related_more_from_author\" data-td_block_id=\"tdi_3\" href=\"https:\/\/orasul-timisoara.ro\/local-38339\/\">DE LA ACELA\u0218I AUTOR<\/a><\/h4>\n<div id=\"tdi_3\" class=\"td_block_inner\">\n<div class=\"td-related-row\">\n<div class=\"td-related-span4\">\n<div class=\"td_module_related_posts td-animation-stack td_mod_related_posts\">\n<div class=\"td-module-image\">\n<div class=\"td-module-thumb\"><a href=\"https:\/\/orasul-timisoara.ro\/local-37373\/\" rel=\"bookmark\" class=\"td-image-wrap \" title=\"Control biometric complet la grani\u021b\u0103: EES, extins \u00een toate punctele de trecere\"><img loading=\"lazy\" decoding=\"async\" class=\"entry-thumb\" src=\"https:\/\/orasul-timisoara.ro\/wp-content\/uploads\/2026\/03\/EES-frontiera-1-436x300.jpg\" alt title=\"Control biometric complet la grani\u021b\u0103: EES, extins \u00een toate punctele de trecere\" width=\"218\" height=\"150\"><\/a><\/div>\n<\/div>\n<div class=\"item-details\">\n<h3 class=\"entry-title td-module-title\"><a href=\"https:\/\/orasul-timisoara.ro\/local-37373\/\" rel=\"bookmark\" title=\"Control biometric complet la grani\u021b\u0103: EES, extins \u00een toate punctele de trecere\">Control biometric complet la grani\u021b\u0103: EES, extins \u00een toate punctele de trecere<\/a><\/h3>\n<\/div>\n<\/div>\n<\/div>\n<div class=\"td-related-span4\">\n<div class=\"td_module_related_posts td-animation-stack td_mod_related_posts\">\n<div class=\"td-module-image\">\n<div class=\"td-module-thumb\"><a href=\"https:\/\/orasul-timisoara.ro\/local-35085\/\" rel=\"bookmark\" class=\"td-image-wrap \" title=\"Captur\u0103 de 200.000 de lei la frontier\u0103: biciclete \u0219i trotinete furate descoperite la N\u0103dlac\"><img loading=\"lazy\" decoding=\"async\" class=\"entry-thumb\" src=\"https:\/\/orasul-timisoara.ro\/wp-content\/uploads\/2025\/11\/biciclete-furate-2-436x300.jpg\" alt title=\"Captur\u0103 de 200.000 de lei la frontier\u0103: biciclete \u0219i trotinete furate descoperite la N\u0103dlac\" width=\"218\" height=\"150\"><\/a><\/div>\n<\/div>\n<div class=\"item-details\">\n<h3 class=\"entry-title td-module-title\"><a href=\"https:\/\/orasul-timisoara.ro\/local-35085\/\" rel=\"bookmark\" title=\"Captur\u0103 de 200.000 de lei la frontier\u0103: biciclete \u0219i trotinete furate descoperite la N\u0103dlac\">Captur\u0103 de 200.000 de lei la frontier\u0103: biciclete \u0219i trotinete furate descoperite la N\u0103dlac<\/a><\/h3>\n<\/div>\n<\/div>\n<\/div>\n<div class=\"td-related-span4\">\n<div class=\"td_module_related_posts td-animation-stack td_mod_related_posts\">\n<div class=\"td-module-image\">\n<div class=\"td-module-thumb\"><a href=\"https:\/\/orasul-timisoara.ro\/local-27398\/\" rel=\"bookmark\" class=\"td-image-wrap \" title=\"Poli\u021bi\u0219tii de frontier\u0103 sunt preg\u0103ti\u021bi pentru minivacan\u021ba de 1 Mai \u0219i Pa\u0219tele Ortodox\"><img loading=\"lazy\" decoding=\"async\" class=\"entry-thumb\" src=\"https:\/\/orasul-timisoara.ro\/wp-content\/uploads\/2024\/04\/1714481706333-untitled1-S4-436x300.jpg\" alt title=\"Poli\u021bi\u0219tii de frontier\u0103 sunt preg\u0103ti\u021bi pentru minivacan\u021ba de 1 Mai \u0219i Pa\u0219tele Ortodox\" width=\"218\" height=\"150\"><\/a><\/div>\n<\/div>\n<div class=\"item-details\">\n<h3 class=\"entry-title td-module-title\"><a href=\"https:\/\/orasul-timisoara.ro\/local-27398\/\" rel=\"bookmark\" title=\"Poli\u021bi\u0219tii de frontier\u0103 sunt preg\u0103ti\u021bi pentru minivacan\u021ba de 1 Mai \u0219i Pa\u0219tele Ortodox\">Poli\u021bi\u0219tii de frontier\u0103 sunt preg\u0103ti\u021bi pentru minivacan\u021ba de 1 Mai \u0219i Pa\u0219tele Ortodox<\/a><\/h3>\n<\/div>\n<\/div>\n<\/div>\n<\/div>\n<\/div>\n<\/div>\n<div class=\"comments\" id=\"comments\">\n<div id=\"respond\" class=\"comment-respond\">\n<h3 id=\"reply-title\" class=\"comment-reply-title\">L\u0102SA\u021aI UN MESAJ<\/h3>\n<div class=\"comment-form-input-wrap td-form-comment\">\n<div class=\"td-warning-comment\">V\u0103 rug\u0103m s\u0103 introduce\u021bi comentariul dvs.!<\/div>\n<\/div>\n<div class=\"comment-form-input-wrap td-form-author\">\n<div class=\"td-warning-author\">Introduce\u021bi aici numele dvs.<\/div>\n<\/div>\n<div class=\"comment-form-input-wrap td-form-email\">\n<div class=\"td-warning-email-error\">A\u021bi introdus o adres\u0103 de e-mail incorect\u0103!<\/div>\n<div class=\"td-warning-email\">V\u0103 rug\u0103m s\u0103 introduce\u021bi adresa dvs. de e-mail aici<\/div>\n<\/div>\n<\/div>\n<p class=\"akismet_comment_form_privacy_notice\">Acest site folose\u0219te Akismet pentru a reduce spamul. <a href=\"https:\/\/akismet.com\/privacy\/\" target=\"_blank\" rel=\"nofollow noopener\">Afl\u0103 cum sunt procesate datele comentariilor tale<\/a>.<\/p>\n<\/div>\n<\/div>\n<\/div>\n<div class=\"td-pb-span4 td-main-sidebar\" role=\"complementary\">\n<div class=\"td-ss-main-sidebar\">\n<aside id=\"block-4\" class=\"td_block_template_8 widget block-4 widget_block widget_media_image\">\n<figure class=\"wp-block-image size-full\"><img decoding=\"async\" loading=\"lazy\" width=\"336\" height=\"280\" src=\"https:\/\/orasul-timisoara.ro\/wp-content\/uploads\/2024\/11\/ReTIM-Abonamentul-Verde-Google-Ads-336x280px.gif\" alt class=\"wp-image-29257\"><\/figure>\n<\/aside>\n<div class=\"td_block_wrap td_block_social_counter td_block_widget tdi_6 td-social-style5 td-social-boxed td-pb-border-top td_block_template_8\">\n<div class=\"td-block-title-wrap\">\n<h4 class=\"td-block-title\"><span>Urm\u0103re\u0219te-ne pe Social Media<\/span><\/h4>\n<\/div>\n<div class=\"td-social-list\">\n<div class=\"td_social_type td-pb-margin-side td_social_facebook\">\n<div class=\"td-social-box\"><span class=\"td_social_info td_social_info_counter\">344,595<\/span><span class=\"td_social_info td_social_info_name\">Fani<\/span><span class=\"td_social_button\"><a href=\"https:\/\/www.facebook.com\/247timisoara\" target=\"_blank\" rel=\"nofollow\">\u00cemi place<\/a><\/span><\/div>\n<\/div>\n<div class=\"td_social_type td-pb-margin-side td_social_instagram\">\n<div class=\"td-social-box\"><span class=\"td_social_info td_social_info_counter\">4,416<\/span><span class=\"td_social_info td_social_info_name\">Cititori<\/span><span class=\"td_social_button\"><a href=\"https:\/\/instagram.com\/orasultimisoararo\/\" target=\"_blank\" rel=\"nofollow\">Conecta\u021bi-v\u0103<\/a><\/span><\/div>\n<\/div>\n<div class=\"td_social_type td-pb-margin-side td_social_rss\">\n<div class=\"td-social-box\"><span class=\"td_social_info td_social_info_counter\">12,506<\/span><span class=\"td_social_info td_social_info_name\">Cititori<\/span><span class=\"td_social_button\"><a href=\"https:\/\/orasul-timisoara.ro\/feed\/\" target=\"_blank\" rel=\"nofollow\">Conecta\u021bi-v\u0103<\/a><\/span><\/div>\n<\/div>\n<div class=\"td_social_type td-pb-margin-side td_social_tiktok\">\n<div class=\"td-social-box\"><span class=\"td_social_info td_social_info_counter\">1,500<\/span><span class=\"td_social_info td_social_info_name\">Cititori<\/span><span class=\"td_social_button\"><a href=\"https:\/\/www.tiktok.com\/@orasultimisoara\" target=\"_blank\" rel=\"nofollow\">Conecta\u021bi-v\u0103<\/a><\/span><\/div>\n<\/div>\n<div class=\"td_social_type td-pb-margin-side td_social_twitter\">\n<div class=\"td-social-box\"><span class=\"td_social_info td_social_info_counter\">1,595<\/span><span class=\"td_social_info td_social_info_name\">Cititori<\/span><span class=\"td_social_button\"><a href=\"https:\/\/twitter.com\/orasultm\" target=\"_blank\" rel=\"nofollow\">Conecta\u021bi-v\u0103<\/a><\/span><\/div>\n<\/div>\n<div class=\"td_social_type td-pb-margin-side td_social_youtube\">\n<div class=\"td-social-box\"><span class=\"td_social_info td_social_info_counter\">3,506<\/span><span class=\"td_social_info td_social_info_name\">Abona\u021bi<\/span><span class=\"td_social_button\"><a href=\"https:\/\/www.youtube.com\/channel\/UCQNsQvs2XCSIm1Z-AHRturw?sub_confirmation=1\" target=\"_blank\" rel=\"nofollow\">Abona\u021bi-v\u0103<\/a><\/span><\/div>\n<\/div>\n<\/div>\n<\/div>\n<aside id=\"text-7\" class=\"td_block_template_8 widget text-7 widget_text\">\n<h4 class=\"td-block-title\"><span>C\u0103ut\u0103ri populare pe OTM<\/span><\/h4>\n<div class=\"textwidget\"><a href=\"https:\/\/orasul-timisoara.ro\/?s=timisoara\"><span>Timisoara<\/span><\/a><a href=\"https:\/\/orasul-timisoara.ro\/?s=calin+dobra\"><span>Calin Dobra<\/span><\/a><a href=\"https:\/\/orasul-timisoara.ro\/?s=primaria+timisoara\"><span>Primaria Timisoara<\/span><\/a><a href=\"https:\/\/orasul-timisoara.ro\/?s=dominic+fritz\"><span>Dominic Fritz<\/span><\/a><a href=\"https:\/\/orasul-timisoara.ro\/?s=nicolae+robu\"><span>Nicolae Robu<\/span><\/a><a href=\"https:\/\/orasul-timisoara.ro\/?s=consiliul+local+timisoara\">Consiliul Local Timisoara<\/a><a href=\"https:\/\/orasul-timisoara.ro\/?s=consiliul+judetean+timis\"><span>Consiliul Judetean Timis<\/span><\/a><a href=\"https:\/\/orasul-timisoara.ro\/?s=cjt\"><span>CJT<\/span><\/a><a href=\"https:\/\/orasul-timisoara.ro\/?s=Alfred+Simonis\"><span>Alfred Simonis<\/span><\/a><a href=\"https:\/\/orasul-timisoara.ro\/?s=PNL\"><span>PNL<\/span><\/a><a href=\"https:\/\/orasul-timisoara.ro\/?s=coronavirus\"><span>coronavirus<\/span><\/a><a href=\"https:\/\/orasul-timisoara.ro\/?s=teatru+timisoara\">teatru Timisoara<\/a><a href=\"https:\/\/orasul-timisoara.ro\/?s=restaurante\"><span>restaurante Timisoara<\/span><\/a><a href=\"https:\/\/orasul-timisoara.ro\/?s=diskoteka\"><span>Diskoteka<\/span><\/a><a href=\"https:\/\/orasul-timisoara.ro\/?s=iulius+town\"><span>Iulius Town<\/span><\/a><a href=\"https:\/\/orasul-timisoara.ro\/?s=iulius+mall\"><span>Iulius Mall<\/span><\/a><a href=\"https:\/\/orasul-timisoara.ro\/?s=stpt\"><span>STPT<\/span><\/a><a href=\"https:\/\/orasul-timisoara.ro\/?s=alin+nica\"><span>Alin Nica<\/span><\/a><a href=\"https:\/\/orasul-timisoara.ro\/?s=psd\"><span>PSD<\/span><\/a><a href=\"https:\/\/orasul-timisoara.ro\/?s=aeroport\"><span>Aeroportul International Timisoara<\/span><\/a><a href=\"https:\/\/orasul-timisoara.ro\/?s=babes\"><span>Spitalul Victor Babes Timisoara<\/span><\/a><a href=\"https:\/\/orasul-timisoara.ro\/?s=poli\"><span>Poli Timi\u0219oara<\/span><\/a><a href=\"https:\/\/orasul-timisoara.ro\/?s=carantina\"><span>carantina<\/span><\/a><a href=\"https:\/\/orasul-timisoara.ro\/?s=aquatim\"><span>Aquatim<\/span><\/a><a href=\"https:\/\/orasul-timisoara.ro\/local-category\/stiri-timisoara\/\"><span>Stiri Timisoara<\/span><\/a><a href=\"https:\/\/orasul-timisoara.ro\/local-category\/investitii-in-timisoara\/\"><span>Investi\u021bii in Timi\u0219oara<\/span><\/a><a href=\"https:\/\/orasul-timisoara.ro\/local-9463\/\"><span>shaorma<\/span><\/a><a href=\"https:\/\/orasul-timisoara.ro\/?s=trafic\"><span>trafic rutier<\/span><\/a><a href=\"https:\/\/orasul-timisoara.ro\/?s=politia\"><span>politia locala timisoara<\/span><\/a><a href=\"https:\/\/orasul-timisoara.ro\/?s=roxana\"><span>Roxana Iliescu<\/span><\/a><a href=\"https:\/\/orasul-timisoara.ro\/?s=colterm\"><span>Colterm<\/span><\/a><a href=\"https:\/\/orasul-timisoara.ro\/?s=latcau\"><span>Ruben La\u021bc\u0103u<\/span><\/a><a href=\"https:\/\/orasul-timisoara.ro\/?s=timis\"><span>\u0218tiri din Timi\u0219<\/span><\/a><a href=\"https:\/\/orasul-timisoara.ro\/?s=spital\"><span>Spitale din Timi\u0219oara<\/span><\/a><a href=\"https:\/\/orasul-timisoara.ro\/?s=tabara\"><span>Cosmin Tab\u0103r\u0103<\/span><\/a><\/div>\n<\/aside>\n<aside id=\"rss-2\" class=\"td_block_template_8 widget rss-2 widget_rss\">\n<h4 class=\"td-block-title\"><span><a class=\"rsswidget rss-widget-feed\" href=\"https:\/\/fashionfridays.ro\/feed\"><img decoding=\"async\" class=\"rss-widget-icon\" width=\"14\" height=\"14\" src=\"https:\/\/orasul-timisoara.ro\/wp-includes\/images\/rss.png\" alt=\"RSS\" loading=\"lazy\"><\/a><a class=\"rsswidget rss-widget-title\" href=\"https:\/\/fashionfridays.ro\/\">Fashion Fridays<\/a><\/span><\/h4>\n<ul>\n<li><a class=\"rsswidget\" href=\"https:\/\/fashionfridays.ro\/crocs-lanseaza-crocband-gum-clog-confort-iconic-cu-influente-retro-sport-pentru-primavara\/\">Crocs lanseaz\u0103 Crocband Gum Clog: confort iconic cu influen\u021be retro-sport pentru prim\u0103var\u0103<\/a>\n<div class=\"rssSummary\">Martie marcheaz\u0103 acel moment al anului \u00een care stilul \u00eencepe s\u0103 se relaxeze. Zilele devin mai lungi, ritmul ora\u0219ului se schimb\u0103, iar garderoba face tranzi\u021bia c\u0103tre piese care pun confortul pe primul loc, f\u0103r\u0103 s\u0103 renun\u021be la atitudine. Este sezonul \u00een care autenticitatea devine declara\u021bie de stil, iar alegerile vestimentare reflect\u0103 mai mult ca oric\u00e2nd [\u2026]<\/div>\n<\/li>\n<\/ul>\n<\/aside>\n<aside id=\"rss-4\" class=\"td_block_template_8 widget rss-4 widget_rss\">\n<h4 class=\"td-block-title\"><span><a class=\"rsswidget rss-widget-feed\" href=\"https:\/\/emasini.ro\/feed\"><img decoding=\"async\" class=\"rss-widget-icon\" width=\"14\" height=\"14\" src=\"https:\/\/orasul-timisoara.ro\/wp-includes\/images\/rss.png\" alt=\"RSS\" loading=\"lazy\"><\/a><a class=\"rsswidget rss-widget-title\" href=\"https:\/\/emasini.ro\/\">eMasini<\/a><\/span><\/h4>\n<ul>\n<li><a class=\"rsswidget\" href=\"https:\/\/emasini.ro\/traficul-rutier-sub-analiza-recensamant-national-pentru-modernizarea-infrastructurii\/\">Traficul rutier, sub analiz\u0103: recens\u0103m\u00e2nt na\u021bional pentru modernizarea infrastructurii<\/a>\n<div class=\"rssSummary\">Compania Na\u021bional\u0103 de Administrare a Infrastructurii Rutiere, prin Centrul de Studii Tehnice Rutiere \u0219i Informatic\u0103, preg\u0103te\u0219te una dintre cele mai importante ac\u021biuni de colectare de date din domeniul transporturilor: Recens\u0103m\u00e2ntul General de Circula\u021bie Rutier\u0103. Demersul are un rol strategic \u00een fundamentarea deciziilor privind dezvoltarea \u0219i modernizarea infrastructurii rutiere din Rom\u00e2nia. Ac\u021biunea este coordonat\u0103 de CNAIR, [\u2026]<\/div>\n<\/li>\n<\/ul>\n<\/aside>\n<\/div>\n<\/div>\n<\/div>\n<\/div>\n<\/article>\n<div class=\"td-post-content tagdiv-type\">\n<p>Poli\u021bia de Frontier\u0103 Rom\u00e2n\u0103 a g\u0103zduit, \u00een perioada 21\u201323 aprilie 2026, vizita oficial\u0103 a unei delega\u021bii din Republica Austria, condus\u0103 de Christian Dorfel, responsabil pentru Afaceri Sociale, Integrare \u0219i Tineret \u00een Austria Superioar\u0103. Vizita a avut ca obiectiv consolidarea cooper\u0103rii bilaterale \u0219i schimbul de bune practici \u00een domeniul securiz\u0103rii frontierelor externe ale Uniunii Europene.<\/p>\n<h3 class=\"wp-block-heading\">Discu\u021bii operative la Timi\u0219oara<\/h3>\n<p>Prima etap\u0103 a vizitei s-a desf\u0103\u0219urat la sediul Inspectoratul Teritorial al Poli\u021biei de Frontier\u0103 Timi\u0219oara, unde oficialii rom\u00e2ni au prezentat structura organizatoric\u0103 \u0219i principalele activit\u0103\u021bi desf\u0103\u0219urate \u00een zona de competen\u021b\u0103. Dialogul s-a concentrat pe gestionarea fluxurilor migratorii, provoc\u0103rile generate de migra\u021bia ilegal\u0103 \u0219i colaborarea cu Frontex.<\/p>\n<figure class=\"wp-block-gallery has-nested-images columns-7 is-cropped td-modal-on-gallery wp-block-gallery-1 is-layout-flex wp-block-gallery-is-layout-flex\">\n<figure class=\"wp-block-image size-large\"><img loading=\"lazy\" decoding=\"async\" width=\"1200\" height=\"720\" data-id=\"38343\" src=\"https:\/\/orasul-timisoara.ro\/wp-content\/uploads\/2026\/04\/1776943020116-1207-S4.jpg\" alt class=\"wp-image-38343\"><\/figure>\n<figure class=\"wp-block-image size-large\"><img loading=\"lazy\" decoding=\"async\" width=\"1200\" height=\"720\" data-id=\"38346\" src=\"https:\/\/orasul-timisoara.ro\/wp-content\/uploads\/2026\/04\/1776943021377-1206-S4.jpg\" alt class=\"wp-image-38346\"><\/figure>\n<figure class=\"wp-block-image size-large\"><img loading=\"lazy\" decoding=\"async\" width=\"1200\" height=\"720\" data-id=\"38344\" src=\"https:\/\/orasul-timisoara.ro\/wp-content\/uploads\/2026\/04\/177694302283-1205-S4.jpg\" alt class=\"wp-image-38344\"><\/figure>\n<figure class=\"wp-block-image size-large\"><img decoding=\"async\" loading=\"lazy\" width=\"1200\" height=\"720\" data-id=\"38348\" src=\"https:\/\/orasul-timisoara.ro\/wp-content\/uploads\/2026\/04\/1776940814425-1218-S4.jpg\" alt class=\"wp-image-38348\"><\/figure>\n<figure class=\"wp-block-image size-large\"><img decoding=\"async\" loading=\"lazy\" width=\"1200\" height=\"1798\" data-id=\"38345\" src=\"https:\/\/orasul-timisoara.ro\/wp-content\/uploads\/2026\/04\/177694081850-1213-S4.jpg\" alt class=\"wp-image-38345\"><\/figure>\n<figure class=\"wp-block-image size-large\"><img decoding=\"async\" loading=\"lazy\" width=\"1200\" height=\"720\" data-id=\"38340\" src=\"https:\/\/orasul-timisoara.ro\/wp-content\/uploads\/2026\/04\/1776940817127-1214-S4.jpg\" alt class=\"wp-image-38340\"><\/figure>\n<figure class=\"wp-block-image size-large\"><img decoding=\"async\" loading=\"lazy\" width=\"1200\" height=\"720\" data-id=\"38342\" src=\"https:\/\/orasul-timisoara.ro\/wp-content\/uploads\/2026\/04\/1776940816431-1215-S4.jpg\" alt class=\"wp-image-38342\"><\/figure>\n<figure class=\"wp-block-image size-large\"><img decoding=\"async\" loading=\"lazy\" width=\"1200\" height=\"720\" data-id=\"38341\" src=\"https:\/\/orasul-timisoara.ro\/wp-content\/uploads\/2026\/04\/1776940816264-1216-S4.jpg\" alt class=\"wp-image-38341\"><\/figure>\n<figure class=\"wp-block-image size-large\"><img decoding=\"async\" loading=\"lazy\" width=\"1200\" height=\"720\" data-id=\"38347\" src=\"https:\/\/orasul-timisoara.ro\/wp-content\/uploads\/2026\/04\/1776940815108-1217-S4.jpg\" alt class=\"wp-image-38347\"><\/figure>\n<\/figure>\n<p>Delega\u021bia a vizitat \u0219i Punctul de Trecere a Frontierei Stamora Moravi\u021ba, unul dintre punctele strategice de la grani\u021ba de vest, unde au fost prezentate procedurile de control \u0219i infrastructura utilizat\u0103 pentru monitorizarea traficului transfrontalier.<\/p>\n<h3 class=\"wp-block-heading\">\u00cent\u00e2lniri la nivel central, la Bucure\u0219ti<\/h3>\n<p>Programul vizitei a continuat pe 23 aprilie, la sediul Inspectoratul General al Poli\u021biei de Frontier\u0103 din Bucure\u0219ti. \u00cen cadrul \u00eent\u00e2lnirii desf\u0103\u0219urate la Centrul Opera\u021bional de Coordonare, oficialii au analizat activit\u0103\u021bile desf\u0103\u0219urate de Poli\u021bia de Frontier\u0103 Rom\u00e2n\u0103 \u00een combaterea migra\u021biei ilegale \u0219i \u00een asigurarea securit\u0103\u021bii grani\u021belor.<\/p>\n<p>Discu\u021biile au vizat, de asemenea, implicarea Rom\u00e2niei \u00een opera\u021biunile coordonate de Frontex \u0219i necesitatea unor solu\u021bii comune pentru \u00eent\u0103rirea securit\u0103\u021bii frontierelor Uniunii Europene, \u00een contextul presiunilor migratorii din regiune.<\/p>\n<h3 class=\"wp-block-heading\">Parteneriat pentru securitate \u0219i bune practici<\/h3>\n<p>Vizita delega\u021biei austriece a oferit un cadru important pentru schimbul de experien\u021b\u0103 \u0219i identificarea unor m\u0103suri concrete de eficientizare a controlului la frontier\u0103. Oficialii au subliniat importan\u021ba cooper\u0103rii interna\u021bionale \u00een gestionarea fenomenului migra\u021biei \u0219i \u00een combaterea criminalit\u0103\u021bii transfrontaliere.<\/p>\n<p>Poli\u021bia de Frontier\u0103 Rom\u00e2n\u0103 \u0219i-a reafirmat angajamentul de a colabora activ cu partenerii europeni, contribuind astfel la consolidarea securit\u0103\u021bii frontierelor externe ale Uniunii Europene \u0219i la optimizarea mecanismelor de r\u0103spuns \u00een fa\u021ba provoc\u0103rilor actuale.<\/p>\n<\/div>\n<p>[analyse_source url=&#8221;https:\/\/orasul-timisoara.ro\/local-38339\/&#8221;]<\/p>\n","protected":false},"excerpt":{"rendered":"<p>[analyse_image type=&#8221;featured&#8221; src=&#8221;https:\/\/orasul-timisoara.ro\/wp-content\/uploads\/2026\/04\/1776940814425-1218-S4.jpg&#8221;] \u0218tiri LocaleRom\u00e2nia \u0219i Austria \u00ee\u0219i \u00eent\u0103resc parteneriatul pentru securizarea frontierelor UE \u0218tiri Locale \u0218tiri na\u021bionale \u0219i interna\u021bionale Rom\u00e2nia \u0219i Austria \u00ee\u0219i \u00eent\u0103resc parteneriatul pentru securizarea frontierelor UE De c\u0103tre redactia &#8211; 23\/04\/2026 Facebook Twitter WhatsApp Linkedin ReddIt Email Imprimare Poli\u021bia de Frontier\u0103 Rom\u00e2n\u0103 a g\u0103zduit, \u00een perioada 21\u201323 aprilie 2026, vizita oficial\u0103 [&hellip;]<\/p>\n","protected":false},"author":1,"featured_media":0,"comment_status":"open","ping_status":"","sticky":false,"template":"","format":"standard","meta":{"footnotes":""},"categories":[89],"tags":[226,189],"class_list":["post-1902054","post","type-post","status-publish","format-standard","hentry","category-romania","tag-crawlmanager","tag-orasul-timisoara-ro"],"_links":{"self":[{"href":"https:\/\/analyse.optim.biz\/index.php?rest_route=\/wp\/v2\/posts\/1902054","targetHints":{"allow":["GET"]}}],"collection":[{"href":"https:\/\/analyse.optim.biz\/index.php?rest_route=\/wp\/v2\/posts"}],"about":[{"href":"https:\/\/analyse.optim.biz\/index.php?rest_route=\/wp\/v2\/types\/post"}],"author":[{"embeddable":true,"href":"https:\/\/analyse.optim.biz\/index.php?rest_route=\/wp\/v2\/users\/1"}],"replies":[{"embeddable":true,"href":"https:\/\/analyse.optim.biz\/index.php?rest_route=%2Fwp%2Fv2%2Fcomments&post=1902054"}],"version-history":[{"count":0,"href":"https:\/\/analyse.optim.biz\/index.php?rest_route=\/wp\/v2\/posts\/1902054\/revisions"}],"wp:attachment":[{"href":"https:\/\/analyse.optim.biz\/index.php?rest_route=%2Fwp%2Fv2%2Fmedia&parent=1902054"}],"wp:term":[{"taxonomy":"category","embeddable":true,"href":"https:\/\/analyse.optim.biz\/index.php?rest_route=%2Fwp%2Fv2%2Fcategories&post=1902054"},{"taxonomy":"post_tag","embeddable":true,"href":"https:\/\/analyse.optim.biz\/index.php?rest_route=%2Fwp%2Fv2%2Ftags&post=1902054"}],"curies":[{"name":"wp","href":"https:\/\/api.w.org\/{rel}","templated":true}]}}