{"id":1902042,"date":"2026-04-25T05:10:56","date_gmt":"2026-04-25T02:10:56","guid":{"rendered":"https:\/\/analyse.optim.biz\/?p=1902042"},"modified":"2026-04-25T05:10:56","modified_gmt":"2026-04-25T02:10:56","slug":"lucian-harsovschi-raspunde-acuzatiilor-lui-dan-ioan-cusnir-copiaza-proiecte-lasate-de-noi-si-se-lauda-cu-ele","status":"publish","type":"post","link":"https:\/\/analyse.optim.biz\/?p=1902042","title":{"rendered":"Lucian Har\u0219ovschi r\u0103spunde acuza\u021biilor lui Dan Ioan Cu\u0219nir: \u201eCopiaz\u0103 proiecte l\u0103sate de noi \u0219i se laud\u0103 cu ele\u201d"},"content":{"rendered":"<p>[analyse_image type=&#8221;featured&#8221; src=&#8221;https:\/\/www.newsbucovina.ro\/wp-content\/uploads\/2024\/09\/harsovschi.pnghttps:\/\/cdn.newsbucovina.ro\/wp-content\/uploads\/2024\/09\/harsovschi.png&#8221;]<\/p>\n<div class=\"td-post-content tagdiv-type\">\n<div class=\"td-a-rec td-a-rec-id-content_top  tdi_3 td_block_template_1\"><strong>Intr\u0103 acum \u0219i \u00een grupul de <\/p>\n<div class=\"wp-block-button\"><a class=\"wp-block-button__link wp-element-button\" href=\"https:\/\/t.me\/+TH8wcfnp8fw5NWI0\">Telegram News Bucovina<\/a><\/div>\n<p><\/strong><\/div>\n<p>Fostul viceprimar al Sucevei Lucian Har\u0219ovschi a transmis un drept la replic\u0103 la seria de acuza\u021bii aduse de actualul viceprimar Dan Ioan Cu\u0219nir, acuz\u00e2ndu-l pe acesta de obsesie politic\u0103 \u0219i de \u00eencercarea de a-\u0219i atribui merite pentru proiecte ini\u021biate \u0219i demarate \u00een mandatul administra\u021biei precedente.<\/p>\n<p>Har\u0219ovschi \u00eei recomand\u0103 lui Cu\u0219nir \u201es\u0103 mai lase Facebook-ul \u0219i episoadele\u201d \u0219i s\u0103 se apuce efectiv de treab\u0103, amintindu-i c\u0103 exist\u0103 numeroase proiecte mo\u0219tenite care \u00eenc\u0103 nu au fost \u00eencepute.<\/p>\n<p>\u201eMemoria \u00eei joac\u0103 feste, dar \u00eei readuc aminte c\u0103, \u00een 2018, se opunea acestor proiecte de construire de parc\u0103ri \u0219i nu le permitea consilierilor PSD s\u0103 le voteze. De asemenea, \u00eei reamintesc c\u0103 ace\u0219tia se s\u0103turaser\u0103 de amenin\u021b\u0103rile lui \u0219i au votat proiectul de \u00abModernizare a Sucevei de la scara blocului\u00bb \u00een cele din urm\u0103\u201d, a scris Har\u0219ovschi.<\/p>\n<figure class=\"wp-block-gallery has-nested-images columns-default is-cropped wp-block-gallery-1 is-layout-flex wp-block-gallery-is-layout-flex\">\n<figure class=\"wp-block-image size-large\"><a href=\"https:\/\/cdn.newsbucovina.ro\/wp-content\/uploads\/2026\/04\/WhatsApp-Image-2026-04-24-at-18.18.35.jpeg\"><img loading=\"lazy\" decoding=\"async\" width=\"793\" height=\"1024\" data-id=\"437027\" src=\"https:\/\/cdn.newsbucovina.ro\/wp-content\/uploads\/2026\/04\/WhatsApp-Image-2026-04-24-at-18.18.35-793x1024.jpeg\" alt class=\"wp-image-437027\"><\/a><\/figure>\n<figure class=\"wp-block-image size-large\"><a href=\"https:\/\/cdn.newsbucovina.ro\/wp-content\/uploads\/2026\/04\/WhatsApp-Image-2026-04-24-at-18.18.351.jpeg\"><img loading=\"lazy\" decoding=\"async\" width=\"934\" height=\"1024\" data-id=\"437030\" src=\"https:\/\/cdn.newsbucovina.ro\/wp-content\/uploads\/2026\/04\/WhatsApp-Image-2026-04-24-at-18.18.351-934x1024.jpeg\" alt class=\"wp-image-437030\"><\/a><\/figure>\n<figure class=\"wp-block-image size-large\"><a href=\"https:\/\/cdn.newsbucovina.ro\/wp-content\/uploads\/2026\/04\/WhatsApp-Image-2026-04-24-at-18.18.352.jpeg\"><img loading=\"lazy\" decoding=\"async\" width=\"883\" height=\"1024\" data-id=\"437029\" src=\"https:\/\/cdn.newsbucovina.ro\/wp-content\/uploads\/2026\/04\/WhatsApp-Image-2026-04-24-at-18.18.352-883x1024.jpeg\" alt class=\"wp-image-437029\"><\/a><\/figure>\n<figure class=\"wp-block-image size-large\"><a href=\"https:\/\/cdn.newsbucovina.ro\/wp-content\/uploads\/2026\/04\/WhatsApp-Image-2026-04-24-at-18.18.354.jpeg\"><img decoding=\"async\" loading=\"lazy\" width=\"863\" height=\"1024\" data-id=\"437031\" src=\"https:\/\/cdn.newsbucovina.ro\/wp-content\/uploads\/2026\/04\/WhatsApp-Image-2026-04-24-at-18.18.354-863x1024.jpeg\" alt class=\"wp-image-437031\"><\/a><\/figure>\n<figure class=\"wp-block-image size-large\"><a href=\"https:\/\/cdn.newsbucovina.ro\/wp-content\/uploads\/2026\/04\/WhatsApp-Image-2026-04-24-at-18.18.3512.jpeg\"><img decoding=\"async\" loading=\"lazy\" width=\"812\" height=\"1024\" data-id=\"437028\" src=\"https:\/\/cdn.newsbucovina.ro\/wp-content\/uploads\/2026\/04\/WhatsApp-Image-2026-04-24-at-18.18.3512-812x1024.jpeg\" alt class=\"wp-image-437028\"><\/a><\/figure>\n<\/figure>\n<p>Fostul viceprimar subliniaz\u0103 c\u0103 proiectul de regenerare urban\u0103 cu care se laud\u0103 actuala administra\u021bie <strong>nu este altceva dec\u00e2t proiectul \u201eModernizare a Sucevei de la scara blocului\u201d<\/strong>, ini\u021biat de deputatul Ioan B\u0103lan \u0219i implementat de echipa din care a f\u0103cut parte el. Lucr\u0103rile aflate acum \u00een desf\u0103\u0219urare pe mai multe str\u0103zi (Aurora, P\u0103cii, Stejarului, \u0218tefan Tom\u0219a, Maria Voichi\u021ba, 6 Noiembrie, Oituz etc.) provin din acest proiect.<\/p>\n<p><strong>Detalii concrete prezentate de Har\u0219ovschi:<\/strong><\/p>\n<ul class=\"wp-block-list\">\n<li>Autoriza\u021bia de construire pentru lucr\u0103rile de pe strada Aurora a fost emis\u0103 la data de <strong>3 octombrie 2024<\/strong>, \u00eenainte de instalarea lui Cu\u0219nir \u00een func\u021bie.<\/li>\n<li>Lucr\u0103rile pe strada P\u0103cii \u0219i Stejarului au \u00eenceput \u00een 2024, cu mult \u00eenainte de alegeri.<\/li>\n<li>Str\u0103zile 6 Noiembrie \u0219i Oituz au fost \u00eencepute \u00een mandatul s\u0103u, oprite temporar \u0219i reluate ulterior.<\/li>\n<\/ul>\n<p>\u201eDac\u0103 nu am spus nimic p\u00e2n\u0103 acum, a fost pentru ca aceste proiecte s\u0103 nu fie oprite, a\u0219a cum au fost altele, pe care le voi men\u021biona \u00eentr-o informare viitoare. A\u0219a cum am spus, sunt proiecte g\u00e2ndite pentru comunitatea local\u0103, iar faptul c\u0103 ast\u0103zi merg \u00eenainte nu \u021bine de culoarea politic\u0103. Ele trebuie implementate\u201d, a precizat Lucian Har\u0219ovschi.<\/p>\n<p>Fostul viceprimar \u00eel acuz\u0103 pe Dan Ioan Cu\u0219nir de arogan\u021b\u0103, lips\u0103 de empatie \u0219i de preg\u0103tire insuficient\u0103 \u00een administra\u021bie, afirm\u00e2nd c\u0103 sucevenii \u201e\u00eel vor plecat\u201d din cauza atitudinii sale.<\/p>\n<p>\u201eAr trebui s\u0103 coboare de pe piedestalul pe care singur s-a urcat, s\u0103 se uite c\u00e2nd a fost pus \u00een func\u021bie \u0219i s\u0103 se apuce de treab\u0103. S\u0103 lase laudele, pentru c\u0103 nu face dec\u00e2t s\u0103 copieze din ceea ce i-a fost l\u0103sat\u201d, a concluzionat Har\u0219ovschi.<\/p>\n<p>Schimbul dur de replici dintre cei doi viceprimari (actual \u0219i fost) continu\u0103 s\u0103 polarizeze scena politic\u0103 local\u0103 \u0219i atrage aten\u021bia sucevenilor, care asist\u0103 la un conflict public tot mai vizibil \u00eentre actuala administra\u021bie \u0219i cea precedent\u0103.<\/p>\n<div class=\"td-a-rec td-a-rec-id-content_bottom  tdi_4 td_block_template_1\"><strong>Intr\u0103 acum \u0219i \u00een grupul de <\/p>\n<div class=\"wp-block-button\"><a class=\"wp-block-button__link wp-element-button\" href=\"https:\/\/t.me\/+TH8wcfnp8fw5NWI0\">Telegram News Bucovina<\/a><\/div>\n<p><\/strong><\/div>\n<\/div>\n<div class=\"td-post-content tagdiv-type\">\n<div class=\"td-a-rec td-a-rec-id-content_top  tdi_3 td_block_template_1\"><strong>Intr\u0103 acum \u0219i \u00een grupul de <\/p>\n<div class=\"wp-block-button\"><a class=\"wp-block-button__link wp-element-button\" href=\"https:\/\/t.me\/+TH8wcfnp8fw5NWI0\">Telegram News Bucovina<\/a><\/div>\n<p><\/strong><\/div>\n<p>Fostul viceprimar al Sucevei Lucian Har\u0219ovschi a transmis un drept la replic\u0103 la seria de acuza\u021bii aduse de actualul viceprimar Dan Ioan Cu\u0219nir, acuz\u00e2ndu-l pe acesta de obsesie politic\u0103 \u0219i de \u00eencercarea de a-\u0219i atribui merite pentru proiecte ini\u021biate \u0219i demarate \u00een mandatul administra\u021biei precedente.<\/p>\n<p>Har\u0219ovschi \u00eei recomand\u0103 lui Cu\u0219nir \u201es\u0103 mai lase Facebook-ul \u0219i episoadele\u201d \u0219i s\u0103 se apuce efectiv de treab\u0103, amintindu-i c\u0103 exist\u0103 numeroase proiecte mo\u0219tenite care \u00eenc\u0103 nu au fost \u00eencepute.<\/p>\n<p>\u201eMemoria \u00eei joac\u0103 feste, dar \u00eei readuc aminte c\u0103, \u00een 2018, se opunea acestor proiecte de construire de parc\u0103ri \u0219i nu le permitea consilierilor PSD s\u0103 le voteze. De asemenea, \u00eei reamintesc c\u0103 ace\u0219tia se s\u0103turaser\u0103 de amenin\u021b\u0103rile lui \u0219i au votat proiectul de \u00abModernizare a Sucevei de la scara blocului\u00bb \u00een cele din urm\u0103\u201d, a scris Har\u0219ovschi.<\/p>\n<figure class=\"wp-block-gallery has-nested-images columns-default is-cropped wp-block-gallery-1 is-layout-flex wp-block-gallery-is-layout-flex\">\n<figure class=\"wp-block-image size-large\"><a href=\"https:\/\/cdn.newsbucovina.ro\/wp-content\/uploads\/2026\/04\/WhatsApp-Image-2026-04-24-at-18.18.35.jpeg\"><img loading=\"lazy\" decoding=\"async\" width=\"793\" height=\"1024\" data-id=\"437027\" src=\"https:\/\/cdn.newsbucovina.ro\/wp-content\/uploads\/2026\/04\/WhatsApp-Image-2026-04-24-at-18.18.35-793x1024.jpeg\" alt class=\"wp-image-437027\"><\/a><\/figure>\n<figure class=\"wp-block-image size-large\"><a href=\"https:\/\/cdn.newsbucovina.ro\/wp-content\/uploads\/2026\/04\/WhatsApp-Image-2026-04-24-at-18.18.351.jpeg\"><img loading=\"lazy\" decoding=\"async\" width=\"934\" height=\"1024\" data-id=\"437030\" src=\"https:\/\/cdn.newsbucovina.ro\/wp-content\/uploads\/2026\/04\/WhatsApp-Image-2026-04-24-at-18.18.351-934x1024.jpeg\" alt class=\"wp-image-437030\"><\/a><\/figure>\n<figure class=\"wp-block-image size-large\"><a href=\"https:\/\/cdn.newsbucovina.ro\/wp-content\/uploads\/2026\/04\/WhatsApp-Image-2026-04-24-at-18.18.352.jpeg\"><img loading=\"lazy\" decoding=\"async\" width=\"883\" height=\"1024\" data-id=\"437029\" src=\"https:\/\/cdn.newsbucovina.ro\/wp-content\/uploads\/2026\/04\/WhatsApp-Image-2026-04-24-at-18.18.352-883x1024.jpeg\" alt class=\"wp-image-437029\"><\/a><\/figure>\n<figure class=\"wp-block-image size-large\"><a href=\"https:\/\/cdn.newsbucovina.ro\/wp-content\/uploads\/2026\/04\/WhatsApp-Image-2026-04-24-at-18.18.354.jpeg\"><img decoding=\"async\" loading=\"lazy\" width=\"863\" height=\"1024\" data-id=\"437031\" src=\"https:\/\/cdn.newsbucovina.ro\/wp-content\/uploads\/2026\/04\/WhatsApp-Image-2026-04-24-at-18.18.354-863x1024.jpeg\" alt class=\"wp-image-437031\"><\/a><\/figure>\n<figure class=\"wp-block-image size-large\"><a href=\"https:\/\/cdn.newsbucovina.ro\/wp-content\/uploads\/2026\/04\/WhatsApp-Image-2026-04-24-at-18.18.3512.jpeg\"><img decoding=\"async\" loading=\"lazy\" width=\"812\" height=\"1024\" data-id=\"437028\" src=\"https:\/\/cdn.newsbucovina.ro\/wp-content\/uploads\/2026\/04\/WhatsApp-Image-2026-04-24-at-18.18.3512-812x1024.jpeg\" alt class=\"wp-image-437028\"><\/a><\/figure>\n<\/figure>\n<p>Fostul viceprimar subliniaz\u0103 c\u0103 proiectul de regenerare urban\u0103 cu care se laud\u0103 actuala administra\u021bie <strong>nu este altceva dec\u00e2t proiectul \u201eModernizare a Sucevei de la scara blocului\u201d<\/strong>, ini\u021biat de deputatul Ioan B\u0103lan \u0219i implementat de echipa din care a f\u0103cut parte el. Lucr\u0103rile aflate acum \u00een desf\u0103\u0219urare pe mai multe str\u0103zi (Aurora, P\u0103cii, Stejarului, \u0218tefan Tom\u0219a, Maria Voichi\u021ba, 6 Noiembrie, Oituz etc.) provin din acest proiect.<\/p>\n<p><strong>Detalii concrete prezentate de Har\u0219ovschi:<\/strong><\/p>\n<ul class=\"wp-block-list\">\n<li>Autoriza\u021bia de construire pentru lucr\u0103rile de pe strada Aurora a fost emis\u0103 la data de <strong>3 octombrie 2024<\/strong>, \u00eenainte de instalarea lui Cu\u0219nir \u00een func\u021bie.<\/li>\n<li>Lucr\u0103rile pe strada P\u0103cii \u0219i Stejarului au \u00eenceput \u00een 2024, cu mult \u00eenainte de alegeri.<\/li>\n<li>Str\u0103zile 6 Noiembrie \u0219i Oituz au fost \u00eencepute \u00een mandatul s\u0103u, oprite temporar \u0219i reluate ulterior.<\/li>\n<\/ul>\n<p>\u201eDac\u0103 nu am spus nimic p\u00e2n\u0103 acum, a fost pentru ca aceste proiecte s\u0103 nu fie oprite, a\u0219a cum au fost altele, pe care le voi men\u021biona \u00eentr-o informare viitoare. A\u0219a cum am spus, sunt proiecte g\u00e2ndite pentru comunitatea local\u0103, iar faptul c\u0103 ast\u0103zi merg \u00eenainte nu \u021bine de culoarea politic\u0103. Ele trebuie implementate\u201d, a precizat Lucian Har\u0219ovschi.<\/p>\n<p>Fostul viceprimar \u00eel acuz\u0103 pe Dan Ioan Cu\u0219nir de arogan\u021b\u0103, lips\u0103 de empatie \u0219i de preg\u0103tire insuficient\u0103 \u00een administra\u021bie, afirm\u00e2nd c\u0103 sucevenii \u201e\u00eel vor plecat\u201d din cauza atitudinii sale.<\/p>\n<p>\u201eAr trebui s\u0103 coboare de pe piedestalul pe care singur s-a urcat, s\u0103 se uite c\u00e2nd a fost pus \u00een func\u021bie \u0219i s\u0103 se apuce de treab\u0103. S\u0103 lase laudele, pentru c\u0103 nu face dec\u00e2t s\u0103 copieze din ceea ce i-a fost l\u0103sat\u201d, a concluzionat Har\u0219ovschi.<\/p>\n<p>Schimbul dur de replici dintre cei doi viceprimari (actual \u0219i fost) continu\u0103 s\u0103 polarizeze scena politic\u0103 local\u0103 \u0219i atrage aten\u021bia sucevenilor, care asist\u0103 la un conflict public tot mai vizibil \u00eentre actuala administra\u021bie \u0219i cea precedent\u0103.<\/p>\n<div class=\"td-a-rec td-a-rec-id-content_bottom  tdi_4 td_block_template_1\"><strong>Intr\u0103 acum \u0219i \u00een grupul de <\/p>\n<div class=\"wp-block-button\"><a class=\"wp-block-button__link wp-element-button\" href=\"https:\/\/t.me\/+TH8wcfnp8fw5NWI0\">Telegram News Bucovina<\/a><\/div>\n<p><\/strong><\/div>\n<\/div>\n<p>[analyse_source url=&#8221;https:\/\/www.newsbucovina.ro\/politica\/437026\/lucian-harsovschi-raspunde-acuzatiilor-lui-dan-ioan-cusnir-copiaza-proiecte-lasate-de-noi-si-se-lauda-cu-ele&#8221;]<\/p>\n","protected":false},"excerpt":{"rendered":"<p>[analyse_image type=&#8221;featured&#8221; src=&#8221;https:\/\/www.newsbucovina.ro\/wp-content\/uploads\/2024\/09\/harsovschi.pnghttps:\/\/cdn.newsbucovina.ro\/wp-content\/uploads\/2024\/09\/harsovschi.png&#8221;] Intr\u0103 acum \u0219i \u00een grupul de Telegram News Bucovina Fostul viceprimar al Sucevei Lucian Har\u0219ovschi a transmis un drept la replic\u0103 la seria de acuza\u021bii aduse de actualul viceprimar Dan Ioan Cu\u0219nir, acuz\u00e2ndu-l pe acesta de obsesie politic\u0103 \u0219i de \u00eencercarea de a-\u0219i atribui merite pentru proiecte ini\u021biate \u0219i demarate \u00een mandatul [&hellip;]<\/p>\n","protected":false},"author":1,"featured_media":0,"comment_status":"open","ping_status":"","sticky":false,"template":"","format":"standard","meta":{"footnotes":""},"categories":[89],"tags":[226,165],"class_list":["post-1902042","post","type-post","status-publish","format-standard","hentry","category-romania","tag-crawlmanager","tag-newsbucovina-ro"],"_links":{"self":[{"href":"https:\/\/analyse.optim.biz\/index.php?rest_route=\/wp\/v2\/posts\/1902042","targetHints":{"allow":["GET"]}}],"collection":[{"href":"https:\/\/analyse.optim.biz\/index.php?rest_route=\/wp\/v2\/posts"}],"about":[{"href":"https:\/\/analyse.optim.biz\/index.php?rest_route=\/wp\/v2\/types\/post"}],"author":[{"embeddable":true,"href":"https:\/\/analyse.optim.biz\/index.php?rest_route=\/wp\/v2\/users\/1"}],"replies":[{"embeddable":true,"href":"https:\/\/analyse.optim.biz\/index.php?rest_route=%2Fwp%2Fv2%2Fcomments&post=1902042"}],"version-history":[{"count":0,"href":"https:\/\/analyse.optim.biz\/index.php?rest_route=\/wp\/v2\/posts\/1902042\/revisions"}],"wp:attachment":[{"href":"https:\/\/analyse.optim.biz\/index.php?rest_route=%2Fwp%2Fv2%2Fmedia&parent=1902042"}],"wp:term":[{"taxonomy":"category","embeddable":true,"href":"https:\/\/analyse.optim.biz\/index.php?rest_route=%2Fwp%2Fv2%2Fcategories&post=1902042"},{"taxonomy":"post_tag","embeddable":true,"href":"https:\/\/analyse.optim.biz\/index.php?rest_route=%2Fwp%2Fv2%2Ftags&post=1902042"}],"curies":[{"name":"wp","href":"https:\/\/api.w.org\/{rel}","templated":true}]}}