{"id":1902041,"date":"2026-04-25T05:08:48","date_gmt":"2026-04-25T02:08:48","guid":{"rendered":"https:\/\/analyse.optim.biz\/?p=1902041"},"modified":"2026-04-25T05:08:48","modified_gmt":"2026-04-25T02:08:48","slug":"viceprimarul-dan-ioan-cusnir-revine-cu-acuze-la-administratia-precedenta-ce-a-uitat-lucian-harsovschi-sa-treaca-in-raportul-de-activitate","status":"publish","type":"post","link":"https:\/\/analyse.optim.biz\/?p=1902041","title":{"rendered":"Viceprimarul Dan Ioan Cu\u0219nir revine cu acuze la administra\u021bia precedent\u0103: \u201eCe a uitat Lucian Har\u0219ovschi s\u0103 treac\u0103 \u00een raportul de activitate?"},"content":{"rendered":"<p>[analyse_image type=&#8221;featured&#8221; src=&#8221;https:\/\/www.newsbucovina.ro\/wp-content\/uploads\/2026\/03\/cusnir.pnghttps:\/\/cdn.newsbucovina.ro\/wp-content\/uploads\/2026\/03\/cusnir.png&#8221;]<\/p>\n<div class=\"td-post-content tagdiv-type\">\n<div class=\"td-a-rec td-a-rec-id-content_top  tdi_3 td_block_template_1\"><strong>Intr\u0103 acum \u0219i \u00een grupul de <\/p>\n<div class=\"wp-block-button\"><a class=\"wp-block-button__link wp-element-button\" href=\"https:\/\/t.me\/+TH8wcfnp8fw5NWI0\">Telegram News Bucovina<\/a><\/div>\n<p><\/strong><\/div>\n<p>\u00a0Viceprimarul municipiului Suceava, Dan Ioan Cu\u0219nir, a continuat seria dezv\u0103luirilor privind presupuse nereguli din mandatul administra\u021biei anterioare, condus\u0103 de Ion Lungu \u0219i Lucian Har\u0219ovschi. \u00centr-o postare public\u0103, el atrage aten\u021bia asupra unor contracte de salubrizare precum \u0219i cele de \u00eenchidere a depozitului de de\u0219euri de la Ipotesti, sus\u021bin\u00e2nd c\u0103 acestea ar fi fost gestionate cu \u00eenc\u0103lc\u0103ri ale procedurilor legale.<\/p>\n<figure class=\"wp-block-image size-large\"><a href=\"https:\/\/cdn.newsbucovina.ro\/wp-content\/uploads\/2026\/03\/cusnir.png\"><img loading=\"lazy\" decoding=\"async\" width=\"1024\" height=\"576\" src=\"https:\/\/cdn.newsbucovina.ro\/wp-content\/uploads\/2026\/03\/cusnir-1024x576.png\" alt class=\"wp-image-433232\"><\/a><\/figure>\n<p>Cu\u0219nir men\u021bioneaz\u0103 c\u0103 dosarul penal nr. 868\/136\/P\/2025 a fost reunit cu dosarul nr. 8\/16\/P\/2015 de la Parchetul de pe l\u00e2ng\u0103 Tribunalul Suceava, Lucian Har\u0219ovschi fiind viceprimarul responsabil de domeniul salubriz\u0103rii \u00een perioada respectiv\u0103.<\/p>\n<p><strong>Principalele acuza\u021bii privind Contractul nr. 5850\/15.02.2023<\/strong> (\u00eenchiderea Depozitului temporar de de\u0219euri de la Ipotesti):<\/p>\n<ul class=\"wp-block-list\">\n<li>A fost semnat un Act Adi\u021bional nr. 3\/1125\/04.04.2024 prin care s-a \u00eencercat regularizarea unei dep\u0103\u0219iri de <strong>471.389,24 lei<\/strong> (cu TVA), f\u0103r\u0103 a respecta procedurile legale ale Serviciului de Achizi\u021bii Publice \u0219i f\u0103r\u0103 a fi comunicat Agen\u021biei Na\u021bionale pentru Achizi\u021bii Publice.<\/li>\n<li>Au fost folosite numere de \u00eenregistrare falsificate, retroactive \u0219i fictive.<\/li>\n<li>Dispozi\u021bia de \u0219antier nr. 1\/03.08.2023, care st\u0103 la baza actului adi\u021bional, ar fi fost semnat\u0103 doar de proiectant, f\u0103r\u0103 semn\u0103turile obligatorii ale dirigintelui de \u0219antier, beneficiarului \u0219i verificatorului.<\/li>\n<li>Documentele au fost semnate doar de fostul viceprimar Har\u0219ovschi \u0219i de fostul \u0219ef al Serviciului Salubrizare, Har\u0219ovschi semn\u00e2nd \u00eenaintea subordonatului s\u0103u, ceea ce ar \u00eenc\u0103lca fluxul legal de semnaturi.<\/li>\n<\/ul>\n<p>Viceprimarul Cu\u0219nir ridic\u0103 \u00eentrebarea: \u201eCe obliga\u021bii (eventual lunare) avea fostul viceprimar fa\u021b\u0103 de liderul de asociere?\u201d<\/p>\n<p><strong>Acuza\u021bii privind contractul de salubrizare cu Diasil Service (2015-2024):<\/strong><\/p>\n<ul class=\"wp-block-list\">\n<li>Conform caietului de sarcini, toate utilajele trebuiau s\u0103 fie dotate cu GPS \u2013 condi\u021bie care nu a fost respectat\u0103 timp de 9 ani.<\/li>\n<li>\u00cen lipsa sistemului GPS, verificarea situa\u021biilor de lucr\u0103ri era imposibil\u0103.<\/li>\n<li>Situa\u021biile de lucr\u0103ri se \u00eentocmeau lunar, nu zilnic, iar Prim\u0103ria a pl\u0103tit toate documentele f\u0103r\u0103 verificare.<\/li>\n<li>Ar fi fost pl\u0103tite lucr\u0103ri neexecutate sau dep\u0103\u0219iri ale contractului \u00een valoare de peste <strong>18.000.000 lei<\/strong>, prejudiciind bugetul public.<\/li>\n<li>Toate aceste aspecte ar fi fost gestionate direct de fostul viceprimar Lucian Har\u0219ovschi.<\/li>\n<\/ul>\n<p>Dan Ioan Cu\u0219nir concluzioneaz\u0103: \u201eDe ce s\u0103 nu \u0219tie sucevenii ce s-a \u00eent\u00e2mplat cu timpul lor, cu via\u021ba lor, cu banii lor \u00een ultimii 20 de ani? De ce s\u0103 t\u0103inuim f\u0103r\u0103delegile, mizeriile tolerate sau \u00eencurajate?\u201d<\/p>\n<p>Acuza\u021biile formulate de viceprimarul \u00een func\u021bie reprezint\u0103 o continuare a seriei de critici aduse administra\u021biei precedente \u0219i vor fi, probabil, analizate de institu\u021biile abilitate.<\/p>\n<div class=\"td-a-rec td-a-rec-id-content_bottom  tdi_4 td_block_template_1\"><strong>Intr\u0103 acum \u0219i \u00een grupul de <\/p>\n<div class=\"wp-block-button\"><a class=\"wp-block-button__link wp-element-button\" href=\"https:\/\/t.me\/+TH8wcfnp8fw5NWI0\">Telegram News Bucovina<\/a><\/div>\n<p><\/strong><\/div>\n<\/div>\n<div class=\"td-post-content tagdiv-type\">\n<div class=\"td-a-rec td-a-rec-id-content_top  tdi_3 td_block_template_1\"><strong>Intr\u0103 acum \u0219i \u00een grupul de <\/p>\n<div class=\"wp-block-button\"><a class=\"wp-block-button__link wp-element-button\" href=\"https:\/\/t.me\/+TH8wcfnp8fw5NWI0\">Telegram News Bucovina<\/a><\/div>\n<p><\/strong><\/div>\n<p>\u00a0Viceprimarul municipiului Suceava, Dan Ioan Cu\u0219nir, a continuat seria dezv\u0103luirilor privind presupuse nereguli din mandatul administra\u021biei anterioare, condus\u0103 de Ion Lungu \u0219i Lucian Har\u0219ovschi. \u00centr-o postare public\u0103, el atrage aten\u021bia asupra unor contracte de salubrizare precum \u0219i cele de \u00eenchidere a depozitului de de\u0219euri de la Ipotesti, sus\u021bin\u00e2nd c\u0103 acestea ar fi fost gestionate cu \u00eenc\u0103lc\u0103ri ale procedurilor legale.<\/p>\n<figure class=\"wp-block-image size-large\"><a href=\"https:\/\/cdn.newsbucovina.ro\/wp-content\/uploads\/2026\/03\/cusnir.png\"><img loading=\"lazy\" decoding=\"async\" width=\"1024\" height=\"576\" src=\"https:\/\/cdn.newsbucovina.ro\/wp-content\/uploads\/2026\/03\/cusnir-1024x576.png\" alt class=\"wp-image-433232\"><\/a><\/figure>\n<p>Cu\u0219nir men\u021bioneaz\u0103 c\u0103 dosarul penal nr. 868\/136\/P\/2025 a fost reunit cu dosarul nr. 8\/16\/P\/2015 de la Parchetul de pe l\u00e2ng\u0103 Tribunalul Suceava, Lucian Har\u0219ovschi fiind viceprimarul responsabil de domeniul salubriz\u0103rii \u00een perioada respectiv\u0103.<\/p>\n<p><strong>Principalele acuza\u021bii privind Contractul nr. 5850\/15.02.2023<\/strong> (\u00eenchiderea Depozitului temporar de de\u0219euri de la Ipotesti):<\/p>\n<ul class=\"wp-block-list\">\n<li>A fost semnat un Act Adi\u021bional nr. 3\/1125\/04.04.2024 prin care s-a \u00eencercat regularizarea unei dep\u0103\u0219iri de <strong>471.389,24 lei<\/strong> (cu TVA), f\u0103r\u0103 a respecta procedurile legale ale Serviciului de Achizi\u021bii Publice \u0219i f\u0103r\u0103 a fi comunicat Agen\u021biei Na\u021bionale pentru Achizi\u021bii Publice.<\/li>\n<li>Au fost folosite numere de \u00eenregistrare falsificate, retroactive \u0219i fictive.<\/li>\n<li>Dispozi\u021bia de \u0219antier nr. 1\/03.08.2023, care st\u0103 la baza actului adi\u021bional, ar fi fost semnat\u0103 doar de proiectant, f\u0103r\u0103 semn\u0103turile obligatorii ale dirigintelui de \u0219antier, beneficiarului \u0219i verificatorului.<\/li>\n<li>Documentele au fost semnate doar de fostul viceprimar Har\u0219ovschi \u0219i de fostul \u0219ef al Serviciului Salubrizare, Har\u0219ovschi semn\u00e2nd \u00eenaintea subordonatului s\u0103u, ceea ce ar \u00eenc\u0103lca fluxul legal de semnaturi.<\/li>\n<\/ul>\n<p>Viceprimarul Cu\u0219nir ridic\u0103 \u00eentrebarea: \u201eCe obliga\u021bii (eventual lunare) avea fostul viceprimar fa\u021b\u0103 de liderul de asociere?\u201d<\/p>\n<p><strong>Acuza\u021bii privind contractul de salubrizare cu Diasil Service (2015-2024):<\/strong><\/p>\n<ul class=\"wp-block-list\">\n<li>Conform caietului de sarcini, toate utilajele trebuiau s\u0103 fie dotate cu GPS \u2013 condi\u021bie care nu a fost respectat\u0103 timp de 9 ani.<\/li>\n<li>\u00cen lipsa sistemului GPS, verificarea situa\u021biilor de lucr\u0103ri era imposibil\u0103.<\/li>\n<li>Situa\u021biile de lucr\u0103ri se \u00eentocmeau lunar, nu zilnic, iar Prim\u0103ria a pl\u0103tit toate documentele f\u0103r\u0103 verificare.<\/li>\n<li>Ar fi fost pl\u0103tite lucr\u0103ri neexecutate sau dep\u0103\u0219iri ale contractului \u00een valoare de peste <strong>18.000.000 lei<\/strong>, prejudiciind bugetul public.<\/li>\n<li>Toate aceste aspecte ar fi fost gestionate direct de fostul viceprimar Lucian Har\u0219ovschi.<\/li>\n<\/ul>\n<p>Dan Ioan Cu\u0219nir concluzioneaz\u0103: \u201eDe ce s\u0103 nu \u0219tie sucevenii ce s-a \u00eent\u00e2mplat cu timpul lor, cu via\u021ba lor, cu banii lor \u00een ultimii 20 de ani? De ce s\u0103 t\u0103inuim f\u0103r\u0103delegile, mizeriile tolerate sau \u00eencurajate?\u201d<\/p>\n<p>Acuza\u021biile formulate de viceprimarul \u00een func\u021bie reprezint\u0103 o continuare a seriei de critici aduse administra\u021biei precedente \u0219i vor fi, probabil, analizate de institu\u021biile abilitate.<\/p>\n<div class=\"td-a-rec td-a-rec-id-content_bottom  tdi_4 td_block_template_1\"><strong>Intr\u0103 acum \u0219i \u00een grupul de <\/p>\n<div class=\"wp-block-button\"><a class=\"wp-block-button__link wp-element-button\" href=\"https:\/\/t.me\/+TH8wcfnp8fw5NWI0\">Telegram News Bucovina<\/a><\/div>\n<p><\/strong><\/div>\n<\/div>\n<p>[analyse_source url=&#8221;https:\/\/www.newsbucovina.ro\/politica\/437024\/viceprimarul-dan-ioan-cusnir-revine-cu-acuze-la-administratia-precedenta-ce-a-uitat-lucian-harsovschi-sa-treaca-in-raportul-de-activitate&#8221;]<\/p>\n","protected":false},"excerpt":{"rendered":"<p>[analyse_image type=&#8221;featured&#8221; src=&#8221;https:\/\/www.newsbucovina.ro\/wp-content\/uploads\/2026\/03\/cusnir.pnghttps:\/\/cdn.newsbucovina.ro\/wp-content\/uploads\/2026\/03\/cusnir.png&#8221;] Intr\u0103 acum \u0219i \u00een grupul de Telegram News Bucovina \u00a0Viceprimarul municipiului Suceava, Dan Ioan Cu\u0219nir, a continuat seria dezv\u0103luirilor privind presupuse nereguli din mandatul administra\u021biei anterioare, condus\u0103 de Ion Lungu \u0219i Lucian Har\u0219ovschi. \u00centr-o postare public\u0103, el atrage aten\u021bia asupra unor contracte de salubrizare precum \u0219i cele de \u00eenchidere a depozitului de [&hellip;]<\/p>\n","protected":false},"author":1,"featured_media":0,"comment_status":"open","ping_status":"","sticky":false,"template":"","format":"standard","meta":{"footnotes":""},"categories":[89],"tags":[226,165],"class_list":["post-1902041","post","type-post","status-publish","format-standard","hentry","category-romania","tag-crawlmanager","tag-newsbucovina-ro"],"_links":{"self":[{"href":"https:\/\/analyse.optim.biz\/index.php?rest_route=\/wp\/v2\/posts\/1902041","targetHints":{"allow":["GET"]}}],"collection":[{"href":"https:\/\/analyse.optim.biz\/index.php?rest_route=\/wp\/v2\/posts"}],"about":[{"href":"https:\/\/analyse.optim.biz\/index.php?rest_route=\/wp\/v2\/types\/post"}],"author":[{"embeddable":true,"href":"https:\/\/analyse.optim.biz\/index.php?rest_route=\/wp\/v2\/users\/1"}],"replies":[{"embeddable":true,"href":"https:\/\/analyse.optim.biz\/index.php?rest_route=%2Fwp%2Fv2%2Fcomments&post=1902041"}],"version-history":[{"count":0,"href":"https:\/\/analyse.optim.biz\/index.php?rest_route=\/wp\/v2\/posts\/1902041\/revisions"}],"wp:attachment":[{"href":"https:\/\/analyse.optim.biz\/index.php?rest_route=%2Fwp%2Fv2%2Fmedia&parent=1902041"}],"wp:term":[{"taxonomy":"category","embeddable":true,"href":"https:\/\/analyse.optim.biz\/index.php?rest_route=%2Fwp%2Fv2%2Fcategories&post=1902041"},{"taxonomy":"post_tag","embeddable":true,"href":"https:\/\/analyse.optim.biz\/index.php?rest_route=%2Fwp%2Fv2%2Ftags&post=1902041"}],"curies":[{"name":"wp","href":"https:\/\/api.w.org\/{rel}","templated":true}]}}