{"id":1902038,"date":"2026-04-24T20:53:17","date_gmt":"2026-04-24T17:53:17","guid":{"rendered":"https:\/\/analyse.optim.biz\/?p=1902038"},"modified":"2026-04-24T20:53:17","modified_gmt":"2026-04-24T17:53:17","slug":"bolsevicul-mucea-zice-doar-cu-partide-pro-europene-ccr-a-avut-cindva-alta-parere","status":"publish","type":"post","link":"https:\/\/analyse.optim.biz\/?p=1902038","title":{"rendered":"Bol\u0219evicul Mucea zice \u201ddoar cu partide pro-europene\u201d. CCR a avut c\u00eendva alt\u0103 p\u0103rere!"},"content":{"rendered":"<p>[analyse_image type=&#8221;featured&#8221; src=&#8221;https:\/\/ortodoxinfo.ro\/wp-content\/uploads\/2026\/04\/curtea-constitutionala.jpg&#8221;]<\/p>\n<article id=\"post-223797\" class=\"post-223797 post type-post status-publish format-standard has-post-thumbnail category-asasinii-tarii\">\n<header class=\"single-header\">\n<h1 class=\"s-title fw-headline\">Bol\u0219evicul Mucea zice \u201ddoar cu partide pro-europene\u201d. CCR a avut c\u00eendva alt\u0103 p\u0103rere!<\/h1>\n<div class=\"single-meta meta-s-default yes-0\">\n<div class=\"smeta-in\"><a class=\"meta-el meta-avatar\" href=\"https:\/\/ortodoxinfo.ro\/author\/redactor\/\"><img loading=\"lazy\" decoding=\"async\" alt=\"OrtodoxINFO\" src=\"https:\/\/secure.gravatar.com\/avatar\/21010332354a182ce4de6016685c5586f21c51866d0ec5bc8ef383240b3c3e02?s=120&amp;r=g\" class=\"avatar avatar-120 photo\" height=\"120\" width=\"120\"><\/a><\/p>\n<div class=\"smeta-sec\">\n<div class=\"p-meta\">\n<div class=\"meta-inner is-meta\"><span class=\"meta-el meta-date\"><time datetime=\"2026-04-24T23:53:17+03:00\">24 aprilie 2026<\/time><\/span><span class=\"meta-el meta-category meta-bold\"><a class=\"meta-separate category-19885\" href=\"https:\/\/ortodoxinfo.ro\/category\/anti-sistem\/anti-romanism\/asasinii-tarii\/\">Asasinii \u021b\u0103rii<\/a><\/span><span class=\"meta-el meta-view\">3k vizualiz\u0103ri\t\t<\/span><span class=\"meta-el meta-comment mobile-last-meta tablet-last-meta\"><a href=\"https:\/\/ortodoxinfo.ro\/2026\/04\/24\/bolsevicul-mucea-zice-doar-cu-partide-pro-europene-ccr-a-avut-cindva-alta-parere\/#respond\">Comentarii<\/a><\/span><\/div>\n<\/div>\n<\/div>\n<\/div>\n<div class=\"smeta-extra\">\n<div class=\"t-shared-sec tooltips-n has-read-meta is-color\">\n<div class=\"t-shared-header is-meta\"><span class=\"share-label\">Share<\/span><\/div>\n<\/div>\n<div class=\"single-right-meta single-time-read is-meta\"><span class=\"meta-el meta-read\">3 Min Read<\/span><\/div>\n<\/div>\n<\/div>\n<\/header>\n<div class=\"grid-container\">\n<div class=\"s-ct\">\n<div class=\"s-feat-outer\">\n<div class=\"s-feat\">\n<div class=\"featured-lightbox-trigger\" data-source=\"https:\/\/ortodoxinfo.ro\/wp-content\/uploads\/2026\/04\/curtea-constitutionala.jpg\" data-caption data-attribution><img fetchpriority=\"high\" decoding=\"async\" width=\"780\" height=\"440\" src=\"https:\/\/ortodoxinfo.ro\/wp-content\/uploads\/2026\/04\/curtea-constitutionala.jpg\" class=\"attachment-foxiz_crop_o1 size-foxiz_crop_o1 wp-post-image\" alt loading=\"eager\"><\/div>\n<\/div>\n<\/div>\n<div class=\"s-ct-wrap has-lsl\">\n<div class=\"s-ct-inner\">\n<div class=\"l-shared-sec-outer show-mobile\">\n<div class=\"l-shared-sec\">\n<div class=\"l-shared-header meta-text\"><span class=\"share-label\">SHARE<\/span><\/div>\n<\/div>\n<\/div>\n<div class=\"e-ct-outer\">\n<div class=\"entry-content rbct clearfix is-highlight-shares\">\n<p>\u201cRom\u00e2nia p\u0103streaz\u0103 direc\u0163ia european\u0103. Avem patru partide pro-occidentale care doresc s\u0103 p\u0103streze asta. Institu\u0163iile func\u0163ioneaz\u0103 \u015fi, \u00eentr-o form\u0103 sau alta, Rom\u00e2nia \u00ee\u015fi va continua drumul la care s-a angajat. \u00cen situa\u021bia ipotetic\u0103 \u00een care PNL sau PSD vor veni la mine \u0219i vor spune \u2013 vrem un Guvern minoritar cu sus\u021binerea AUR \u2013 eu nu voi fi de acord cu asta\u201d.<\/p>\n<div class=\"inline-single-ad ad_single_index alignfull\">\n<div class=\"ad-wrap ad-script-wrap\">\n<div class=\"ad-script non-adsense edge-padding\">\n<div>\n\u203c\ufe0f\u203c\ufe0f NU recunoa\u0219tem ca pre\u0219edinte al Rom\u00e2niei pe marioneta retard\u0103 Nicu\u0219or Dan! Rom\u00e2ni, boicota\u021bi aceast\u0103 f\u0103c\u0103tur\u0103, care ne face \u021bara de r\u00e2s! NU rom\u00e2nii l-au votat pe Nicusoro\u0219 &#8211; cu unele excep\u021bii de persoane infantile, manipulabile \u0219i chiar idioate &#8211; ci l-au ajutat Maia Soro\u0219, Emanuel Macrou \u0219i tr\u0103d\u0103torii de la B.E.C. \u0219i CCR!<br \/>\n La \u00eenchisoare cu cei care au fraudat alegerile!\n<\/div>\n<\/div>\n<\/div>\n<\/div>\n<p>A\u0219a gr\u0103it-a pre\u0219edintele Nicu\u0219or Dan, stabilind f\u0103r\u0103 echivoc c\u0103 AUR nu se \u00eencadreaz\u0103 la partide pro-europene \u0219i, deci, nu poate fi acceptat la guvernare. A mai spus-o \u0219i cu alte ocazii.<\/p>\n<p>\u00cen 2019, CCR a judecat o situa\u021bie creat\u0103 de pre\u0219edintele Klaus Iohannis, care a refuzat s\u0103 semneze decretele de numire \u00een func\u021bie a unor mini\u0219tri. Judec\u0103torii l-au plesnit peste bot \u0219i au decis obliga\u021bia sa de a numi respectivii mini\u0219tri.<\/p>\n<p>Dar exist\u0103 un paragraf \u00een Decizia 504, care merit\u0103 reamintit \u00een contextul declara\u021biilor sus-pomenite ale lui Nicu\u0219or.<br \/>\nAu spus atunci judec\u0103torii \u00een motivare c\u0103 bazarea unei decizii privind componen\u021ba unui guvern pe baza unor etichet\u0103ri tip \u201danti-european\u201d sunt inacceptabile din partea pre\u0219edintelui Rom\u00e2niei:<\/p>\n<p>\u201dSe sus\u021bine c\u0103, \u00een cazul propunerii pentru postul de ministru al justi\u021biei, comunicatul con\u021bine aprecieri negative cu privire la presupusele inten\u021bii ale persoanei nominalizate pe acest post \u00een sensul de a \u201edestructura justi\u021bia\u201d, respectiv de a \u201ebaroniza total Rom\u00e2nia\u201d. Or, asemenea aprecieri nu pot reprezenta o motivare legal\u0103. Mai mult, termenii folosi\u021bi \u00een declara\u021bia public\u0103 sunt str\u0103ini rolului \u0219i importan\u021bei func\u021biei de pre\u0219edinte al statului, inadecva\u021bi contextului \u0219i, nu \u00een ultimul r\u00eend, aduc atingere onoarei \u0219i demnit\u0103\u021bii unei categorii socio-profesionale care se bucur\u0103 constitu\u021bional de protec\u021bie(\u2026)<br \/>\nAceea\u0219i situa\u021bie, a lipsei reale de motivare a refuzului, se poate observa \u0219i \u00een cazul propunerii pentru func\u021bia de ministru al educa\u021biei na\u021bionale, apreciat\u0103 de Pre\u0219edintele Rom\u00e2niei drept indezirabil\u0103, deoarece \u201efragilizeaz\u0103 domenii cheie\u201d \u0219i reprezint\u0103 \u201esolu\u021bii ale trecutului\u201d. Arat\u0103 autorul cererii c\u0103, \u0219i \u00een acest caz, declara\u021biile publice exprim\u0103 \u201edispre\u021bul fa\u021b\u0103 de o anumit\u0103 categorie socio-profesional\u0103, dar \u0219i pentru persoanele de o anumit\u0103 v\u00eerst\u0103 \u0219i experien\u021b\u0103 de via\u021b\u0103.\u201d<\/p>\n<p>\u00cen cadrul acelora\u0219i declara\u021bii publice, Pre\u0219edintele \u0219i-a exprimat opinia c\u0103 parcursul european al Rom\u00e2niei va fi \u201epericlitat\u201d prin numirea \u201eviceprim-ministrului pe teme economice\u201d, func\u021bie care, \u00eens\u0103, nu exist\u0103 \u00een structura Guvernului. Toate aprecierile Pre\u0219edintelui exprimate public, care au \u00eenso\u021bit refuzul numirii persoanelor propuse de primul-ministru \u00een func\u021bia de membru al Guvernului, au un caracter def\u0103im\u0103tor, eminamente subiectiv \u0219i ignor\u0103 cerin\u021ba stabilit\u0103 prin jurispruden\u021ba \u00een materie a Cur\u021bii Constitu\u021bionale de justificare a refuzului\u201d. (Bogdan Tiberiu Iacob)<\/p>\n<\/div>\n<\/div>\n<\/div>\n<div class=\"e-shared-sec entry-sec\">\n<div class=\"e-shared-header h4\"><span>Distribuie<\/span><\/div>\n<div class=\"rbbsl tooltips-n effect-fadeout is-bg\"><a class=\"share-action share-trigger icon-facebook\" aria-label=\"Share on Facebook\" href=\"https:\/\/www.facebook.com\/sharer.php?u=https%3A%2F%2Fortodoxinfo.ro%2F2026%2F04%2F24%2Fbolsevicul-mucea-zice-doar-cu-partide-pro-europene-ccr-a-avut-cindva-alta-parere%2F\" data-title=\"Facebook\" rel=\"nofollow\"><span>Facebook<\/span><\/a><a class=\"share-action share-trigger icon-twitter\" aria-label=\"Share on X\" href=\"https:\/\/twitter.com\/intent\/tweet?text=Bol%C8%99evicul+Mucea+zice+%E2%80%9Ddoar+cu+partide+pro-europene%E2%80%9D.+CCR+a+avut+c%C3%AEndva+alt%C4%83+p%C4%83rere%21&amp;url=https%3A%2F%2Fortodoxinfo.ro%2F2026%2F04%2F24%2Fbolsevicul-mucea-zice-doar-cu-partide-pro-europene-ccr-a-avut-cindva-alta-parere%2F&amp;via=ortodoxinforo\" data-title=\"X\" rel=\"nofollow\"><span>X<\/span><\/a><a class=\"share-action icon-whatsapp is-web\" aria-label=\"Share on Whatsapp\" href=\"https:\/\/web.whatsapp.com\/send?text=Bol%C8%99evicul+Mucea+zice+%E2%80%9Ddoar+cu+partide+pro-europene%E2%80%9D.+CCR+a+avut+c%C3%AEndva+alt%C4%83+p%C4%83rere%21%20%E2%98%9E%20https%3A%2F%2Fortodoxinfo.ro%2F2026%2F04%2F24%2Fbolsevicul-mucea-zice-doar-cu-partide-pro-europene-ccr-a-avut-cindva-alta-parere%2F\" target=\"_blank\" data-title=\"WhatsApp\" rel=\"nofollow\"><span>Whatsapp<\/span><\/a><a class=\"share-action icon-whatsapp is-mobile\" aria-label=\"Share on Whatsapp\" href=\"\/\/send?text=Bol%C8%99evicul+Mucea+zice+%E2%80%9Ddoar+cu+partide+pro-europene%E2%80%9D.+CCR+a+avut+c%C3%AEndva+alt%C4%83+p%C4%83rere%21%20%E2%98%9E%20https%3A%2F%2Fortodoxinfo.ro%2F2026%2F04%2F24%2Fbolsevicul-mucea-zice-doar-cu-partide-pro-europene-ccr-a-avut-cindva-alta-parere%2F\" target=\"_blank\" data-title=\"WhatsApp\" rel=\"nofollow\"><span>Whatsapp<\/span><\/a><a class=\"share-action share-trigger icon-telegram\" aria-label=\"Share on Telegram\" href=\"https:\/\/t.me\/share\/?url=https%3A%2F%2Fortodoxinfo.ro%2F2026%2F04%2F24%2Fbolsevicul-mucea-zice-doar-cu-partide-pro-europene-ccr-a-avut-cindva-alta-parere%2F&amp;text=Bol%C8%99evicul+Mucea+zice+%E2%80%9Ddoar+cu+partide+pro-europene%E2%80%9D.+CCR+a+avut+c%C3%AEndva+alt%C4%83+p%C4%83rere%21\" data-title=\"Telegram\" rel=\"nofollow\"><span>Telegram<\/span><\/a><a class=\"share-action icon-copy copy-trigger\" aria-label=\"Copy Link\" href=\"https:\/\/ortodoxinfo.ro\/2026\/04\/24\/bolsevicul-mucea-zice-doar-cu-partide-pro-europene-ccr-a-avut-cindva-alta-parere\/\" data-copied=\"Copied!\" data-link=\"https:\/\/ortodoxinfo.ro\/2026\/04\/24\/bolsevicul-mucea-zice-doar-cu-partide-pro-europene-ccr-a-avut-cindva-alta-parere\/\" rel=\"nofollow\" data-copy=\"Copy Link\"><span>Copy Link<\/span><\/a><a class=\"share-action icon-print\" aria-label=\"Print\" rel=\"nofollow\" data-title=\"Print\"><span>Print<\/span><\/a><\/div>\n<\/div>\n<\/div>\n<div id=\"tabs\" class=\"dntplgn_form_wrapper\"><span><\/p>\n<h2>\u0218tirile sunt sub cenzur\u0103! Sprijini\u021bi OrtodoxINFO!<\/h2>\n<p>Guvernul nu dore\u0219te aflarea adev\u0103rului despre lovitura de stat \u0219i \u00eengenuncherea Rom\u00e2niei. \u00cencerc\u0103m s\u0103 men\u021binem viu acest site \u0219i s\u0103 v\u0103 punem la dispozi\u021bie informa\u021bii care s\u0103 fac\u0103 lumin\u0103 \u00een cea mai mare provocare pe care o tr\u0103im. Jurnalismul independent al portalului OrtodoxINFO func\u021bioneaz\u0103 strict cu ajutorul cititorilor.<br \/>\nNe pute\u021bi sprijini printr-o <b><a href=\"https:\/\/ortodoxinfo.ro\/donatii\/\">dona\u021bie bancar\u0103<\/a> sau prin PayPal, complet\u00e2nd formularul de mai jos.<\/b><\/span><\/p>\n<ul>\n<li><a href=\"https:\/\/ortodoxinfo.ro\/2026\/04\/24\/bolsevicul-mucea-zice-doar-cu-partide-pro-europene-ccr-a-avut-cindva-alta-parere\/#tabs-1\">Dona\u021bie lunar\u0103<\/a><\/li>\n<li><a href=\"https:\/\/ortodoxinfo.ro\/2026\/04\/24\/bolsevicul-mucea-zice-doar-cu-partide-pro-europene-ccr-a-avut-cindva-alta-parere\/#tabs-2\">Doar acum<\/a><\/li>\n<\/ul>\n<div id=\"tabs-1\"><img loading=\"lazy\" decoding=\"async\" alt border=\"0\" src=\"https:\/\/www.paypalobjects.com\/en_US\/i\/scr\/pixel.gif\" width=\"1\" height=\"1\"><\/div>\n<div id=\"tabs-2\">\n<p>\t\t     \u20ac<\/p>\n<p>\t\t    <img loading=\"lazy\" decoding=\"async\" alt border=\"0\" src=\"https:\/\/www.paypalobjects.com\/en_US\/i\/scr\/pixel.gif\" width=\"1\" height=\"1\"><\/div>\n<p>Mul\u021bumim celor care ne-au ajutat p\u00e2n\u0103 acum!\n\t<\/p><\/div>\n<div class=\"comment-box-wrap entry-sec\">\n<div class=\"comment-box-header\"><span class=\"h3\">Las\u0103 un comentariu<\/span><\/div>\n<div class=\"comment-holder no-comment\">\n<div id=\"comments\" class=\"comments-area\">\n<div id=\"respond\" class=\"comment-respond\">\n<h3 id=\"reply-title\" class=\"comment-reply-title\">Las\u0103 un r\u0103spuns <small><a rel=\"nofollow\" id=\"cancel-comment-reply-link\" href=\"https:\/\/ortodoxinfo.ro\/2026\/04\/24\/bolsevicul-mucea-zice-doar-cu-partide-pro-europene-ccr-a-avut-cindva-alta-parere\/#respond\">Anuleaz\u0103 r\u0103spunsul<\/a><\/small><\/h3>\n<p class=\"comment-notes\"><span id=\"email-notes\">Adresa ta de email nu va fi publicat\u0103.<\/span><span class=\"required-field-message\">C\u00e2mpurile obligatorii sunt marcate cu <span class=\"required\">*<\/span><\/span><\/p>\n<\/div>\n<\/div>\n<\/div>\n<\/div>\n<\/div>\n<div class=\"sidebar-wrap single-sidebar\">\n<div class=\"sidebar-inner clearfix\">\n<div id=\"widget-post-2\" class=\"widget rb-section w-sidebar clearfix widget-post\">\n<div class=\"block-h widget-heading heading-layout-1\">\n<div class=\"heading-inner\">\n<h4 class=\"heading-title\"><span>Articole recente<\/span><\/h4>\n<\/div>\n<\/div>\n<div class=\"widget-p-listing\">\n<div class=\"p-wrap p-small p-list-small-2\" data-pid=\"223813\">\n<div class=\"feat-holder\">\n<div class=\"p-featured ratio-v1\"><a class=\"p-flink\" href=\"https:\/\/ortodoxinfo.ro\/2026\/04\/25\/george-simion-guvernul-bolojan-ei-au-jignit-persoanele-cu-dizabilitati-cand-le-au-taiat-banii-au-introdus-taxe\/\" title=\"George Simion: Guvernul Bolojan, ei au jignit persoanele cu dizabilit\u0103\u021bi, c\u00e2nd le-au t\u0103iat banii, au introdus taxe\"><img decoding=\"async\" width=\"150\" height=\"150\" src=\"https:\/\/ortodoxinfo.ro\/wp-content\/uploads\/2026\/04\/bolojan-nicusor-george-simion-aur.webp-150x150.webp\" class=\"featured-img wp-post-image\" alt loading=\"lazy\"><\/a><\/div>\n<\/div>\n<div class=\"p-content\">\n<h5 class=\"entry-title\"><a class=\"p-url\" href=\"https:\/\/ortodoxinfo.ro\/2026\/04\/25\/george-simion-guvernul-bolojan-ei-au-jignit-persoanele-cu-dizabilitati-cand-le-au-taiat-banii-au-introdus-taxe\/\" rel=\"bookmark\">George Simion: Guvernul Bolojan, ei au jignit persoanele cu dizabilit\u0103\u021bi, c\u00e2nd le-au t\u0103iat banii, au introdus taxe<\/a><\/h5>\n<div class=\"p-meta\">\n<div class=\"meta-inner is-meta\"><span class=\"meta-el meta-date\"><time datetime=\"2026-04-25T08:29:12+03:00\">25 aprilie 2026<\/time><\/span><span class=\"meta-el meta-category meta-bold\"><a class=\"meta-separate category-19866\" href=\"https:\/\/ortodoxinfo.ro\/category\/lupta-pentru-romania\/\">Lupt\u0103 pentru Rom\u00e2nia<\/a><\/span><span class=\"meta-el meta-view\">1.5k vizualiz\u0103ri\t\t<\/span><\/div>\n<\/div>\n<\/div>\n<\/div>\n<div class=\"p-wrap p-small p-list-small-2\" data-pid=\"223688\">\n<div class=\"feat-holder\">\n<div class=\"p-featured ratio-v1\"><a class=\"p-flink\" href=\"https:\/\/ortodoxinfo.ro\/2026\/04\/24\/sua-ameninta-ca-vor-reevalua-pretentiile-marii-britanii-asupra-insulelor-falkland-si-ca-vor-exclude-spania-din-nato-pentru-ca-nu-au-sustinut-razboiul-impotriva-iranului\/\" title=\"SUA amenin\u021b\u0103 c\u0103 vor \u201ereevalua\u201d preten\u021biile Marii Britanii asupra Insulelor Falkland \u0219i c\u0103 vor exclude Spania din NATO pentru c\u0103 nu au sus\u021binut r\u0103zboiul \u00eempotriva Iranului\"><img decoding=\"async\" width=\"150\" height=\"150\" src=\"https:\/\/ortodoxinfo.ro\/wp-content\/uploads\/2026\/04\/sua-amenin-c-vor-reevalua-preten-iile-marii-britanii-asupra-insulelor-falkland-i-c-vor-exclude-spani-150x150.jpeg\" class=\"featured-img wp-post-image\" alt loading=\"lazy\"><\/a><\/div>\n<\/div>\n<div class=\"p-content\">\n<h5 class=\"entry-title\"><a class=\"p-url\" href=\"https:\/\/ortodoxinfo.ro\/2026\/04\/24\/sua-ameninta-ca-vor-reevalua-pretentiile-marii-britanii-asupra-insulelor-falkland-si-ca-vor-exclude-spania-din-nato-pentru-ca-nu-au-sustinut-razboiul-impotriva-iranului\/\" rel=\"bookmark\">SUA amenin\u021b\u0103 c\u0103 vor \u201ereevalua\u201d preten\u021biile Marii Britanii asupra Insulelor Falkland \u0219i c\u0103 vor exclude Spania din NATO pentru c\u0103 nu au sus\u021binut r\u0103zboiul \u00eempotriva Iranului<\/a><\/h5>\n<div class=\"p-meta\">\n<div class=\"meta-inner is-meta\"><span class=\"meta-el meta-date\"><time datetime=\"2026-04-24T13:51:10+03:00\">24 aprilie 2026<\/time><\/span><span class=\"meta-el meta-category meta-bold\"><a class=\"meta-separate category-585\" href=\"https:\/\/ortodoxinfo.ro\/category\/stiri\/externe\/\">Externe<\/a><\/span><span class=\"meta-el meta-view\">5.8k vizualiz\u0103ri\t\t<\/span><\/div>\n<\/div>\n<\/div>\n<\/div>\n<div class=\"p-wrap p-small p-list-small-2\" data-pid=\"223676\">\n<div class=\"feat-holder\">\n<div class=\"p-featured ratio-v1\"><a class=\"p-flink\" href=\"https:\/\/ortodoxinfo.ro\/2026\/04\/24\/comunicat-catre-membrii-psd-sorin-grindeanu-are-intelegere-cu-mucea-dan-pentru-usrizarea-romaniei-prin-eliminarea-pesedistilor-din-institutii\/\" title=\"COMUNICAT c\u0103tre membrii PSD: Sorin Grindeanu are \u00een\u021belegere cu Mucea Dan pentru usrizarea Rom\u00e2niei, prin eliminarea pesedistilor din institu\u021bii\"><img decoding=\"async\" width=\"150\" height=\"150\" src=\"https:\/\/ortodoxinfo.ro\/wp-content\/uploads\/2026\/04\/IMG-20260416-WA0002-150x150.jpg\" class=\"featured-img wp-post-image\" alt loading=\"lazy\"><\/a><\/div>\n<\/div>\n<div class=\"p-content\">\n<h5 class=\"entry-title\"><a class=\"p-url\" href=\"https:\/\/ortodoxinfo.ro\/2026\/04\/24\/comunicat-catre-membrii-psd-sorin-grindeanu-are-intelegere-cu-mucea-dan-pentru-usrizarea-romaniei-prin-eliminarea-pesedistilor-din-institutii\/\" rel=\"bookmark\">COMUNICAT c\u0103tre membrii PSD: Sorin Grindeanu are \u00een\u021belegere cu Mucea Dan pentru usrizarea Rom\u00e2niei, prin eliminarea pesedistilor din institu\u021bii<\/a><\/h5>\n<div class=\"p-meta\">\n<div class=\"meta-inner is-meta\"><span class=\"meta-el meta-date\"><time datetime=\"2026-04-24T11:59:34+03:00\">24 aprilie 2026<\/time><\/span><span class=\"meta-el meta-category meta-bold\"><a class=\"meta-separate category-19885\" href=\"https:\/\/ortodoxinfo.ro\/category\/anti-sistem\/anti-romanism\/asasinii-tarii\/\">Asasinii \u021b\u0103rii<\/a><\/span><span class=\"meta-el meta-view\">15.1k vizualiz\u0103ri\t\t<\/span><\/div>\n<\/div>\n<\/div>\n<\/div>\n<div class=\"p-wrap p-small p-list-small-2\" data-pid=\"223617\">\n<div class=\"feat-holder\">\n<div class=\"p-featured ratio-v1\"><a class=\"p-flink\" href=\"https:\/\/ortodoxinfo.ro\/2026\/04\/24\/trump-anunta-prelungirea-armistitiului-din-liban-cu-trei-saptamani-si-anunta-o-posibila-intalnire-netanyahu-aoun-la-casa-alba\/\" title=\"Trump anun\u021b\u0103 prelungirea armisti\u021biului din Liban cu \u201etrei s\u0103pt\u0103m\u00e2ni\u201d \u0219i anun\u021b\u0103 o posibil\u0103 \u00eent\u00e2lnire Netanyahu\u2013Aoun la Casa Alb\u0103\"><img decoding=\"async\" width=\"150\" height=\"150\" src=\"https:\/\/ortodoxinfo.ro\/wp-content\/uploads\/2026\/04\/trump-anunta-prelungirea-armistitiului-din-liban-cu-trei-saptamani-si-anunta-o-posibila-intalnire-ne-150x150.jpeg\" class=\"featured-img wp-post-image\" alt loading=\"lazy\"><\/a><\/div>\n<\/div>\n<div class=\"p-content\">\n<h5 class=\"entry-title\"><a class=\"p-url\" href=\"https:\/\/ortodoxinfo.ro\/2026\/04\/24\/trump-anunta-prelungirea-armistitiului-din-liban-cu-trei-saptamani-si-anunta-o-posibila-intalnire-netanyahu-aoun-la-casa-alba\/\" rel=\"bookmark\">Trump anun\u021b\u0103 prelungirea armisti\u021biului din Liban cu \u201etrei s\u0103pt\u0103m\u00e2ni\u201d \u0219i anun\u021b\u0103 o posibil\u0103 \u00eent\u00e2lnire Netanyahu\u2013Aoun la Casa Alb\u0103<\/a><\/h5>\n<div class=\"p-meta\">\n<div class=\"meta-inner is-meta\"><span class=\"meta-el meta-date\"><time datetime=\"2026-04-24T07:41:05+03:00\">24 aprilie 2026<\/time><\/span><span class=\"meta-el meta-category meta-bold\"><a class=\"meta-separate category-20293\" href=\"https:\/\/ortodoxinfo.ro\/category\/anti-sistem\/al-iii-lea-razboi-mondial\/iran\/\">IRAN<\/a><\/span><span class=\"meta-el meta-view\">2.2k vizualiz\u0103ri\t\t<\/span><\/div>\n<\/div>\n<\/div>\n<\/div>\n<\/div>\n<\/div>\n<div id=\"custom_html-2\" class=\"widget_text widget rb-section w-sidebar clearfix widget_custom_html\">\n<div class=\"block-h widget-heading heading-layout-1\">\n<div class=\"heading-inner\">\n<h4 class=\"heading-title\"><span>DONA\u021aII \u00een cont bancar<\/span><\/h4>\n<\/div>\n<\/div>\n<div class=\"textwidget custom-html-widget\">\n<table class=\"donatii\">\n<tbody>\n<tr>\n<th colspan=\"2\"><strong><span>ASMIB<\/span><\/strong><\/th>\n<\/tr>\n<tr>\n<th>Cont LEI<\/th>\n<td>RO67CECEB00030RON2081955<\/td>\n<\/tr>\n<tr>\n<th>Cont EURO<\/th>\n<td>RO33CECEB000C1EUR2081978<\/td>\n<\/tr>\n<tr>\n<th>Cod SWIFT<\/th>\n<td>CECEROBU<\/td>\n<\/tr>\n<tr>\n<th colspan=\"2\"><strong>CEC BANK SA<\/strong><\/th>\n<\/tr>\n<\/tbody>\n<\/table>\n<\/div>\n<\/div>\n<\/div>\n<\/div>\n<\/div>\n<\/article>\n<div class=\"entry-content rbct clearfix is-highlight-shares\">\n<p>\u201cRom\u00e2nia p\u0103streaz\u0103 direc\u0163ia european\u0103. Avem patru partide pro-occidentale care doresc s\u0103 p\u0103streze asta. Institu\u0163iile func\u0163ioneaz\u0103 \u015fi, \u00eentr-o form\u0103 sau alta, Rom\u00e2nia \u00ee\u015fi va continua drumul la care s-a angajat. \u00cen situa\u021bia ipotetic\u0103 \u00een care PNL sau PSD vor veni la mine \u0219i vor spune \u2013 vrem un Guvern minoritar cu sus\u021binerea AUR \u2013 eu nu voi fi de acord cu asta\u201d.<\/p>\n<div class=\"inline-single-ad ad_single_index alignfull\">\n<div class=\"ad-wrap ad-script-wrap\">\n<div class=\"ad-script non-adsense edge-padding\">\n<div>\n\u203c\ufe0f\u203c\ufe0f NU recunoa\u0219tem ca pre\u0219edinte al Rom\u00e2niei pe marioneta retard\u0103 Nicu\u0219or Dan! Rom\u00e2ni, boicota\u021bi aceast\u0103 f\u0103c\u0103tur\u0103, care ne face \u021bara de r\u00e2s! NU rom\u00e2nii l-au votat pe Nicusoro\u0219 &#8211; cu unele excep\u021bii de persoane infantile, manipulabile \u0219i chiar idioate &#8211; ci l-au ajutat Maia Soro\u0219, Emanuel Macrou \u0219i tr\u0103d\u0103torii de la B.E.C. \u0219i CCR!<br \/>\n La \u00eenchisoare cu cei care au fraudat alegerile!\n<\/div>\n<\/div>\n<\/div>\n<\/div>\n<p>A\u0219a gr\u0103it-a pre\u0219edintele Nicu\u0219or Dan, stabilind f\u0103r\u0103 echivoc c\u0103 AUR nu se \u00eencadreaz\u0103 la partide pro-europene \u0219i, deci, nu poate fi acceptat la guvernare. A mai spus-o \u0219i cu alte ocazii.<\/p>\n<p>\u00cen 2019, CCR a judecat o situa\u021bie creat\u0103 de pre\u0219edintele Klaus Iohannis, care a refuzat s\u0103 semneze decretele de numire \u00een func\u021bie a unor mini\u0219tri. Judec\u0103torii l-au plesnit peste bot \u0219i au decis obliga\u021bia sa de a numi respectivii mini\u0219tri.<\/p>\n<p>Dar exist\u0103 un paragraf \u00een Decizia 504, care merit\u0103 reamintit \u00een contextul declara\u021biilor sus-pomenite ale lui Nicu\u0219or.<br \/>\nAu spus atunci judec\u0103torii \u00een motivare c\u0103 bazarea unei decizii privind componen\u021ba unui guvern pe baza unor etichet\u0103ri tip \u201danti-european\u201d sunt inacceptabile din partea pre\u0219edintelui Rom\u00e2niei:<\/p>\n<p>\u201dSe sus\u021bine c\u0103, \u00een cazul propunerii pentru postul de ministru al justi\u021biei, comunicatul con\u021bine aprecieri negative cu privire la presupusele inten\u021bii ale persoanei nominalizate pe acest post \u00een sensul de a \u201edestructura justi\u021bia\u201d, respectiv de a \u201ebaroniza total Rom\u00e2nia\u201d. Or, asemenea aprecieri nu pot reprezenta o motivare legal\u0103. Mai mult, termenii folosi\u021bi \u00een declara\u021bia public\u0103 sunt str\u0103ini rolului \u0219i importan\u021bei func\u021biei de pre\u0219edinte al statului, inadecva\u021bi contextului \u0219i, nu \u00een ultimul r\u00eend, aduc atingere onoarei \u0219i demnit\u0103\u021bii unei categorii socio-profesionale care se bucur\u0103 constitu\u021bional de protec\u021bie(\u2026)<br \/>\nAceea\u0219i situa\u021bie, a lipsei reale de motivare a refuzului, se poate observa \u0219i \u00een cazul propunerii pentru func\u021bia de ministru al educa\u021biei na\u021bionale, apreciat\u0103 de Pre\u0219edintele Rom\u00e2niei drept indezirabil\u0103, deoarece \u201efragilizeaz\u0103 domenii cheie\u201d \u0219i reprezint\u0103 \u201esolu\u021bii ale trecutului\u201d. Arat\u0103 autorul cererii c\u0103, \u0219i \u00een acest caz, declara\u021biile publice exprim\u0103 \u201edispre\u021bul fa\u021b\u0103 de o anumit\u0103 categorie socio-profesional\u0103, dar \u0219i pentru persoanele de o anumit\u0103 v\u00eerst\u0103 \u0219i experien\u021b\u0103 de via\u021b\u0103.\u201d<\/p>\n<p>\u00cen cadrul acelora\u0219i declara\u021bii publice, Pre\u0219edintele \u0219i-a exprimat opinia c\u0103 parcursul european al Rom\u00e2niei va fi \u201epericlitat\u201d prin numirea \u201eviceprim-ministrului pe teme economice\u201d, func\u021bie care, \u00eens\u0103, nu exist\u0103 \u00een structura Guvernului. Toate aprecierile Pre\u0219edintelui exprimate public, care au \u00eenso\u021bit refuzul numirii persoanelor propuse de primul-ministru \u00een func\u021bia de membru al Guvernului, au un caracter def\u0103im\u0103tor, eminamente subiectiv \u0219i ignor\u0103 cerin\u021ba stabilit\u0103 prin jurispruden\u021ba \u00een materie a Cur\u021bii Constitu\u021bionale de justificare a refuzului\u201d. (Bogdan Tiberiu Iacob)<\/p>\n<\/div>\n<p>[analyse_source url=&#8221;https:\/\/ortodoxinfo.ro\/2026\/04\/24\/bolsevicul-mucea-zice-doar-cu-partide-pro-europene-ccr-a-avut-cindva-alta-parere\/&#8221;]<\/p>\n","protected":false},"excerpt":{"rendered":"<p>[analyse_image type=&#8221;featured&#8221; src=&#8221;https:\/\/ortodoxinfo.ro\/wp-content\/uploads\/2026\/04\/curtea-constitutionala.jpg&#8221;] Bol\u0219evicul Mucea zice \u201ddoar cu partide pro-europene\u201d. CCR a avut c\u00eendva alt\u0103 p\u0103rere! 24 aprilie 2026Asasinii \u021b\u0103rii3k vizualiz\u0103ri Comentarii Share 3 Min Read SHARE \u201cRom\u00e2nia p\u0103streaz\u0103 direc\u0163ia european\u0103. Avem patru partide pro-occidentale care doresc s\u0103 p\u0103streze asta. Institu\u0163iile func\u0163ioneaz\u0103 \u015fi, \u00eentr-o form\u0103 sau alta, Rom\u00e2nia \u00ee\u015fi va continua drumul la care s-a [&hellip;]<\/p>\n","protected":false},"author":1,"featured_media":0,"comment_status":"open","ping_status":"","sticky":false,"template":"","format":"standard","meta":{"footnotes":""},"categories":[89],"tags":[226,94],"class_list":["post-1902038","post","type-post","status-publish","format-standard","hentry","category-romania","tag-crawlmanager","tag-ortodoxinfo-ro"],"_links":{"self":[{"href":"https:\/\/analyse.optim.biz\/index.php?rest_route=\/wp\/v2\/posts\/1902038","targetHints":{"allow":["GET"]}}],"collection":[{"href":"https:\/\/analyse.optim.biz\/index.php?rest_route=\/wp\/v2\/posts"}],"about":[{"href":"https:\/\/analyse.optim.biz\/index.php?rest_route=\/wp\/v2\/types\/post"}],"author":[{"embeddable":true,"href":"https:\/\/analyse.optim.biz\/index.php?rest_route=\/wp\/v2\/users\/1"}],"replies":[{"embeddable":true,"href":"https:\/\/analyse.optim.biz\/index.php?rest_route=%2Fwp%2Fv2%2Fcomments&post=1902038"}],"version-history":[{"count":0,"href":"https:\/\/analyse.optim.biz\/index.php?rest_route=\/wp\/v2\/posts\/1902038\/revisions"}],"wp:attachment":[{"href":"https:\/\/analyse.optim.biz\/index.php?rest_route=%2Fwp%2Fv2%2Fmedia&parent=1902038"}],"wp:term":[{"taxonomy":"category","embeddable":true,"href":"https:\/\/analyse.optim.biz\/index.php?rest_route=%2Fwp%2Fv2%2Fcategories&post=1902038"},{"taxonomy":"post_tag","embeddable":true,"href":"https:\/\/analyse.optim.biz\/index.php?rest_route=%2Fwp%2Fv2%2Ftags&post=1902038"}],"curies":[{"name":"wp","href":"https:\/\/api.w.org\/{rel}","templated":true}]}}