{"id":1902037,"date":"2026-04-24T08:59:34","date_gmt":"2026-04-24T05:59:34","guid":{"rendered":"https:\/\/analyse.optim.biz\/?p=1902037"},"modified":"2026-04-24T08:59:34","modified_gmt":"2026-04-24T05:59:34","slug":"comunicat-catre-membrii-psd-sorin-grindeanu-are-intelegere-cu-mucea-dan-pentru-usrizarea-romaniei-prin-eliminarea-pesedistilor-din-institutii","status":"publish","type":"post","link":"https:\/\/analyse.optim.biz\/?p=1902037","title":{"rendered":"COMUNICAT c\u0103tre membrii PSD: Sorin Grindeanu are \u00een\u021belegere cu Mucea Dan pentru usrizarea Rom\u00e2niei, prin eliminarea pesedistilor din institu\u021bii"},"content":{"rendered":"<p>[analyse_image type=&#8221;featured&#8221; src=&#8221;https:\/\/ortodoxinfo.ro\/wp-content\/uploads\/2026\/04\/IMG-20260416-WA0002.jpg&#8221;]<\/p>\n<article id=\"post-223676\" class=\"post-223676 post type-post status-publish format-standard has-post-thumbnail category-asasinii-tarii\">\n<header class=\"single-header\">\n<h1 class=\"s-title fw-headline\">COMUNICAT c\u0103tre membrii PSD: Sorin Grindeanu are \u00een\u021belegere cu Mucea Dan pentru usrizarea Rom\u00e2niei, prin eliminarea pesedistilor din institu\u021bii<\/h1>\n<div class=\"single-meta meta-s-default yes-0\">\n<div class=\"smeta-in\"><a class=\"meta-el meta-avatar\" href=\"https:\/\/ortodoxinfo.ro\/author\/redactor\/\"><img loading=\"lazy\" decoding=\"async\" alt=\"OrtodoxINFO\" src=\"https:\/\/secure.gravatar.com\/avatar\/21010332354a182ce4de6016685c5586f21c51866d0ec5bc8ef383240b3c3e02?s=120&amp;r=g\" class=\"avatar avatar-120 photo\" height=\"120\" width=\"120\"><\/a><\/p>\n<div class=\"smeta-sec\">\n<div class=\"p-meta\">\n<div class=\"meta-inner is-meta\"><span class=\"meta-el meta-date\"><time datetime=\"2026-04-24T11:59:34+03:00\">24 aprilie 2026<\/time><\/span><span class=\"meta-el meta-category meta-bold\"><a class=\"meta-separate category-19885\" href=\"https:\/\/ortodoxinfo.ro\/category\/anti-sistem\/anti-romanism\/asasinii-tarii\/\">Asasinii \u021b\u0103rii<\/a><\/span><span class=\"meta-el meta-view\">15.1k vizualiz\u0103ri\t\t<\/span><span class=\"meta-el meta-comment mobile-last-meta tablet-last-meta\"><a href=\"https:\/\/ortodoxinfo.ro\/2026\/04\/24\/comunicat-catre-membrii-psd-sorin-grindeanu-are-intelegere-cu-mucea-dan-pentru-usrizarea-romaniei-prin-eliminarea-pesedistilor-din-institutii\/#comments\">3 comentarii<\/a><\/span><\/div>\n<\/div>\n<\/div>\n<\/div>\n<div class=\"smeta-extra\">\n<div class=\"t-shared-sec tooltips-n has-read-meta is-color\">\n<div class=\"t-shared-header is-meta\"><span class=\"share-label\">Share<\/span><\/div>\n<\/div>\n<div class=\"single-right-meta single-time-read is-meta\"><span class=\"meta-el meta-read\">5 Min Read<\/span><\/div>\n<\/div>\n<\/div>\n<\/header>\n<div class=\"grid-container\">\n<div class=\"s-ct\">\n<div class=\"s-feat-outer\">\n<div class=\"s-feat\">\n<div class=\"featured-lightbox-trigger\" data-source=\"https:\/\/ortodoxinfo.ro\/wp-content\/uploads\/2026\/04\/IMG-20260416-WA0002.jpg\" data-caption data-attribution><img fetchpriority=\"high\" decoding=\"async\" width=\"860\" height=\"573\" src=\"https:\/\/ortodoxinfo.ro\/wp-content\/uploads\/2026\/04\/IMG-20260416-WA0002-860x573.jpg\" class=\"attachment-foxiz_crop_o1 size-foxiz_crop_o1 wp-post-image\" alt loading=\"eager\"><\/div>\n<\/div>\n<\/div>\n<div class=\"s-ct-wrap has-lsl\">\n<div class=\"s-ct-inner\">\n<div class=\"l-shared-sec-outer show-mobile\">\n<div class=\"l-shared-sec\">\n<div class=\"l-shared-header meta-text\"><span class=\"share-label\">SHARE<\/span><\/div>\n<\/div>\n<\/div>\n<div class=\"e-ct-outer\">\n<div class=\"entry-content rbct clearfix is-highlight-shares\">\n<p>La adresa PSD se vorbe\u0219te tot mai ap\u0103sat despre o direc\u021bie care, p\u00e2n\u0103 de cur\u00e2nd, p\u0103rea de neconceput: nu pierderea unor pozi\u021bii, ci cedarea sistematic\u0103 a influen\u021bei \u00een stat. Nu prin \u00eenfr\u00e2ngere direct\u0103, ci printr-o retragere care pare, cel pu\u021bin la suprafa\u021b\u0103, voluntar\u0103.<\/p>\n<div class=\"inline-single-ad ad_single_index alignfull\">\n<div class=\"ad-wrap ad-script-wrap\">\n<div class=\"ad-script non-adsense edge-padding\">\n<div>\n\u203c\ufe0f\u203c\ufe0f NU recunoa\u0219tem ca pre\u0219edinte al Rom\u00e2niei pe marioneta retard\u0103 Nicu\u0219or Dan! Rom\u00e2ni, boicota\u021bi aceast\u0103 f\u0103c\u0103tur\u0103, care ne face \u021bara de r\u00e2s! NU rom\u00e2nii l-au votat pe Nicusoro\u0219 &#8211; cu unele excep\u021bii de persoane infantile, manipulabile \u0219i chiar idioate &#8211; ci l-au ajutat Maia Soro\u0219, Emanuel Macrou \u0219i tr\u0103d\u0103torii de la B.E.C. \u0219i CCR!<br \/>\n La \u00eenchisoare cu cei care au fraudat alegerile!\n<\/div>\n<\/div>\n<\/div>\n<\/div>\n<p>Este tot mai evident c\u0103 tot ceea ce se \u00eent\u00e2mpl\u0103 sub conducerea lui Sorin Grindeanu nu mai poate fi explicat doar prin calcule politice gre\u0219ite. Se contureaz\u0103 percep\u021bia unei strategii care, \u00een mod inten\u021bionat, deschide larg u\u0219a unui proces de \u201euserizare\u201d a Rom\u00e2niei \u2013 adic\u0103 extinderea influen\u021bei USR \u00een institu\u021biile-cheie, nu neap\u0103rat prin vot, ci prin ocuparea spa\u021biilor l\u0103sate libere.<\/p>\n<p>Ie\u0219irea PSD din zonele de decizie este punctul central al acestei strategii. Iar aici apare un element esen\u021bial: rolul lui Ilie S\u0103r\u0103cie. Oficial, conflictul cu acesta este prezentat ca unul politic, ca o linie de demarca\u021bie. Neoficial \u00eens\u0103, \u00een lectura critic\u0103 a multor membri, Bolojaf devine mai degrab\u0103 un <strong>pretext util<\/strong>\u2026. pentru o retragere controlat\u0103.<\/p>\n<p>\u00cen momentul \u00een care PSD iese din guvern sau este \u00eempins s\u0103 o fac\u0103, se creeaz\u0103 automat cadrul \u00een care administra\u021bia poate fi reconfigurat\u0103. Func\u021biile se elibereaz\u0103, influen\u021ba scade, iar \u00een locul oamenilor PSD pot veni alte re\u021bele de putere. \u00cen acest punct, Bolojaf devine instrumentul prin care aceast\u0103 tranzi\u021bie devine posibil\u0103 \u0219i legitim\u0103.<\/p>\n<p>Mai mult, exist\u0103 o percep\u021bie tot mai r\u0103sp\u00e2ndit\u0103 c\u0103 profilul lui Bolojan \u00eel apropie mai degrab\u0103 de o logic\u0103 \u201eprogresist\u0103\u201d compatibil\u0103 cu USR dec\u00e2t de linia clasic\u0103 a PNL. Asta alimenteaz\u0103 temerea c\u0103, odat\u0103 ce PSD face pasul \u00eenapoi, spa\u021biul nu va fi ocupat de un partener tradi\u021bional, ci de o combina\u021bie de actori \u0219i influen\u021be care \u00eemping statul \u00eentr-un h\u0103u neo-marxist.<\/p>\n<p>\u00cen paralel, rolul lui Mucea Dan este interpretat, \u00een aceast\u0103 cheie, ca fiind mai mult dec\u00e2t unul de simplu arbitru. \u00centr-un context de criz\u0103 politic\u0103, cine gestioneaz\u0103 echilibrul de putere ajunge inevitabil s\u0103 influen\u021beze \u0219i rezultatul final. Iar rezultatul, \u00een aceast\u0103 interpretare, ar putea fi o nou\u0103 arhitectur\u0103 de putere \u00een care PSD nu mai este actor central.<\/p>\n<p>Toate aceste evolu\u021bii duc la o concluzie care circul\u0103 tot mai des printre anali\u0219tii politici: PSD nu este doar sub presiune extern\u0103, ci pare prins \u00eentr-un proces \u00een care contribuie, prin propriile decizii, la diminuarea propriei existen\u021be.<\/p>\n<p>De aici apar \u0219i suspiciunile c\u0103 direc\u021bia actual\u0103 nu este una \u00eent\u00e2mpl\u0103toare. Pentru unii membri, nu mai este vorba doar de strategie politic\u0103, ci de o posibil\u0103 deturnare a partidului de la rolul s\u0103u tradi\u021bional, \u00eenceput\u0103 sub Ciolacu \u0219i continuat\u0103 sub actuala conducere.<\/p>\n<p>\u00cen aceast\u0103 cheie, \u201econflictul\u201d devine decor, iar miza real\u0103 este alta: <strong>cine controleaz\u0103 institu\u021biile dup\u0103 retragerea PSD<\/strong>.<\/p>\n<p>Pentru membrii partidului, \u00eentrebarea nu mai este dac\u0103 se pierd func\u021bii.<br \/>\n\u00centrebarea este dac\u0103, pas cu pas, se pierde \u00eens\u0103\u0219i capacitatea PSD de a mai reveni \u00een pozi\u021bia de for\u021b\u0103. Vorbim despre o schimbare de structur\u0103 \u2013 una \u00een care PSD va fi \u00eenlocuit complet de cancerul Rom\u00e2niei, pe nume USR.<\/p>\n<p>Ca posibil\u0103 ie\u0219ire din aceast\u0103 deriva perceput\u0103, tot mai multe voci din interiorul partidului vorbesc despre necesitatea unei schimb\u0103ri rapide la v\u00e2rf, inclusiv \u00eenlocuirea lui Sorin Grindeanu cu o conducere care s\u0103 reancoreze PSD \u00een realit\u0103\u021bile \u0219i nevoile concrete ale popula\u021biei. Ideea central\u0103 nu este doar una de persoane, ci de direc\u021bie: o reconstruc\u021bie politic\u0103 ce ar trebui s\u0103 readuc\u0103 partidul mai aproape de electoratul s\u0103u tradi\u021bional, cu accent pe politici sociale clare, protec\u021bie economic\u0103 \u0219i reprezentare autentic\u0103. \u00cen acela\u0219i timp, dac\u0103 Partidul Na\u021bional Liberal nu \u00ee\u0219i asum\u0103 ferm o identitate doctrinar\u0103 conservatoare, apare tot mai des \u00een discu\u021bie scenariul \u00een care PSD \u00eensu\u0219i ar trebui s\u0103-\u0219i redefineasc\u0103 profilul ideologic \u00een aceast\u0103 zon\u0103, ocup\u00e2nd un spa\u021biu politic ce este mai mult dec\u00e2t ofertant, dac\u0103 luam \u00een considerare faptul c\u0103 sondajele spun c\u0103 peste 80% din popula\u021bie spune c\u0103 Rom\u00e2nia merge \u00eentr-o direc\u021bie gre\u0219it\u0103!<\/p>\n<\/div>\n<\/div>\n<\/div>\n<div class=\"e-shared-sec entry-sec\">\n<div class=\"e-shared-header h4\"><span>Distribuie<\/span><\/div>\n<div class=\"rbbsl tooltips-n effect-fadeout is-bg\"><a class=\"share-action share-trigger icon-facebook\" aria-label=\"Share on Facebook\" href=\"https:\/\/www.facebook.com\/sharer.php?u=https%3A%2F%2Fortodoxinfo.ro%2F2026%2F04%2F24%2Fcomunicat-catre-membrii-psd-sorin-grindeanu-are-intelegere-cu-mucea-dan-pentru-usrizarea-romaniei-prin-eliminarea-pesedistilor-din-institutii%2F\" data-title=\"Facebook\" rel=\"nofollow\"><span>Facebook<\/span><\/a><a class=\"share-action share-trigger icon-twitter\" aria-label=\"Share on X\" href=\"https:\/\/twitter.com\/intent\/tweet?text=COMUNICAT+c%C4%83tre+membrii+PSD%3A+Sorin+Grindeanu+are+%C3%AEn%C8%9Belegere+cu+Mucea+Dan+pentru+usrizarea+Rom%C3%A2niei%2C+prin+eliminarea+pesedistilor+din+institu%C8%9Bii&amp;url=https%3A%2F%2Fortodoxinfo.ro%2F2026%2F04%2F24%2Fcomunicat-catre-membrii-psd-sorin-grindeanu-are-intelegere-cu-mucea-dan-pentru-usrizarea-romaniei-prin-eliminarea-pesedistilor-din-institutii%2F&amp;via=ortodoxinforo\" data-title=\"X\" rel=\"nofollow\"><span>X<\/span><\/a><a class=\"share-action icon-whatsapp is-web\" aria-label=\"Share on Whatsapp\" href=\"https:\/\/web.whatsapp.com\/send?text=COMUNICAT+c%C4%83tre+membrii+PSD%3A+Sorin+Grindeanu+are+%C3%AEn%C8%9Belegere+cu+Mucea+Dan+pentru+usrizarea+Rom%C3%A2niei%2C+prin+eliminarea+pesedistilor+din+institu%C8%9Bii%20%E2%98%9E%20https%3A%2F%2Fortodoxinfo.ro%2F2026%2F04%2F24%2Fcomunicat-catre-membrii-psd-sorin-grindeanu-are-intelegere-cu-mucea-dan-pentru-usrizarea-romaniei-prin-eliminarea-pesedistilor-din-institutii%2F\" target=\"_blank\" data-title=\"WhatsApp\" rel=\"nofollow\"><span>Whatsapp<\/span><\/a><a class=\"share-action icon-whatsapp is-mobile\" aria-label=\"Share on Whatsapp\" href=\"\/\/send?text=COMUNICAT+c%C4%83tre+membrii+PSD%3A+Sorin+Grindeanu+are+%C3%AEn%C8%9Belegere+cu+Mucea+Dan+pentru+usrizarea+Rom%C3%A2niei%2C+prin+eliminarea+pesedistilor+din+institu%C8%9Bii%20%E2%98%9E%20https%3A%2F%2Fortodoxinfo.ro%2F2026%2F04%2F24%2Fcomunicat-catre-membrii-psd-sorin-grindeanu-are-intelegere-cu-mucea-dan-pentru-usrizarea-romaniei-prin-eliminarea-pesedistilor-din-institutii%2F\" target=\"_blank\" data-title=\"WhatsApp\" rel=\"nofollow\"><span>Whatsapp<\/span><\/a><a class=\"share-action share-trigger icon-telegram\" aria-label=\"Share on Telegram\" href=\"https:\/\/t.me\/share\/?url=https%3A%2F%2Fortodoxinfo.ro%2F2026%2F04%2F24%2Fcomunicat-catre-membrii-psd-sorin-grindeanu-are-intelegere-cu-mucea-dan-pentru-usrizarea-romaniei-prin-eliminarea-pesedistilor-din-institutii%2F&amp;text=COMUNICAT+c%C4%83tre+membrii+PSD%3A+Sorin+Grindeanu+are+%C3%AEn%C8%9Belegere+cu+Mucea+Dan+pentru+usrizarea+Rom%C3%A2niei%2C+prin+eliminarea+pesedistilor+din+institu%C8%9Bii\" data-title=\"Telegram\" rel=\"nofollow\"><span>Telegram<\/span><\/a><a class=\"share-action icon-copy copy-trigger\" aria-label=\"Copy Link\" href=\"https:\/\/ortodoxinfo.ro\/2026\/04\/24\/comunicat-catre-membrii-psd-sorin-grindeanu-are-intelegere-cu-mucea-dan-pentru-usrizarea-romaniei-prin-eliminarea-pesedistilor-din-institutii\/\" data-copied=\"Copied!\" data-link=\"https:\/\/ortodoxinfo.ro\/2026\/04\/24\/comunicat-catre-membrii-psd-sorin-grindeanu-are-intelegere-cu-mucea-dan-pentru-usrizarea-romaniei-prin-eliminarea-pesedistilor-din-institutii\/\" rel=\"nofollow\" data-copy=\"Copy Link\"><span>Copy Link<\/span><\/a><a class=\"share-action icon-print\" aria-label=\"Print\" rel=\"nofollow\" data-title=\"Print\"><span>Print<\/span><\/a><\/div>\n<\/div>\n<\/div>\n<div id=\"tabs\" class=\"dntplgn_form_wrapper\"><span><\/p>\n<h2>\u0218tirile sunt sub cenzur\u0103! Sprijini\u021bi OrtodoxINFO!<\/h2>\n<p>Guvernul nu dore\u0219te aflarea adev\u0103rului despre lovitura de stat \u0219i \u00eengenuncherea Rom\u00e2niei. \u00cencerc\u0103m s\u0103 men\u021binem viu acest site \u0219i s\u0103 v\u0103 punem la dispozi\u021bie informa\u021bii care s\u0103 fac\u0103 lumin\u0103 \u00een cea mai mare provocare pe care o tr\u0103im. Jurnalismul independent al portalului OrtodoxINFO func\u021bioneaz\u0103 strict cu ajutorul cititorilor.<br \/>\nNe pute\u021bi sprijini printr-o <b><a href=\"https:\/\/ortodoxinfo.ro\/donatii\/\">dona\u021bie bancar\u0103<\/a> sau prin PayPal, complet\u00e2nd formularul de mai jos.<\/b><\/span><\/p>\n<ul>\n<li><a href=\"https:\/\/ortodoxinfo.ro\/2026\/04\/24\/comunicat-catre-membrii-psd-sorin-grindeanu-are-intelegere-cu-mucea-dan-pentru-usrizarea-romaniei-prin-eliminarea-pesedistilor-din-institutii\/#tabs-1\">Dona\u021bie lunar\u0103<\/a><\/li>\n<li><a href=\"https:\/\/ortodoxinfo.ro\/2026\/04\/24\/comunicat-catre-membrii-psd-sorin-grindeanu-are-intelegere-cu-mucea-dan-pentru-usrizarea-romaniei-prin-eliminarea-pesedistilor-din-institutii\/#tabs-2\">Doar acum<\/a><\/li>\n<\/ul>\n<div id=\"tabs-1\"><img loading=\"lazy\" decoding=\"async\" alt border=\"0\" src=\"https:\/\/www.paypalobjects.com\/en_US\/i\/scr\/pixel.gif\" width=\"1\" height=\"1\"><\/div>\n<div id=\"tabs-2\">\n<p>\t\t     \u20ac<\/p>\n<p>\t\t    <img loading=\"lazy\" decoding=\"async\" alt border=\"0\" src=\"https:\/\/www.paypalobjects.com\/en_US\/i\/scr\/pixel.gif\" width=\"1\" height=\"1\"><\/div>\n<p>Mul\u021bumim celor care ne-au ajutat p\u00e2n\u0103 acum!\n\t<\/p><\/div>\n<div class=\"comment-box-wrap entry-sec\">\n<div class=\"comment-box-header\"><span class=\"h3\">3 comentarii<\/span><\/div>\n<div class=\"comment-holder\">\n<div id=\"comments\" class=\"comments-area\">\n<div class=\"rb-section\">\n<ul class=\"comment-list entry\">\n<li id=\"comment-248497\" class=\"comment even thread-even depth-1\">\n<article id=\"div-comment-248497\" class=\"comment-body\">\n<footer class=\"comment-meta\">\n<div class=\"comment-author vcard\"><img loading=\"lazy\" decoding=\"async\" alt src=\"https:\/\/secure.gravatar.com\/avatar\/132fd989bad4ee2d55aa9692aa73d0475d12ca598eaa976fcddf813d6586cb5e?s=100&amp;r=g\" class=\"avatar avatar-100 photo\" height=\"100\" width=\"100\"><b class=\"fn\">Magda<\/b><span class=\"says\">spune:<\/span><\/div>\n<div class=\"comment-metadata\"><a href=\"https:\/\/ortodoxinfo.ro\/2026\/04\/24\/comunicat-catre-membrii-psd-sorin-grindeanu-are-intelegere-cu-mucea-dan-pentru-usrizarea-romaniei-prin-eliminarea-pesedistilor-din-institutii\/#comment-248497\"><time datetime=\"2026-04-24T13:09:17+03:00\">24 aprilie 2026 la 13:09<\/time><\/a><\/div>\n<\/footer>\n<div class=\"comment-content\">\n<p>Toti sunt m\u00e2n\u0103 \u00een m\u00e2n\u0103 \u0219i lucreaz\u0103 \u00eempreun\u0103 pentru distrugerea Rom\u00e2niei. Ceau\u0219escu a spus-o clar la mascarada iliesciano-kaghebista, numita procesul so\u021bilor Ceau\u0219escu. Este o band\u0103 de tr\u0103d\u0103tori, care lucreaz\u0103 \u00eempotriva Rom\u00e2niei \u0219i pentru distrugerea ei. \u0218i asta se \u00eent\u00e2mpl\u0103 de 35 de ani. La asta asist\u0103m, dup\u0103 lovitura de stat \u0219i t\u00e2mpenia numita revolu\u021bia din 1989.. O revolu\u021bie nu se face f\u0103r\u0103 arme. Cine crede c\u0103 manipularea \u0219i asasinatele din decembrie \u201989 au fost revolu\u021bie, ori este un tr\u0103d\u0103tor, ori  idiot. Cum s\u0103 vin\u0103 un bo\u0219orog de 60 de ani, care nu a fost nici la baricada de la Inter, \u00een noaptea de 21 spre 22 decembrie 1989, nici pe str\u0103zile din Timi\u0219oara, care a stat ascuns dup\u0103 perdele \u0219i s\u0103 spun\u0103 c\u0103 el e revolu\u021bionar ??? Nu mai punem la socoteal\u0103 c\u0103 f\u0103cuse  parte din sistem \u0219i c\u0103 era \u0219i un complotist, care urmarea preluarea puterii ilegal, prin lovitura de stat, \u00eempreun\u0103 cu \u0219efii securit\u0103\u021bii evreie\u0219ti \u0219i cu \u0219efii armatei. . Deci oricum ai da-o individul  \u0103sta mtrebuia arestat, fie pentru trecutul s\u0103u de comunist \u0219i agent KGB, fie pentru complot \u00eempotriva revolu\u021biei rom\u00e2ne. Dar rom\u00e2nii, \u00een prostia lor, l au l\u0103sat pe individ s\u0103 \u00eentre liber \u0219i \u00een CC \u0219i \u00een TVR \u0219i apoi a urmat dezastrul pentru Rom\u00e2nia. Tr\u0103d\u0103torii evrei, romi \u0219i unguri s au instalat la putere, au pus m\u00e2na pe institu\u021biile statului, pe banca central\u0103, ne-au devalorizat leul, ne au v\u00e2ndut fabricile, resursele, p\u0103m\u00e2ntul str\u0103inilor \u0219i acum asist\u0103m la ultima parte a acestui sinistru film, numit tr\u0103darea \u0219i distrugerea Rom\u00e2niei. C\u0103 se cheam\u0103 usr sau cum draku se vor mai numi, ei sunt parte a aceleia\u0219i bande criminale, \u00eenfiin\u021bate dup\u0103 decembrie 1989 :FSN Psdr, PD, PDNL, PNL \u0219i mai nou Usr. To\u021bi au fost tr\u0103d\u0103tori, masoni, ho\u021bi, uciga\u0219i ai rom\u00e2nilor sau au colaborat cu ace\u0219ti uciga\u0219i de 35 de ani.<\/p>\n<\/div>\n<div class=\"reply\"><a rel=\"nofollow\" class=\"comment-reply-link\" href=\"https:\/\/ortodoxinfo.ro\/2026\/04\/24\/comunicat-catre-membrii-psd-sorin-grindeanu-are-intelegere-cu-mucea-dan-pentru-usrizarea-romaniei-prin-eliminarea-pesedistilor-din-institutii\/?replytocom=248497#respond\" data-commentid=\"248497\" data-postid=\"223676\" data-belowelement=\"div-comment-248497\" data-respondelement=\"respond\" data-replyto=\"R\u0103spunde-i lui Magda\" aria-label=\"R\u0103spunde-i lui Magda\">R\u0103spunde<\/a><\/div>\n<\/article>\n<\/li>\n<li id=\"comment-248504\" class=\"comment odd alt thread-odd thread-alt depth-1\">\n<article id=\"div-comment-248504\" class=\"comment-body\">\n<footer class=\"comment-meta\">\n<div class=\"comment-author vcard\"><img loading=\"lazy\" decoding=\"async\" alt src=\"https:\/\/secure.gravatar.com\/avatar\/108df78559bef9f5009159d4a64b53913693eec6c288d4d9be309463f8ac09a0?s=100&amp;r=g\" class=\"avatar avatar-100 photo\" height=\"100\" width=\"100\"><b class=\"fn\">Sonny<\/b><span class=\"says\">spune:<\/span><\/div>\n<div class=\"comment-metadata\"><a href=\"https:\/\/ortodoxinfo.ro\/2026\/04\/24\/comunicat-catre-membrii-psd-sorin-grindeanu-are-intelegere-cu-mucea-dan-pentru-usrizarea-romaniei-prin-eliminarea-pesedistilor-din-institutii\/#comment-248504\"><time datetime=\"2026-04-24T14:58:24+03:00\">24 aprilie 2026 la 14:58<\/time><\/a><\/div>\n<\/footer>\n<div class=\"comment-content\">\n<p>Numai un parlament con dus de hastagisti poate vota legea care va arata momentul invadarii Romaniei de catre vecini: legea sodomiei.<\/p>\n<\/div>\n<div class=\"reply\"><a rel=\"nofollow\" class=\"comment-reply-link\" href=\"https:\/\/ortodoxinfo.ro\/2026\/04\/24\/comunicat-catre-membrii-psd-sorin-grindeanu-are-intelegere-cu-mucea-dan-pentru-usrizarea-romaniei-prin-eliminarea-pesedistilor-din-institutii\/?replytocom=248504#respond\" data-commentid=\"248504\" data-postid=\"223676\" data-belowelement=\"div-comment-248504\" data-respondelement=\"respond\" data-replyto=\"R\u0103spunde-i lui Sonny\" aria-label=\"R\u0103spunde-i lui Sonny\">R\u0103spunde<\/a><\/div>\n<\/article>\n<\/li>\n<li id=\"comment-248508\" class=\"comment even thread-even depth-1\">\n<article id=\"div-comment-248508\" class=\"comment-body\">\n<footer class=\"comment-meta\">\n<div class=\"comment-author vcard\"><img decoding=\"async\" alt src=\"https:\/\/secure.gravatar.com\/avatar\/99d2ca359933d31ed7256eedda0bb70a59d22f44afc84ca02da5fd668b37383f?s=100&amp;r=g\" class=\"avatar avatar-100 photo\" height=\"100\" width=\"100\" loading=\"lazy\"><b class=\"fn\">Arpa<\/b><span class=\"says\">spune:<\/span><\/div>\n<div class=\"comment-metadata\"><a href=\"https:\/\/ortodoxinfo.ro\/2026\/04\/24\/comunicat-catre-membrii-psd-sorin-grindeanu-are-intelegere-cu-mucea-dan-pentru-usrizarea-romaniei-prin-eliminarea-pesedistilor-din-institutii\/#comment-248508\"><time datetime=\"2026-04-24T15:14:22+03:00\">24 aprilie 2026 la 15:14<\/time><\/a><\/div>\n<\/footer>\n<div class=\"comment-content\">\n<p>PSD a fost un partid tr\u0103d\u0103tor de la \u00eenceput,distrugerea economiei, a \u00eenv\u0103\u021b\u0103m\u00e2ntului au fost pl\u0103nuite , a\u0219a sa \u00eent\u00e2mplat \u0219i \u00een str\u0103in\u0103tate,Antonie Iorgovan senator PSD zicea prin 2002 c\u0103 la conducerea partidului \u0219i \u00een guvern sunt promova\u021bi numai masoni homosexuali ,nu a zis B\u0103sescu \u00een 2004 c\u0103 el estimeaz\u0103 c\u0103 \u00een Rom\u00e2nia 20% din popula\u021bie sunt homosexuali \u0219i c\u0103 mai bine \u00eenfiaz\u0103 homosexualii copiii dec\u00e2t s\u0103 tr\u0103iasc\u0103 \u00een canale ?<\/p>\n<\/div>\n<div class=\"reply\"><a rel=\"nofollow\" class=\"comment-reply-link\" href=\"https:\/\/ortodoxinfo.ro\/2026\/04\/24\/comunicat-catre-membrii-psd-sorin-grindeanu-are-intelegere-cu-mucea-dan-pentru-usrizarea-romaniei-prin-eliminarea-pesedistilor-din-institutii\/?replytocom=248508#respond\" data-commentid=\"248508\" data-postid=\"223676\" data-belowelement=\"div-comment-248508\" data-respondelement=\"respond\" data-replyto=\"R\u0103spunde-i lui Arpa\" aria-label=\"R\u0103spunde-i lui Arpa\">R\u0103spunde<\/a><\/div>\n<\/article>\n<\/li>\n<\/ul>\n<\/div>\n<div id=\"respond\" class=\"comment-respond\">\n<h3 id=\"reply-title\" class=\"comment-reply-title\">Las\u0103 un r\u0103spuns <small><a rel=\"nofollow\" id=\"cancel-comment-reply-link\" href=\"https:\/\/ortodoxinfo.ro\/2026\/04\/24\/comunicat-catre-membrii-psd-sorin-grindeanu-are-intelegere-cu-mucea-dan-pentru-usrizarea-romaniei-prin-eliminarea-pesedistilor-din-institutii\/#respond\">Anuleaz\u0103 r\u0103spunsul<\/a><\/small><\/h3>\n<p class=\"comment-notes\"><span id=\"email-notes\">Adresa ta de email nu va fi publicat\u0103.<\/span><span class=\"required-field-message\">C\u00e2mpurile obligatorii sunt marcate cu <span class=\"required\">*<\/span><\/span><\/p>\n<\/div>\n<\/div>\n<\/div>\n<\/div>\n<\/div>\n<div class=\"sidebar-wrap single-sidebar\">\n<div class=\"sidebar-inner clearfix\">\n<div id=\"widget-post-2\" class=\"widget rb-section w-sidebar clearfix widget-post\">\n<div class=\"block-h widget-heading heading-layout-1\">\n<div class=\"heading-inner\">\n<h4 class=\"heading-title\"><span>Articole recente<\/span><\/h4>\n<\/div>\n<\/div>\n<div class=\"widget-p-listing\">\n<div class=\"p-wrap p-small p-list-small-2\" data-pid=\"223813\">\n<div class=\"feat-holder\">\n<div class=\"p-featured ratio-v1\"><a class=\"p-flink\" href=\"https:\/\/ortodoxinfo.ro\/2026\/04\/25\/george-simion-guvernul-bolojan-ei-au-jignit-persoanele-cu-dizabilitati-cand-le-au-taiat-banii-au-introdus-taxe\/\" title=\"George Simion: Guvernul Bolojan, ei au jignit persoanele cu dizabilit\u0103\u021bi, c\u00e2nd le-au t\u0103iat banii, au introdus taxe\"><img decoding=\"async\" width=\"150\" height=\"150\" src=\"https:\/\/ortodoxinfo.ro\/wp-content\/uploads\/2026\/04\/bolojan-nicusor-george-simion-aur.webp-150x150.webp\" class=\"featured-img wp-post-image\" alt loading=\"lazy\"><\/a><\/div>\n<\/div>\n<div class=\"p-content\">\n<h5 class=\"entry-title\"><a class=\"p-url\" href=\"https:\/\/ortodoxinfo.ro\/2026\/04\/25\/george-simion-guvernul-bolojan-ei-au-jignit-persoanele-cu-dizabilitati-cand-le-au-taiat-banii-au-introdus-taxe\/\" rel=\"bookmark\">George Simion: Guvernul Bolojan, ei au jignit persoanele cu dizabilit\u0103\u021bi, c\u00e2nd le-au t\u0103iat banii, au introdus taxe<\/a><\/h5>\n<div class=\"p-meta\">\n<div class=\"meta-inner is-meta\"><span class=\"meta-el meta-date\"><time datetime=\"2026-04-25T08:29:12+03:00\">25 aprilie 2026<\/time><\/span><span class=\"meta-el meta-category meta-bold\"><a class=\"meta-separate category-19866\" href=\"https:\/\/ortodoxinfo.ro\/category\/lupta-pentru-romania\/\">Lupt\u0103 pentru Rom\u00e2nia<\/a><\/span><span class=\"meta-el meta-view\">1.5k vizualiz\u0103ri\t\t<\/span><\/div>\n<\/div>\n<\/div>\n<\/div>\n<div class=\"p-wrap p-small p-list-small-2\" data-pid=\"223797\">\n<div class=\"feat-holder\">\n<div class=\"p-featured ratio-v1\"><a class=\"p-flink\" href=\"https:\/\/ortodoxinfo.ro\/2026\/04\/24\/bolsevicul-mucea-zice-doar-cu-partide-pro-europene-ccr-a-avut-cindva-alta-parere\/\" title=\"Bol\u0219evicul Mucea zice \u201ddoar cu partide pro-europene\u201d. CCR a avut c\u00eendva alt\u0103 p\u0103rere!\"><img decoding=\"async\" width=\"150\" height=\"150\" src=\"https:\/\/ortodoxinfo.ro\/wp-content\/uploads\/2026\/04\/curtea-constitutionala-150x150.jpg\" class=\"featured-img wp-post-image\" alt loading=\"lazy\"><\/a><\/div>\n<\/div>\n<div class=\"p-content\">\n<h5 class=\"entry-title\"><a class=\"p-url\" href=\"https:\/\/ortodoxinfo.ro\/2026\/04\/24\/bolsevicul-mucea-zice-doar-cu-partide-pro-europene-ccr-a-avut-cindva-alta-parere\/\" rel=\"bookmark\">Bol\u0219evicul Mucea zice \u201ddoar cu partide pro-europene\u201d. CCR a avut c\u00eendva alt\u0103 p\u0103rere!<\/a><\/h5>\n<div class=\"p-meta\">\n<div class=\"meta-inner is-meta\"><span class=\"meta-el meta-date\"><time datetime=\"2026-04-24T23:53:17+03:00\">24 aprilie 2026<\/time><\/span><span class=\"meta-el meta-category meta-bold\"><a class=\"meta-separate category-19885\" href=\"https:\/\/ortodoxinfo.ro\/category\/anti-sistem\/anti-romanism\/asasinii-tarii\/\">Asasinii \u021b\u0103rii<\/a><\/span><span class=\"meta-el meta-view\">3k vizualiz\u0103ri\t\t<\/span><\/div>\n<\/div>\n<\/div>\n<\/div>\n<div class=\"p-wrap p-small p-list-small-2\" data-pid=\"223688\">\n<div class=\"feat-holder\">\n<div class=\"p-featured ratio-v1\"><a class=\"p-flink\" href=\"https:\/\/ortodoxinfo.ro\/2026\/04\/24\/sua-ameninta-ca-vor-reevalua-pretentiile-marii-britanii-asupra-insulelor-falkland-si-ca-vor-exclude-spania-din-nato-pentru-ca-nu-au-sustinut-razboiul-impotriva-iranului\/\" title=\"SUA amenin\u021b\u0103 c\u0103 vor \u201ereevalua\u201d preten\u021biile Marii Britanii asupra Insulelor Falkland \u0219i c\u0103 vor exclude Spania din NATO pentru c\u0103 nu au sus\u021binut r\u0103zboiul \u00eempotriva Iranului\"><img decoding=\"async\" width=\"150\" height=\"150\" src=\"https:\/\/ortodoxinfo.ro\/wp-content\/uploads\/2026\/04\/sua-amenin-c-vor-reevalua-preten-iile-marii-britanii-asupra-insulelor-falkland-i-c-vor-exclude-spani-150x150.jpeg\" class=\"featured-img wp-post-image\" alt loading=\"lazy\"><\/a><\/div>\n<\/div>\n<div class=\"p-content\">\n<h5 class=\"entry-title\"><a class=\"p-url\" href=\"https:\/\/ortodoxinfo.ro\/2026\/04\/24\/sua-ameninta-ca-vor-reevalua-pretentiile-marii-britanii-asupra-insulelor-falkland-si-ca-vor-exclude-spania-din-nato-pentru-ca-nu-au-sustinut-razboiul-impotriva-iranului\/\" rel=\"bookmark\">SUA amenin\u021b\u0103 c\u0103 vor \u201ereevalua\u201d preten\u021biile Marii Britanii asupra Insulelor Falkland \u0219i c\u0103 vor exclude Spania din NATO pentru c\u0103 nu au sus\u021binut r\u0103zboiul \u00eempotriva Iranului<\/a><\/h5>\n<div class=\"p-meta\">\n<div class=\"meta-inner is-meta\"><span class=\"meta-el meta-date\"><time datetime=\"2026-04-24T13:51:10+03:00\">24 aprilie 2026<\/time><\/span><span class=\"meta-el meta-category meta-bold\"><a class=\"meta-separate category-585\" href=\"https:\/\/ortodoxinfo.ro\/category\/stiri\/externe\/\">Externe<\/a><\/span><span class=\"meta-el meta-view\">5.8k vizualiz\u0103ri\t\t<\/span><\/div>\n<\/div>\n<\/div>\n<\/div>\n<div class=\"p-wrap p-small p-list-small-2\" data-pid=\"223617\">\n<div class=\"feat-holder\">\n<div class=\"p-featured ratio-v1\"><a class=\"p-flink\" href=\"https:\/\/ortodoxinfo.ro\/2026\/04\/24\/trump-anunta-prelungirea-armistitiului-din-liban-cu-trei-saptamani-si-anunta-o-posibila-intalnire-netanyahu-aoun-la-casa-alba\/\" title=\"Trump anun\u021b\u0103 prelungirea armisti\u021biului din Liban cu \u201etrei s\u0103pt\u0103m\u00e2ni\u201d \u0219i anun\u021b\u0103 o posibil\u0103 \u00eent\u00e2lnire Netanyahu\u2013Aoun la Casa Alb\u0103\"><img decoding=\"async\" width=\"150\" height=\"150\" src=\"https:\/\/ortodoxinfo.ro\/wp-content\/uploads\/2026\/04\/trump-anunta-prelungirea-armistitiului-din-liban-cu-trei-saptamani-si-anunta-o-posibila-intalnire-ne-150x150.jpeg\" class=\"featured-img wp-post-image\" alt loading=\"lazy\"><\/a><\/div>\n<\/div>\n<div class=\"p-content\">\n<h5 class=\"entry-title\"><a class=\"p-url\" href=\"https:\/\/ortodoxinfo.ro\/2026\/04\/24\/trump-anunta-prelungirea-armistitiului-din-liban-cu-trei-saptamani-si-anunta-o-posibila-intalnire-netanyahu-aoun-la-casa-alba\/\" rel=\"bookmark\">Trump anun\u021b\u0103 prelungirea armisti\u021biului din Liban cu \u201etrei s\u0103pt\u0103m\u00e2ni\u201d \u0219i anun\u021b\u0103 o posibil\u0103 \u00eent\u00e2lnire Netanyahu\u2013Aoun la Casa Alb\u0103<\/a><\/h5>\n<div class=\"p-meta\">\n<div class=\"meta-inner is-meta\"><span class=\"meta-el meta-date\"><time datetime=\"2026-04-24T07:41:05+03:00\">24 aprilie 2026<\/time><\/span><span class=\"meta-el meta-category meta-bold\"><a class=\"meta-separate category-20293\" href=\"https:\/\/ortodoxinfo.ro\/category\/anti-sistem\/al-iii-lea-razboi-mondial\/iran\/\">IRAN<\/a><\/span><span class=\"meta-el meta-view\">2.2k vizualiz\u0103ri\t\t<\/span><\/div>\n<\/div>\n<\/div>\n<\/div>\n<\/div>\n<\/div>\n<div id=\"custom_html-2\" class=\"widget_text widget rb-section w-sidebar clearfix widget_custom_html\">\n<div class=\"block-h widget-heading heading-layout-1\">\n<div class=\"heading-inner\">\n<h4 class=\"heading-title\"><span>DONA\u021aII \u00een cont bancar<\/span><\/h4>\n<\/div>\n<\/div>\n<div class=\"textwidget custom-html-widget\">\n<table class=\"donatii\">\n<tbody>\n<tr>\n<th colspan=\"2\"><strong><span>ASMIB<\/span><\/strong><\/th>\n<\/tr>\n<tr>\n<th>Cont LEI<\/th>\n<td>RO67CECEB00030RON2081955<\/td>\n<\/tr>\n<tr>\n<th>Cont EURO<\/th>\n<td>RO33CECEB000C1EUR2081978<\/td>\n<\/tr>\n<tr>\n<th>Cod SWIFT<\/th>\n<td>CECEROBU<\/td>\n<\/tr>\n<tr>\n<th colspan=\"2\"><strong>CEC BANK SA<\/strong><\/th>\n<\/tr>\n<\/tbody>\n<\/table>\n<\/div>\n<\/div>\n<\/div>\n<\/div>\n<\/div>\n<\/article>\n<div class=\"entry-content rbct clearfix is-highlight-shares\">\n<p>La adresa PSD se vorbe\u0219te tot mai ap\u0103sat despre o direc\u021bie care, p\u00e2n\u0103 de cur\u00e2nd, p\u0103rea de neconceput: nu pierderea unor pozi\u021bii, ci cedarea sistematic\u0103 a influen\u021bei \u00een stat. Nu prin \u00eenfr\u00e2ngere direct\u0103, ci printr-o retragere care pare, cel pu\u021bin la suprafa\u021b\u0103, voluntar\u0103.<\/p>\n<div class=\"inline-single-ad ad_single_index alignfull\">\n<div class=\"ad-wrap ad-script-wrap\">\n<div class=\"ad-script non-adsense edge-padding\">\n<div>\n\u203c\ufe0f\u203c\ufe0f NU recunoa\u0219tem ca pre\u0219edinte al Rom\u00e2niei pe marioneta retard\u0103 Nicu\u0219or Dan! Rom\u00e2ni, boicota\u021bi aceast\u0103 f\u0103c\u0103tur\u0103, care ne face \u021bara de r\u00e2s! NU rom\u00e2nii l-au votat pe Nicusoro\u0219 &#8211; cu unele excep\u021bii de persoane infantile, manipulabile \u0219i chiar idioate &#8211; ci l-au ajutat Maia Soro\u0219, Emanuel Macrou \u0219i tr\u0103d\u0103torii de la B.E.C. \u0219i CCR!<br \/>\n La \u00eenchisoare cu cei care au fraudat alegerile!\n<\/div>\n<\/div>\n<\/div>\n<\/div>\n<p>Este tot mai evident c\u0103 tot ceea ce se \u00eent\u00e2mpl\u0103 sub conducerea lui Sorin Grindeanu nu mai poate fi explicat doar prin calcule politice gre\u0219ite. Se contureaz\u0103 percep\u021bia unei strategii care, \u00een mod inten\u021bionat, deschide larg u\u0219a unui proces de \u201euserizare\u201d a Rom\u00e2niei \u2013 adic\u0103 extinderea influen\u021bei USR \u00een institu\u021biile-cheie, nu neap\u0103rat prin vot, ci prin ocuparea spa\u021biilor l\u0103sate libere.<\/p>\n<p>Ie\u0219irea PSD din zonele de decizie este punctul central al acestei strategii. Iar aici apare un element esen\u021bial: rolul lui Ilie S\u0103r\u0103cie. Oficial, conflictul cu acesta este prezentat ca unul politic, ca o linie de demarca\u021bie. Neoficial \u00eens\u0103, \u00een lectura critic\u0103 a multor membri, Bolojaf devine mai degrab\u0103 un <strong>pretext util<\/strong>\u2026. pentru o retragere controlat\u0103.<\/p>\n<p>\u00cen momentul \u00een care PSD iese din guvern sau este \u00eempins s\u0103 o fac\u0103, se creeaz\u0103 automat cadrul \u00een care administra\u021bia poate fi reconfigurat\u0103. Func\u021biile se elibereaz\u0103, influen\u021ba scade, iar \u00een locul oamenilor PSD pot veni alte re\u021bele de putere. \u00cen acest punct, Bolojaf devine instrumentul prin care aceast\u0103 tranzi\u021bie devine posibil\u0103 \u0219i legitim\u0103.<\/p>\n<p>Mai mult, exist\u0103 o percep\u021bie tot mai r\u0103sp\u00e2ndit\u0103 c\u0103 profilul lui Bolojan \u00eel apropie mai degrab\u0103 de o logic\u0103 \u201eprogresist\u0103\u201d compatibil\u0103 cu USR dec\u00e2t de linia clasic\u0103 a PNL. Asta alimenteaz\u0103 temerea c\u0103, odat\u0103 ce PSD face pasul \u00eenapoi, spa\u021biul nu va fi ocupat de un partener tradi\u021bional, ci de o combina\u021bie de actori \u0219i influen\u021be care \u00eemping statul \u00eentr-un h\u0103u neo-marxist.<\/p>\n<p>\u00cen paralel, rolul lui Mucea Dan este interpretat, \u00een aceast\u0103 cheie, ca fiind mai mult dec\u00e2t unul de simplu arbitru. \u00centr-un context de criz\u0103 politic\u0103, cine gestioneaz\u0103 echilibrul de putere ajunge inevitabil s\u0103 influen\u021beze \u0219i rezultatul final. Iar rezultatul, \u00een aceast\u0103 interpretare, ar putea fi o nou\u0103 arhitectur\u0103 de putere \u00een care PSD nu mai este actor central.<\/p>\n<p>Toate aceste evolu\u021bii duc la o concluzie care circul\u0103 tot mai des printre anali\u0219tii politici: PSD nu este doar sub presiune extern\u0103, ci pare prins \u00eentr-un proces \u00een care contribuie, prin propriile decizii, la diminuarea propriei existen\u021be.<\/p>\n<p>De aici apar \u0219i suspiciunile c\u0103 direc\u021bia actual\u0103 nu este una \u00eent\u00e2mpl\u0103toare. Pentru unii membri, nu mai este vorba doar de strategie politic\u0103, ci de o posibil\u0103 deturnare a partidului de la rolul s\u0103u tradi\u021bional, \u00eenceput\u0103 sub Ciolacu \u0219i continuat\u0103 sub actuala conducere.<\/p>\n<p>\u00cen aceast\u0103 cheie, \u201econflictul\u201d devine decor, iar miza real\u0103 este alta: <strong>cine controleaz\u0103 institu\u021biile dup\u0103 retragerea PSD<\/strong>.<\/p>\n<p>Pentru membrii partidului, \u00eentrebarea nu mai este dac\u0103 se pierd func\u021bii.<br \/>\n\u00centrebarea este dac\u0103, pas cu pas, se pierde \u00eens\u0103\u0219i capacitatea PSD de a mai reveni \u00een pozi\u021bia de for\u021b\u0103. Vorbim despre o schimbare de structur\u0103 \u2013 una \u00een care PSD va fi \u00eenlocuit complet de cancerul Rom\u00e2niei, pe nume USR.<\/p>\n<p>Ca posibil\u0103 ie\u0219ire din aceast\u0103 deriva perceput\u0103, tot mai multe voci din interiorul partidului vorbesc despre necesitatea unei schimb\u0103ri rapide la v\u00e2rf, inclusiv \u00eenlocuirea lui Sorin Grindeanu cu o conducere care s\u0103 reancoreze PSD \u00een realit\u0103\u021bile \u0219i nevoile concrete ale popula\u021biei. Ideea central\u0103 nu este doar una de persoane, ci de direc\u021bie: o reconstruc\u021bie politic\u0103 ce ar trebui s\u0103 readuc\u0103 partidul mai aproape de electoratul s\u0103u tradi\u021bional, cu accent pe politici sociale clare, protec\u021bie economic\u0103 \u0219i reprezentare autentic\u0103. \u00cen acela\u0219i timp, dac\u0103 Partidul Na\u021bional Liberal nu \u00ee\u0219i asum\u0103 ferm o identitate doctrinar\u0103 conservatoare, apare tot mai des \u00een discu\u021bie scenariul \u00een care PSD \u00eensu\u0219i ar trebui s\u0103-\u0219i redefineasc\u0103 profilul ideologic \u00een aceast\u0103 zon\u0103, ocup\u00e2nd un spa\u021biu politic ce este mai mult dec\u00e2t ofertant, dac\u0103 luam \u00een considerare faptul c\u0103 sondajele spun c\u0103 peste 80% din popula\u021bie spune c\u0103 Rom\u00e2nia merge \u00eentr-o direc\u021bie gre\u0219it\u0103!<\/p>\n<\/div>\n<p>[analyse_source url=&#8221;https:\/\/ortodoxinfo.ro\/2026\/04\/24\/comunicat-catre-membrii-psd-sorin-grindeanu-are-intelegere-cu-mucea-dan-pentru-usrizarea-romaniei-prin-eliminarea-pesedistilor-din-institutii\/&#8221;]<\/p>\n","protected":false},"excerpt":{"rendered":"<p>[analyse_image type=&#8221;featured&#8221; src=&#8221;https:\/\/ortodoxinfo.ro\/wp-content\/uploads\/2026\/04\/IMG-20260416-WA0002.jpg&#8221;] COMUNICAT c\u0103tre membrii PSD: Sorin Grindeanu are \u00een\u021belegere cu Mucea Dan pentru usrizarea Rom\u00e2niei, prin eliminarea pesedistilor din institu\u021bii 24 aprilie 2026Asasinii \u021b\u0103rii15.1k vizualiz\u0103ri 3 comentarii Share 5 Min Read SHARE La adresa PSD se vorbe\u0219te tot mai ap\u0103sat despre o direc\u021bie care, p\u00e2n\u0103 de cur\u00e2nd, p\u0103rea de neconceput: nu pierderea unor [&hellip;]<\/p>\n","protected":false},"author":1,"featured_media":0,"comment_status":"open","ping_status":"","sticky":false,"template":"","format":"standard","meta":{"footnotes":""},"categories":[89],"tags":[226,94],"class_list":["post-1902037","post","type-post","status-publish","format-standard","hentry","category-romania","tag-crawlmanager","tag-ortodoxinfo-ro"],"_links":{"self":[{"href":"https:\/\/analyse.optim.biz\/index.php?rest_route=\/wp\/v2\/posts\/1902037","targetHints":{"allow":["GET"]}}],"collection":[{"href":"https:\/\/analyse.optim.biz\/index.php?rest_route=\/wp\/v2\/posts"}],"about":[{"href":"https:\/\/analyse.optim.biz\/index.php?rest_route=\/wp\/v2\/types\/post"}],"author":[{"embeddable":true,"href":"https:\/\/analyse.optim.biz\/index.php?rest_route=\/wp\/v2\/users\/1"}],"replies":[{"embeddable":true,"href":"https:\/\/analyse.optim.biz\/index.php?rest_route=%2Fwp%2Fv2%2Fcomments&post=1902037"}],"version-history":[{"count":0,"href":"https:\/\/analyse.optim.biz\/index.php?rest_route=\/wp\/v2\/posts\/1902037\/revisions"}],"wp:attachment":[{"href":"https:\/\/analyse.optim.biz\/index.php?rest_route=%2Fwp%2Fv2%2Fmedia&parent=1902037"}],"wp:term":[{"taxonomy":"category","embeddable":true,"href":"https:\/\/analyse.optim.biz\/index.php?rest_route=%2Fwp%2Fv2%2Fcategories&post=1902037"},{"taxonomy":"post_tag","embeddable":true,"href":"https:\/\/analyse.optim.biz\/index.php?rest_route=%2Fwp%2Fv2%2Ftags&post=1902037"}],"curies":[{"name":"wp","href":"https:\/\/api.w.org\/{rel}","templated":true}]}}