{"id":1902036,"date":"2026-04-24T10:51:10","date_gmt":"2026-04-24T07:51:10","guid":{"rendered":"https:\/\/analyse.optim.biz\/?p=1902036"},"modified":"2026-04-24T10:51:10","modified_gmt":"2026-04-24T07:51:10","slug":"sua-ameninta-ca-vor-reevalua-pretentiile-marii-britanii-asupra-insulelor-falkland-si-ca-vor-exclude-spania-din-nato-pentru-ca-nu-au-sustinut-razboiul-impotriva-iranului","status":"publish","type":"post","link":"https:\/\/analyse.optim.biz\/?p=1902036","title":{"rendered":"SUA amenin\u021b\u0103 c\u0103 vor \u201ereevalua\u201d preten\u021biile Marii Britanii asupra Insulelor Falkland \u0219i c\u0103 vor exclude Spania din NATO pentru c\u0103 nu au sus\u021binut r\u0103zboiul \u00eempotriva Iranului"},"content":{"rendered":"<p>[analyse_image type=&#8221;featured&#8221; src=&#8221;https:\/\/ortodoxinfo.ro\/wp-content\/uploads\/2026\/04\/sua-amenin-c-vor-reevalua-preten-iile-marii-britanii-asupra-insulelor-falkland-i-c-vor-exclude-spani.jpeg&#8221;]<\/p>\n<article id=\"post-223688\" class=\"post-223688 post type-post status-publish format-standard has-post-thumbnail category-externe\">\n<header class=\"single-header\">\n<h1 class=\"s-title fw-headline\">SUA amenin\u021b\u0103 c\u0103 vor \u201ereevalua\u201d preten\u021biile Marii Britanii asupra Insulelor Falkland \u0219i c\u0103 vor exclude Spania din NATO pentru c\u0103 nu au sus\u021binut r\u0103zboiul \u00eempotriva Iranului<\/h1>\n<div class=\"single-meta meta-s-default yes-0\">\n<div class=\"smeta-in\"><a class=\"meta-el meta-avatar\" href=\"https:\/\/ortodoxinfo.ro\/author\/redactor\/\"><img loading=\"lazy\" decoding=\"async\" alt=\"OrtodoxINFO\" src=\"https:\/\/secure.gravatar.com\/avatar\/21010332354a182ce4de6016685c5586f21c51866d0ec5bc8ef383240b3c3e02?s=120&amp;r=g\" class=\"avatar avatar-120 photo\" height=\"120\" width=\"120\"><\/a><\/p>\n<div class=\"smeta-sec\">\n<div class=\"p-meta\">\n<div class=\"meta-inner is-meta\"><span class=\"meta-el meta-date\"><time datetime=\"2026-04-24T13:51:10+03:00\">24 aprilie 2026<\/time><\/span><span class=\"meta-el meta-category meta-bold\"><a class=\"meta-separate category-585\" href=\"https:\/\/ortodoxinfo.ro\/category\/stiri\/externe\/\">Externe<\/a><\/span><span class=\"meta-el meta-view\">5.8k vizualiz\u0103ri\t\t<\/span><span class=\"meta-el meta-comment mobile-last-meta tablet-last-meta\"><a href=\"https:\/\/ortodoxinfo.ro\/2026\/04\/24\/sua-ameninta-ca-vor-reevalua-pretentiile-marii-britanii-asupra-insulelor-falkland-si-ca-vor-exclude-spania-din-nato-pentru-ca-nu-au-sustinut-razboiul-impotriva-iranului\/#comments\">1 comentariu<\/a><\/span><\/div>\n<\/div>\n<\/div>\n<\/div>\n<div class=\"smeta-extra\">\n<div class=\"t-shared-sec tooltips-n has-read-meta is-color\">\n<div class=\"t-shared-header is-meta\"><span class=\"share-label\">Share<\/span><\/div>\n<\/div>\n<div class=\"single-right-meta single-time-read is-meta\"><span class=\"meta-el meta-read\">5 Min Read<\/span><\/div>\n<\/div>\n<\/div>\n<\/header>\n<div class=\"grid-container\">\n<div class=\"s-ct\">\n<div class=\"s-feat-outer\">\n<div class=\"s-feat\">\n<div class=\"featured-lightbox-trigger\" data-source=\"https:\/\/ortodoxinfo.ro\/wp-content\/uploads\/2026\/04\/sua-amenin-c-vor-reevalua-preten-iile-marii-britanii-asupra-insulelor-falkland-i-c-vor-exclude-spani.jpeg\" data-caption data-attribution><img fetchpriority=\"high\" decoding=\"async\" width=\"860\" height=\"574\" src=\"https:\/\/ortodoxinfo.ro\/wp-content\/uploads\/2026\/04\/sua-amenin-c-vor-reevalua-preten-iile-marii-britanii-asupra-insulelor-falkland-i-c-vor-exclude-spani-860x574.jpeg\" class=\"attachment-foxiz_crop_o1 size-foxiz_crop_o1 wp-post-image\" alt loading=\"eager\"><\/div>\n<\/div>\n<\/div>\n<div class=\"s-ct-wrap has-lsl\">\n<div class=\"s-ct-inner\">\n<div class=\"l-shared-sec-outer show-mobile\">\n<div class=\"l-shared-sec\">\n<div class=\"l-shared-header meta-text\"><span class=\"share-label\">SHARE<\/span><\/div>\n<\/div>\n<\/div>\n<div class=\"e-ct-outer\">\n<div class=\"entry-content rbct clearfix is-highlight-shares\">\n<p>Washingtonul ridic\u0103 tonul \u0219i agit\u0103 din nou spectrul sanc\u021biunilor \u00een interiorul NATO, \u00eentr-un moment \u00een care fisurile dintre alia\u021bi devin tot mai vizibile. Potrivit unor informa\u021bii ap\u0103rute pe surse \u0219i confirmate pentru Reuters de un oficial american, Pentagonul analizeaz\u0103 o serie de m\u0103suri punitive \u00eempotriva statelor care au refuzat s\u0103 sprijine r\u0103zboiul cu Iranul \u2013 de la reevaluarea sprijinului pentru revendicarea britanic\u0103 asupra Insulelor Falkland, p\u00e2n\u0103 la suspendarea Spaniei din Alian\u021b\u0103.<\/p>\n<div class=\"inline-single-ad ad_single_index alignfull\">\n<div class=\"ad-wrap ad-script-wrap\">\n<div class=\"ad-script non-adsense edge-padding\">\n<div>\n\u203c\ufe0f\u203c\ufe0f NU recunoa\u0219tem ca pre\u0219edinte al Rom\u00e2niei pe marioneta retard\u0103 Nicu\u0219or Dan! Rom\u00e2ni, boicota\u021bi aceast\u0103 f\u0103c\u0103tur\u0103, care ne face \u021bara de r\u00e2s! NU rom\u00e2nii l-au votat pe Nicusoro\u0219 &#8211; cu unele excep\u021bii de persoane infantile, manipulabile \u0219i chiar idioate &#8211; ci l-au ajutat Maia Soro\u0219, Emanuel Macrou \u0219i tr\u0103d\u0103torii de la B.E.C. \u0219i CCR!<br \/>\n La \u00eenchisoare cu cei care au fraudat alegerile!\n<\/div>\n<\/div>\n<\/div>\n<\/div>\n<p>Nemul\u021bumirea vine pe fondul a ceea ce Washingtonul consider\u0103 a fi o lips\u0103 de solidaritate: mai multe state NATO au ezitat sau au refuzat s\u0103 acorde acces la baze militare \u0219i drepturi de survol (ABO) pentru opera\u021biunile \u00eempotriva Iranului. \u201eEste minimul absolut \u00eentr-o alian\u021b\u0103 ca NATO\u201d, ar fi transmis oficialii americani \u00eentr-un e-mail intern care circul\u0103 la nivel \u00eenalt \u00een Pentagon.<\/p>\n<p>Documentul schi\u021beaz\u0103 inclusiv ideea sensibil\u0103 a unei reanaliz\u0103ri a sprijinului diplomatic american pentru a\u0219a-numitele \u201eposesiuni imperiale\u201d europene, precum Insulele Falkland \u2013 teritoriu administrat de Marea Britanie, dar revendicat de Argentina. Tema nu este una nou\u0103: conflictul din 1982, soldat cu sute de mor\u021bi de ambele p\u0103r\u021bi, r\u0103m\u00e2ne o ran\u0103 deschis\u0103.<\/p>\n<p>\u00cen acela\u0219i registru tensionat, pre\u0219edintele Donald Trump nu \u0219i-a menajat deloc criticile la adresa premierului britanic Keir Starmer, pe care l-a catalogat drept \u201ela\u0219\u201d pentru refuzul de a intra \u00een r\u0103zboi al\u0103turi de SUA. Mai mult, liderul american a ironizat capacit\u0103\u021bile militare britanice, numind portavioanele Londrei \u201ejuc\u0103rii\u201d.<\/p>\n<p>Ini\u021bial, Marea Britanie a refuzat solicitarea american\u0103 de a permite atacuri asupra Iranului de pe baze britanice, accept\u00e2nd ulterior doar misiuni defensive, menite s\u0103 protejeze civilii din regiune, inclusiv cet\u0103\u021beni britanici, \u00een contextul represaliilor iraniene.<\/p>\n<p>Printre op\u021biunile discutate la Washington se num\u0103r\u0103 \u0219i marginalizarea \u021b\u0103rilor considerate \u201edificile\u201d, prin excluderea lor din pozi\u021bii-cheie sau simbolice \u00een cadrul NATO. Spania este men\u021bionat\u0103 explicit, dup\u0103 ce guvernul de la Madrid a refuzat utilizarea bazelor \u0219i spa\u021biului s\u0103u aerian pentru opera\u021biuni \u00eempotriva Iranului. \u00cen pofida importan\u021bei strategice a bazelor americane de la Rota \u0219i Mor\u00f3n, o eventual\u0103 suspendare ar avea mai degrab\u0103 un impact simbolic dec\u00e2t unul opera\u021bional, sus\u021bin sursele citate.<\/p>\n<p>\u00cen paralel, Trump a criticat dur alia\u021bii pentru lipsa de implicare \u00een redeschiderea Str\u00e2mtorii Ormuz, blocat\u0103 dup\u0103 declan\u0219area conflictului aerian pe 28 februarie. Liderul american a mers chiar p\u00e2n\u0103 la a sugera posibilitatea retragerii SUA din NATO: \u201eNu a\u021bi face la fel dac\u0103 a\u021bi fi \u00een locul meu?\u201d, a \u00eentrebat retoric \u00eentr-un interviu acordat Reuters. Totu\u0219i, documentul intern nu propune explicit ie\u0219irea din Alian\u021b\u0103 sau \u00eenchiderea bazelor din Europa, de\u0219i las\u0103 deschis\u0103 discu\u021bia privind o eventual\u0103 reducere a prezen\u021bei militare americane pe continent.<\/p>\n<p>Purt\u0103torul de cuv\u00e2nt al Pentagonului, Kingsley Wilson, a transmis c\u0103 administra\u021bia Trump va c\u0103uta \u201eop\u021biuni credibile\u201d pentru a se asigura c\u0103 alia\u021bii nu mai sunt \u201eun tigru de h\u00e2rtie\u201d, ci \u00ee\u0219i asum\u0103 responsabilit\u0103\u021bile. R\u0103zboiul americano-israelian cu Iranul a reaprins temerile privind viitorul NATO, o alian\u021b\u0103 veche de 76 de ani. Diploma\u021bi \u0219i anali\u0219ti avertizeaz\u0103 c\u0103 \u00eencrederea \u00een angajamentul SUA fa\u021b\u0103 de ap\u0103rarea Europei este mai fragil\u0103 ca niciodat\u0103.<\/p>\n<p>\u00cen timp ce Londra, Parisul \u0219i alte capitale europene sus\u021bin c\u0103 o implicare direct\u0103 \u00een blocada naval\u0103 ar echivala cu intrarea \u00een r\u0103zboi; acestea las\u0103 deschis\u0103 posibilitatea de a contribui ulterior la men\u021binerea securit\u0103\u021bii maritime, \u00een cazul unui armisti\u021biu. De cealalt\u0103 parte, Washingtonul insist\u0103: NATO nu poate func\u021biona \u201ecu sens unic\u201d.<\/p>\n<p>\u00centr-un discurs recent, secretarul de r\u0103zboi, Pete Hegseth, a punctat vulnerabilitatea Europei \u00een fa\u021ba rachetelor iraniene cu raz\u0103 lung\u0103, subliniind c\u0103, de\u0219i acestea nu pot lovi teritoriul american, pot atinge \u021binte europene. \u201eNu ai cu adev\u0103rat o alian\u021b\u0103 dac\u0103 unii membri nu sunt dispu\u0219i s\u0103 fie al\u0103turi de tine c\u00e2nd ai nevoie de ei\u201d, a spus acesta.<\/p>\n<p>Donald Trump a dus retorica \u0219i mai departe, evoc\u00e2nd riscul unui \u201eholocaust nuclear\u201d \u00een marile ora\u0219e europene. \u201eNu exist\u0103 nimic mai grav dec\u00e2t o arm\u0103 nuclear\u0103 care \u0219terge de pe hart\u0103 unul sau mai multe ora\u0219e. Londra, Paris, ora\u0219e din Germania \u2013 toate pot deveni \u021binte. Nu putem permite Iranului s\u0103 ajung\u0103 acolo\u201d, a avertizat liderul american. \u00cen viziunea Washingtonului, r\u0103zboiul nu este doar despre Iran, ci despre credibilitatea \u0219i viitorul \u00eentregii arhitecturi de securitate occidentale.<\/p>\n<\/div>\n<\/div>\n<\/div>\n<div class=\"e-shared-sec entry-sec\">\n<div class=\"e-shared-header h4\"><span>Distribuie<\/span><\/div>\n<div class=\"rbbsl tooltips-n effect-fadeout is-bg\"><a class=\"share-action share-trigger icon-facebook\" aria-label=\"Share on Facebook\" href=\"https:\/\/www.facebook.com\/sharer.php?u=https%3A%2F%2Fortodoxinfo.ro%2F2026%2F04%2F24%2Fsua-ameninta-ca-vor-reevalua-pretentiile-marii-britanii-asupra-insulelor-falkland-si-ca-vor-exclude-spania-din-nato-pentru-ca-nu-au-sustinut-razboiul-impotriva-iranului%2F\" data-title=\"Facebook\" rel=\"nofollow\"><span>Facebook<\/span><\/a><a class=\"share-action share-trigger icon-twitter\" aria-label=\"Share on X\" href=\"https:\/\/twitter.com\/intent\/tweet?text=SUA+amenin%C8%9B%C4%83+c%C4%83+vor+%E2%80%9Ereevalua%E2%80%9D+preten%C8%9Biile+Marii+Britanii+asupra+Insulelor+Falkland+%C8%99i+c%C4%83+vor+exclude+Spania+din+NATO+pentru+c%C4%83+nu+au+sus%C8%9Binut+r%C4%83zboiul+%C3%AEmpotriva+Iranului&amp;url=https%3A%2F%2Fortodoxinfo.ro%2F2026%2F04%2F24%2Fsua-ameninta-ca-vor-reevalua-pretentiile-marii-britanii-asupra-insulelor-falkland-si-ca-vor-exclude-spania-din-nato-pentru-ca-nu-au-sustinut-razboiul-impotriva-iranului%2F&amp;via=ortodoxinforo\" data-title=\"X\" rel=\"nofollow\"><span>X<\/span><\/a><a class=\"share-action icon-whatsapp is-web\" aria-label=\"Share on Whatsapp\" href=\"https:\/\/web.whatsapp.com\/send?text=SUA+amenin%C8%9B%C4%83+c%C4%83+vor+%E2%80%9Ereevalua%E2%80%9D+preten%C8%9Biile+Marii+Britanii+asupra+Insulelor+Falkland+%C8%99i+c%C4%83+vor+exclude+Spania+din+NATO+pentru+c%C4%83+nu+au+sus%C8%9Binut+r%C4%83zboiul+%C3%AEmpotriva+Iranului%20%E2%98%9E%20https%3A%2F%2Fortodoxinfo.ro%2F2026%2F04%2F24%2Fsua-ameninta-ca-vor-reevalua-pretentiile-marii-britanii-asupra-insulelor-falkland-si-ca-vor-exclude-spania-din-nato-pentru-ca-nu-au-sustinut-razboiul-impotriva-iranului%2F\" target=\"_blank\" data-title=\"WhatsApp\" rel=\"nofollow\"><span>Whatsapp<\/span><\/a><a class=\"share-action icon-whatsapp is-mobile\" aria-label=\"Share on Whatsapp\" href=\"\/\/send?text=SUA+amenin%C8%9B%C4%83+c%C4%83+vor+%E2%80%9Ereevalua%E2%80%9D+preten%C8%9Biile+Marii+Britanii+asupra+Insulelor+Falkland+%C8%99i+c%C4%83+vor+exclude+Spania+din+NATO+pentru+c%C4%83+nu+au+sus%C8%9Binut+r%C4%83zboiul+%C3%AEmpotriva+Iranului%20%E2%98%9E%20https%3A%2F%2Fortodoxinfo.ro%2F2026%2F04%2F24%2Fsua-ameninta-ca-vor-reevalua-pretentiile-marii-britanii-asupra-insulelor-falkland-si-ca-vor-exclude-spania-din-nato-pentru-ca-nu-au-sustinut-razboiul-impotriva-iranului%2F\" target=\"_blank\" data-title=\"WhatsApp\" rel=\"nofollow\"><span>Whatsapp<\/span><\/a><a class=\"share-action share-trigger icon-telegram\" aria-label=\"Share on Telegram\" href=\"https:\/\/t.me\/share\/?url=https%3A%2F%2Fortodoxinfo.ro%2F2026%2F04%2F24%2Fsua-ameninta-ca-vor-reevalua-pretentiile-marii-britanii-asupra-insulelor-falkland-si-ca-vor-exclude-spania-din-nato-pentru-ca-nu-au-sustinut-razboiul-impotriva-iranului%2F&amp;text=SUA+amenin%C8%9B%C4%83+c%C4%83+vor+%E2%80%9Ereevalua%E2%80%9D+preten%C8%9Biile+Marii+Britanii+asupra+Insulelor+Falkland+%C8%99i+c%C4%83+vor+exclude+Spania+din+NATO+pentru+c%C4%83+nu+au+sus%C8%9Binut+r%C4%83zboiul+%C3%AEmpotriva+Iranului\" data-title=\"Telegram\" rel=\"nofollow\"><span>Telegram<\/span><\/a><a class=\"share-action icon-copy copy-trigger\" aria-label=\"Copy Link\" href=\"https:\/\/ortodoxinfo.ro\/2026\/04\/24\/sua-ameninta-ca-vor-reevalua-pretentiile-marii-britanii-asupra-insulelor-falkland-si-ca-vor-exclude-spania-din-nato-pentru-ca-nu-au-sustinut-razboiul-impotriva-iranului\/\" data-copied=\"Copied!\" data-link=\"https:\/\/ortodoxinfo.ro\/2026\/04\/24\/sua-ameninta-ca-vor-reevalua-pretentiile-marii-britanii-asupra-insulelor-falkland-si-ca-vor-exclude-spania-din-nato-pentru-ca-nu-au-sustinut-razboiul-impotriva-iranului\/\" rel=\"nofollow\" data-copy=\"Copy Link\"><span>Copy Link<\/span><\/a><a class=\"share-action icon-print\" aria-label=\"Print\" rel=\"nofollow\" data-title=\"Print\"><span>Print<\/span><\/a><\/div>\n<\/div>\n<\/div>\n<div id=\"tabs\" class=\"dntplgn_form_wrapper\"><span><\/p>\n<h2>\u0218tirile sunt sub cenzur\u0103! Sprijini\u021bi OrtodoxINFO!<\/h2>\n<p>Guvernul nu dore\u0219te aflarea adev\u0103rului despre lovitura de stat \u0219i \u00eengenuncherea Rom\u00e2niei. \u00cencerc\u0103m s\u0103 men\u021binem viu acest site \u0219i s\u0103 v\u0103 punem la dispozi\u021bie informa\u021bii care s\u0103 fac\u0103 lumin\u0103 \u00een cea mai mare provocare pe care o tr\u0103im. Jurnalismul independent al portalului OrtodoxINFO func\u021bioneaz\u0103 strict cu ajutorul cititorilor.<br \/>\nNe pute\u021bi sprijini printr-o <b><a href=\"https:\/\/ortodoxinfo.ro\/donatii\/\">dona\u021bie bancar\u0103<\/a> sau prin PayPal, complet\u00e2nd formularul de mai jos.<\/b><\/span><\/p>\n<ul>\n<li><a href=\"https:\/\/ortodoxinfo.ro\/2026\/04\/24\/sua-ameninta-ca-vor-reevalua-pretentiile-marii-britanii-asupra-insulelor-falkland-si-ca-vor-exclude-spania-din-nato-pentru-ca-nu-au-sustinut-razboiul-impotriva-iranului\/#tabs-1\">Dona\u021bie lunar\u0103<\/a><\/li>\n<li><a href=\"https:\/\/ortodoxinfo.ro\/2026\/04\/24\/sua-ameninta-ca-vor-reevalua-pretentiile-marii-britanii-asupra-insulelor-falkland-si-ca-vor-exclude-spania-din-nato-pentru-ca-nu-au-sustinut-razboiul-impotriva-iranului\/#tabs-2\">Doar acum<\/a><\/li>\n<\/ul>\n<div id=\"tabs-1\"><img loading=\"lazy\" decoding=\"async\" alt border=\"0\" src=\"https:\/\/www.paypalobjects.com\/en_US\/i\/scr\/pixel.gif\" width=\"1\" height=\"1\"><\/div>\n<div id=\"tabs-2\">\n<p>\t\t     \u20ac<\/p>\n<p>\t\t    <img loading=\"lazy\" decoding=\"async\" alt border=\"0\" src=\"https:\/\/www.paypalobjects.com\/en_US\/i\/scr\/pixel.gif\" width=\"1\" height=\"1\"><\/div>\n<p>Mul\u021bumim celor care ne-au ajutat p\u00e2n\u0103 acum!\n\t<\/p><\/div>\n<div class=\"comment-box-wrap entry-sec\">\n<div class=\"comment-box-header\"><span class=\"h3\">1 comentariu<\/span><\/div>\n<div class=\"comment-holder\">\n<div id=\"comments\" class=\"comments-area\">\n<div class=\"rb-section\">\n<ul class=\"comment-list entry\">\n<li id=\"comment-248503\" class=\"comment even thread-even depth-1\">\n<article id=\"div-comment-248503\" class=\"comment-body\">\n<footer class=\"comment-meta\">\n<div class=\"comment-author vcard\"><img loading=\"lazy\" decoding=\"async\" alt src=\"https:\/\/secure.gravatar.com\/avatar\/108df78559bef9f5009159d4a64b53913693eec6c288d4d9be309463f8ac09a0?s=100&amp;r=g\" class=\"avatar avatar-100 photo\" height=\"100\" width=\"100\"><b class=\"fn\">Sonny<\/b><span class=\"says\">spune:<\/span><\/div>\n<div class=\"comment-metadata\"><a href=\"https:\/\/ortodoxinfo.ro\/2026\/04\/24\/sua-ameninta-ca-vor-reevalua-pretentiile-marii-britanii-asupra-insulelor-falkland-si-ca-vor-exclude-spania-din-nato-pentru-ca-nu-au-sustinut-razboiul-impotriva-iranului\/#comment-248503\"><time datetime=\"2026-04-24T14:53:59+03:00\">24 aprilie 2026 la 14:53<\/time><\/a><\/div>\n<\/footer>\n<div class=\"comment-content\">\n<p>Nebunul vrea sadeafoc intregii lumi, se sfadeste cu toti, ameninta pe toti, ii minte pe toti.!! Chiarnu e nimeni sa-l opreasca ?!<\/p>\n<\/div>\n<div class=\"reply\"><a rel=\"nofollow\" class=\"comment-reply-link\" href=\"https:\/\/ortodoxinfo.ro\/2026\/04\/24\/sua-ameninta-ca-vor-reevalua-pretentiile-marii-britanii-asupra-insulelor-falkland-si-ca-vor-exclude-spania-din-nato-pentru-ca-nu-au-sustinut-razboiul-impotriva-iranului\/?replytocom=248503#respond\" data-commentid=\"248503\" data-postid=\"223688\" data-belowelement=\"div-comment-248503\" data-respondelement=\"respond\" data-replyto=\"R\u0103spunde-i lui Sonny\" aria-label=\"R\u0103spunde-i lui Sonny\">R\u0103spunde<\/a><\/div>\n<\/article>\n<\/li>\n<\/ul>\n<\/div>\n<div id=\"respond\" class=\"comment-respond\">\n<h3 id=\"reply-title\" class=\"comment-reply-title\">Las\u0103 un r\u0103spuns <small><a rel=\"nofollow\" id=\"cancel-comment-reply-link\" href=\"https:\/\/ortodoxinfo.ro\/2026\/04\/24\/sua-ameninta-ca-vor-reevalua-pretentiile-marii-britanii-asupra-insulelor-falkland-si-ca-vor-exclude-spania-din-nato-pentru-ca-nu-au-sustinut-razboiul-impotriva-iranului\/#respond\">Anuleaz\u0103 r\u0103spunsul<\/a><\/small><\/h3>\n<p class=\"comment-notes\"><span id=\"email-notes\">Adresa ta de email nu va fi publicat\u0103.<\/span><span class=\"required-field-message\">C\u00e2mpurile obligatorii sunt marcate cu <span class=\"required\">*<\/span><\/span><\/p>\n<\/div>\n<\/div>\n<\/div>\n<\/div>\n<\/div>\n<div class=\"sidebar-wrap single-sidebar\">\n<div class=\"sidebar-inner clearfix\">\n<div id=\"widget-post-2\" class=\"widget rb-section w-sidebar clearfix widget-post\">\n<div class=\"block-h widget-heading heading-layout-1\">\n<div class=\"heading-inner\">\n<h4 class=\"heading-title\"><span>Articole recente<\/span><\/h4>\n<\/div>\n<\/div>\n<div class=\"widget-p-listing\">\n<div class=\"p-wrap p-small p-list-small-2\" data-pid=\"223813\">\n<div class=\"feat-holder\">\n<div class=\"p-featured ratio-v1\"><a class=\"p-flink\" href=\"https:\/\/ortodoxinfo.ro\/2026\/04\/25\/george-simion-guvernul-bolojan-ei-au-jignit-persoanele-cu-dizabilitati-cand-le-au-taiat-banii-au-introdus-taxe\/\" title=\"George Simion: Guvernul Bolojan, ei au jignit persoanele cu dizabilit\u0103\u021bi, c\u00e2nd le-au t\u0103iat banii, au introdus taxe\"><img decoding=\"async\" width=\"150\" height=\"150\" src=\"https:\/\/ortodoxinfo.ro\/wp-content\/uploads\/2026\/04\/bolojan-nicusor-george-simion-aur.webp-150x150.webp\" class=\"featured-img wp-post-image\" alt loading=\"lazy\"><\/a><\/div>\n<\/div>\n<div class=\"p-content\">\n<h5 class=\"entry-title\"><a class=\"p-url\" href=\"https:\/\/ortodoxinfo.ro\/2026\/04\/25\/george-simion-guvernul-bolojan-ei-au-jignit-persoanele-cu-dizabilitati-cand-le-au-taiat-banii-au-introdus-taxe\/\" rel=\"bookmark\">George Simion: Guvernul Bolojan, ei au jignit persoanele cu dizabilit\u0103\u021bi, c\u00e2nd le-au t\u0103iat banii, au introdus taxe<\/a><\/h5>\n<div class=\"p-meta\">\n<div class=\"meta-inner is-meta\"><span class=\"meta-el meta-date\"><time datetime=\"2026-04-25T08:29:12+03:00\">25 aprilie 2026<\/time><\/span><span class=\"meta-el meta-category meta-bold\"><a class=\"meta-separate category-19866\" href=\"https:\/\/ortodoxinfo.ro\/category\/lupta-pentru-romania\/\">Lupt\u0103 pentru Rom\u00e2nia<\/a><\/span><span class=\"meta-el meta-view\">1.5k vizualiz\u0103ri\t\t<\/span><\/div>\n<\/div>\n<\/div>\n<\/div>\n<div class=\"p-wrap p-small p-list-small-2\" data-pid=\"223797\">\n<div class=\"feat-holder\">\n<div class=\"p-featured ratio-v1\"><a class=\"p-flink\" href=\"https:\/\/ortodoxinfo.ro\/2026\/04\/24\/bolsevicul-mucea-zice-doar-cu-partide-pro-europene-ccr-a-avut-cindva-alta-parere\/\" title=\"Bol\u0219evicul Mucea zice \u201ddoar cu partide pro-europene\u201d. CCR a avut c\u00eendva alt\u0103 p\u0103rere!\"><img decoding=\"async\" width=\"150\" height=\"150\" src=\"https:\/\/ortodoxinfo.ro\/wp-content\/uploads\/2026\/04\/curtea-constitutionala-150x150.jpg\" class=\"featured-img wp-post-image\" alt loading=\"lazy\"><\/a><\/div>\n<\/div>\n<div class=\"p-content\">\n<h5 class=\"entry-title\"><a class=\"p-url\" href=\"https:\/\/ortodoxinfo.ro\/2026\/04\/24\/bolsevicul-mucea-zice-doar-cu-partide-pro-europene-ccr-a-avut-cindva-alta-parere\/\" rel=\"bookmark\">Bol\u0219evicul Mucea zice \u201ddoar cu partide pro-europene\u201d. CCR a avut c\u00eendva alt\u0103 p\u0103rere!<\/a><\/h5>\n<div class=\"p-meta\">\n<div class=\"meta-inner is-meta\"><span class=\"meta-el meta-date\"><time datetime=\"2026-04-24T23:53:17+03:00\">24 aprilie 2026<\/time><\/span><span class=\"meta-el meta-category meta-bold\"><a class=\"meta-separate category-19885\" href=\"https:\/\/ortodoxinfo.ro\/category\/anti-sistem\/anti-romanism\/asasinii-tarii\/\">Asasinii \u021b\u0103rii<\/a><\/span><span class=\"meta-el meta-view\">3k vizualiz\u0103ri\t\t<\/span><\/div>\n<\/div>\n<\/div>\n<\/div>\n<div class=\"p-wrap p-small p-list-small-2\" data-pid=\"223676\">\n<div class=\"feat-holder\">\n<div class=\"p-featured ratio-v1\"><a class=\"p-flink\" href=\"https:\/\/ortodoxinfo.ro\/2026\/04\/24\/comunicat-catre-membrii-psd-sorin-grindeanu-are-intelegere-cu-mucea-dan-pentru-usrizarea-romaniei-prin-eliminarea-pesedistilor-din-institutii\/\" title=\"COMUNICAT c\u0103tre membrii PSD: Sorin Grindeanu are \u00een\u021belegere cu Mucea Dan pentru usrizarea Rom\u00e2niei, prin eliminarea pesedistilor din institu\u021bii\"><img decoding=\"async\" width=\"150\" height=\"150\" src=\"https:\/\/ortodoxinfo.ro\/wp-content\/uploads\/2026\/04\/IMG-20260416-WA0002-150x150.jpg\" class=\"featured-img wp-post-image\" alt loading=\"lazy\"><\/a><\/div>\n<\/div>\n<div class=\"p-content\">\n<h5 class=\"entry-title\"><a class=\"p-url\" href=\"https:\/\/ortodoxinfo.ro\/2026\/04\/24\/comunicat-catre-membrii-psd-sorin-grindeanu-are-intelegere-cu-mucea-dan-pentru-usrizarea-romaniei-prin-eliminarea-pesedistilor-din-institutii\/\" rel=\"bookmark\">COMUNICAT c\u0103tre membrii PSD: Sorin Grindeanu are \u00een\u021belegere cu Mucea Dan pentru usrizarea Rom\u00e2niei, prin eliminarea pesedistilor din institu\u021bii<\/a><\/h5>\n<div class=\"p-meta\">\n<div class=\"meta-inner is-meta\"><span class=\"meta-el meta-date\"><time datetime=\"2026-04-24T11:59:34+03:00\">24 aprilie 2026<\/time><\/span><span class=\"meta-el meta-category meta-bold\"><a class=\"meta-separate category-19885\" href=\"https:\/\/ortodoxinfo.ro\/category\/anti-sistem\/anti-romanism\/asasinii-tarii\/\">Asasinii \u021b\u0103rii<\/a><\/span><span class=\"meta-el meta-view\">15.1k vizualiz\u0103ri\t\t<\/span><\/div>\n<\/div>\n<\/div>\n<\/div>\n<div class=\"p-wrap p-small p-list-small-2\" data-pid=\"223617\">\n<div class=\"feat-holder\">\n<div class=\"p-featured ratio-v1\"><a class=\"p-flink\" href=\"https:\/\/ortodoxinfo.ro\/2026\/04\/24\/trump-anunta-prelungirea-armistitiului-din-liban-cu-trei-saptamani-si-anunta-o-posibila-intalnire-netanyahu-aoun-la-casa-alba\/\" title=\"Trump anun\u021b\u0103 prelungirea armisti\u021biului din Liban cu \u201etrei s\u0103pt\u0103m\u00e2ni\u201d \u0219i anun\u021b\u0103 o posibil\u0103 \u00eent\u00e2lnire Netanyahu\u2013Aoun la Casa Alb\u0103\"><img decoding=\"async\" width=\"150\" height=\"150\" src=\"https:\/\/ortodoxinfo.ro\/wp-content\/uploads\/2026\/04\/trump-anunta-prelungirea-armistitiului-din-liban-cu-trei-saptamani-si-anunta-o-posibila-intalnire-ne-150x150.jpeg\" class=\"featured-img wp-post-image\" alt loading=\"lazy\"><\/a><\/div>\n<\/div>\n<div class=\"p-content\">\n<h5 class=\"entry-title\"><a class=\"p-url\" href=\"https:\/\/ortodoxinfo.ro\/2026\/04\/24\/trump-anunta-prelungirea-armistitiului-din-liban-cu-trei-saptamani-si-anunta-o-posibila-intalnire-netanyahu-aoun-la-casa-alba\/\" rel=\"bookmark\">Trump anun\u021b\u0103 prelungirea armisti\u021biului din Liban cu \u201etrei s\u0103pt\u0103m\u00e2ni\u201d \u0219i anun\u021b\u0103 o posibil\u0103 \u00eent\u00e2lnire Netanyahu\u2013Aoun la Casa Alb\u0103<\/a><\/h5>\n<div class=\"p-meta\">\n<div class=\"meta-inner is-meta\"><span class=\"meta-el meta-date\"><time datetime=\"2026-04-24T07:41:05+03:00\">24 aprilie 2026<\/time><\/span><span class=\"meta-el meta-category meta-bold\"><a class=\"meta-separate category-20293\" href=\"https:\/\/ortodoxinfo.ro\/category\/anti-sistem\/al-iii-lea-razboi-mondial\/iran\/\">IRAN<\/a><\/span><span class=\"meta-el meta-view\">2.2k vizualiz\u0103ri\t\t<\/span><\/div>\n<\/div>\n<\/div>\n<\/div>\n<\/div>\n<\/div>\n<div id=\"custom_html-2\" class=\"widget_text widget rb-section w-sidebar clearfix widget_custom_html\">\n<div class=\"block-h widget-heading heading-layout-1\">\n<div class=\"heading-inner\">\n<h4 class=\"heading-title\"><span>DONA\u021aII \u00een cont bancar<\/span><\/h4>\n<\/div>\n<\/div>\n<div class=\"textwidget custom-html-widget\">\n<table class=\"donatii\">\n<tbody>\n<tr>\n<th colspan=\"2\"><strong><span>ASMIB<\/span><\/strong><\/th>\n<\/tr>\n<tr>\n<th>Cont LEI<\/th>\n<td>RO67CECEB00030RON2081955<\/td>\n<\/tr>\n<tr>\n<th>Cont EURO<\/th>\n<td>RO33CECEB000C1EUR2081978<\/td>\n<\/tr>\n<tr>\n<th>Cod SWIFT<\/th>\n<td>CECEROBU<\/td>\n<\/tr>\n<tr>\n<th colspan=\"2\"><strong>CEC BANK SA<\/strong><\/th>\n<\/tr>\n<\/tbody>\n<\/table>\n<\/div>\n<\/div>\n<\/div>\n<\/div>\n<\/div>\n<\/article>\n<div class=\"entry-content rbct clearfix is-highlight-shares\">\n<p>Washingtonul ridic\u0103 tonul \u0219i agit\u0103 din nou spectrul sanc\u021biunilor \u00een interiorul NATO, \u00eentr-un moment \u00een care fisurile dintre alia\u021bi devin tot mai vizibile. Potrivit unor informa\u021bii ap\u0103rute pe surse \u0219i confirmate pentru Reuters de un oficial american, Pentagonul analizeaz\u0103 o serie de m\u0103suri punitive \u00eempotriva statelor care au refuzat s\u0103 sprijine r\u0103zboiul cu Iranul \u2013 de la reevaluarea sprijinului pentru revendicarea britanic\u0103 asupra Insulelor Falkland, p\u00e2n\u0103 la suspendarea Spaniei din Alian\u021b\u0103.<\/p>\n<div class=\"inline-single-ad ad_single_index alignfull\">\n<div class=\"ad-wrap ad-script-wrap\">\n<div class=\"ad-script non-adsense edge-padding\">\n<div>\n\u203c\ufe0f\u203c\ufe0f NU recunoa\u0219tem ca pre\u0219edinte al Rom\u00e2niei pe marioneta retard\u0103 Nicu\u0219or Dan! Rom\u00e2ni, boicota\u021bi aceast\u0103 f\u0103c\u0103tur\u0103, care ne face \u021bara de r\u00e2s! NU rom\u00e2nii l-au votat pe Nicusoro\u0219 &#8211; cu unele excep\u021bii de persoane infantile, manipulabile \u0219i chiar idioate &#8211; ci l-au ajutat Maia Soro\u0219, Emanuel Macrou \u0219i tr\u0103d\u0103torii de la B.E.C. \u0219i CCR!<br \/>\n La \u00eenchisoare cu cei care au fraudat alegerile!\n<\/div>\n<\/div>\n<\/div>\n<\/div>\n<p>Nemul\u021bumirea vine pe fondul a ceea ce Washingtonul consider\u0103 a fi o lips\u0103 de solidaritate: mai multe state NATO au ezitat sau au refuzat s\u0103 acorde acces la baze militare \u0219i drepturi de survol (ABO) pentru opera\u021biunile \u00eempotriva Iranului. \u201eEste minimul absolut \u00eentr-o alian\u021b\u0103 ca NATO\u201d, ar fi transmis oficialii americani \u00eentr-un e-mail intern care circul\u0103 la nivel \u00eenalt \u00een Pentagon.<\/p>\n<p>Documentul schi\u021beaz\u0103 inclusiv ideea sensibil\u0103 a unei reanaliz\u0103ri a sprijinului diplomatic american pentru a\u0219a-numitele \u201eposesiuni imperiale\u201d europene, precum Insulele Falkland \u2013 teritoriu administrat de Marea Britanie, dar revendicat de Argentina. Tema nu este una nou\u0103: conflictul din 1982, soldat cu sute de mor\u021bi de ambele p\u0103r\u021bi, r\u0103m\u00e2ne o ran\u0103 deschis\u0103.<\/p>\n<p>\u00cen acela\u0219i registru tensionat, pre\u0219edintele Donald Trump nu \u0219i-a menajat deloc criticile la adresa premierului britanic Keir Starmer, pe care l-a catalogat drept \u201ela\u0219\u201d pentru refuzul de a intra \u00een r\u0103zboi al\u0103turi de SUA. Mai mult, liderul american a ironizat capacit\u0103\u021bile militare britanice, numind portavioanele Londrei \u201ejuc\u0103rii\u201d.<\/p>\n<p>Ini\u021bial, Marea Britanie a refuzat solicitarea american\u0103 de a permite atacuri asupra Iranului de pe baze britanice, accept\u00e2nd ulterior doar misiuni defensive, menite s\u0103 protejeze civilii din regiune, inclusiv cet\u0103\u021beni britanici, \u00een contextul represaliilor iraniene.<\/p>\n<p>Printre op\u021biunile discutate la Washington se num\u0103r\u0103 \u0219i marginalizarea \u021b\u0103rilor considerate \u201edificile\u201d, prin excluderea lor din pozi\u021bii-cheie sau simbolice \u00een cadrul NATO. Spania este men\u021bionat\u0103 explicit, dup\u0103 ce guvernul de la Madrid a refuzat utilizarea bazelor \u0219i spa\u021biului s\u0103u aerian pentru opera\u021biuni \u00eempotriva Iranului. \u00cen pofida importan\u021bei strategice a bazelor americane de la Rota \u0219i Mor\u00f3n, o eventual\u0103 suspendare ar avea mai degrab\u0103 un impact simbolic dec\u00e2t unul opera\u021bional, sus\u021bin sursele citate.<\/p>\n<p>\u00cen paralel, Trump a criticat dur alia\u021bii pentru lipsa de implicare \u00een redeschiderea Str\u00e2mtorii Ormuz, blocat\u0103 dup\u0103 declan\u0219area conflictului aerian pe 28 februarie. Liderul american a mers chiar p\u00e2n\u0103 la a sugera posibilitatea retragerii SUA din NATO: \u201eNu a\u021bi face la fel dac\u0103 a\u021bi fi \u00een locul meu?\u201d, a \u00eentrebat retoric \u00eentr-un interviu acordat Reuters. Totu\u0219i, documentul intern nu propune explicit ie\u0219irea din Alian\u021b\u0103 sau \u00eenchiderea bazelor din Europa, de\u0219i las\u0103 deschis\u0103 discu\u021bia privind o eventual\u0103 reducere a prezen\u021bei militare americane pe continent.<\/p>\n<p>Purt\u0103torul de cuv\u00e2nt al Pentagonului, Kingsley Wilson, a transmis c\u0103 administra\u021bia Trump va c\u0103uta \u201eop\u021biuni credibile\u201d pentru a se asigura c\u0103 alia\u021bii nu mai sunt \u201eun tigru de h\u00e2rtie\u201d, ci \u00ee\u0219i asum\u0103 responsabilit\u0103\u021bile. R\u0103zboiul americano-israelian cu Iranul a reaprins temerile privind viitorul NATO, o alian\u021b\u0103 veche de 76 de ani. Diploma\u021bi \u0219i anali\u0219ti avertizeaz\u0103 c\u0103 \u00eencrederea \u00een angajamentul SUA fa\u021b\u0103 de ap\u0103rarea Europei este mai fragil\u0103 ca niciodat\u0103.<\/p>\n<p>\u00cen timp ce Londra, Parisul \u0219i alte capitale europene sus\u021bin c\u0103 o implicare direct\u0103 \u00een blocada naval\u0103 ar echivala cu intrarea \u00een r\u0103zboi; acestea las\u0103 deschis\u0103 posibilitatea de a contribui ulterior la men\u021binerea securit\u0103\u021bii maritime, \u00een cazul unui armisti\u021biu. De cealalt\u0103 parte, Washingtonul insist\u0103: NATO nu poate func\u021biona \u201ecu sens unic\u201d.<\/p>\n<p>\u00centr-un discurs recent, secretarul de r\u0103zboi, Pete Hegseth, a punctat vulnerabilitatea Europei \u00een fa\u021ba rachetelor iraniene cu raz\u0103 lung\u0103, subliniind c\u0103, de\u0219i acestea nu pot lovi teritoriul american, pot atinge \u021binte europene. \u201eNu ai cu adev\u0103rat o alian\u021b\u0103 dac\u0103 unii membri nu sunt dispu\u0219i s\u0103 fie al\u0103turi de tine c\u00e2nd ai nevoie de ei\u201d, a spus acesta.<\/p>\n<p>Donald Trump a dus retorica \u0219i mai departe, evoc\u00e2nd riscul unui \u201eholocaust nuclear\u201d \u00een marile ora\u0219e europene. \u201eNu exist\u0103 nimic mai grav dec\u00e2t o arm\u0103 nuclear\u0103 care \u0219terge de pe hart\u0103 unul sau mai multe ora\u0219e. Londra, Paris, ora\u0219e din Germania \u2013 toate pot deveni \u021binte. Nu putem permite Iranului s\u0103 ajung\u0103 acolo\u201d, a avertizat liderul american. \u00cen viziunea Washingtonului, r\u0103zboiul nu este doar despre Iran, ci despre credibilitatea \u0219i viitorul \u00eentregii arhitecturi de securitate occidentale.<\/p>\n<\/div>\n<p>[analyse_source url=&#8221;https:\/\/ortodoxinfo.ro\/2026\/04\/24\/sua-ameninta-ca-vor-reevalua-pretentiile-marii-britanii-asupra-insulelor-falkland-si-ca-vor-exclude-spania-din-nato-pentru-ca-nu-au-sustinut-razboiul-impotriva-iranului\/&#8221;]<\/p>\n","protected":false},"excerpt":{"rendered":"<p>[analyse_image type=&#8221;featured&#8221; src=&#8221;https:\/\/ortodoxinfo.ro\/wp-content\/uploads\/2026\/04\/sua-amenin-c-vor-reevalua-preten-iile-marii-britanii-asupra-insulelor-falkland-i-c-vor-exclude-spani.jpeg&#8221;] SUA amenin\u021b\u0103 c\u0103 vor \u201ereevalua\u201d preten\u021biile Marii Britanii asupra Insulelor Falkland \u0219i c\u0103 vor exclude Spania din NATO pentru c\u0103 nu au sus\u021binut r\u0103zboiul \u00eempotriva Iranului 24 aprilie 2026Externe5.8k vizualiz\u0103ri 1 comentariu Share 5 Min Read SHARE Washingtonul ridic\u0103 tonul \u0219i agit\u0103 din nou spectrul sanc\u021biunilor \u00een interiorul NATO, \u00eentr-un moment \u00een [&hellip;]<\/p>\n","protected":false},"author":1,"featured_media":0,"comment_status":"open","ping_status":"","sticky":false,"template":"","format":"standard","meta":{"footnotes":""},"categories":[89],"tags":[226,94],"class_list":["post-1902036","post","type-post","status-publish","format-standard","hentry","category-romania","tag-crawlmanager","tag-ortodoxinfo-ro"],"_links":{"self":[{"href":"https:\/\/analyse.optim.biz\/index.php?rest_route=\/wp\/v2\/posts\/1902036","targetHints":{"allow":["GET"]}}],"collection":[{"href":"https:\/\/analyse.optim.biz\/index.php?rest_route=\/wp\/v2\/posts"}],"about":[{"href":"https:\/\/analyse.optim.biz\/index.php?rest_route=\/wp\/v2\/types\/post"}],"author":[{"embeddable":true,"href":"https:\/\/analyse.optim.biz\/index.php?rest_route=\/wp\/v2\/users\/1"}],"replies":[{"embeddable":true,"href":"https:\/\/analyse.optim.biz\/index.php?rest_route=%2Fwp%2Fv2%2Fcomments&post=1902036"}],"version-history":[{"count":0,"href":"https:\/\/analyse.optim.biz\/index.php?rest_route=\/wp\/v2\/posts\/1902036\/revisions"}],"wp:attachment":[{"href":"https:\/\/analyse.optim.biz\/index.php?rest_route=%2Fwp%2Fv2%2Fmedia&parent=1902036"}],"wp:term":[{"taxonomy":"category","embeddable":true,"href":"https:\/\/analyse.optim.biz\/index.php?rest_route=%2Fwp%2Fv2%2Fcategories&post=1902036"},{"taxonomy":"post_tag","embeddable":true,"href":"https:\/\/analyse.optim.biz\/index.php?rest_route=%2Fwp%2Fv2%2Ftags&post=1902036"}],"curies":[{"name":"wp","href":"https:\/\/api.w.org\/{rel}","templated":true}]}}