{"id":1901928,"date":"2026-04-24T08:38:12","date_gmt":"2026-04-24T05:38:12","guid":{"rendered":"https:\/\/analyse.optim.biz\/?p=1901928"},"modified":"2026-04-24T08:38:12","modified_gmt":"2026-04-24T05:38:12","slug":"pnl-timis-anunta-ca-il-sustine-pe-ilie-bolojan-decizia-psd-e-lipsita-de-etica","status":"publish","type":"post","link":"https:\/\/analyse.optim.biz\/?p=1901928","title":{"rendered":"PNL Timi\u0219 anun\u021b\u0103 c\u0103 \u00eel sus\u021bine pe Ilie Bolojan: Decizia PSD e lipsit\u0103 de etic\u0103"},"content":{"rendered":"<p>[analyse_image type=&#8221;featured&#8221; src=&#8221;https:\/\/focustim.ro\/wp-content\/uploads\/2019\/09\/Pirtea.jpg&#8221;]<\/p>\n<article id=\"post-40093\" class=\"penci-single-artcontent noloaddisqus post-40093 post type-post status-publish format-standard has-post-thumbnail hentry category-actualitate category-featured category-politica tag-ilie-bolojan tag-pnl tag-psd penci-post-item\">\n<header class=\"entry-header penci-entry-header penci-title-\">\n<div class=\"penci-entry-categories\"><span class=\"penci-cat-links\"><a href=\"https:\/\/focustim.ro\/category\/actualitate\/\" rel=\"category tag\">Actualitate<\/a><a href=\"https:\/\/focustim.ro\/category\/featured\/\" rel=\"category tag\">Featured<\/a><a href=\"https:\/\/focustim.ro\/category\/politica\/\" rel=\"category tag\">Politic\u0103<\/a><\/span><\/div>\n<h1 class=\"entry-title penci-entry-title penci-title-\">PNL Timi\u0219 anun\u021b\u0103 c\u0103 \u00eel sus\u021bine pe Ilie Bolojan: Decizia PSD e lipsit\u0103 de etic\u0103<\/h1>\n<div class=\"entry-meta penci-entry-meta\"><span class=\"entry-meta-item penci-posted-on\"><time class=\"entry-date published\" datetime=\"2026-04-24T11:38:12+03:00\">24\/04\/2026<\/time><time class=\"updated\" datetime=\"2026-04-24T11:38:18+03:00\">24\/04\/2026<\/time><\/span><span class=\"entry-meta-item penci-comment-count\"><a class=\"penci_pmeta-link\" href=\"https:\/\/focustim.ro\/pnl-timis-anunta-ca-il-sustine-pe-ilie-bolojan-decizia-psd-e-lipsita-de-etica\/#respond\">0<\/a><\/span><\/div>\n<p><span class=\"penci-social-buttons penci-social-share-footer\"><span class=\"penci-social-share-text\">Distribuie<\/span><a href=\"https:\/\/focustim.ro\/pnl-timis-anunta-ca-il-sustine-pe-ilie-bolojan-decizia-psd-e-lipsita-de-etica\/\" class=\"penci-post-like penci_post-meta_item  single-like-button penci-social-item like\" data-post_id=\"40093\" title=\"Like\" data-like=\"Like\" data-unlike=\"Unlike\"><span class=\"penci-share-number\">0<\/span><\/a><\/span><\/header>\n<div class=\"entry-media penci-entry-media\">\n<div class=\"post-format-meta \">\n<div class=\"post-image penci-standard-format\"><img decoding=\"async\" width=\"800\" height=\"450\" src=\"https:\/\/focustim.ro\/wp-content\/uploads\/2019\/09\/Pirtea.jpg\" class=\"attachment-penci-thumb-960-auto size-penci-thumb-960-auto wp-post-image\" alt loading=\"lazy\"><\/div>\n<\/div>\n<\/div>\n<div class=\"penci-entry-content entry-content\">\n<p><strong>PNL Timi\u0219 \u00ee\u0219i anun\u021b\u0103 public sus\u021binerea fa\u021b\u0103 de Ilie Bolojan. Social-democra\u021bii spun c\u0103 decizia PSD de a ie\u0219i de la guvernare a fost una lipsit\u0103 de etic\u0103.<\/strong><\/p>\n<p>Dup\u0103 decizia lipsit\u0103 de etic\u0103 politic\u0103 a celor de la PSD, de retragere a ministrilor din guvern, noi, cei de la PNL m decis \u00een Biroul Politic Na\u021bional \u0219i Grupurile parlamentare: <\/p>\n<p> sus\u021binerea continuit\u0103\u021bii guvern\u0103rii, <\/p>\n<p> asigurat\u0103 de guvernul condus de prim-ministrul Ilie Bolojan, <\/p>\n<p> \u00een linia reformelor din programul guvernamental. Provocarea crizei politice de c\u0103tre PSD, \u00eentr-un moment critic pentru \u021bar\u0103, este:<\/p>\n<p> iresponsabilitate \u0219i fug\u0103 de r\u0103spundere fa\u021b\u0103 de actul de guvernare, <\/p>\n<p> risc major de a provoca \u00eent\u00e2rzieri \u00een absorb\u021bia fondurilor europene, <\/p>\n<p> periclitarea derul\u0103rii proiectelor finan\u021bate prin mecanismul PNRR.<\/p>\n<p> Decizia PSD este una politic\u0103, nu una de interes public, luat\u0103 \u00eentr-un moment sensibil pentru Rom\u00e2nia, risc\u00e2nd proiectele PNRR, reducerea deficitului, investi\u021biile \u0219i admiterea \u00een zona economic\u0103 OCDE.PNL respinge orice tentativ\u0103 de abandonare a reformelor, inclusiv a celor de corectare a deficitului bugetar. Nu ne putem permite blocaje institu\u021bionale \u00een acest context economic \u0219i interna\u021bional dificil.PNL Timi\u0219 sus\u021bine continuarea responsabil\u0103 a guvern\u0103rii prin guvernul condus de prim-ministrul <a href=\"https:\/\/www.facebook.com\/ilie.bolojan?__cft__%5B0%5D=AZZ987c_WQcxM8gOGNd0JFO5qOK-cCpQ-_F_RW469N9OQElGWeVqfAVzUCjEyY0SLAoGX348D3UEF4hxPe-UDcbmFtxcfac911BvoIiuVZZINgYUUf_JQmZqIcneJJhNwFTeoUUgPWHzyPlYC_WJdULNrkotoN4rxB8iNtGCEupi0GjhDnaMvuOZWuMGfdHGW-U&amp;__tn__=-%5DK-R\">Ilie Bolojan<\/a>.\u201d<\/p>\n<div class=\"sharedaddy sd-sharing-enabled\">\n<div class=\"robots-nocontent sd-block sd-social sd-social-icon-text sd-sharing\">\n<h3 class=\"sd-title\">Partajeaz\u0103 asta:<\/h3>\n<div class=\"sd-content\">\n<ul>\n<li class=\"share-twitter\"><a rel=\"nofollow noopener noreferrer\" data-shared=\"sharing-twitter-40093\" class=\"share-twitter sd-button share-icon\" href=\"https:\/\/focustim.ro\/pnl-timis-anunta-ca-il-sustine-pe-ilie-bolojan-decizia-psd-e-lipsita-de-etica\/?share=twitter\" target=\"_blank\" title=\"D\u0103 clic pentru a partaja pe Twitter\"><span>Twitter<\/span><\/a><\/li>\n<li class=\"share-facebook\"><a rel=\"nofollow noopener noreferrer\" data-shared=\"sharing-facebook-40093\" class=\"share-facebook sd-button share-icon\" href=\"https:\/\/focustim.ro\/pnl-timis-anunta-ca-il-sustine-pe-ilie-bolojan-decizia-psd-e-lipsita-de-etica\/?share=facebook\" target=\"_blank\" title=\"D\u0103 clic pentru a partaja pe Facebook\"><span>Facebook<\/span><\/a><\/li>\n<li class=\"share-end\"><\/ul>\n<\/div>\n<\/div>\n<\/div>\n<div class=\"sharedaddy sd-block sd-like jetpack-likes-widget-wrapper jetpack-likes-widget-unloaded\" id=\"like-post-wrapper-167025405-40093-69ec596dd2096\" data-src=\"https:\/\/widgets.wp.com\/likes\/#blog_id=167025405&amp;post_id=40093&amp;origin=focustim.ro&amp;obj_id=167025405-40093-69ec596dd2096\" data-name=\"like-post-frame-167025405-40093-69ec596dd2096\" data-title=\"Apreciaz\u0103 sau republic\u0103\">\n<h3 class=\"sd-title\">Apreciaz\u0103:<\/h3>\n<div class=\"likes-widget-placeholder post-likes-widget-placeholder\"><span class=\"button\"><span>Apreciere<\/span><\/span><span class=\"loading\">\u00cencarc&#8230;<\/span><\/div>\n<\/div>\n<\/div>\n<footer class=\"penci-entry-footer\">\n<div class=\"penci-source-via-tags-wrap\"><span class=\"tags-links penci-tags-links\"><a href=\"https:\/\/focustim.ro\/tag\/ilie-bolojan\/\" rel=\"tag\">Ilie Bolojan<\/a><a href=\"https:\/\/focustim.ro\/tag\/pnl\/\" rel=\"tag\">PNL<\/a><a href=\"https:\/\/focustim.ro\/tag\/psd\/\" rel=\"tag\">PSD<\/a><\/span><\/div>\n<p><span class=\"penci-social-buttons penci-social-share-footer\"><span class=\"penci-social-share-text\">Distribuie<\/span><a href=\"https:\/\/focustim.ro\/pnl-timis-anunta-ca-il-sustine-pe-ilie-bolojan-decizia-psd-e-lipsita-de-etica\/\" class=\"penci-post-like penci_post-meta_item  single-like-button penci-social-item like\" data-post_id=\"40093\" title=\"Like\" data-like=\"Like\" data-unlike=\"Unlike\"><span class=\"penci-share-number\">0<\/span><\/a><\/span><\/footer>\n<\/article>\n<div class=\"penci-entry-content entry-content\">\n<p><strong>PNL Timi\u0219 \u00ee\u0219i anun\u021b\u0103 public sus\u021binerea fa\u021b\u0103 de Ilie Bolojan. Social-democra\u021bii spun c\u0103 decizia PSD de a ie\u0219i de la guvernare a fost una lipsit\u0103 de etic\u0103.<\/strong><\/p>\n<p>Dup\u0103 decizia lipsit\u0103 de etic\u0103 politic\u0103 a celor de la PSD, de retragere a ministrilor din guvern, noi, cei de la PNL m decis \u00een Biroul Politic Na\u021bional \u0219i Grupurile parlamentare: <\/p>\n<p> sus\u021binerea continuit\u0103\u021bii guvern\u0103rii, <\/p>\n<p> asigurat\u0103 de guvernul condus de prim-ministrul Ilie Bolojan, <\/p>\n<p> \u00een linia reformelor din programul guvernamental. Provocarea crizei politice de c\u0103tre PSD, \u00eentr-un moment critic pentru \u021bar\u0103, este:<\/p>\n<p> iresponsabilitate \u0219i fug\u0103 de r\u0103spundere fa\u021b\u0103 de actul de guvernare, <\/p>\n<p> risc major de a provoca \u00eent\u00e2rzieri \u00een absorb\u021bia fondurilor europene, <\/p>\n<p> periclitarea derul\u0103rii proiectelor finan\u021bate prin mecanismul PNRR.<\/p>\n<p> Decizia PSD este una politic\u0103, nu una de interes public, luat\u0103 \u00eentr-un moment sensibil pentru Rom\u00e2nia, risc\u00e2nd proiectele PNRR, reducerea deficitului, investi\u021biile \u0219i admiterea \u00een zona economic\u0103 OCDE.PNL respinge orice tentativ\u0103 de abandonare a reformelor, inclusiv a celor de corectare a deficitului bugetar. Nu ne putem permite blocaje institu\u021bionale \u00een acest context economic \u0219i interna\u021bional dificil.PNL Timi\u0219 sus\u021bine continuarea responsabil\u0103 a guvern\u0103rii prin guvernul condus de prim-ministrul <a href=\"https:\/\/www.facebook.com\/ilie.bolojan?__cft__%5B0%5D=AZZ987c_WQcxM8gOGNd0JFO5qOK-cCpQ-_F_RW469N9OQElGWeVqfAVzUCjEyY0SLAoGX348D3UEF4hxPe-UDcbmFtxcfac911BvoIiuVZZINgYUUf_JQmZqIcneJJhNwFTeoUUgPWHzyPlYC_WJdULNrkotoN4rxB8iNtGCEupi0GjhDnaMvuOZWuMGfdHGW-U&amp;__tn__=-%5DK-R\">Ilie Bolojan<\/a>.\u201d<\/p>\n<div class=\"sharedaddy sd-sharing-enabled\">\n<div class=\"robots-nocontent sd-block sd-social sd-social-icon-text sd-sharing\">\n<h3 class=\"sd-title\">Partajeaz\u0103 asta:<\/h3>\n<div class=\"sd-content\">\n<ul>\n<li class=\"share-twitter\"><a rel=\"nofollow noopener noreferrer\" data-shared=\"sharing-twitter-40093\" class=\"share-twitter sd-button share-icon\" href=\"https:\/\/focustim.ro\/pnl-timis-anunta-ca-il-sustine-pe-ilie-bolojan-decizia-psd-e-lipsita-de-etica\/?share=twitter\" target=\"_blank\" title=\"D\u0103 clic pentru a partaja pe Twitter\"><span>Twitter<\/span><\/a><\/li>\n<li class=\"share-facebook\"><a rel=\"nofollow noopener noreferrer\" data-shared=\"sharing-facebook-40093\" class=\"share-facebook sd-button share-icon\" href=\"https:\/\/focustim.ro\/pnl-timis-anunta-ca-il-sustine-pe-ilie-bolojan-decizia-psd-e-lipsita-de-etica\/?share=facebook\" target=\"_blank\" title=\"D\u0103 clic pentru a partaja pe Facebook\"><span>Facebook<\/span><\/a><\/li>\n<li class=\"share-end\"><\/ul>\n<\/div>\n<\/div>\n<\/div>\n<div class=\"sharedaddy sd-block sd-like jetpack-likes-widget-wrapper jetpack-likes-widget-unloaded\" id=\"like-post-wrapper-167025405-40093-69ec596dd2096\" data-src=\"https:\/\/widgets.wp.com\/likes\/#blog_id=167025405&amp;post_id=40093&amp;origin=focustim.ro&amp;obj_id=167025405-40093-69ec596dd2096\" data-name=\"like-post-frame-167025405-40093-69ec596dd2096\" data-title=\"Apreciaz\u0103 sau republic\u0103\">\n<h3 class=\"sd-title\">Apreciaz\u0103:<\/h3>\n<div class=\"likes-widget-placeholder post-likes-widget-placeholder\"><span class=\"button\"><span>Apreciere<\/span><\/span><span class=\"loading\">\u00cencarc&#8230;<\/span><\/div>\n<\/div>\n<\/div>\n<p>[analyse_source url=&#8221;https:\/\/focustim.ro\/pnl-timis-anunta-ca-il-sustine-pe-ilie-bolojan-decizia-psd-e-lipsita-de-etica\/&#8221;]<\/p>\n","protected":false},"excerpt":{"rendered":"<p>[analyse_image type=&#8221;featured&#8221; src=&#8221;https:\/\/focustim.ro\/wp-content\/uploads\/2019\/09\/Pirtea.jpg&#8221;] ActualitateFeaturedPolitic\u0103 PNL Timi\u0219 anun\u021b\u0103 c\u0103 \u00eel sus\u021bine pe Ilie Bolojan: Decizia PSD e lipsit\u0103 de etic\u0103 24\/04\/202624\/04\/20260 Distribuie0 PNL Timi\u0219 \u00ee\u0219i anun\u021b\u0103 public sus\u021binerea fa\u021b\u0103 de Ilie Bolojan. Social-democra\u021bii spun c\u0103 decizia PSD de a ie\u0219i de la guvernare a fost una lipsit\u0103 de etic\u0103. Dup\u0103 decizia lipsit\u0103 de etic\u0103 politic\u0103 a [&hellip;]<\/p>\n","protected":false},"author":1,"featured_media":0,"comment_status":"open","ping_status":"","sticky":false,"template":"","format":"standard","meta":{"footnotes":""},"categories":[89],"tags":[226,197],"class_list":["post-1901928","post","type-post","status-publish","format-standard","hentry","category-romania","tag-crawlmanager","tag-focustim-ro"],"_links":{"self":[{"href":"https:\/\/analyse.optim.biz\/index.php?rest_route=\/wp\/v2\/posts\/1901928","targetHints":{"allow":["GET"]}}],"collection":[{"href":"https:\/\/analyse.optim.biz\/index.php?rest_route=\/wp\/v2\/posts"}],"about":[{"href":"https:\/\/analyse.optim.biz\/index.php?rest_route=\/wp\/v2\/types\/post"}],"author":[{"embeddable":true,"href":"https:\/\/analyse.optim.biz\/index.php?rest_route=\/wp\/v2\/users\/1"}],"replies":[{"embeddable":true,"href":"https:\/\/analyse.optim.biz\/index.php?rest_route=%2Fwp%2Fv2%2Fcomments&post=1901928"}],"version-history":[{"count":0,"href":"https:\/\/analyse.optim.biz\/index.php?rest_route=\/wp\/v2\/posts\/1901928\/revisions"}],"wp:attachment":[{"href":"https:\/\/analyse.optim.biz\/index.php?rest_route=%2Fwp%2Fv2%2Fmedia&parent=1901928"}],"wp:term":[{"taxonomy":"category","embeddable":true,"href":"https:\/\/analyse.optim.biz\/index.php?rest_route=%2Fwp%2Fv2%2Fcategories&post=1901928"},{"taxonomy":"post_tag","embeddable":true,"href":"https:\/\/analyse.optim.biz\/index.php?rest_route=%2Fwp%2Fv2%2Ftags&post=1901928"}],"curies":[{"name":"wp","href":"https:\/\/api.w.org\/{rel}","templated":true}]}}