{"id":1901925,"date":"2026-04-24T08:34:15","date_gmt":"2026-04-24T05:34:15","guid":{"rendered":"https:\/\/analyse.optim.biz\/?p=1901925"},"modified":"2026-04-24T08:34:15","modified_gmt":"2026-04-24T05:34:15","slug":"modificari-in-circulatia-mijloacelor-de-transport-public-cu-ocazia-competitiei-poli-bike-challenge","status":"publish","type":"post","link":"https:\/\/analyse.optim.biz\/?p=1901925","title":{"rendered":"Modific\u0103ri \u00een circula\u0163ia mijloacelor de transport public cu ocazia competi\u0163iei Poli Bike Challenge"},"content":{"rendered":"<p>[analyse_image type=&#8221;featured&#8221; src=&#8221;https:\/\/focustim.ro\/wp-content\/uploads\/2019\/06\/autobuze-STPT.jpg&#8221;]<\/p>\n<article id=\"post-40091\" class=\"penci-single-artcontent noloaddisqus post-40091 post type-post status-publish format-standard has-post-thumbnail hentry category-actualitate category-eveniment category-featured tag-cursa tag-stpt penci-post-item\">\n<header class=\"entry-header penci-entry-header penci-title-\">\n<div class=\"penci-entry-categories\"><span class=\"penci-cat-links\"><a href=\"https:\/\/focustim.ro\/category\/actualitate\/\" rel=\"category tag\">Actualitate<\/a><a href=\"https:\/\/focustim.ro\/category\/eveniment\/\" rel=\"category tag\">Eveniment<\/a><a href=\"https:\/\/focustim.ro\/category\/featured\/\" rel=\"category tag\">Featured<\/a><\/span><\/div>\n<h1 class=\"entry-title penci-entry-title penci-title-\">Modific\u0103ri \u00een circula\u0163ia mijloacelor de transport public cu ocazia competi\u0163iei Poli Bike Challenge<\/h1>\n<div class=\"entry-meta penci-entry-meta\"><span class=\"entry-meta-item penci-posted-on\"><time class=\"entry-date published\" datetime=\"2026-04-24T11:34:15+03:00\">24\/04\/2026<\/time><time class=\"updated\" datetime=\"2026-04-24T11:34:22+03:00\">24\/04\/2026<\/time><\/span><span class=\"entry-meta-item penci-comment-count\"><a class=\"penci_pmeta-link\" href=\"https:\/\/focustim.ro\/modificari-in-circulatia-mijloacelor-de-transport-public-cu-ocazia-competitiei-poli-bike-challenge\/#respond\">0<\/a><\/span><\/div>\n<p><span class=\"penci-social-buttons penci-social-share-footer\"><span class=\"penci-social-share-text\">Distribuie<\/span><a href=\"https:\/\/focustim.ro\/modificari-in-circulatia-mijloacelor-de-transport-public-cu-ocazia-competitiei-poli-bike-challenge\/\" class=\"penci-post-like penci_post-meta_item  single-like-button penci-social-item like\" data-post_id=\"40091\" title=\"Like\" data-like=\"Like\" data-unlike=\"Unlike\"><span class=\"penci-share-number\">0<\/span><\/a><\/span><\/header>\n<div class=\"entry-media penci-entry-media\">\n<div class=\"post-format-meta \">\n<div class=\"post-image penci-standard-format\"><img decoding=\"async\" width=\"960\" height=\"720\" src=\"https:\/\/focustim.ro\/wp-content\/uploads\/2019\/06\/autobuze-STPT-960x720.jpg\" class=\"attachment-penci-thumb-960-auto size-penci-thumb-960-auto wp-post-image\" alt loading=\"lazy\"><\/div>\n<\/div>\n<\/div>\n<div class=\"penci-entry-content entry-content\">\n<p><strong>\u00cen data de 26.04.2026, \u00een intervalul orar 1030 \u2013 1700, cu ocazia competi\u0163iei sportive Poli Bike Challenge, circula\u0163ia mijloacelor de transport public va fi modificat\u0103 pe liniile 16, E8, 32, 33, 33b, E7, Expres 3 \u015fi 21.<\/strong><\/p>\n<p>Pe durata desf\u0103\u015fur\u0103rii evenimentului, circula\u0163ia rutier\u0103 va fi \u00eenchis\u0103 pe urm\u0103torul traseu:<\/p>\n<p>Pia\u0163a Victoriei \u2013 Pia\u0163a Iancu Huniade (Modex) \u2013 strada 20 Decembrie 1989 \u2013 bulevardul Constantin Daicoviciu \u2013 bulevardul Regele Ferdinand I (2 benzi) \u2013 Podul Mihai Viteazu \u2013 bulevardul Vasile P\u00e2rvan \u2013 Pasajul Michelangelo \u2013 \u00eentoarcere la ie\u015firea din pasaj \u2013 Pasajul Michelangelo \u2013 bulevardul Vasile P\u00e2rvan \u2013 strada 20 Decembrie 1989 \u2013 Pia\u0163a Iancu Huniade (Modex) \u2013 Pia\u0163a Victoriei.<\/p>\n<p>Modific\u0103rile de traseu vor fi urm\u0103toarele:<\/p>\n<p>\u2013 firobuzele liniei 16 vor circula dus-\u00eentors pe traseul liniei 15, \u00eentre Po\u015fta Mare \u015fi Complexul Studen\u0163esc;<\/p>\n<p>\u2013 autobuzele liniei E8 vor circula \u00eentre Ciclop \u015fi Pia\u0163a B\u0103lcescu, dus \u2013 \u00eentors, pe traseul: strada Iepurelui \u2013 strada \u015etefan cel Mare \u2013 bulevardul Eroilor de la Tisa \u2013 strada Cluj (tur\/Aleea F.C. Ripensia (retur) \u2013 strada 1 Decembrie 1918 (linia de tramvai) \u2013 Pia\u0163a B\u0103lcescu;<\/p>\n<p>\u2013 autobuzele liniilor 32, 33, 33b \u015fi E7 vor \u00eentoarce \u00een Pia\u0163a Regina Maria;<\/p>\n<p>\u2013 autobuzele liniei Expres 3 vor circula \u00eentre Complexul Studen\u0163esc \u015fi Gara de Nord, dus \u2013 \u00eentors, pe traseul: Complexul Studen\u0163esc \u2013 strada Michelangelo \u2013 bulevardul I.C. Br\u0103tianu \u2013 strada Hector \u2013 Pia\u0163a I.C. Br\u0103tianu (Punctele Cardinale) \u2013 strada Oituz \u2013 Pia\u0163a M\u0103r\u0103\u015fti \u2013 strada Gheorghe Dima \u2013 Pia\u0163a 700 \u2013 bulevardul Regele Mihai I (Republicii) \u2013 Gara de Nord;<\/p>\n<p>\u2013 autobuzele liniei 21 vor circula \u00eentre Ciclop \u015fi Po\u015fta Mare, dup\u0103 cum urmeaz\u0103: tur \u2013 strada Traian Groz\u0103vescu \u2013 bulevardul Mihai Eminescu \u2013 strada Michelangelo \u2013 strada Cluj \u2013 bulevardul Eroilor de la Tisa \u2013 strada \u015etefan cel Mare \u2013 strada Iepurelui, apoi pe traseul existent; retur \u2013 traseu existent \u2013 strada Iepurelui \u2013 strada \u015etefan cel Mare \u2013 bulevardul Eroilor de la Tisa \u2013 Aleea F.C. Ripensia \u2013 strada Michelangelo \u2013 bulevardul I.C. Br\u0103tianu \u2013 strada Traian Groz\u0103vescu.<\/p>\n<div class=\"sharedaddy sd-sharing-enabled\">\n<div class=\"robots-nocontent sd-block sd-social sd-social-icon-text sd-sharing\">\n<h3 class=\"sd-title\">Partajeaz\u0103 asta:<\/h3>\n<div class=\"sd-content\">\n<ul>\n<li class=\"share-twitter\"><a rel=\"nofollow noopener noreferrer\" data-shared=\"sharing-twitter-40091\" class=\"share-twitter sd-button share-icon\" href=\"https:\/\/focustim.ro\/modificari-in-circulatia-mijloacelor-de-transport-public-cu-ocazia-competitiei-poli-bike-challenge\/?share=twitter\" target=\"_blank\" title=\"D\u0103 clic pentru a partaja pe Twitter\"><span>Twitter<\/span><\/a><\/li>\n<li class=\"share-facebook\"><a rel=\"nofollow noopener noreferrer\" data-shared=\"sharing-facebook-40091\" class=\"share-facebook sd-button share-icon\" href=\"https:\/\/focustim.ro\/modificari-in-circulatia-mijloacelor-de-transport-public-cu-ocazia-competitiei-poli-bike-challenge\/?share=facebook\" target=\"_blank\" title=\"D\u0103 clic pentru a partaja pe Facebook\"><span>Facebook<\/span><\/a><\/li>\n<li class=\"share-end\"><\/ul>\n<\/div>\n<\/div>\n<\/div>\n<div class=\"sharedaddy sd-block sd-like jetpack-likes-widget-wrapper jetpack-likes-widget-unloaded\" id=\"like-post-wrapper-167025405-40091-69ec593fba615\" data-src=\"https:\/\/widgets.wp.com\/likes\/#blog_id=167025405&amp;post_id=40091&amp;origin=focustim.ro&amp;obj_id=167025405-40091-69ec593fba615\" data-name=\"like-post-frame-167025405-40091-69ec593fba615\" data-title=\"Apreciaz\u0103 sau republic\u0103\">\n<h3 class=\"sd-title\">Apreciaz\u0103:<\/h3>\n<div class=\"likes-widget-placeholder post-likes-widget-placeholder\"><span class=\"button\"><span>Apreciere<\/span><\/span><span class=\"loading\">\u00cencarc&#8230;<\/span><\/div>\n<\/div>\n<\/div>\n<footer class=\"penci-entry-footer\">\n<div class=\"penci-source-via-tags-wrap\"><span class=\"tags-links penci-tags-links\"><a href=\"https:\/\/focustim.ro\/tag\/cursa\/\" rel=\"tag\">cursa<\/a><a href=\"https:\/\/focustim.ro\/tag\/stpt\/\" rel=\"tag\">STPT<\/a><\/span><\/div>\n<p><span class=\"penci-social-buttons penci-social-share-footer\"><span class=\"penci-social-share-text\">Distribuie<\/span><a href=\"https:\/\/focustim.ro\/modificari-in-circulatia-mijloacelor-de-transport-public-cu-ocazia-competitiei-poli-bike-challenge\/\" class=\"penci-post-like penci_post-meta_item  single-like-button penci-social-item like\" data-post_id=\"40091\" title=\"Like\" data-like=\"Like\" data-unlike=\"Unlike\"><span class=\"penci-share-number\">0<\/span><\/a><\/span><\/footer>\n<\/article>\n<div class=\"penci-entry-content entry-content\">\n<p><strong>\u00cen data de 26.04.2026, \u00een intervalul orar 1030 \u2013 1700, cu ocazia competi\u0163iei sportive Poli Bike Challenge, circula\u0163ia mijloacelor de transport public va fi modificat\u0103 pe liniile 16, E8, 32, 33, 33b, E7, Expres 3 \u015fi 21.<\/strong><\/p>\n<p>Pe durata desf\u0103\u015fur\u0103rii evenimentului, circula\u0163ia rutier\u0103 va fi \u00eenchis\u0103 pe urm\u0103torul traseu:<\/p>\n<p>Pia\u0163a Victoriei \u2013 Pia\u0163a Iancu Huniade (Modex) \u2013 strada 20 Decembrie 1989 \u2013 bulevardul Constantin Daicoviciu \u2013 bulevardul Regele Ferdinand I (2 benzi) \u2013 Podul Mihai Viteazu \u2013 bulevardul Vasile P\u00e2rvan \u2013 Pasajul Michelangelo \u2013 \u00eentoarcere la ie\u015firea din pasaj \u2013 Pasajul Michelangelo \u2013 bulevardul Vasile P\u00e2rvan \u2013 strada 20 Decembrie 1989 \u2013 Pia\u0163a Iancu Huniade (Modex) \u2013 Pia\u0163a Victoriei.<\/p>\n<p>Modific\u0103rile de traseu vor fi urm\u0103toarele:<\/p>\n<p>\u2013 firobuzele liniei 16 vor circula dus-\u00eentors pe traseul liniei 15, \u00eentre Po\u015fta Mare \u015fi Complexul Studen\u0163esc;<\/p>\n<p>\u2013 autobuzele liniei E8 vor circula \u00eentre Ciclop \u015fi Pia\u0163a B\u0103lcescu, dus \u2013 \u00eentors, pe traseul: strada Iepurelui \u2013 strada \u015etefan cel Mare \u2013 bulevardul Eroilor de la Tisa \u2013 strada Cluj (tur\/Aleea F.C. Ripensia (retur) \u2013 strada 1 Decembrie 1918 (linia de tramvai) \u2013 Pia\u0163a B\u0103lcescu;<\/p>\n<p>\u2013 autobuzele liniilor 32, 33, 33b \u015fi E7 vor \u00eentoarce \u00een Pia\u0163a Regina Maria;<\/p>\n<p>\u2013 autobuzele liniei Expres 3 vor circula \u00eentre Complexul Studen\u0163esc \u015fi Gara de Nord, dus \u2013 \u00eentors, pe traseul: Complexul Studen\u0163esc \u2013 strada Michelangelo \u2013 bulevardul I.C. Br\u0103tianu \u2013 strada Hector \u2013 Pia\u0163a I.C. Br\u0103tianu (Punctele Cardinale) \u2013 strada Oituz \u2013 Pia\u0163a M\u0103r\u0103\u015fti \u2013 strada Gheorghe Dima \u2013 Pia\u0163a 700 \u2013 bulevardul Regele Mihai I (Republicii) \u2013 Gara de Nord;<\/p>\n<p>\u2013 autobuzele liniei 21 vor circula \u00eentre Ciclop \u015fi Po\u015fta Mare, dup\u0103 cum urmeaz\u0103: tur \u2013 strada Traian Groz\u0103vescu \u2013 bulevardul Mihai Eminescu \u2013 strada Michelangelo \u2013 strada Cluj \u2013 bulevardul Eroilor de la Tisa \u2013 strada \u015etefan cel Mare \u2013 strada Iepurelui, apoi pe traseul existent; retur \u2013 traseu existent \u2013 strada Iepurelui \u2013 strada \u015etefan cel Mare \u2013 bulevardul Eroilor de la Tisa \u2013 Aleea F.C. Ripensia \u2013 strada Michelangelo \u2013 bulevardul I.C. Br\u0103tianu \u2013 strada Traian Groz\u0103vescu.<\/p>\n<div class=\"sharedaddy sd-sharing-enabled\">\n<div class=\"robots-nocontent sd-block sd-social sd-social-icon-text sd-sharing\">\n<h3 class=\"sd-title\">Partajeaz\u0103 asta:<\/h3>\n<div class=\"sd-content\">\n<ul>\n<li class=\"share-twitter\"><a rel=\"nofollow noopener noreferrer\" data-shared=\"sharing-twitter-40091\" class=\"share-twitter sd-button share-icon\" href=\"https:\/\/focustim.ro\/modificari-in-circulatia-mijloacelor-de-transport-public-cu-ocazia-competitiei-poli-bike-challenge\/?share=twitter\" target=\"_blank\" title=\"D\u0103 clic pentru a partaja pe Twitter\"><span>Twitter<\/span><\/a><\/li>\n<li class=\"share-facebook\"><a rel=\"nofollow noopener noreferrer\" data-shared=\"sharing-facebook-40091\" class=\"share-facebook sd-button share-icon\" href=\"https:\/\/focustim.ro\/modificari-in-circulatia-mijloacelor-de-transport-public-cu-ocazia-competitiei-poli-bike-challenge\/?share=facebook\" target=\"_blank\" title=\"D\u0103 clic pentru a partaja pe Facebook\"><span>Facebook<\/span><\/a><\/li>\n<li class=\"share-end\"><\/ul>\n<\/div>\n<\/div>\n<\/div>\n<div class=\"sharedaddy sd-block sd-like jetpack-likes-widget-wrapper jetpack-likes-widget-unloaded\" id=\"like-post-wrapper-167025405-40091-69ec593fba615\" data-src=\"https:\/\/widgets.wp.com\/likes\/#blog_id=167025405&amp;post_id=40091&amp;origin=focustim.ro&amp;obj_id=167025405-40091-69ec593fba615\" data-name=\"like-post-frame-167025405-40091-69ec593fba615\" data-title=\"Apreciaz\u0103 sau republic\u0103\">\n<h3 class=\"sd-title\">Apreciaz\u0103:<\/h3>\n<div class=\"likes-widget-placeholder post-likes-widget-placeholder\"><span class=\"button\"><span>Apreciere<\/span><\/span><span class=\"loading\">\u00cencarc&#8230;<\/span><\/div>\n<\/div>\n<\/div>\n<p>[analyse_source url=&#8221;https:\/\/focustim.ro\/modificari-in-circulatia-mijloacelor-de-transport-public-cu-ocazia-competitiei-poli-bike-challenge\/&#8221;]<\/p>\n","protected":false},"excerpt":{"rendered":"<p>[analyse_image type=&#8221;featured&#8221; src=&#8221;https:\/\/focustim.ro\/wp-content\/uploads\/2019\/06\/autobuze-STPT.jpg&#8221;] ActualitateEvenimentFeatured Modific\u0103ri \u00een circula\u0163ia mijloacelor de transport public cu ocazia competi\u0163iei Poli Bike Challenge 24\/04\/202624\/04\/20260 Distribuie0 \u00cen data de 26.04.2026, \u00een intervalul orar 1030 \u2013 1700, cu ocazia competi\u0163iei sportive Poli Bike Challenge, circula\u0163ia mijloacelor de transport public va fi modificat\u0103 pe liniile 16, E8, 32, 33, 33b, E7, Expres 3 \u015fi [&hellip;]<\/p>\n","protected":false},"author":1,"featured_media":0,"comment_status":"open","ping_status":"","sticky":false,"template":"","format":"standard","meta":{"footnotes":""},"categories":[89],"tags":[226,197],"class_list":["post-1901925","post","type-post","status-publish","format-standard","hentry","category-romania","tag-crawlmanager","tag-focustim-ro"],"_links":{"self":[{"href":"https:\/\/analyse.optim.biz\/index.php?rest_route=\/wp\/v2\/posts\/1901925","targetHints":{"allow":["GET"]}}],"collection":[{"href":"https:\/\/analyse.optim.biz\/index.php?rest_route=\/wp\/v2\/posts"}],"about":[{"href":"https:\/\/analyse.optim.biz\/index.php?rest_route=\/wp\/v2\/types\/post"}],"author":[{"embeddable":true,"href":"https:\/\/analyse.optim.biz\/index.php?rest_route=\/wp\/v2\/users\/1"}],"replies":[{"embeddable":true,"href":"https:\/\/analyse.optim.biz\/index.php?rest_route=%2Fwp%2Fv2%2Fcomments&post=1901925"}],"version-history":[{"count":0,"href":"https:\/\/analyse.optim.biz\/index.php?rest_route=\/wp\/v2\/posts\/1901925\/revisions"}],"wp:attachment":[{"href":"https:\/\/analyse.optim.biz\/index.php?rest_route=%2Fwp%2Fv2%2Fmedia&parent=1901925"}],"wp:term":[{"taxonomy":"category","embeddable":true,"href":"https:\/\/analyse.optim.biz\/index.php?rest_route=%2Fwp%2Fv2%2Fcategories&post=1901925"},{"taxonomy":"post_tag","embeddable":true,"href":"https:\/\/analyse.optim.biz\/index.php?rest_route=%2Fwp%2Fv2%2Ftags&post=1901925"}],"curies":[{"name":"wp","href":"https:\/\/api.w.org\/{rel}","templated":true}]}}