{"id":1901870,"date":"2026-04-24T12:58:00","date_gmt":"2026-04-24T09:58:00","guid":{"rendered":"https:\/\/analyse.optim.biz\/?p=1901870"},"modified":"2026-04-24T12:58:00","modified_gmt":"2026-04-24T09:58:00","slug":"sul-25-aprlile-la-russa-ha-detto-una-boiata-pazzesca-lo-storico-gianni-oliva-prova-a-spiegare","status":"publish","type":"post","link":"https:\/\/analyse.optim.biz\/?p=1901870","title":{"rendered":"Sul 25 aprlile la russa ha detto una boiata pazzesca \u2013 lo storico gianni oliva prova a spiegare&#8230;"},"content":{"rendered":"<p>[analyse_image type=&#8221;featured&#8221; src=&#8221;https:\/\/static.dagospia.com\/img\/patch\/04-2026\/ignazio-la-russa-gianni-oliva-2256370_600_q50.webp&#8221;]<\/p>\n<article>\n<div class=\"img-wrapper\"><img decoding=\"async\" src=\"https:\/\/static.dagospia.com\/img\/patch\/04-2026\/ignazio-la-russa-gianni-oliva-2256370_600_q50.webp\" alt=\"ignazio la russa gianni oliva\"><time class=\"data-ora\">24 apr 2026 14:58<\/time><\/div>\n<p><span>SUL 25 APRILE LA RUSSA HA DETTO UNA BOIATA PAZZESCA<\/span> \u2013 LO STORICO GIANNI OLIVA PROVA A SPIEGARE ALLA SECONDA CARICA DELLO STATO PERCH\u00c9, IN OCCASIONE DELLA FESTA DELLA LIBERAZIONE, RENDIAMO OMAGGIO AI PARTIGIANI E NON AI CADUTI DELLA REPUBBLICA DI SAL\u00d2: <span>\u201cNEL 1943-45 IN ITALIA SI SONO SCONTRATI DUE PROGETTI OPPOSTI<\/span>, DA UNA PARTE QUELLO DI CONTINUIT\u00c0 DEL FASCISMO DI SAL\u00d2, CHE SIGNIFICAVA PROSEGUIRE CON LA GUERRA, CON L&#8217;ALLEANZA CON HITLER, CON LA PERSECUZIONE DEGLI EBREI; DALL&#8217;ALTRA IL PROGETTO DI ROTTURA ANTIFASCISTA, CHE SIGNIFICAVA COMBATTERE PER LA PACE. <span>COMMEMORARE INSIEME I CADUTI DELL&#8217;UNA E DELL&#8217;ALTRA PARTE PERCH\u00c9 \u2018I MORTI SONO TUTTI UGUALI E DEGNI DI RISPETTO\u2019, NON \u00c8 PIETAS, MA NEGAZIONE DELLA STORIA\u2026\u201d<\/span><\/p>\n<div class=\"share-section\">\n                Condividi  questo articolo<\/p>\n<div class=\"socials\"><a href=\"http:\/\/www.facebook.com\/sharer.php?u=http:\/\/www.dagospia.com\/politica\/25-aprlile-russa-detto-boiata-pazzesca-storico-gianni-oliva-prova-472009\" target=\"_blank\"><img decoding=\"async\" src=\"https:\/\/static.dagospia.com\/img\/icons\/facebook.svg\" alt=\"Condividi su Facebook\"><\/a><a href=\"http:\/\/www.twitter.com\/share?url=http:\/\/www.dagospia.com\/politica\/25-aprlile-russa-detto-boiata-pazzesca-storico-gianni-oliva-prova-472009&amp;text=SUL%2025%20APRLILE%20LA%20RUSSA%20HA%20DETTO%20UNA%20BOIATA%20PAZZESCA%20%E2%80%93%20LO%20STORICO%20GIANNI%20OLIVA%20PROVA%20A%20SPIEGARE...\" target=\"_blank\"><img decoding=\"async\" src=\"https:\/\/static.dagospia.com\/img\/icons\/x-icon.png\" alt=\"Condividi su X\"><\/a><a href=\"\/\/www.dagospia.com\/politica\/25-aprlile-russa-detto-boiata-pazzesca-storico-gianni-oliva-prova-472009\" target=\"_blank\"><img decoding=\"async\" src=\"https:\/\/static.dagospia.com\/img\/icons\/whatsapp.svg\" alt=\"Condividi su Whatsapp\"><\/a><a href=\"mailto:?body=http:\/\/www.dagospia.com\/politica\/25-aprlile-russa-detto-boiata-pazzesca-storico-gianni-oliva-prova-472009\" target=\"_blank\"><img decoding=\"async\" src=\"https:\/\/static.dagospia.com\/img\/icons\/mail.svg\" alt=\"Invia in email\"><\/a><\/div>\n<\/div>\n<div class=\"content\">\n<p class=\"disable\"><strong>Estratto dell\u2019articolo di Gianni Oliva per <a href=\"http:\/\/www.lastampa.it\" target=\"_blank\">\u201cLa Stampa\u201d<\/a><\/strong><\/p>\n<p class=\"disable\">\u00a0<\/p>\n<p><a href=\"https:\/\/www.dagospia.com\/media-gallery\/dago-fotogallery-508437\/1980866\" class=\"float-right img-wrapper\"><img decoding=\"async\" id=\"1980866\" loading=\"lazy\" src=\"https:\/\/static.dagospia.com\/img\/foto\/04-2024\/giorgia-meloni-ignazio-la-russa-25-aprile-2024-altare-della-patria-1980866_800_q50.webp\"><span class=\"img-title\">giorgia meloni ignazio la russa 25 aprile 2024 altare della patria<\/span><\/a><\/p>\n<p class=\"disable\">Da almeno vent&#8217;anni, c&#8217;\u00e8 sempre qualcuno che ci prova: il 25 aprile ricordiamo tutti, i caduti per la libert\u00e0 e insieme a loro i caduti della Repubblica Sociale, perch\u00e9 in entrambi i fronti si combatteva in buona fede. Quest&#8217;anno \u00e8 la volta (e non la prima) di Ignazio La Russa.<\/p>\n<p class=\"disable\">\u00a0<\/p>\n<p class=\"disable\">[&#8230;] la &#8220;buona fede&#8221; \u00e8 una categoria che si applica alle vicende umane degli individui. Quando parlo di mio nonno, di mia madre, di un conoscente caro, voglio sapere se ci\u00f2 che ha fatto \u00e8 nato da una scelta sincera o da opportunismo.<\/p>\n<p class=\"disable\">\u00a0<\/p>\n<p class=\"disable\">Ma quando si parla delle vicende dei popoli, cio\u00e8 quando si fa &#8220;storia&#8221;, non conta la &#8220;buona fede&#8221; delle intenzioni, ma il &#8220;progetto&#8221; per il quale ci si \u00e8 battuti.<\/p>\n<p class=\"disable\">\u00a0<\/p>\n<p><a href=\"https:\/\/www.dagospia.com\/media-gallery\/dago-fotogallery-508437\/1826136\" class=\"float-left img-wrapper\"><img decoding=\"async\" id=\"1826136\" loading=\"lazy\" src=\"https:\/\/static.dagospia.com\/img\/foto\/04-2023\/ora-e-sempre-reticenza-il-25-aprile-di-meloni-e-la-russa-by-ellekappa-1826136_800_q50.webp\"><span class=\"img-title\">ORA E SEMPRE RETICENZA &#8211; IL 25 APRILE DI MELONI E LA RUSSA BY ELLEKAPPA<\/span><\/a><\/p>\n<p class=\"disable\">Lo affermava nell&#8217;immediato dopoguerra un intellettuale insospettabile di indulgenze, Italo Calvino, partigiano garibaldino dal dicembre 1943 alla liberazione: &#8220;la rabbia che fa sparare noi con speranza di riscatto \u00e8 la stessa che fa sparare i fascisti \u2013 scriveva nel 1946 ne Il sentiero dei nidi di ragno \u2013<\/p>\n<p class=\"disable\">\u00a0<\/p>\n<p class=\"disable\">[&#8230;] La differenza \u00e8 che, nella storia, noi siamo dalla parte della ragione e loro dalla parte del torto&#8221;.<\/p>\n<p class=\"disable\">\u00a0<\/p>\n<p class=\"disable\">Nel 1943-45 in Italia si sono scontrati due progetti opposti: da una parte il progetto di continuit\u00e0 del fascismo di Sal\u00f2, che significava proseguire con la guerra, con l&#8217;alleanza con Hitler, con la persecuzione degli ebrei, con l&#8217;ideologia razziale, con il nazionalismo; dall&#8217;altra il progetto di rottura antifascista, che significava combattere per la pace, per la fine delle discriminazioni, per l&#8217;affermazione del diritto internazionale, per la giustizia.<\/p>\n<p class=\"disable\">\u00a0<\/p>\n<p><a href=\"https:\/\/www.dagospia.com\/media-gallery\/dago-fotogallery-508437\/1825544\" class=\"float-right img-wrapper\"><img decoding=\"async\" id=\"1825544\" loading=\"lazy\" src=\"https:\/\/static.dagospia.com\/img\/foto\/04-2023\/ignazio-la-russa-e-il-25-aprile-by-vukic-1825544_800_q50.webp\"><span class=\"img-title\">IGNAZIO LA RUSSA E IL 25 APRILE &#8211; BY VUKIC<\/span><\/a><\/p>\n<p class=\"disable\">Se avesse vinto il progetto fascista, avremmo avuto un&#8217;Europa divisa non secondo i confini tra gli Stati, ma secondo la gerarchia tra i popoli, con gli ariani destinati al comando, i mediterranei e gli slavi al lavoro, gli ebrei, gli zingari, gli asociali e quant&#8217;altri all&#8217;estinzione.<\/p>\n<p class=\"disable\">\u00a0<\/p>\n<p class=\"disable\">[&#8230;]\u00a0<\/p>\n<p class=\"disable\">\u00a0<\/p>\n<p class=\"disable\">Dalle premesse nasce la deduzione: commemorare insieme i caduti dell&#8217;una e dell&#8217;altra parte perch\u00e9 i morti sono tutti uguali e tutti degni di rispetto, non \u00e8 pietas, ma negazione della storia. Ottant&#8217;anni dopo, i nomi incisi sui monumenti della liberazione sono un insieme di lettere che dicono poco.<\/p>\n<p class=\"disable\">\u00a0<\/p>\n<p class=\"disable\">Quando era in vita la generazione dei protagonisti, ad ogni nome corrispondeva un volto, una voce, una storia: oggi, per ragioni anagrafiche, i monumenti hanno perso il richiamo emotivo.<\/p>\n<p class=\"disable\">\u00a0<\/p>\n<p><a href=\"https:\/\/www.dagospia.com\/media-gallery\/dago-fotogallery-508437\/2189146\" class=\"float-left img-wrapper\"><img decoding=\"async\" id=\"2189146\" loading=\"lazy\" src=\"https:\/\/static.dagospia.com\/img\/foto\/10-2025\/gianni-oliva-2189146_800_q50.webp\"><span class=\"img-title\">Gianni Oliva<\/span><\/a><\/p>\n<p class=\"disable\">E allora perch\u00e9 corone d&#8217;alloro, discorsi ufficiali, amministratori con la fascia tricolore, scolaresche? Perch\u00e9 onoriamo il &#8220;progetto&#8221; per cui quegli uomini di vent&#8217;anni, di cui ormai non abbiamo pi\u00f9 immagini, sono morti. Perch\u00e9 ricordiamo le ragioni del passato, i prezzi di quegli anni di fiamme, i costi di quella rinascita.<\/p>\n<p class=\"disable\">\u00a0<\/p>\n<p class=\"disable\">Perch\u00e9 facciamo &#8220;memoria&#8221;. Se onoriamo gli uni e gli altri, onoriamo i due progetti, la continuit\u00e0 fascista e la rottura antifascista: e a quel punto, la storia non ha pi\u00f9 ragion d&#8217;essere.<\/p>\n<p class=\"disable\">\u00a0<\/p>\n<p class=\"disable\">Usare la categoria della &#8220;buona fede&#8221; \u00e8 pericoloso, perch\u00e9 non basta la buona fede dei combattenti per rendere &#8220;buona&#8221; la ragione per cui combattono. Non sono forse in buona fede i terroristi fondamentalisti, che si fanno esplodere in nome del loro credo?<\/p>\n<p class=\"disable\">\u00a0<\/p>\n<p><a href=\"https:\/\/www.dagospia.com\/media-gallery\/dago-fotogallery-508437\/1981196\" class=\"float-right img-wrapper\"><img decoding=\"async\" id=\"1981196\" loading=\"lazy\" src=\"https:\/\/static.dagospia.com\/img\/foto\/04-2024\/ignazio-la-russa-e-il-25-aprile-meme-by-il-grande-flagello-1981196_800_q50.webp\"><span class=\"img-title\">IGNAZIO LA RUSSA E IL 25 APRILE &#8211; MEME BY IL GRANDE FLAGELLO<\/span><\/a><\/p>\n<p class=\"disable\">Ci\u00f2 non toglie che farsi saltare in aria in mezzo alla folla \u00e8 un atto criminale che provoca strage e che come tale va giudicato. Dunque, le istituzioni pubbliche non facciano confusione, non sostituiscano il &#8220;particolare&#8221; delle vicende individuali al &#8220;generale&#8221; della storia dei popoli, e commemorino il progetto che ci ha regalato la Costituzione: perch\u00e9 questo \u00e8 il senso (e l&#8217;attualit\u00e0) del 25 aprile.<\/p>\n<p><a href=\"https:\/\/www.dagospia.com\/media-gallery\/dago-fotogallery-508437\/2124065\" class=\"float-right img-wrapper\"><img decoding=\"async\" id=\"2124065\" loading=\"lazy\" src=\"https:\/\/static.dagospia.com\/img\/foto\/04-2025\/giorgia-meloni-ignazio-la-russa-sergio-mattarella-foto-lapresse-2124065_800_q50.webp\"><span class=\"img-title\">giorgia meloni ignazio la russa sergio mattarella foto lapresse<\/span><\/a><a href=\"https:\/\/www.dagospia.com\/media-gallery\/dago-fotogallery-508437\/2125668\" class=\"float-right img-wrapper\"><img decoding=\"async\" id=\"2125668\" loading=\"lazy\" src=\"https:\/\/static.dagospia.com\/img\/foto\/04-2025\/ignazio-la-russa-commemorazione-sergio-ramelli-2125668_800_q50.webp\"><span class=\"img-title\">ignazio la russa &#8211; commemorazione Sergio Ramelli<\/span><\/a><\/p>\n<\/div>\n<div class=\"share-section\">\n                Condividi  questo articolo<\/p>\n<div class=\"socials\"><a href=\"https:\/\/www.dagospia.com\/politica\/25-aprlile-russa-detto-boiata-pazzesca-storico-gianni-oliva-prova-472009\"><img decoding=\"async\" src=\"https:\/\/static.dagospia.com\/img\/icons\/facebook.svg\" alt=\"Condividi su Facebook\"><\/a><a href=\"https:\/\/www.dagospia.com\/politica\/25-aprlile-russa-detto-boiata-pazzesca-storico-gianni-oliva-prova-472009\"><img decoding=\"async\" src=\"https:\/\/static.dagospia.com\/img\/icons\/x-icon.png\" alt=\"Condividi su X\"><\/a><a href=\"https:\/\/www.dagospia.com\/politica\/25-aprlile-russa-detto-boiata-pazzesca-storico-gianni-oliva-prova-472009\"><img decoding=\"async\" src=\"https:\/\/static.dagospia.com\/img\/icons\/whatsapp.svg\" alt=\"Condividi su Whatsapp\"><\/a><a href=\"https:\/\/www.dagospia.com\/politica\/25-aprlile-russa-detto-boiata-pazzesca-storico-gianni-oliva-prova-472009\"><img decoding=\"async\" src=\"https:\/\/static.dagospia.com\/img\/icons\/mail.svg\" alt=\"Invia in email\"><\/a><\/div>\n<\/div>\n<\/article>\n<div class=\"content\">\n<p class=\"disable\"><strong>Estratto dell\u2019articolo di Gianni Oliva per <a href=\"http:\/\/www.lastampa.it\" target=\"_blank\">\u201cLa Stampa\u201d<\/a><\/strong><\/p>\n<p class=\"disable\">\u00a0<\/p>\n<p><a href=\"https:\/\/www.dagospia.com\/media-gallery\/dago-fotogallery-508437\/1980866\" class=\"float-right img-wrapper\"><img decoding=\"async\" id=\"1980866\" loading=\"lazy\" src=\"https:\/\/static.dagospia.com\/img\/foto\/04-2024\/giorgia-meloni-ignazio-la-russa-25-aprile-2024-altare-della-patria-1980866_800_q50.webp\"><span class=\"img-title\">giorgia meloni ignazio la russa 25 aprile 2024 altare della patria<\/span><\/a><\/p>\n<p class=\"disable\">Da almeno vent&#8217;anni, c&#8217;\u00e8 sempre qualcuno che ci prova: il 25 aprile ricordiamo tutti, i caduti per la libert\u00e0 e insieme a loro i caduti della Repubblica Sociale, perch\u00e9 in entrambi i fronti si combatteva in buona fede. Quest&#8217;anno \u00e8 la volta (e non la prima) di Ignazio La Russa.<\/p>\n<p class=\"disable\">\u00a0<\/p>\n<p class=\"disable\">[&#8230;] la &#8220;buona fede&#8221; \u00e8 una categoria che si applica alle vicende umane degli individui. Quando parlo di mio nonno, di mia madre, di un conoscente caro, voglio sapere se ci\u00f2 che ha fatto \u00e8 nato da una scelta sincera o da opportunismo.<\/p>\n<p class=\"disable\">\u00a0<\/p>\n<p class=\"disable\">Ma quando si parla delle vicende dei popoli, cio\u00e8 quando si fa &#8220;storia&#8221;, non conta la &#8220;buona fede&#8221; delle intenzioni, ma il &#8220;progetto&#8221; per il quale ci si \u00e8 battuti.<\/p>\n<p class=\"disable\">\u00a0<\/p>\n<p><a href=\"https:\/\/www.dagospia.com\/media-gallery\/dago-fotogallery-508437\/1826136\" class=\"float-left img-wrapper\"><img decoding=\"async\" id=\"1826136\" loading=\"lazy\" src=\"https:\/\/static.dagospia.com\/img\/foto\/04-2023\/ora-e-sempre-reticenza-il-25-aprile-di-meloni-e-la-russa-by-ellekappa-1826136_800_q50.webp\"><span class=\"img-title\">ORA E SEMPRE RETICENZA &#8211; IL 25 APRILE DI MELONI E LA RUSSA BY ELLEKAPPA<\/span><\/a><\/p>\n<p class=\"disable\">Lo affermava nell&#8217;immediato dopoguerra un intellettuale insospettabile di indulgenze, Italo Calvino, partigiano garibaldino dal dicembre 1943 alla liberazione: &#8220;la rabbia che fa sparare noi con speranza di riscatto \u00e8 la stessa che fa sparare i fascisti \u2013 scriveva nel 1946 ne Il sentiero dei nidi di ragno \u2013<\/p>\n<p class=\"disable\">\u00a0<\/p>\n<p class=\"disable\">[&#8230;] La differenza \u00e8 che, nella storia, noi siamo dalla parte della ragione e loro dalla parte del torto&#8221;.<\/p>\n<p class=\"disable\">\u00a0<\/p>\n<p class=\"disable\">Nel 1943-45 in Italia si sono scontrati due progetti opposti: da una parte il progetto di continuit\u00e0 del fascismo di Sal\u00f2, che significava proseguire con la guerra, con l&#8217;alleanza con Hitler, con la persecuzione degli ebrei, con l&#8217;ideologia razziale, con il nazionalismo; dall&#8217;altra il progetto di rottura antifascista, che significava combattere per la pace, per la fine delle discriminazioni, per l&#8217;affermazione del diritto internazionale, per la giustizia.<\/p>\n<p class=\"disable\">\u00a0<\/p>\n<p><a href=\"https:\/\/www.dagospia.com\/media-gallery\/dago-fotogallery-508437\/1825544\" class=\"float-right img-wrapper\"><img decoding=\"async\" id=\"1825544\" loading=\"lazy\" src=\"https:\/\/static.dagospia.com\/img\/foto\/04-2023\/ignazio-la-russa-e-il-25-aprile-by-vukic-1825544_800_q50.webp\"><span class=\"img-title\">IGNAZIO LA RUSSA E IL 25 APRILE &#8211; BY VUKIC<\/span><\/a><\/p>\n<p class=\"disable\">Se avesse vinto il progetto fascista, avremmo avuto un&#8217;Europa divisa non secondo i confini tra gli Stati, ma secondo la gerarchia tra i popoli, con gli ariani destinati al comando, i mediterranei e gli slavi al lavoro, gli ebrei, gli zingari, gli asociali e quant&#8217;altri all&#8217;estinzione.<\/p>\n<p class=\"disable\">\u00a0<\/p>\n<p class=\"disable\">[&#8230;]\u00a0<\/p>\n<p class=\"disable\">\u00a0<\/p>\n<p class=\"disable\">Dalle premesse nasce la deduzione: commemorare insieme i caduti dell&#8217;una e dell&#8217;altra parte perch\u00e9 i morti sono tutti uguali e tutti degni di rispetto, non \u00e8 pietas, ma negazione della storia. Ottant&#8217;anni dopo, i nomi incisi sui monumenti della liberazione sono un insieme di lettere che dicono poco.<\/p>\n<p class=\"disable\">\u00a0<\/p>\n<p class=\"disable\">Quando era in vita la generazione dei protagonisti, ad ogni nome corrispondeva un volto, una voce, una storia: oggi, per ragioni anagrafiche, i monumenti hanno perso il richiamo emotivo.<\/p>\n<p class=\"disable\">\u00a0<\/p>\n<p><a href=\"https:\/\/www.dagospia.com\/media-gallery\/dago-fotogallery-508437\/2189146\" class=\"float-left img-wrapper\"><img decoding=\"async\" id=\"2189146\" loading=\"lazy\" src=\"https:\/\/static.dagospia.com\/img\/foto\/10-2025\/gianni-oliva-2189146_800_q50.webp\"><span class=\"img-title\">Gianni Oliva<\/span><\/a><\/p>\n<p class=\"disable\">E allora perch\u00e9 corone d&#8217;alloro, discorsi ufficiali, amministratori con la fascia tricolore, scolaresche? Perch\u00e9 onoriamo il &#8220;progetto&#8221; per cui quegli uomini di vent&#8217;anni, di cui ormai non abbiamo pi\u00f9 immagini, sono morti. Perch\u00e9 ricordiamo le ragioni del passato, i prezzi di quegli anni di fiamme, i costi di quella rinascita.<\/p>\n<p class=\"disable\">\u00a0<\/p>\n<p class=\"disable\">Perch\u00e9 facciamo &#8220;memoria&#8221;. Se onoriamo gli uni e gli altri, onoriamo i due progetti, la continuit\u00e0 fascista e la rottura antifascista: e a quel punto, la storia non ha pi\u00f9 ragion d&#8217;essere.<\/p>\n<p class=\"disable\">\u00a0<\/p>\n<p class=\"disable\">Usare la categoria della &#8220;buona fede&#8221; \u00e8 pericoloso, perch\u00e9 non basta la buona fede dei combattenti per rendere &#8220;buona&#8221; la ragione per cui combattono. Non sono forse in buona fede i terroristi fondamentalisti, che si fanno esplodere in nome del loro credo?<\/p>\n<p class=\"disable\">\u00a0<\/p>\n<p><a href=\"https:\/\/www.dagospia.com\/media-gallery\/dago-fotogallery-508437\/1981196\" class=\"float-right img-wrapper\"><img decoding=\"async\" id=\"1981196\" loading=\"lazy\" src=\"https:\/\/static.dagospia.com\/img\/foto\/04-2024\/ignazio-la-russa-e-il-25-aprile-meme-by-il-grande-flagello-1981196_800_q50.webp\"><span class=\"img-title\">IGNAZIO LA RUSSA E IL 25 APRILE &#8211; MEME BY IL GRANDE FLAGELLO<\/span><\/a><\/p>\n<p class=\"disable\">Ci\u00f2 non toglie che farsi saltare in aria in mezzo alla folla \u00e8 un atto criminale che provoca strage e che come tale va giudicato. Dunque, le istituzioni pubbliche non facciano confusione, non sostituiscano il &#8220;particolare&#8221; delle vicende individuali al &#8220;generale&#8221; della storia dei popoli, e commemorino il progetto che ci ha regalato la Costituzione: perch\u00e9 questo \u00e8 il senso (e l&#8217;attualit\u00e0) del 25 aprile.<\/p>\n<p><a href=\"https:\/\/www.dagospia.com\/media-gallery\/dago-fotogallery-508437\/2124065\" class=\"float-right img-wrapper\"><img decoding=\"async\" id=\"2124065\" loading=\"lazy\" src=\"https:\/\/static.dagospia.com\/img\/foto\/04-2025\/giorgia-meloni-ignazio-la-russa-sergio-mattarella-foto-lapresse-2124065_800_q50.webp\"><span class=\"img-title\">giorgia meloni ignazio la russa sergio mattarella foto lapresse<\/span><\/a><a href=\"https:\/\/www.dagospia.com\/media-gallery\/dago-fotogallery-508437\/2125668\" class=\"float-right img-wrapper\"><img decoding=\"async\" id=\"2125668\" loading=\"lazy\" src=\"https:\/\/static.dagospia.com\/img\/foto\/04-2025\/ignazio-la-russa-commemorazione-sergio-ramelli-2125668_800_q50.webp\"><span class=\"img-title\">ignazio la russa &#8211; commemorazione Sergio Ramelli<\/span><\/a><\/p>\n<\/div>\n<article><a href=\"https:\/\/www.dagospia.com\/politica\/dagoreport-la-storia-mai-raccontata-dell-irresistibile-ascesa-rovinosa-471816\"><\/p>\n<div class=\"img-wrapper\"><img decoding=\"async\" src=\"https:\/\/static.dagospia.com\/img\/patch\/04-2026\/luigi-ciro-de-lisi-matteo-salvini-giorgia-meloni-giuseppe-del-deo-mario-parente--2256581_600_q50.webp\" alt=\"luigi ciro de lisi matteo salvini giorgia meloni giuseppe del deo mario parente gaetano caputi  alfredo mantovano\" loading=\"lazy\"><time class=\"data-ora\">24 apr 20:05<\/time><\/div>\n<div class=\"excerpt\">\n<p>DAGOREPORT &#8211; <span>LA STORIA MAI RACCONTATA DELL&#8217;IRRESISTIBILE ASCESA E ROVINOSA CADUTA DI GIUSEPPE DEL DEO, &#8221;&#8217;L&#8217;UOMO CHE SA TROPPO&#8221;<\/span>\u00a0&#8211; IL FATALE INCONTRO CON LUIGI CIRO DE LISI, CAPO DEL &#8221;REPARTO DELL\u2019ANALISI FINANZIARIA&#8221; DELL\u2019AISI, POI PROTAGONISTA DELLE PRESUNTE ATTIVIT\u00c0 ILLEGALI DELLA SQUADRA FIORE, CHE PERMETTE AL SUO SUCCESSORE DEL DEO DI ENTRARE IN CONTATTO CON TUTTI I CAPATAZ DEI POTERI ECONOMICI \u2013\u00a0<span>L\u2019ABBANDONO DEL SALVINI IN CADUTA LIBERA E IL PASSAGGIO ALLA EMERGENTE MELONI (IL RUOLO DI CHIOCCI)\u00a0<\/span>&#8211; LE &#8220;AFFINIT\u00c0 POLITICHE&#8221; TRA L&#8217;UNDERDOG DELLA FRONTE DELLA GIOVENT\u00d9 E L&#8217;UOMO DELL&#8217;AISI CHE NON A CASO CHIAMER\u00c0 LA SUA CRICCA &#8220;I NERI&#8221;, FINISCONO CON IL CASO DEI DUE AGENTI AISI TRAFFICANTI INTORNO ALL\u2019AUTO DI GIAMBRUNO (DIVERSO IL CASO DI CAPUTI INTERCETTATO) \u2013 IL &#8220;FUOCO AMICO&#8221; DELL&#8217;ALTRO VICE DELL\u2019AISI, CARLO DI DONNO \u2013<span>\u00a0LO SCANDALOSO E MAI VISTO BABY-PENSIONAMENTO A 51 ANNI DI DEL DEO E IL VIA LIBERA DI ANDARE SUBITO A LAVORARE NEL PRIVATO, DERIVA DAL TIMORE CHE POSSA RICATTARE QUALCUNO ANCHE DENTRO PALAZZO CHIGI?<\/span>\u00a0AH, SAPERLO&#8230;<\/p>\n<\/div>\n<p><\/a><\/article>\n<article><a href=\"https:\/\/www.dagospia.com\/politica\/brera-volta-pinacoteca-milanese-e-diventata-discount-471997\"><\/p>\n<div class=\"img-wrapper\"><img decoding=\"async\" src=\"https:\/\/static.dagospia.com\/img\/patch\/04-2026\/giancarla-rondinelli-brera-2256327_600_q50.webp\" alt=\"giancarla rondinelli brera \" loading=\"lazy\"><time class=\"data-ora\">24 apr 16:00<\/time><\/div>\n<div class=\"excerpt\">\n<p>BRERA UNA VOLTA &#8211; <span>LA PINACOTECA MILANESE\u00a0\u00c8 DIVENTATA UN DISCOUNT DELL\u2019INTRATTENIMENTO: LA BIBLIOTECA BRAIDENSE OSPITER\u00c0\u00a0IL 4 MAGGIO LA PRESENTAZIONE DI UN LIBRO SU GARLASCO, \u201cL\u2019IMPRONTA\u201d, DI GIANCARLA RONDINELLI<\/span> (GIORNALISTA DEL TG1 ED EX MOGLIE DI GIUSEPPE MALARA, VICEDIRETTORE DELL\u2019APPROFONDIMENTO RAI). PER L\u2019OCCASIONE, SI PRESENTER\u00c0 NIENTEPOPODIMENO CHE IL PRESIDENTE DEL SENATO, IGNAZIO LA RUSSA \u2013 <span>UN VOLUMETTO TRUE CRIME PRESENTATO IN UNA DELLE ISTITUZIONI CULTURALI PI\u00d9\u00a0IMPORTANTI DEL PAESE<\/span>, A POCHI PASSI DALLA CENA IN EMMAUS DI CARAVAGGIO, DAL BACIO DI HAEYZ E IL CRISTO MORTO DI MANTEGNA? DOPO LE CREMINE DELL\u2019ESTETISTA CINICA E LA SESSIONE DI FITNESS DI IRENE FORTE, SEMBRA QUASI UN PASSO AVANTI (ALMENO \u00c8\u00a0UN LIBRO)<\/p>\n<\/div>\n<p><\/a><\/article>\n<article><a href=\"https:\/\/www.dagospia.com\/business\/salutame-calta-cda-mps-rifila-vaffa-all-83enne-costruttore-cesare-471949\"><\/p>\n<div class=\"img-wrapper\"><img decoding=\"async\" src=\"https:\/\/static.dagospia.com\/img\/patch\/04-2026\/monte-dei-paschi-di-siena-mps-francesco-gaetano-caltagirone-luigi-lovaglio-cesar-2256179_600_q50.webp\" alt=\"monte dei paschi di siena mps francesco gaetano caltagirone luigi lovaglio cesare bisoni gaetano caputi vittorio grilli \" loading=\"lazy\"><time class=\"data-ora\">23 apr 20:06<\/time><\/div>\n<div class=\"excerpt\">\n<p>SALUTAME A \u201cCALTA\u201d \u2013 <span>IL CDA DI MPS RIFILA UN ALTRO \u201cVAFFA\u201d ALL\u201983ENNE COSTRUTTORE: CESARE BISONI \u00c8 STATO NOMINATO COME PRESIDENTE DEL \u201cMONTE\u201d CON I SOLI VOTI DELLA LISTA DI \u201cPLT\u201d<\/span> \u2013 SI VOCIFERA CHE \u201cCALTA-RICCONE\u201d ABBIA LA DENTIERA AVVELENATA, IN PARTICOLARE, CON DUE PERSONE: IL PRESIDENTE DI MEDIOBANCA, VITTORIO GRILLI (CHE DOPO LA FUSIONE PRENDER\u00c0\u00a0IL POSTO DI BISONI) E IL CAPO DI GABINETTO DI PALAZZO CHIGI, GAETANO CAPUTI. NON \u00c8\u00a0SFUGGITO ALL\u2019OTTUAGENARIO EDITORE DEL \u201cMESSAGGERO\u201d CHE ENASARCO, LA CASSA PREVIDENZIALE DEGLI AGENTI DI COMMERCIO IN OTTIMI RAPPORTI CON CAPUTI, ABBIA VOTATO A FAVORE DI LOVAGLIO COME AD\u2026<\/p>\n<\/div>\n<p><\/a><\/article>\n<article><a href=\"https:\/\/www.dagospia.com\/politica\/ignazio-russa-legge-dagospia-non-si-trova-per-nulla-d-accordo-ci-manda-471827\"><\/p>\n<div class=\"img-wrapper\"><img decoding=\"async\" src=\"https:\/\/static.dagospia.com\/img\/patch\/12-2025\/meloni-la-russa-2209089_600_q50.webp\" alt=\"meloni la russa\" loading=\"lazy\"><time class=\"data-ora\">22 apr 20:49<\/time><\/div>\n<div class=\"excerpt\">\n<p><span>IL CO-FONDATORE DI FRATELLI D\u2019ITALIA E SECONDA CARICA DELLO STATO, IL POCO PALUDATO PRESIDENTE DEL SENATO IGNAZIO LA RUSSA, LEGGE DAGOSPIA<\/span>\u00a0E NON SI TROVA PER NULLA D\u2019ACCORDO SU QUANTO SCRIVIAMO SUL SUO RAPPORTO NON IDILLIACO (EUFEMISMO) CON GIORGIA MELONI (DALLE DIMISSIONI DELLA PITONESSA SANTANCHE\u2019 AL CANDIDATO ALLE PROSSIME COMUNALI DI MILANO, CASINI IN SICILIA COMPRESI) E CI SCRIVE UNA ZUCCHEROSA, A RISCHIO DIABETE, LETTERINA:\u00a0<span>\u2018\u2019CARO D&#8217;AGOSTINO, POSSIBILE CHE QUANDO (SPESSO) TI OCCUPI DI ME NON NE AZZECCHI UNA?<\/span>\u00a0FANTASCIENZA ALLO STATO PURO UN ANCORCH\u00c9 MINIMO DISSENSO CON GIORGIA MELONI CHE PER ME \u00c8 E RESTER\u00c0 SEMPRE, UNA SORELLA MINORE SUL PIANO AFFETTIVO E UNA LEADER INIMITABILE SUL PIANO POLITICO &#8211;\u00a0<span>SE VUOI SONO SEMPRE PRONTO A DARTI NOTIZIE CHE RIGUARDANO ME, CORRETTE E DI PRIMA MANO. MA FORSE NON TI INTERESSANO\u201d<\/span> (CIAO CORE&#8230;)<\/p>\n<\/div>\n<p><\/a><\/article>\n<article><a href=\"https:\/\/www.dagospia.com\/politica\/dagoreport-nemico-piu-ostico-per-giorgia-meloni-e-ignazio-russa-471807\"><\/p>\n<div class=\"img-wrapper\"><img decoding=\"async\" src=\"https:\/\/static.dagospia.com\/img\/patch\/04-2026\/meloni-la-russa-manlio-messina-cannella-dell-utri-2255763_600_q50.webp\" alt=\"meloni la russa manlio messina cannella dell'utri\" loading=\"lazy\"><time class=\"data-ora\">22 apr 20:01<\/time><\/div>\n<div class=\"excerpt\">\n<p>DAGOREPORT &#8211; <span>IL PROBLEMA PI\u00d9 OSTICO PER LA MELONA AZZOPPATA NON \u00c8 CONTE N\u00c9 SCHLEIN: SI CHIAMA FRATELLI D&#8217;ITALIA, A PARTIRE DA LA RUSSA<\/span>\u00a0\u2013 IL PRESIDENTE DEL SENATO BRIGA, METTE BOCCA, PRETENDE LA SCELTA DEL SINDACO DI MILANO: <span>LA PROVA SI \u00c8 AVUTA OGGI CON LA NOMINA DEI SICILIANI GIAMPIERO CANNELLA E MASSIMO DELL\u2019UTRI A SOTTOSEGRETARI &#8211;<\/span>\u00a0\u2018GNAZIO VOLEVA UNA \u201cCOMPENSAZIONE\u201d PER IL TRASLOCO DEL &#8220;SUO&#8221; GIANMARCO MAZZI AL TURISMO, PER NON LASCIARE AL SOLO EMANUELE MERLINO (UOMO DI FAZZOLARI) IL COMPITO DI &#8221;BADANTE&#8221; DEL MINISTRO GIULI-VO \u2013\u00a0<span>IL CAOS IN SICILIA, TRA INCHIESTE SULLA GIUNTA, I SEGRETI \u201cSCOTTANTI\u201d MINACCIATI E MAI RIVELATI DA MANLIO MESSINA<\/span> E LA DEBOLEZZA DEL TAJANEO SCHIFANI CHE SENTE IL FIATO SUL COLLO DI GIORGIO MULE&#8217; (CARO AI BERLUSCONI),\u00a0CHE PUNTA A PRENDERE IL SUO POSTO E CHIEDE DI COMMISSARIARE FORZA ITALIA IN SICILIA, DOPO IL PESSIMO RISULTATO AL REFERENDUM&#8230;<\/p>\n<\/div>\n<p><\/a><\/article>\n<article><a href=\"https:\/\/www.dagospia.com\/politica\/dagoreport-forza-italia-ribolle-marina-berlusconi-martusciello-mosse-471646\"><\/p>\n<div class=\"img-wrapper\"><img decoding=\"async\" src=\"https:\/\/static.dagospia.com\/img\/patch\/04-2026\/marina-berlusconi-antonio-tajani-fulvio-martusciello-2255164_600_q50.webp\" alt=\"marina berlusconi antonio tajani fulvio martusciello\" loading=\"lazy\"><time class=\"data-ora\">21 apr 20:02<\/time><\/div>\n<div class=\"excerpt\">\n<p><span>DAGOREPORT &#8211;<\/span> LA PRESA DI TAJANI SU FORZA ITALIA SI \u00c8 RIDOTTA DOPO IL SILURAMENTO DEI SUOI &#8220;DIOSCURI&#8221;, BARELLI E GASPARRI.<span> IL PARTITO ORA \u00c8 IN EBOLLIZIONE:\u00a0<\/span><span>VOGLIONO RIMUOVERE FULVIO MARTUSCIELLO<\/span> DA CAPOGRUPPO DI FORZA ITALIA A BRUXELLES. AL SUO POSTO, SI FANNO AVANTI LETIZIA MORATTI E MASSIMILIANO SALINI &#8211; <span>E IL &#8220;MAGGIORDOMO CIOCIARO&#8221; DI CASA MELONI, CHE FA? RESTA IN TRINCEA BLOCCANDO LA NOMINA DI FEDERICO FRENI ALLA CONSOB <\/span>PER FORZARE IL GOVERNO A TROVARE UNA SISTEMAZIONE AL SUO CONSUOCERO BARELLI E ALLA SUA FEDELISSIMA CHIARA TENERINI, LANCIATA CONTRO LA DEBORA BERGAMINI DI MARINA\u2026<\/p>\n<\/div>\n<p><\/a><\/article>\n<article><a href=\"https:\/\/www.dagospia.com\/politica\/pasqua-merda-per-matteo-piantedosi-dopo-claudia-conte-rivelato-urbi-et-469960\"><\/p>\n<div class=\"img-wrapper\"><img decoding=\"async\" src=\"https:\/\/static.dagospia.com\/img\/patch\/04-2026\/matteo-piantedosi-come-gennaro-sangiuliano-meme-claudia-conte-2249972_600_q50.webp\" alt=\"matteo piantedosi come gennaro sangiuliano meme claudia conte \" loading=\"lazy\"><\/div>\n<div class=\"excerpt\">CHE PASQUA DI MERDA PER MATTEO PIANTEDOSI! &#8211; DOPO CHE CLAUDIA CONTE HA RIVELATO URBI ET ORBI DI\u2026<\/div>\n<p><\/a><\/article>\n<article><a href=\"https:\/\/www.dagospia.com\/cronache\/michael-jackson-mi-abbasso-i-pantaloncini-mentre-giocavo-game-boy-470026\"><\/p>\n<div class=\"img-wrapper\"><img decoding=\"async\" src=\"https:\/\/static.dagospia.com\/img\/patch\/04-2026\/michael-jackson-aldo-cascio-2250437_600_q50.webp\" alt=\"michael jackson aldo cascio \" loading=\"lazy\"><\/div>\n<div class=\"excerpt\">\u201cMICHAEL JACKSON MI ABBASS\u00d2 I PANTALONCINI MENTRE GIOCAVO AL GAME BOY\u201d \u2013 LE TESTIMONIANZE DEI\u2026<\/div>\n<p><\/a><\/article>\n<article><a href=\"https:\/\/www.dagospia.com\/cafonal\/pardo-max-giusti-metti-sera-cena-eminenze-gricie-dell-edonismo-472056\"><\/p>\n<div class=\"img-wrapper\"><img decoding=\"async\" src=\"https:\/\/static.dagospia.com\/img\/patch\/04-2026\/ristorante-la-pisanella-2256575_600_q50.webp\" alt loading=\"lazy\"><\/div>\n<div class=\"excerpt\">DA PARDO A MAX GIUSTI: METTI UNA SERA A CENA LE \u201cEMINENZE GRICIE\u201d DELL\u2019EDONISMO ROMANELLO \u2013 AL\u2026<\/div>\n<p><\/a><\/article>\n<article><a href=\"https:\/\/www.dagospia.com\/media-tv\/pillole-gossip-giulia-stabile-geolier-chiara-frattesi-escort-472018\"><\/p>\n<div class=\"img-wrapper\"><img decoding=\"async\" src=\"https:\/\/static.dagospia.com\/img\/patch\/04-2026\/pillole-avanti-gossip-2256413_600_q50.webp\" alt=\"pillole avanti gossip\" loading=\"lazy\"><\/div>\n<div class=\"excerpt\">PILLOLE DI GOSSIP! GIULIA STABILE: \u201cHO FREQUENTATO UN CANTANTE PI\u00d9 GRANDE DI ME POI HO SCOPERTO CHE\u2026<\/div>\n<p><\/a><\/article>\n<article><a href=\"https:\/\/www.dagospia.com\/media-tv\/riconoscete-58enne-non-chiuso-boutique-l-amore-per-trovarlo-so-472054\"><\/p>\n<div class=\"img-wrapper\"><img decoding=\"async\" src=\"https:\/\/static.dagospia.com\/img\/patch\/04-2026\/paola-barale-2256564_600_q50.webp\" alt=\"paola barale\" loading=\"lazy\"><\/div>\n<div class=\"excerpt\">LA RICONOSCETE? LA 58ENNE NON HA CHIUSO LA BOUTIQUE. L\u2019AMORE? ORA PER TROVARLO SO CHE DEVO\u2026<\/div>\n<p><\/a><\/article>\n<article><a href=\"https:\/\/www.dagospia.com\/politica\/dagoreport-la-storia-mai-raccontata-dell-irresistibile-ascesa-rovinosa-471816\"><\/p>\n<div class=\"img-wrapper\"><img decoding=\"async\" src=\"https:\/\/static.dagospia.com\/img\/patch\/04-2026\/luigi-ciro-de-lisi-matteo-salvini-giorgia-meloni-giuseppe-del-deo-mario-parente--2256581_600_q50.webp\" alt=\"luigi ciro de lisi matteo salvini giorgia meloni giuseppe del deo mario parente gaetano caputi  alfredo mantovano\" loading=\"lazy\"><\/div>\n<div class=\"excerpt\">DAGOREPORT &#8211; LA STORIA MAI RACCONTATA DELL&#8217;IRRESISTIBILE ASCESA E ROVINOSA CADUTA DI GIUSEPPE DEL\u2026<\/div>\n<p><\/a><\/article>\n<article><a href=\"https:\/\/www.dagospia.com\/politica\/brera-volta-pinacoteca-milanese-e-diventata-discount-471997\"><\/p>\n<div class=\"img-wrapper\"><img decoding=\"async\" src=\"https:\/\/static.dagospia.com\/img\/patch\/04-2026\/giancarla-rondinelli-brera-2256327_600_q50.webp\" alt=\"giancarla rondinelli brera \" loading=\"lazy\"><\/div>\n<div class=\"excerpt\">BRERA UNA VOLTA &#8211; LA PINACOTECA MILANESE\u00a0\u00c8 DIVENTATA UN DISCOUNT DELL\u2019INTRATTENIMENTO: LA\u2026<\/div>\n<p><\/a><\/article>\n<article><a href=\"https:\/\/www.dagospia.com\/business\/salutame-calta-cda-mps-rifila-vaffa-all-83enne-costruttore-cesare-471949\"><\/p>\n<div class=\"img-wrapper\"><img decoding=\"async\" src=\"https:\/\/static.dagospia.com\/img\/patch\/04-2026\/monte-dei-paschi-di-siena-mps-francesco-gaetano-caltagirone-luigi-lovaglio-cesar-2256179_600_q50.webp\" alt=\"monte dei paschi di siena mps francesco gaetano caltagirone luigi lovaglio cesare bisoni gaetano caputi vittorio grilli \" loading=\"lazy\"><\/div>\n<div class=\"excerpt\">SALUTAME A \u201cCALTA\u201d \u2013 IL CDA DI MPS RIFILA UN ALTRO \u201cVAFFA\u201d ALL\u201983ENNE COSTRUTTORE: CESARE BISONI \u00c8\u2026<\/div>\n<p><\/a><\/article>\n<article><a href=\"https:\/\/www.dagospia.com\/politica\/ignazio-russa-legge-dagospia-non-si-trova-per-nulla-d-accordo-ci-manda-471827\"><\/p>\n<div class=\"img-wrapper\"><img decoding=\"async\" src=\"https:\/\/static.dagospia.com\/img\/patch\/12-2025\/meloni-la-russa-2209089_600_q50.webp\" alt=\"meloni la russa\" loading=\"lazy\"><\/div>\n<div class=\"excerpt\">IL CO-FONDATORE DI FRATELLI D\u2019ITALIA E SECONDA CARICA DELLO STATO, IL POCO PALUDATO PRESIDENTE DEL\u2026<\/div>\n<p><\/a><\/article>\n<article><a href=\"https:\/\/www.dagospia.com\/politica\/dagoreport-nemico-piu-ostico-per-giorgia-meloni-e-ignazio-russa-471807\"><\/p>\n<div class=\"img-wrapper\"><img decoding=\"async\" src=\"https:\/\/static.dagospia.com\/img\/patch\/04-2026\/meloni-la-russa-manlio-messina-cannella-dell-utri-2255763_600_q50.webp\" alt=\"meloni la russa manlio messina cannella dell'utri\" loading=\"lazy\"><\/div>\n<div class=\"excerpt\">DAGOREPORT &#8211; IL PROBLEMA PI\u00d9 OSTICO PER LA MELONA AZZOPPATA NON \u00c8 CONTE N\u00c9 SCHLEIN: SI CHIAMA\u2026<\/div>\n<p><\/a><\/article>\n<article><a href=\"https:\/\/www.dagospia.com\/politica\/dagoreport-forza-italia-ribolle-marina-berlusconi-martusciello-mosse-471646\"><\/p>\n<div class=\"img-wrapper\"><img decoding=\"async\" src=\"https:\/\/static.dagospia.com\/img\/patch\/04-2026\/marina-berlusconi-antonio-tajani-fulvio-martusciello-2255164_600_q50.webp\" alt=\"marina berlusconi antonio tajani fulvio martusciello\" loading=\"lazy\"><\/div>\n<div class=\"excerpt\">DAGOREPORT &#8211; LA PRESA DI TAJANI SU FORZA ITALIA SI \u00c8 RIDOTTA DOPO IL SILURAMENTO DEI SUOI\u2026<\/div>\n<p><\/a><\/article>\n<article><a href=\"https:\/\/www.dagospia.com\/politica\/figura-terna-per-giorgia-nell-aprile-2023-meloni-si-vantava-nomina-471652\"><\/p>\n<div class=\"img-wrapper\"><img decoding=\"async\" src=\"https:\/\/static.dagospia.com\/img\/patch\/04-2026\/giuseppina-di-foggia-giorgia-meloni-arianna-claudio-descalzi-terna-eni-2255189_600_q50.webp\" alt=\"giuseppina di foggia giorgia meloni arianna claudio descalzi terna eni\" loading=\"lazy\"><\/div>\n<div class=\"excerpt\">CHE FIGURA DI TERNA PER GIORGIA!\u00a0\u2013 NELL\u2019APRILE 2023 MELONI SI VANTAVA DELLA NOMINA DI GIUSEPPINA DI\u2026<\/div>\n<p><\/a><\/article>\n<article><a href=\"https:\/\/www.dagospia.com\/business\/borsa-italiana-comandano-i-francesi-faccia-delle-regole-tutto-bene-per-471554\"><\/p>\n<div class=\"img-wrapper\"><img decoding=\"async\" src=\"https:\/\/static.dagospia.com\/img\/patch\/04-2026\/borsa-italiana-dario-scannapieco-fabrizio-testa-cdp-cassa-depositi-e-prestiti-2254922_600_q50.webp\" alt=\"borsa italiana dario scannapieco fabrizio testa cdp cassa depositi e prestiti\" loading=\"lazy\"><\/div>\n<div class=\"excerpt\">DAGOREPORT &#8211; PERCHE&#8217; ALLA BORSA ITALIANA COMANDANO I FRANCESI? \u2013 INFURIA LA BATTAGLIA SULLA\u2026<\/div>\n<p><\/a><\/article>\n<article><a href=\"https:\/\/www.dagospia.com\/politica\/sdeng-sovranismo-bancario-e-finito-nel-cestino-delle-cazzate-471333\"><\/p>\n<div class=\"img-wrapper\"><img decoding=\"async\" src=\"https:\/\/static.dagospia.com\/img\/patch\/08-2025\/procuratore-milano-viola-procura-milano-luigi-lovaglio-francesco-gaetano-caltagi-2168544_600_q50.webp\" alt=\"procuratore milano viola procura milano luigi lovaglio - francesco gaetano caltagirone - giancarlo giorgetti - milleri - alberto nagel - philippe donnet mediobanca mps giorgia meloni \" loading=\"lazy\"><\/div>\n<div class=\"excerpt\">DAGOREPORT &#8211;\u00a0SDENG! ANCHE IL \u2018\u2019SOVRANISMO BANCARIO\u2019\u2019 \u00c8 FINITO NEL CESTINO DELLE CAZZATE DELL\u2019ARMATA\u2026<\/div>\n<p><\/a><\/article>\n<article><a href=\"https:\/\/www.dagospia.com\/politica\/dagoreport-e-piu-facile-parlare-l-uomo-piu-potente-mondo-giorgia-471175\"><\/p>\n<div class=\"img-wrapper\"><img decoding=\"async\" src=\"https:\/\/static.dagospia.com\/img\/patch\/04-2026\/giorgia-meloni-trump-viviana-mazza-netanyahu-2253904_600_q50.webp\" alt=\"giorgia meloni trump viviana mazza netanyahu\" loading=\"lazy\"><\/div>\n<div class=\"excerpt\">DAGOREPORT \u2013 PERCH\u00c8 \u00c8\u00a0PI\u00d9 FACILE PARLARE CON L\u2019UOMO PI\u00d9\u00a0POTENTE (E DEMENTE) DEL MONDO CHE CON\u2026<\/div>\n<p><\/a><\/article>\n<article><a href=\"https:\/\/www.dagospia.com\/cafonal\/pardo-max-giusti-metti-sera-cena-eminenze-gricie-dell-edonismo-472056\"><\/p>\n<div class=\"img-wrapper\"><img decoding=\"async\" src=\"https:\/\/static.dagospia.com\/img\/patch\/04-2026\/ristorante-la-pisanella-2256575_600_q50.webp\" alt loading=\"lazy\"><\/div>\n<div class=\"excerpt\">DA PARDO A MAX GIUSTI: METTI UNA SERA A CENA LE \u201cEMINENZE GRICIE\u201d DELL\u2019EDONISMO ROMANELLO \u2013 AL\u2026<\/div>\n<p><\/a><\/article>\n<article><a href=\"https:\/\/www.dagospia.com\/cafonal\/ne-andavo-quella-roma-nella-capitale-in-zona-talenti-intitolato-parco-remo-472030\"><\/p>\n<div class=\"img-wrapper\"><img decoding=\"async\" src=\"https:\/\/static.dagospia.com\/img\/patch\/04-2026\/inaugurazione-del-parco-remo-remotti-massimiliano-bruno-nicola-pistoia-michela-a-2256496_600_q50.webp\" alt=\"inaugurazione del parco remo remotti - massimiliano bruno nicola pistoia michela andreozzi luisa pistoia sabina guzzanti stefano fresi tommaso zanello piotta federica remotti - 5\" loading=\"lazy\"><\/div>\n<div class=\"excerpt\">VIDEO!&#8221;ME NE ANDAVO DA QUELLA ROMA\u2026!&#8221; NELLA CAPITALE, IN ZONA TALENTI, E\u2019 STATO INTITOLATO UN PARCO\u2026<\/div>\n<p><\/a><\/article>\n<article><a href=\"https:\/\/www.dagospia.com\/cafonal\/cafonal-all-opera-mi-porti-luca-guadagnino-maggio-fiorentino-the-death-471907\"><\/p>\n<div class=\"img-wrapper\"><img decoding=\"async\" src=\"https:\/\/static.dagospia.com\/img\/patch\/04-2026\/guadagnino-2256066_600_q50.webp\" alt=\"guadagnino\" loading=\"lazy\"><\/div>\n<div class=\"excerpt\">CAFONAL ALL\u2019OPERA &#8211; MI PORTI UN LUCA GUADAGNINO A FIRENZE \u2013 IL REGISTA PORTA IN SCENA AL MAGGIO\u2026<\/div>\n<p><\/a><\/article>\n<article><a href=\"https:\/\/www.dagospia.com\/cafonal\/cafonal-pallitto-chanel-totti-metri-trash-figlia-pupone-diventa-471192\"><\/p>\n<div class=\"img-wrapper\"><img decoding=\"async\" src=\"https:\/\/static.dagospia.com\/img\/patch\/04-2026\/2026pallitto-2253852_600_q50.webp\" alt loading=\"lazy\"><\/div>\n<div class=\"excerpt\">CAFONAL \u2013 PALLITTO-CHANEL TOTTI: TRE METRI SOPRA IL TRASH! LA FIGLIA DEL PUPONE DIVENTA LA\u2026<\/div>\n<p><\/a><\/article>\n<article><a href=\"https:\/\/www.dagospia.com\/cafonal\/cafonalino-cinema-caravaggio-roma-l-anteprima-film-a-year-in-london-471080\"><\/p>\n<div class=\"img-wrapper\"><img decoding=\"async\" src=\"https:\/\/static.dagospia.com\/img\/patch\/04-2026\/2026fendi-2253486_600_q50.webp\" alt=\"2026fendi\" loading=\"lazy\"><\/div>\n<div class=\"excerpt\">CAFONALINO! &#8211; AL CINEMA CARAVAGGIO DI ROMA ACCORRE UNA NUTRITA RAPPRESENTANZA DELLA FAMIGLIA FENDI\u2026<\/div>\n<p><\/a><\/article>\n<article><a href=\"https:\/\/www.dagospia.com\/cafonal\/cafonalino-maxxi-serena-bortone-presenta-suo-romanzo-quel-provolone-470822\"><\/p>\n<div class=\"img-wrapper\"><img decoding=\"async\" src=\"https:\/\/static.dagospia.com\/img\/patch\/04-2026\/2026bortone-serena-bortone-2252798_600_q50.webp\" alt=\"2026bortone serena bortone\" loading=\"lazy\"><\/div>\n<div class=\"excerpt\">CAFONALINO! \u2013\u00a0AL MAXXI DI ROMA SERENA BORTONE PRESENTA IL SUO ROMANZO \u201cLE DIRIMPETTAIE\u201d, AFFIANCATA\u2026<\/div>\n<p><\/a><\/article>\n<p>[analyse_source url=&#8221;https:\/\/www.dagospia.com\/politica\/25-aprlile-russa-detto-boiata-pazzesca-storico-gianni-oliva-prova-472009&#8243;]<\/p>\n","protected":false},"excerpt":{"rendered":"<p>[analyse_image type=&#8221;featured&#8221; src=&#8221;https:\/\/static.dagospia.com\/img\/patch\/04-2026\/ignazio-la-russa-gianni-oliva-2256370_600_q50.webp&#8221;] 24 apr 2026 14:58 SUL 25 APRILE LA RUSSA HA DETTO UNA BOIATA PAZZESCA \u2013 LO STORICO GIANNI OLIVA PROVA A SPIEGARE ALLA SECONDA CARICA DELLO STATO PERCH\u00c9, IN OCCASIONE DELLA FESTA DELLA LIBERAZIONE, RENDIAMO OMAGGIO AI PARTIGIANI E NON AI CADUTI DELLA REPUBBLICA DI SAL\u00d2: \u201cNEL 1943-45 IN ITALIA SI SONO [&hellip;]<\/p>\n","protected":false},"author":1,"featured_media":0,"comment_status":"open","ping_status":"","sticky":false,"template":"","format":"standard","meta":{"footnotes":""},"categories":[87],"tags":[226,149],"class_list":["post-1901870","post","type-post","status-publish","format-standard","hentry","category-italy","tag-crawlmanager","tag-dagospia-com"],"_links":{"self":[{"href":"https:\/\/analyse.optim.biz\/index.php?rest_route=\/wp\/v2\/posts\/1901870","targetHints":{"allow":["GET"]}}],"collection":[{"href":"https:\/\/analyse.optim.biz\/index.php?rest_route=\/wp\/v2\/posts"}],"about":[{"href":"https:\/\/analyse.optim.biz\/index.php?rest_route=\/wp\/v2\/types\/post"}],"author":[{"embeddable":true,"href":"https:\/\/analyse.optim.biz\/index.php?rest_route=\/wp\/v2\/users\/1"}],"replies":[{"embeddable":true,"href":"https:\/\/analyse.optim.biz\/index.php?rest_route=%2Fwp%2Fv2%2Fcomments&post=1901870"}],"version-history":[{"count":0,"href":"https:\/\/analyse.optim.biz\/index.php?rest_route=\/wp\/v2\/posts\/1901870\/revisions"}],"wp:attachment":[{"href":"https:\/\/analyse.optim.biz\/index.php?rest_route=%2Fwp%2Fv2%2Fmedia&parent=1901870"}],"wp:term":[{"taxonomy":"category","embeddable":true,"href":"https:\/\/analyse.optim.biz\/index.php?rest_route=%2Fwp%2Fv2%2Fcategories&post=1901870"},{"taxonomy":"post_tag","embeddable":true,"href":"https:\/\/analyse.optim.biz\/index.php?rest_route=%2Fwp%2Fv2%2Ftags&post=1901870"}],"curies":[{"name":"wp","href":"https:\/\/api.w.org\/{rel}","templated":true}]}}