{"id":1901860,"date":"2026-04-24T10:00:00","date_gmt":"2026-04-24T07:00:00","guid":{"rendered":"https:\/\/analyse.optim.biz\/?p=1901860"},"modified":"2026-04-24T10:00:00","modified_gmt":"2026-04-24T07:00:00","slug":"sui-migranti-leuropa-lancia-un-salvagente-a-giorgia-la-corte-di-giustizia-ue-ha-espresso-un-parere","status":"publish","type":"post","link":"https:\/\/analyse.optim.biz\/?p=1901860","title":{"rendered":"Sui migranti l\u2019europa lancia un salvagente a giorgia! la corte di giustizia ue ha espresso un parere"},"content":{"rendered":"<p>[analyse_image type=&#8221;featured&#8221; src=&#8221;https:\/\/static.dagospia.com\/img\/patch\/10-2024\/giorgia-meloni-migranti-albania-marina-militare-libra-2049415_600_q50.webp&#8221;]<\/p>\n<article>\n<div class=\"img-wrapper\"><img decoding=\"async\" src=\"https:\/\/static.dagospia.com\/img\/patch\/10-2024\/giorgia-meloni-migranti-albania-marina-militare-libra-2049415_600_q50.webp\" alt=\"giorgia meloni migranti albania marina militare libra\"><time class=\"data-ora\">24 apr 2026 12:00<\/time><\/div>\n<p><span>SUI MIGRANTI L\u2019EUROPA LANCIA UN SALVAGENTE A GIORGIA<\/span> \u2013 LA CORTE DI GIUSTIZIA UE HA ESPRESSO UN PARERE NON VINCOLANTE SUI CENTRI DI PERMANENZA PER I RIMPATRI APERTI DALL&#8217;ITALIA IN ALBANIA: <span>SONO \u201cCOMPATIBILI\u201d CON LE NORME DELL\u2019UE. MA A CONDIZIONE CHE SIANO \u201cRISPETTATE TUTTE LE GARANZIE PREVISTE.<\/span> I DIRITTI DEI MIGRANTI DEVONO ESSERE PIENAMENTE TUTELATI\u201d \u2013MELONI ESULTA E ATTACCA LA MAGISTRATURA: \u201cMI PIACEREBBE SAPERE QUANTO SIANO COSTATI ALL&#8217;ITALIA DUE ANNI PERSI A CAUSA DI LETTURE GIUDIZIARIE FORZATE E INFONDATE\u201d \u2013 <span>IN REALT\u00c0, IL PARERE NON CONTRADDICE QUANTO STABILITO DAI GIUDICI ITALIANI, <\/span>CHE AVEVANO MESSO AL CENTRO DELLE LORO DECISIONI PROPRIO LA TUTELA DEI DIRITTI DEI MIGRANTI\u2026<\/p>\n<div class=\"share-section\">\n                Condividi  questo articolo<\/p>\n<div class=\"socials\"><a href=\"http:\/\/www.facebook.com\/sharer.php?u=http:\/\/www.dagospia.com\/politica\/sui-migranti-l-europa-lancia-salvagente-giorgia-corte-giustizia-ue-471976\" target=\"_blank\"><img decoding=\"async\" src=\"https:\/\/static.dagospia.com\/img\/icons\/facebook.svg\" alt=\"Condividi su Facebook\"><\/a><a href=\"http:\/\/www.twitter.com\/share?url=http:\/\/www.dagospia.com\/politica\/sui-migranti-l-europa-lancia-salvagente-giorgia-corte-giustizia-ue-471976&amp;text=SUI%20MIGRANTI%20L%E2%80%99EUROPA%20LANCIA%20UN%20SALVAGENTE%20A%20GIORGIA!%20LA%20CORTE%20DI%20GIUSTIZIA%20UE%20HA%20ESPRESSO%20UN%20PARERE\" target=\"_blank\"><img decoding=\"async\" src=\"https:\/\/static.dagospia.com\/img\/icons\/x-icon.png\" alt=\"Condividi su X\"><\/a><a href=\"\/\/www.dagospia.com\/politica\/sui-migranti-l-europa-lancia-salvagente-giorgia-corte-giustizia-ue-471976\" target=\"_blank\"><img decoding=\"async\" src=\"https:\/\/static.dagospia.com\/img\/icons\/whatsapp.svg\" alt=\"Condividi su Whatsapp\"><\/a><a href=\"mailto:?body=http:\/\/www.dagospia.com\/politica\/sui-migranti-l-europa-lancia-salvagente-giorgia-corte-giustizia-ue-471976\" target=\"_blank\"><img decoding=\"async\" src=\"https:\/\/static.dagospia.com\/img\/icons\/mail.svg\" alt=\"Invia in email\"><\/a><\/div>\n<\/div>\n<div class=\"content\">\n<p class=\"disable\"><strong>Estratto dell\u2019articolo di Giuliano Foschini per <a href=\"http:\/\/www.repubblica.it\" target=\"_blank\">\u201cla Repubblica\u201d<\/a><\/strong><\/p>\n<p class=\"disable\">\u00a0<\/p>\n<p><a href=\"https:\/\/www.dagospia.com\/media-gallery\/dago-fotogallery-508404\/2052183\" class=\"float-right img-wrapper\"><img decoding=\"async\" id=\"2052183\" loading=\"lazy\" src=\"https:\/\/static.dagospia.com\/img\/foto\/10-2024\/centro-migranti-di-gjader-in-albania-2052183_800_q50.webp\"><span class=\"img-title\">centro migranti DI GJADER IN ALBANIA<\/span><\/a><\/p>\n<p class=\"disable\">Il protocollo Italia-Albania non \u00e8 di per s\u00e9 illegittimo. Al contrario, \u00e8 \u00abcompatibile\u00bb con le norme dell&#8217;Unione europea, che non \u00abimpediscono\u00bb a un Paese membro di istituire Cpr al di fuori del proprio territorio. Ma tutto questo \u00e8 possibile a una condizione: che siano \u00abrispettate tutte le garanzie previste\u00bb dalla legge.<\/p>\n<p class=\"disable\">\u00a0<\/p>\n<p class=\"disable\">\u00abI diritti dei migranti devono essere pienamente tutelati\u00bb: quindi assistenza legale, interpretazione linguistica, contatti con familiari e autorit\u00e0, con particolare attenzione a minori e persone vulnerabili.<\/p>\n<p class=\"disable\">\u00a0<\/p>\n<p><a href=\"https:\/\/www.dagospia.com\/media-gallery\/dago-fotogallery-508404\/2052114\" class=\"float-left img-wrapper\"><img decoding=\"async\" id=\"2052114\" loading=\"lazy\" src=\"https:\/\/static.dagospia.com\/img\/foto\/10-2024\/il-decreto-legge-sui-paesi-sicuri-vignetta-by-ellekappa-2052114_800_q50.webp\"><span class=\"img-title\">IL DECRETO LEGGE SUI PAESI SICURI &#8211; VIGNETTA BY ELLEKAPPA <\/span><\/a><\/p>\n<p class=\"disable\">L&#8217;avvocato generale della Corte di giustizia Ue, Nicholas Emiliou, ha espresso ieri un parere \u2014 non vincolante \u2014 sui centri di permanenza per i rimpatri aperti dall&#8217;Italia a Gjad\u00ebr, in Albania. Si tratta, nei fatti, di un&#8217;anticipazione di quella che sar\u00e0 la futura sentenza dei giudici di Lussemburgo.<\/p>\n<p class=\"disable\">\u00a0<\/p>\n<p class=\"disable\">[&#8230;] nell&#8217;interpretazione della premier Giorgia Meloni, segna un punto a favore del governo. \u00ab\u00c8 la conferma della validit\u00e0 della strada che abbiamo indicato\u00bb, dice, senza rinunciare ad attaccare la magistratura: \u00abMi piacerebbe sapere quanto siano costati all&#8217;Italia due anni persi a causa di letture giudiziarie forzate e infondate. [&#8230;]\u00bb<\/p>\n<p class=\"disable\">\u00a0<\/p>\n<p><a href=\"https:\/\/www.dagospia.com\/media-gallery\/dago-fotogallery-508404\/2188822\" class=\"float-right img-wrapper\"><img decoding=\"async\" id=\"2188822\" loading=\"lazy\" src=\"https:\/\/static.dagospia.com\/img\/foto\/10-2025\/centro-migranti-albania-2188822_800_q50.webp\"><span class=\"img-title\">centro migranti albania<\/span><\/a><\/p>\n<p class=\"disable\">In realt\u00e0, il parere dell&#8217;avvocato generale non contraddice quanto stabilito dai giudici italiani, che avevano messo al centro delle loro decisioni proprio la tutela dei diritti dei migranti trasferiti in Albania.<\/p>\n<p class=\"disable\">\u00a0<\/p>\n<p class=\"disable\">Secondo Meloni, invece, la pronuncia \u00e8 in controtendenza \u00abrispetto al racconto che \u00e8 stato fatto in questi anni: le cose avrebbero potuto funzionare molto meglio e offrire, come si chiede a livello europeo, un modo nuovo di gestire i flussi migratori, quindi soluzioni anche innovative\u00bb.<\/p>\n<p class=\"disable\">\u00a0<\/p>\n<p><a href=\"https:\/\/www.dagospia.com\/media-gallery\/dago-fotogallery-508404\/1999017\" class=\"float-left img-wrapper\"><img decoding=\"async\" id=\"1999017\" loading=\"lazy\" src=\"https:\/\/static.dagospia.com\/img\/foto\/06-2024\/giorgia-meloni-edi-rama-hotspot-per-migranti-in-albania-1999017_800_q50.webp\"><span class=\"img-title\">giorgia meloni edi rama &#8211; hotspot per migranti in albania<\/span><\/a><\/p>\n<p class=\"disable\">L&#8217;opposizione resta su una linea diversa. \u00abHanno buttato un miliardo in Albania\u00bb, sostiene Giuseppe Conte, presidente del Movimento 5 stelle. [&#8230;]<\/p>\n<p><a href=\"https:\/\/www.dagospia.com\/media-gallery\/dago-fotogallery-508404\/2118978\" class=\"float-left img-wrapper\"><img decoding=\"async\" id=\"2118978\" loading=\"lazy\" src=\"https:\/\/static.dagospia.com\/img\/foto\/04-2025\/migranti-trasferiti-in-albania-2118978_800_q50.webp\"><span class=\"img-title\">MIGRANTI TRASFERITI IN ALBANIA<\/span><\/a><a href=\"https:\/\/www.dagospia.com\/media-gallery\/dago-fotogallery-508404\/2048898\" class=\"float-left img-wrapper\"><img decoding=\"async\" id=\"2048898\" loading=\"lazy\" src=\"https:\/\/static.dagospia.com\/img\/foto\/10-2024\/nuovi-centri-per-i-migranti-in-albania-2048898_800_q50.webp\"><span class=\"img-title\">NUOVI CENTRI PER I MIGRANTI IN ALBANIA<\/span><\/a><a href=\"https:\/\/www.dagospia.com\/media-gallery\/dago-fotogallery-508404\/2057183\" class=\"float-right img-wrapper\"><img decoding=\"async\" id=\"2057183\" loading=\"lazy\" src=\"https:\/\/static.dagospia.com\/img\/foto\/11-2024\/la-questione-migranti-in-albania-spiegata-da-natangelo-2057183_800_q50.webp\"><span class=\"img-title\">LA QUESTIONE MIGRANTI IN ALBANIA SPIEGATA DA NATANGELO<\/span><\/a><\/p>\n<p class=\"disable\">\u00a0<\/p>\n<\/div>\n<div class=\"share-section\">\n                Condividi  questo articolo<\/p>\n<div class=\"socials\"><a href=\"https:\/\/www.dagospia.com\/politica\/sui-migranti-l-europa-lancia-salvagente-giorgia-corte-giustizia-ue-471976\"><img decoding=\"async\" src=\"https:\/\/static.dagospia.com\/img\/icons\/facebook.svg\" alt=\"Condividi su Facebook\"><\/a><a href=\"https:\/\/www.dagospia.com\/politica\/sui-migranti-l-europa-lancia-salvagente-giorgia-corte-giustizia-ue-471976\"><img decoding=\"async\" src=\"https:\/\/static.dagospia.com\/img\/icons\/x-icon.png\" alt=\"Condividi su X\"><\/a><a href=\"https:\/\/www.dagospia.com\/politica\/sui-migranti-l-europa-lancia-salvagente-giorgia-corte-giustizia-ue-471976\"><img decoding=\"async\" src=\"https:\/\/static.dagospia.com\/img\/icons\/whatsapp.svg\" alt=\"Condividi su Whatsapp\"><\/a><a href=\"https:\/\/www.dagospia.com\/politica\/sui-migranti-l-europa-lancia-salvagente-giorgia-corte-giustizia-ue-471976\"><img decoding=\"async\" src=\"https:\/\/static.dagospia.com\/img\/icons\/mail.svg\" alt=\"Invia in email\"><\/a><\/div>\n<\/div>\n<\/article>\n<div class=\"content\">\n<p class=\"disable\"><strong>Estratto dell\u2019articolo di Giuliano Foschini per <a href=\"http:\/\/www.repubblica.it\" target=\"_blank\">\u201cla Repubblica\u201d<\/a><\/strong><\/p>\n<p class=\"disable\">\u00a0<\/p>\n<p><a href=\"https:\/\/www.dagospia.com\/media-gallery\/dago-fotogallery-508404\/2052183\" class=\"float-right img-wrapper\"><img decoding=\"async\" id=\"2052183\" loading=\"lazy\" src=\"https:\/\/static.dagospia.com\/img\/foto\/10-2024\/centro-migranti-di-gjader-in-albania-2052183_800_q50.webp\"><span class=\"img-title\">centro migranti DI GJADER IN ALBANIA<\/span><\/a><\/p>\n<p class=\"disable\">Il protocollo Italia-Albania non \u00e8 di per s\u00e9 illegittimo. Al contrario, \u00e8 \u00abcompatibile\u00bb con le norme dell&#8217;Unione europea, che non \u00abimpediscono\u00bb a un Paese membro di istituire Cpr al di fuori del proprio territorio. Ma tutto questo \u00e8 possibile a una condizione: che siano \u00abrispettate tutte le garanzie previste\u00bb dalla legge.<\/p>\n<p class=\"disable\">\u00a0<\/p>\n<p class=\"disable\">\u00abI diritti dei migranti devono essere pienamente tutelati\u00bb: quindi assistenza legale, interpretazione linguistica, contatti con familiari e autorit\u00e0, con particolare attenzione a minori e persone vulnerabili.<\/p>\n<p class=\"disable\">\u00a0<\/p>\n<p><a href=\"https:\/\/www.dagospia.com\/media-gallery\/dago-fotogallery-508404\/2052114\" class=\"float-left img-wrapper\"><img decoding=\"async\" id=\"2052114\" loading=\"lazy\" src=\"https:\/\/static.dagospia.com\/img\/foto\/10-2024\/il-decreto-legge-sui-paesi-sicuri-vignetta-by-ellekappa-2052114_800_q50.webp\"><span class=\"img-title\">IL DECRETO LEGGE SUI PAESI SICURI &#8211; VIGNETTA BY ELLEKAPPA <\/span><\/a><\/p>\n<p class=\"disable\">L&#8217;avvocato generale della Corte di giustizia Ue, Nicholas Emiliou, ha espresso ieri un parere \u2014 non vincolante \u2014 sui centri di permanenza per i rimpatri aperti dall&#8217;Italia a Gjad\u00ebr, in Albania. Si tratta, nei fatti, di un&#8217;anticipazione di quella che sar\u00e0 la futura sentenza dei giudici di Lussemburgo.<\/p>\n<p class=\"disable\">\u00a0<\/p>\n<p class=\"disable\">[&#8230;] nell&#8217;interpretazione della premier Giorgia Meloni, segna un punto a favore del governo. \u00ab\u00c8 la conferma della validit\u00e0 della strada che abbiamo indicato\u00bb, dice, senza rinunciare ad attaccare la magistratura: \u00abMi piacerebbe sapere quanto siano costati all&#8217;Italia due anni persi a causa di letture giudiziarie forzate e infondate. [&#8230;]\u00bb<\/p>\n<p class=\"disable\">\u00a0<\/p>\n<p><a href=\"https:\/\/www.dagospia.com\/media-gallery\/dago-fotogallery-508404\/2188822\" class=\"float-right img-wrapper\"><img decoding=\"async\" id=\"2188822\" loading=\"lazy\" src=\"https:\/\/static.dagospia.com\/img\/foto\/10-2025\/centro-migranti-albania-2188822_800_q50.webp\"><span class=\"img-title\">centro migranti albania<\/span><\/a><\/p>\n<p class=\"disable\">In realt\u00e0, il parere dell&#8217;avvocato generale non contraddice quanto stabilito dai giudici italiani, che avevano messo al centro delle loro decisioni proprio la tutela dei diritti dei migranti trasferiti in Albania.<\/p>\n<p class=\"disable\">\u00a0<\/p>\n<p class=\"disable\">Secondo Meloni, invece, la pronuncia \u00e8 in controtendenza \u00abrispetto al racconto che \u00e8 stato fatto in questi anni: le cose avrebbero potuto funzionare molto meglio e offrire, come si chiede a livello europeo, un modo nuovo di gestire i flussi migratori, quindi soluzioni anche innovative\u00bb.<\/p>\n<p class=\"disable\">\u00a0<\/p>\n<p><a href=\"https:\/\/www.dagospia.com\/media-gallery\/dago-fotogallery-508404\/1999017\" class=\"float-left img-wrapper\"><img decoding=\"async\" id=\"1999017\" loading=\"lazy\" src=\"https:\/\/static.dagospia.com\/img\/foto\/06-2024\/giorgia-meloni-edi-rama-hotspot-per-migranti-in-albania-1999017_800_q50.webp\"><span class=\"img-title\">giorgia meloni edi rama &#8211; hotspot per migranti in albania<\/span><\/a><\/p>\n<p class=\"disable\">L&#8217;opposizione resta su una linea diversa. \u00abHanno buttato un miliardo in Albania\u00bb, sostiene Giuseppe Conte, presidente del Movimento 5 stelle. [&#8230;]<\/p>\n<p><a href=\"https:\/\/www.dagospia.com\/media-gallery\/dago-fotogallery-508404\/2118978\" class=\"float-left img-wrapper\"><img decoding=\"async\" id=\"2118978\" loading=\"lazy\" src=\"https:\/\/static.dagospia.com\/img\/foto\/04-2025\/migranti-trasferiti-in-albania-2118978_800_q50.webp\"><span class=\"img-title\">MIGRANTI TRASFERITI IN ALBANIA<\/span><\/a><a href=\"https:\/\/www.dagospia.com\/media-gallery\/dago-fotogallery-508404\/2048898\" class=\"float-left img-wrapper\"><img decoding=\"async\" id=\"2048898\" loading=\"lazy\" src=\"https:\/\/static.dagospia.com\/img\/foto\/10-2024\/nuovi-centri-per-i-migranti-in-albania-2048898_800_q50.webp\"><span class=\"img-title\">NUOVI CENTRI PER I MIGRANTI IN ALBANIA<\/span><\/a><a href=\"https:\/\/www.dagospia.com\/media-gallery\/dago-fotogallery-508404\/2057183\" class=\"float-right img-wrapper\"><img decoding=\"async\" id=\"2057183\" loading=\"lazy\" src=\"https:\/\/static.dagospia.com\/img\/foto\/11-2024\/la-questione-migranti-in-albania-spiegata-da-natangelo-2057183_800_q50.webp\"><span class=\"img-title\">LA QUESTIONE MIGRANTI IN ALBANIA SPIEGATA DA NATANGELO<\/span><\/a><\/p>\n<p class=\"disable\">\u00a0<\/p>\n<\/div>\n<article><a href=\"https:\/\/www.dagospia.com\/politica\/dagoreport-la-storia-mai-raccontata-dell-irresistibile-ascesa-rovinosa-471816\"><\/p>\n<div class=\"img-wrapper\"><img decoding=\"async\" src=\"https:\/\/static.dagospia.com\/img\/patch\/04-2026\/luigi-ciro-de-lisi-matteo-salvini-giorgia-meloni-giuseppe-del-deo-mario-parente--2256581_600_q50.webp\" alt=\"luigi ciro de lisi matteo salvini giorgia meloni giuseppe del deo mario parente gaetano caputi  alfredo mantovano\" loading=\"lazy\"><time class=\"data-ora\">24 apr 20:05<\/time><\/div>\n<div class=\"excerpt\">\n<p>DAGOREPORT &#8211; <span>LA STORIA MAI RACCONTATA DELL&#8217;IRRESISTIBILE ASCESA E ROVINOSA CADUTA DI GIUSEPPE DEL DEO, &#8221;&#8217;L&#8217;UOMO CHE SA TROPPO&#8221;<\/span>\u00a0&#8211; IL FATALE INCONTRO CON LUIGI CIRO DE LISI, CAPO DEL &#8221;REPARTO DELL\u2019ANALISI FINANZIARIA&#8221; DELL\u2019AISI, POI PROTAGONISTA DELLE PRESUNTE ATTIVIT\u00c0 ILLEGALI DELLA SQUADRA FIORE, CHE PERMETTE AL SUO SUCCESSORE DEL DEO DI ENTRARE IN CONTATTO CON TUTTI I CAPATAZ DEI POTERI ECONOMICI \u2013\u00a0<span>L\u2019ABBANDONO DEL SALVINI IN CADUTA LIBERA E IL PASSAGGIO ALLA EMERGENTE MELONI (IL RUOLO DI CHIOCCI)\u00a0<\/span>&#8211; LE &#8220;AFFINIT\u00c0 POLITICHE&#8221; TRA L&#8217;UNDERDOG DELLA FRONTE DELLA GIOVENT\u00d9 E L&#8217;UOMO DELL&#8217;AISI CHE NON A CASO CHIAMER\u00c0 LA SUA CRICCA &#8220;I NERI&#8221;, FINISCONO CON IL CASO DEI DUE AGENTI AISI TRAFFICANTI INTORNO ALL\u2019AUTO DI GIAMBRUNO (DIVERSO IL CASO DI CAPUTI INTERCETTATO) \u2013 IL &#8220;FUOCO AMICO&#8221; DELL&#8217;ALTRO VICE DELL\u2019AISI, CARLO DI DONNO \u2013<span>\u00a0LO SCANDALOSO E MAI VISTO BABY-PENSIONAMENTO A 51 ANNI DI DEL DEO E IL VIA LIBERA DI ANDARE SUBITO A LAVORARE NEL PRIVATO, DERIVA DAL TIMORE CHE POSSA RICATTARE QUALCUNO ANCHE DENTRO PALAZZO CHIGI?<\/span>\u00a0AH, SAPERLO&#8230;<\/p>\n<\/div>\n<p><\/a><\/article>\n<article><a href=\"https:\/\/www.dagospia.com\/politica\/brera-volta-pinacoteca-milanese-e-diventata-discount-471997\"><\/p>\n<div class=\"img-wrapper\"><img decoding=\"async\" src=\"https:\/\/static.dagospia.com\/img\/patch\/04-2026\/giancarla-rondinelli-brera-2256327_600_q50.webp\" alt=\"giancarla rondinelli brera \" loading=\"lazy\"><time class=\"data-ora\">24 apr 16:00<\/time><\/div>\n<div class=\"excerpt\">\n<p>BRERA UNA VOLTA &#8211; <span>LA PINACOTECA MILANESE\u00a0\u00c8 DIVENTATA UN DISCOUNT DELL\u2019INTRATTENIMENTO: LA BIBLIOTECA BRAIDENSE OSPITER\u00c0\u00a0IL 4 MAGGIO LA PRESENTAZIONE DI UN LIBRO SU GARLASCO, \u201cL\u2019IMPRONTA\u201d, DI GIANCARLA RONDINELLI<\/span> (GIORNALISTA DEL TG1 ED EX MOGLIE DI GIUSEPPE MALARA, VICEDIRETTORE DELL\u2019APPROFONDIMENTO RAI). PER L\u2019OCCASIONE, SI PRESENTER\u00c0 NIENTEPOPODIMENO CHE IL PRESIDENTE DEL SENATO, IGNAZIO LA RUSSA \u2013 <span>UN VOLUMETTO TRUE CRIME PRESENTATO IN UNA DELLE ISTITUZIONI CULTURALI PI\u00d9\u00a0IMPORTANTI DEL PAESE<\/span>, A POCHI PASSI DALLA CENA IN EMMAUS DI CARAVAGGIO, DAL BACIO DI HAEYZ E IL CRISTO MORTO DI MANTEGNA? DOPO LE CREMINE DELL\u2019ESTETISTA CINICA E LA SESSIONE DI FITNESS DI IRENE FORTE, SEMBRA QUASI UN PASSO AVANTI (ALMENO \u00c8\u00a0UN LIBRO)<\/p>\n<\/div>\n<p><\/a><\/article>\n<article><a href=\"https:\/\/www.dagospia.com\/business\/salutame-calta-cda-mps-rifila-vaffa-all-83enne-costruttore-cesare-471949\"><\/p>\n<div class=\"img-wrapper\"><img decoding=\"async\" src=\"https:\/\/static.dagospia.com\/img\/patch\/04-2026\/monte-dei-paschi-di-siena-mps-francesco-gaetano-caltagirone-luigi-lovaglio-cesar-2256179_600_q50.webp\" alt=\"monte dei paschi di siena mps francesco gaetano caltagirone luigi lovaglio cesare bisoni gaetano caputi vittorio grilli \" loading=\"lazy\"><time class=\"data-ora\">23 apr 20:06<\/time><\/div>\n<div class=\"excerpt\">\n<p>SALUTAME A \u201cCALTA\u201d \u2013 <span>IL CDA DI MPS RIFILA UN ALTRO \u201cVAFFA\u201d ALL\u201983ENNE COSTRUTTORE: CESARE BISONI \u00c8 STATO NOMINATO COME PRESIDENTE DEL \u201cMONTE\u201d CON I SOLI VOTI DELLA LISTA DI \u201cPLT\u201d<\/span> \u2013 SI VOCIFERA CHE \u201cCALTA-RICCONE\u201d ABBIA LA DENTIERA AVVELENATA, IN PARTICOLARE, CON DUE PERSONE: IL PRESIDENTE DI MEDIOBANCA, VITTORIO GRILLI (CHE DOPO LA FUSIONE PRENDER\u00c0\u00a0IL POSTO DI BISONI) E IL CAPO DI GABINETTO DI PALAZZO CHIGI, GAETANO CAPUTI. NON \u00c8\u00a0SFUGGITO ALL\u2019OTTUAGENARIO EDITORE DEL \u201cMESSAGGERO\u201d CHE ENASARCO, LA CASSA PREVIDENZIALE DEGLI AGENTI DI COMMERCIO IN OTTIMI RAPPORTI CON CAPUTI, ABBIA VOTATO A FAVORE DI LOVAGLIO COME AD\u2026<\/p>\n<\/div>\n<p><\/a><\/article>\n<article><a href=\"https:\/\/www.dagospia.com\/politica\/ignazio-russa-legge-dagospia-non-si-trova-per-nulla-d-accordo-ci-manda-471827\"><\/p>\n<div class=\"img-wrapper\"><img decoding=\"async\" src=\"https:\/\/static.dagospia.com\/img\/patch\/12-2025\/meloni-la-russa-2209089_600_q50.webp\" alt=\"meloni la russa\" loading=\"lazy\"><time class=\"data-ora\">22 apr 20:49<\/time><\/div>\n<div class=\"excerpt\">\n<p><span>IL CO-FONDATORE DI FRATELLI D\u2019ITALIA E SECONDA CARICA DELLO STATO, IL POCO PALUDATO PRESIDENTE DEL SENATO IGNAZIO LA RUSSA, LEGGE DAGOSPIA<\/span>\u00a0E NON SI TROVA PER NULLA D\u2019ACCORDO SU QUANTO SCRIVIAMO SUL SUO RAPPORTO NON IDILLIACO (EUFEMISMO) CON GIORGIA MELONI (DALLE DIMISSIONI DELLA PITONESSA SANTANCHE\u2019 AL CANDIDATO ALLE PROSSIME COMUNALI DI MILANO, CASINI IN SICILIA COMPRESI) E CI SCRIVE UNA ZUCCHEROSA, A RISCHIO DIABETE, LETTERINA:\u00a0<span>\u2018\u2019CARO D&#8217;AGOSTINO, POSSIBILE CHE QUANDO (SPESSO) TI OCCUPI DI ME NON NE AZZECCHI UNA?<\/span>\u00a0FANTASCIENZA ALLO STATO PURO UN ANCORCH\u00c9 MINIMO DISSENSO CON GIORGIA MELONI CHE PER ME \u00c8 E RESTER\u00c0 SEMPRE, UNA SORELLA MINORE SUL PIANO AFFETTIVO E UNA LEADER INIMITABILE SUL PIANO POLITICO &#8211;\u00a0<span>SE VUOI SONO SEMPRE PRONTO A DARTI NOTIZIE CHE RIGUARDANO ME, CORRETTE E DI PRIMA MANO. MA FORSE NON TI INTERESSANO\u201d<\/span> (CIAO CORE&#8230;)<\/p>\n<\/div>\n<p><\/a><\/article>\n<article><a href=\"https:\/\/www.dagospia.com\/politica\/dagoreport-nemico-piu-ostico-per-giorgia-meloni-e-ignazio-russa-471807\"><\/p>\n<div class=\"img-wrapper\"><img decoding=\"async\" src=\"https:\/\/static.dagospia.com\/img\/patch\/04-2026\/meloni-la-russa-manlio-messina-cannella-dell-utri-2255763_600_q50.webp\" alt=\"meloni la russa manlio messina cannella dell'utri\" loading=\"lazy\"><time class=\"data-ora\">22 apr 20:01<\/time><\/div>\n<div class=\"excerpt\">\n<p>DAGOREPORT &#8211; <span>IL PROBLEMA PI\u00d9 OSTICO PER LA MELONA AZZOPPATA NON \u00c8 CONTE N\u00c9 SCHLEIN: SI CHIAMA FRATELLI D&#8217;ITALIA, A PARTIRE DA LA RUSSA<\/span>\u00a0\u2013 IL PRESIDENTE DEL SENATO BRIGA, METTE BOCCA, PRETENDE LA SCELTA DEL SINDACO DI MILANO: <span>LA PROVA SI \u00c8 AVUTA OGGI CON LA NOMINA DEI SICILIANI GIAMPIERO CANNELLA E MASSIMO DELL\u2019UTRI A SOTTOSEGRETARI &#8211;<\/span>\u00a0\u2018GNAZIO VOLEVA UNA \u201cCOMPENSAZIONE\u201d PER IL TRASLOCO DEL &#8220;SUO&#8221; GIANMARCO MAZZI AL TURISMO, PER NON LASCIARE AL SOLO EMANUELE MERLINO (UOMO DI FAZZOLARI) IL COMPITO DI &#8221;BADANTE&#8221; DEL MINISTRO GIULI-VO \u2013\u00a0<span>IL CAOS IN SICILIA, TRA INCHIESTE SULLA GIUNTA, I SEGRETI \u201cSCOTTANTI\u201d MINACCIATI E MAI RIVELATI DA MANLIO MESSINA<\/span> E LA DEBOLEZZA DEL TAJANEO SCHIFANI CHE SENTE IL FIATO SUL COLLO DI GIORGIO MULE&#8217; (CARO AI BERLUSCONI),\u00a0CHE PUNTA A PRENDERE IL SUO POSTO E CHIEDE DI COMMISSARIARE FORZA ITALIA IN SICILIA, DOPO IL PESSIMO RISULTATO AL REFERENDUM&#8230;<\/p>\n<\/div>\n<p><\/a><\/article>\n<article><a href=\"https:\/\/www.dagospia.com\/politica\/dagoreport-forza-italia-ribolle-marina-berlusconi-martusciello-mosse-471646\"><\/p>\n<div class=\"img-wrapper\"><img decoding=\"async\" src=\"https:\/\/static.dagospia.com\/img\/patch\/04-2026\/marina-berlusconi-antonio-tajani-fulvio-martusciello-2255164_600_q50.webp\" alt=\"marina berlusconi antonio tajani fulvio martusciello\" loading=\"lazy\"><time class=\"data-ora\">21 apr 20:02<\/time><\/div>\n<div class=\"excerpt\">\n<p><span>DAGOREPORT &#8211;<\/span> LA PRESA DI TAJANI SU FORZA ITALIA SI \u00c8 RIDOTTA DOPO IL SILURAMENTO DEI SUOI &#8220;DIOSCURI&#8221;, BARELLI E GASPARRI.<span> IL PARTITO ORA \u00c8 IN EBOLLIZIONE:\u00a0<\/span><span>VOGLIONO RIMUOVERE FULVIO MARTUSCIELLO<\/span> DA CAPOGRUPPO DI FORZA ITALIA A BRUXELLES. AL SUO POSTO, SI FANNO AVANTI LETIZIA MORATTI E MASSIMILIANO SALINI &#8211; <span>E IL &#8220;MAGGIORDOMO CIOCIARO&#8221; DI CASA MELONI, CHE FA? RESTA IN TRINCEA BLOCCANDO LA NOMINA DI FEDERICO FRENI ALLA CONSOB <\/span>PER FORZARE IL GOVERNO A TROVARE UNA SISTEMAZIONE AL SUO CONSUOCERO BARELLI E ALLA SUA FEDELISSIMA CHIARA TENERINI, LANCIATA CONTRO LA DEBORA BERGAMINI DI MARINA\u2026<\/p>\n<\/div>\n<p><\/a><\/article>\n<article><a href=\"https:\/\/www.dagospia.com\/politica\/pasqua-merda-per-matteo-piantedosi-dopo-claudia-conte-rivelato-urbi-et-469960\"><\/p>\n<div class=\"img-wrapper\"><img decoding=\"async\" src=\"https:\/\/static.dagospia.com\/img\/patch\/04-2026\/matteo-piantedosi-come-gennaro-sangiuliano-meme-claudia-conte-2249972_600_q50.webp\" alt=\"matteo piantedosi come gennaro sangiuliano meme claudia conte \" loading=\"lazy\"><\/div>\n<div class=\"excerpt\">CHE PASQUA DI MERDA PER MATTEO PIANTEDOSI! &#8211; DOPO CHE CLAUDIA CONTE HA RIVELATO URBI ET ORBI DI\u2026<\/div>\n<p><\/a><\/article>\n<article><a href=\"https:\/\/www.dagospia.com\/cronache\/michael-jackson-mi-abbasso-i-pantaloncini-mentre-giocavo-game-boy-470026\"><\/p>\n<div class=\"img-wrapper\"><img decoding=\"async\" src=\"https:\/\/static.dagospia.com\/img\/patch\/04-2026\/michael-jackson-aldo-cascio-2250437_600_q50.webp\" alt=\"michael jackson aldo cascio \" loading=\"lazy\"><\/div>\n<div class=\"excerpt\">\u201cMICHAEL JACKSON MI ABBASS\u00d2 I PANTALONCINI MENTRE GIOCAVO AL GAME BOY\u201d \u2013 LE TESTIMONIANZE DEI\u2026<\/div>\n<p><\/a><\/article>\n<article><a href=\"https:\/\/www.dagospia.com\/cafonal\/pardo-max-giusti-metti-sera-cena-eminenze-gricie-dell-edonismo-472056\"><\/p>\n<div class=\"img-wrapper\"><img decoding=\"async\" src=\"https:\/\/static.dagospia.com\/img\/patch\/04-2026\/ristorante-la-pisanella-2256575_600_q50.webp\" alt loading=\"lazy\"><\/div>\n<div class=\"excerpt\">DA PARDO A MAX GIUSTI: METTI UNA SERA A CENA LE \u201cEMINENZE GRICIE\u201d DELL\u2019EDONISMO ROMANELLO \u2013 AL\u2026<\/div>\n<p><\/a><\/article>\n<article><a href=\"https:\/\/www.dagospia.com\/media-tv\/pillole-gossip-giulia-stabile-geolier-chiara-frattesi-escort-472018\"><\/p>\n<div class=\"img-wrapper\"><img decoding=\"async\" src=\"https:\/\/static.dagospia.com\/img\/patch\/04-2026\/pillole-avanti-gossip-2256413_600_q50.webp\" alt=\"pillole avanti gossip\" loading=\"lazy\"><\/div>\n<div class=\"excerpt\">PILLOLE DI GOSSIP! GIULIA STABILE: \u201cHO FREQUENTATO UN CANTANTE PI\u00d9 GRANDE DI ME POI HO SCOPERTO CHE\u2026<\/div>\n<p><\/a><\/article>\n<article><a href=\"https:\/\/www.dagospia.com\/media-tv\/riconoscete-58enne-non-chiuso-boutique-l-amore-per-trovarlo-so-472054\"><\/p>\n<div class=\"img-wrapper\"><img decoding=\"async\" src=\"https:\/\/static.dagospia.com\/img\/patch\/04-2026\/paola-barale-2256564_600_q50.webp\" alt=\"paola barale\" loading=\"lazy\"><\/div>\n<div class=\"excerpt\">LA RICONOSCETE? LA 58ENNE NON HA CHIUSO LA BOUTIQUE. L\u2019AMORE? ORA PER TROVARLO SO CHE DEVO\u2026<\/div>\n<p><\/a><\/article>\n<article><a href=\"https:\/\/www.dagospia.com\/politica\/dagoreport-la-storia-mai-raccontata-dell-irresistibile-ascesa-rovinosa-471816\"><\/p>\n<div class=\"img-wrapper\"><img decoding=\"async\" src=\"https:\/\/static.dagospia.com\/img\/patch\/04-2026\/luigi-ciro-de-lisi-matteo-salvini-giorgia-meloni-giuseppe-del-deo-mario-parente--2256581_600_q50.webp\" alt=\"luigi ciro de lisi matteo salvini giorgia meloni giuseppe del deo mario parente gaetano caputi  alfredo mantovano\" loading=\"lazy\"><\/div>\n<div class=\"excerpt\">DAGOREPORT &#8211; LA STORIA MAI RACCONTATA DELL&#8217;IRRESISTIBILE ASCESA E ROVINOSA CADUTA DI GIUSEPPE DEL\u2026<\/div>\n<p><\/a><\/article>\n<article><a href=\"https:\/\/www.dagospia.com\/politica\/brera-volta-pinacoteca-milanese-e-diventata-discount-471997\"><\/p>\n<div class=\"img-wrapper\"><img decoding=\"async\" src=\"https:\/\/static.dagospia.com\/img\/patch\/04-2026\/giancarla-rondinelli-brera-2256327_600_q50.webp\" alt=\"giancarla rondinelli brera \" loading=\"lazy\"><\/div>\n<div class=\"excerpt\">BRERA UNA VOLTA &#8211; LA PINACOTECA MILANESE\u00a0\u00c8 DIVENTATA UN DISCOUNT DELL\u2019INTRATTENIMENTO: LA\u2026<\/div>\n<p><\/a><\/article>\n<article><a href=\"https:\/\/www.dagospia.com\/business\/salutame-calta-cda-mps-rifila-vaffa-all-83enne-costruttore-cesare-471949\"><\/p>\n<div class=\"img-wrapper\"><img decoding=\"async\" src=\"https:\/\/static.dagospia.com\/img\/patch\/04-2026\/monte-dei-paschi-di-siena-mps-francesco-gaetano-caltagirone-luigi-lovaglio-cesar-2256179_600_q50.webp\" alt=\"monte dei paschi di siena mps francesco gaetano caltagirone luigi lovaglio cesare bisoni gaetano caputi vittorio grilli \" loading=\"lazy\"><\/div>\n<div class=\"excerpt\">SALUTAME A \u201cCALTA\u201d \u2013 IL CDA DI MPS RIFILA UN ALTRO \u201cVAFFA\u201d ALL\u201983ENNE COSTRUTTORE: CESARE BISONI \u00c8\u2026<\/div>\n<p><\/a><\/article>\n<article><a href=\"https:\/\/www.dagospia.com\/politica\/ignazio-russa-legge-dagospia-non-si-trova-per-nulla-d-accordo-ci-manda-471827\"><\/p>\n<div class=\"img-wrapper\"><img decoding=\"async\" src=\"https:\/\/static.dagospia.com\/img\/patch\/12-2025\/meloni-la-russa-2209089_600_q50.webp\" alt=\"meloni la russa\" loading=\"lazy\"><\/div>\n<div class=\"excerpt\">IL CO-FONDATORE DI FRATELLI D\u2019ITALIA E SECONDA CARICA DELLO STATO, IL POCO PALUDATO PRESIDENTE DEL\u2026<\/div>\n<p><\/a><\/article>\n<article><a href=\"https:\/\/www.dagospia.com\/politica\/dagoreport-nemico-piu-ostico-per-giorgia-meloni-e-ignazio-russa-471807\"><\/p>\n<div class=\"img-wrapper\"><img decoding=\"async\" src=\"https:\/\/static.dagospia.com\/img\/patch\/04-2026\/meloni-la-russa-manlio-messina-cannella-dell-utri-2255763_600_q50.webp\" alt=\"meloni la russa manlio messina cannella dell'utri\" loading=\"lazy\"><\/div>\n<div class=\"excerpt\">DAGOREPORT &#8211; IL PROBLEMA PI\u00d9 OSTICO PER LA MELONA AZZOPPATA NON \u00c8 CONTE N\u00c9 SCHLEIN: SI CHIAMA\u2026<\/div>\n<p><\/a><\/article>\n<article><a href=\"https:\/\/www.dagospia.com\/politica\/dagoreport-forza-italia-ribolle-marina-berlusconi-martusciello-mosse-471646\"><\/p>\n<div class=\"img-wrapper\"><img decoding=\"async\" src=\"https:\/\/static.dagospia.com\/img\/patch\/04-2026\/marina-berlusconi-antonio-tajani-fulvio-martusciello-2255164_600_q50.webp\" alt=\"marina berlusconi antonio tajani fulvio martusciello\" loading=\"lazy\"><\/div>\n<div class=\"excerpt\">DAGOREPORT &#8211; LA PRESA DI TAJANI SU FORZA ITALIA SI \u00c8 RIDOTTA DOPO IL SILURAMENTO DEI SUOI\u2026<\/div>\n<p><\/a><\/article>\n<article><a href=\"https:\/\/www.dagospia.com\/politica\/figura-terna-per-giorgia-nell-aprile-2023-meloni-si-vantava-nomina-471652\"><\/p>\n<div class=\"img-wrapper\"><img decoding=\"async\" src=\"https:\/\/static.dagospia.com\/img\/patch\/04-2026\/giuseppina-di-foggia-giorgia-meloni-arianna-claudio-descalzi-terna-eni-2255189_600_q50.webp\" alt=\"giuseppina di foggia giorgia meloni arianna claudio descalzi terna eni\" loading=\"lazy\"><\/div>\n<div class=\"excerpt\">CHE FIGURA DI TERNA PER GIORGIA!\u00a0\u2013 NELL\u2019APRILE 2023 MELONI SI VANTAVA DELLA NOMINA DI GIUSEPPINA DI\u2026<\/div>\n<p><\/a><\/article>\n<article><a href=\"https:\/\/www.dagospia.com\/business\/borsa-italiana-comandano-i-francesi-faccia-delle-regole-tutto-bene-per-471554\"><\/p>\n<div class=\"img-wrapper\"><img decoding=\"async\" src=\"https:\/\/static.dagospia.com\/img\/patch\/04-2026\/borsa-italiana-dario-scannapieco-fabrizio-testa-cdp-cassa-depositi-e-prestiti-2254922_600_q50.webp\" alt=\"borsa italiana dario scannapieco fabrizio testa cdp cassa depositi e prestiti\" loading=\"lazy\"><\/div>\n<div class=\"excerpt\">DAGOREPORT &#8211; PERCHE&#8217; ALLA BORSA ITALIANA COMANDANO I FRANCESI? \u2013 INFURIA LA BATTAGLIA SULLA\u2026<\/div>\n<p><\/a><\/article>\n<article><a href=\"https:\/\/www.dagospia.com\/politica\/sdeng-sovranismo-bancario-e-finito-nel-cestino-delle-cazzate-471333\"><\/p>\n<div class=\"img-wrapper\"><img decoding=\"async\" src=\"https:\/\/static.dagospia.com\/img\/patch\/08-2025\/procuratore-milano-viola-procura-milano-luigi-lovaglio-francesco-gaetano-caltagi-2168544_600_q50.webp\" alt=\"procuratore milano viola procura milano luigi lovaglio - francesco gaetano caltagirone - giancarlo giorgetti - milleri - alberto nagel - philippe donnet mediobanca mps giorgia meloni \" loading=\"lazy\"><\/div>\n<div class=\"excerpt\">DAGOREPORT &#8211;\u00a0SDENG! ANCHE IL \u2018\u2019SOVRANISMO BANCARIO\u2019\u2019 \u00c8 FINITO NEL CESTINO DELLE CAZZATE DELL\u2019ARMATA\u2026<\/div>\n<p><\/a><\/article>\n<article><a href=\"https:\/\/www.dagospia.com\/politica\/dagoreport-e-piu-facile-parlare-l-uomo-piu-potente-mondo-giorgia-471175\"><\/p>\n<div class=\"img-wrapper\"><img decoding=\"async\" src=\"https:\/\/static.dagospia.com\/img\/patch\/04-2026\/giorgia-meloni-trump-viviana-mazza-netanyahu-2253904_600_q50.webp\" alt=\"giorgia meloni trump viviana mazza netanyahu\" loading=\"lazy\"><\/div>\n<div class=\"excerpt\">DAGOREPORT \u2013 PERCH\u00c8 \u00c8\u00a0PI\u00d9 FACILE PARLARE CON L\u2019UOMO PI\u00d9\u00a0POTENTE (E DEMENTE) DEL MONDO CHE CON\u2026<\/div>\n<p><\/a><\/article>\n<article><a href=\"https:\/\/www.dagospia.com\/cafonal\/pardo-max-giusti-metti-sera-cena-eminenze-gricie-dell-edonismo-472056\"><\/p>\n<div class=\"img-wrapper\"><img decoding=\"async\" src=\"https:\/\/static.dagospia.com\/img\/patch\/04-2026\/ristorante-la-pisanella-2256575_600_q50.webp\" alt loading=\"lazy\"><\/div>\n<div class=\"excerpt\">DA PARDO A MAX GIUSTI: METTI UNA SERA A CENA LE \u201cEMINENZE GRICIE\u201d DELL\u2019EDONISMO ROMANELLO \u2013 AL\u2026<\/div>\n<p><\/a><\/article>\n<article><a href=\"https:\/\/www.dagospia.com\/cafonal\/ne-andavo-quella-roma-nella-capitale-in-zona-talenti-intitolato-parco-remo-472030\"><\/p>\n<div class=\"img-wrapper\"><img decoding=\"async\" src=\"https:\/\/static.dagospia.com\/img\/patch\/04-2026\/inaugurazione-del-parco-remo-remotti-massimiliano-bruno-nicola-pistoia-michela-a-2256496_600_q50.webp\" alt=\"inaugurazione del parco remo remotti - massimiliano bruno nicola pistoia michela andreozzi luisa pistoia sabina guzzanti stefano fresi tommaso zanello piotta federica remotti - 5\" loading=\"lazy\"><\/div>\n<div class=\"excerpt\">VIDEO!&#8221;ME NE ANDAVO DA QUELLA ROMA\u2026!&#8221; NELLA CAPITALE, IN ZONA TALENTI, E\u2019 STATO INTITOLATO UN PARCO\u2026<\/div>\n<p><\/a><\/article>\n<article><a href=\"https:\/\/www.dagospia.com\/cafonal\/cafonal-all-opera-mi-porti-luca-guadagnino-maggio-fiorentino-the-death-471907\"><\/p>\n<div class=\"img-wrapper\"><img decoding=\"async\" src=\"https:\/\/static.dagospia.com\/img\/patch\/04-2026\/guadagnino-2256066_600_q50.webp\" alt=\"guadagnino\" loading=\"lazy\"><\/div>\n<div class=\"excerpt\">CAFONAL ALL\u2019OPERA &#8211; MI PORTI UN LUCA GUADAGNINO A FIRENZE \u2013 IL REGISTA PORTA IN SCENA AL MAGGIO\u2026<\/div>\n<p><\/a><\/article>\n<article><a href=\"https:\/\/www.dagospia.com\/cafonal\/cafonal-pallitto-chanel-totti-metri-trash-figlia-pupone-diventa-471192\"><\/p>\n<div class=\"img-wrapper\"><img decoding=\"async\" src=\"https:\/\/static.dagospia.com\/img\/patch\/04-2026\/2026pallitto-2253852_600_q50.webp\" alt loading=\"lazy\"><\/div>\n<div class=\"excerpt\">CAFONAL \u2013 PALLITTO-CHANEL TOTTI: TRE METRI SOPRA IL TRASH! LA FIGLIA DEL PUPONE DIVENTA LA\u2026<\/div>\n<p><\/a><\/article>\n<article><a href=\"https:\/\/www.dagospia.com\/cafonal\/cafonalino-cinema-caravaggio-roma-l-anteprima-film-a-year-in-london-471080\"><\/p>\n<div class=\"img-wrapper\"><img decoding=\"async\" src=\"https:\/\/static.dagospia.com\/img\/patch\/04-2026\/2026fendi-2253486_600_q50.webp\" alt=\"2026fendi\" loading=\"lazy\"><\/div>\n<div class=\"excerpt\">CAFONALINO! &#8211; AL CINEMA CARAVAGGIO DI ROMA ACCORRE UNA NUTRITA RAPPRESENTANZA DELLA FAMIGLIA FENDI\u2026<\/div>\n<p><\/a><\/article>\n<article><a href=\"https:\/\/www.dagospia.com\/cafonal\/cafonalino-maxxi-serena-bortone-presenta-suo-romanzo-quel-provolone-470822\"><\/p>\n<div class=\"img-wrapper\"><img decoding=\"async\" src=\"https:\/\/static.dagospia.com\/img\/patch\/04-2026\/2026bortone-serena-bortone-2252798_600_q50.webp\" alt=\"2026bortone serena bortone\" loading=\"lazy\"><\/div>\n<div class=\"excerpt\">CAFONALINO! \u2013\u00a0AL MAXXI DI ROMA SERENA BORTONE PRESENTA IL SUO ROMANZO \u201cLE DIRIMPETTAIE\u201d, AFFIANCATA\u2026<\/div>\n<p><\/a><\/article>\n<p>[analyse_source url=&#8221;https:\/\/www.dagospia.com\/politica\/sui-migranti-l-europa-lancia-salvagente-giorgia-corte-giustizia-ue-471976&#8243;]<\/p>\n","protected":false},"excerpt":{"rendered":"<p>[analyse_image type=&#8221;featured&#8221; src=&#8221;https:\/\/static.dagospia.com\/img\/patch\/10-2024\/giorgia-meloni-migranti-albania-marina-militare-libra-2049415_600_q50.webp&#8221;] 24 apr 2026 12:00 SUI MIGRANTI L\u2019EUROPA LANCIA UN SALVAGENTE A GIORGIA \u2013 LA CORTE DI GIUSTIZIA UE HA ESPRESSO UN PARERE NON VINCOLANTE SUI CENTRI DI PERMANENZA PER I RIMPATRI APERTI DALL&#8217;ITALIA IN ALBANIA: SONO \u201cCOMPATIBILI\u201d CON LE NORME DELL\u2019UE. MA A CONDIZIONE CHE SIANO \u201cRISPETTATE TUTTE LE GARANZIE PREVISTE. I [&hellip;]<\/p>\n","protected":false},"author":1,"featured_media":0,"comment_status":"open","ping_status":"","sticky":false,"template":"","format":"standard","meta":{"footnotes":""},"categories":[87],"tags":[226,149],"class_list":["post-1901860","post","type-post","status-publish","format-standard","hentry","category-italy","tag-crawlmanager","tag-dagospia-com"],"_links":{"self":[{"href":"https:\/\/analyse.optim.biz\/index.php?rest_route=\/wp\/v2\/posts\/1901860","targetHints":{"allow":["GET"]}}],"collection":[{"href":"https:\/\/analyse.optim.biz\/index.php?rest_route=\/wp\/v2\/posts"}],"about":[{"href":"https:\/\/analyse.optim.biz\/index.php?rest_route=\/wp\/v2\/types\/post"}],"author":[{"embeddable":true,"href":"https:\/\/analyse.optim.biz\/index.php?rest_route=\/wp\/v2\/users\/1"}],"replies":[{"embeddable":true,"href":"https:\/\/analyse.optim.biz\/index.php?rest_route=%2Fwp%2Fv2%2Fcomments&post=1901860"}],"version-history":[{"count":0,"href":"https:\/\/analyse.optim.biz\/index.php?rest_route=\/wp\/v2\/posts\/1901860\/revisions"}],"wp:attachment":[{"href":"https:\/\/analyse.optim.biz\/index.php?rest_route=%2Fwp%2Fv2%2Fmedia&parent=1901860"}],"wp:term":[{"taxonomy":"category","embeddable":true,"href":"https:\/\/analyse.optim.biz\/index.php?rest_route=%2Fwp%2Fv2%2Fcategories&post=1901860"},{"taxonomy":"post_tag","embeddable":true,"href":"https:\/\/analyse.optim.biz\/index.php?rest_route=%2Fwp%2Fv2%2Ftags&post=1901860"}],"curies":[{"name":"wp","href":"https:\/\/api.w.org\/{rel}","templated":true}]}}