{"id":1901858,"date":"2026-04-24T09:51:00","date_gmt":"2026-04-24T06:51:00","guid":{"rendered":"https:\/\/analyse.optim.biz\/?p=1901858"},"modified":"2026-04-24T09:51:00","modified_gmt":"2026-04-24T06:51:00","slug":"le-pulci-di-lorenzetto-titolo-da-fanpage-picchia-un-uomo-con-una-mazza-targata-mussolini","status":"publish","type":"post","link":"https:\/\/analyse.optim.biz\/?p=1901858","title":{"rendered":"Le pulci di lorenzetto &#8211; titolo da fanpage: picchia un uomo con una mazza targata mussolini&#8230;"},"content":{"rendered":"<p>[analyse_image type=&#8221;featured&#8221; src=&#8221;https:\/\/static.dagospia.com\/img\/patch\/04-2026\/2026pulci2404-2256244_600_q50.webp&#8221;]<\/p>\n<article>\n<div class=\"img-wrapper\"><img decoding=\"async\" src=\"https:\/\/static.dagospia.com\/img\/patch\/04-2026\/2026pulci2404-2256244_600_q50.webp\" alt=\"2026pulci2404\"><time class=\"data-ora\">24 apr 2026 11:51<\/time><\/div>\n<p><span>CHE FA LORENZETTO DI NOTTE? LE PULCI AI GIORNALI &#8211;<\/span> TITOLO DA \u201cFANPAGE\u201d: \u201cPICCHIA UN UOMO CON \u2018UNA MAZZA TARGATA MUSSOLINI DOPO UNA LITE A MILANO\u2019: RICERCATO DAI CARABINIERI\u201d. <span>DOPO IL PESTAGGIO ERA STATA APPOSTA SULLA MAZZA UNA TARGHETTA CELEBRATIVA CON L\u2019EFFIGIE DEL DUCE? <\/span>NO? ALLORA BISOGNAVA SCRIVERE: \u201cDOPO UNA LITE A MILANO PICCHIA UN UOMO CON UNA MAZZA TARGATA MUSSOLINI\u201d &#8211; <span>MAURIZIO BELPIETRO: \u201cMA IL \u2018MERITO\u2019, L\u2019ADERENZA DELLE CRITICHE ALLA REALT\u00c0, A UN CERTO PUNTO NON \u00c8 PI\u00d9 \u2018STATA\u2019 IN DISCUSSIONE\u201d. IL GENDER DILAGA<\/span><\/p>\n<div class=\"share-section\">\n                Condividi  questo articolo<\/p>\n<div class=\"socials\"><a href=\"http:\/\/www.facebook.com\/sharer.php?u=http:\/\/www.dagospia.com\/media-tv\/pulci-lorenzetto-titolo-fanpage-picchia-uomo-mazza-targata-mussolini-471979\" target=\"_blank\"><img decoding=\"async\" src=\"https:\/\/static.dagospia.com\/img\/icons\/facebook.svg\" alt=\"Condividi su Facebook\"><\/a><a href=\"http:\/\/www.twitter.com\/share?url=http:\/\/www.dagospia.com\/media-tv\/pulci-lorenzetto-titolo-fanpage-picchia-uomo-mazza-targata-mussolini-471979&amp;text=LE%20PULCI%20DI%20LORENZETTO%20-%20TITOLO%20DA%20FANPAGE:%20PICCHIA%20UN%20UOMO%20CON%20UNA%20MAZZA%20TARGATA%20MUSSOLINI...\" target=\"_blank\"><img decoding=\"async\" src=\"https:\/\/static.dagospia.com\/img\/icons\/x-icon.png\" alt=\"Condividi su X\"><\/a><a href=\"\/\/www.dagospia.com\/media-tv\/pulci-lorenzetto-titolo-fanpage-picchia-uomo-mazza-targata-mussolini-471979\" target=\"_blank\"><img decoding=\"async\" src=\"https:\/\/static.dagospia.com\/img\/icons\/whatsapp.svg\" alt=\"Condividi su Whatsapp\"><\/a><a href=\"mailto:?body=http:\/\/www.dagospia.com\/media-tv\/pulci-lorenzetto-titolo-fanpage-picchia-uomo-mazza-targata-mussolini-471979\" target=\"_blank\"><img decoding=\"async\" src=\"https:\/\/static.dagospia.com\/img\/icons\/mail.svg\" alt=\"Invia in email\"><\/a><\/div>\n<\/div>\n<div class=\"content\">\n<p class=\"disable\"><strong>Dalla rubrica <a href=\"https:\/\/www.ilfoglio.it\/rubriche\/pulci-di-notte\/\" target=\"_blank\">\u201cPulci di notte\u201d<\/a> di Stefano Lorenzetto, pubblicata da <a href=\"http:\/\/www.ilfoglio.it\" target=\"_blank\">&#8220;Il Foglio&#8221;<\/a> \u2013 Estratto<\/strong><\/p>\n<p class=\"disable\">\u00a0<\/p>\n<p><a href=\"https:\/\/www.dagospia.com\/media-gallery\/dago-fotogallery-508407\/2256233\" class=\"float-left img-wrapper\"><img decoding=\"async\" id=\"2256233\" loading=\"lazy\" src=\"https:\/\/static.dagospia.com\/img\/foto\/04-2026\/filippo-facci-2256233_800_q50.webp\"><span class=\"img-title\">filippo facci<\/span><\/a><\/p>\n<p class=\"disable\">\u2022 <b>Figli.<\/b> In un corsivo sul <i>Corriere della Sera<\/i>, dedicato all\u2019\u00abassunzione nella burocrazia comunitaria\u00bb di 1.490 \u00abamministratori di primo livello\u00bb, Danilo Taino elenca, fra i benefit concessi ai dipendenti dell\u2019Ue, \u00abespatrio, <i>figli<\/i>, affitto\u00bb.<\/p>\n<p class=\"disable\">\u00a0<\/p>\n<p class=\"disable\">Supponiamo che per \u00abfigli\u00bb l\u2019editorialista intendesse, con sintesi maldestra, gli assegni familiari, giacch\u00e9 ci risulta difficile immaginare una cicogna con livrea europea nell\u2019atto di depositare uno o pi\u00f9 pargoli sull\u2019uscio di casa dei neoassunti. [13 marzo 2026]<\/p>\n<p class=\"disable\">\u00a0<\/p>\n<p><a href=\"https:\/\/www.dagospia.com\/media-gallery\/dago-fotogallery-508407\/2256234\" class=\"float-right img-wrapper\"><img decoding=\"async\" id=\"2256234\" loading=\"lazy\" src=\"https:\/\/static.dagospia.com\/img\/foto\/04-2026\/luca-serianni-2256234_800_q50.webp\"><span class=\"img-title\">luca serianni<\/span><\/a><\/p>\n<p class=\"disable\">\u2022 <b>Avvocato.<\/b> Filippo Facci sul <i>Giornale<\/i> fa riferimento a \u00ab<i>un\u2019avvocato<\/i> No Tav (donna)\u00bb. Come sar\u00e0 fatto \u00abun\u2019avvocato\u00bb donna? Un avvocato (uomo) va senza apostrofo. Per un avvocato donna faceva prima a scrivere \u00abun\u2019avvocata\u00bb, evitando la pleonastica specificazione fra parentesi e anche l\u2019errore di ortografia. [20 aprile 2026]<\/p>\n<p class=\"disable\">\u00a0<\/p>\n<p class=\"disable\">\u2022 <b>Morte.<\/b> Sommario da <i>Avvenire<\/i> per un\u2019anticipazione del volume <i>Con cuore di mamma<\/i> (Libreria editrice vaticana), dedicato a papa Francesco, aperto da uno scritto del cardinale Matteo Maria Zuppi: \u00abNella prefazione del libro della Lev che raccoglie <i>gli interventi del Pontefice argentino davanti alla Conferenza episcopale del nostro Paese a un anno dalla morte<\/i>, il cardinale ricorda la rotta indicata durante il suo pontificato\u00bb.<\/p>\n<p class=\"disable\">\u00a0<\/p>\n<p><a href=\"https:\/\/www.dagospia.com\/media-gallery\/dago-fotogallery-508407\/2256237\" class=\"float-left img-wrapper\"><img decoding=\"async\" id=\"2256237\" loading=\"lazy\" src=\"https:\/\/static.dagospia.com\/img\/foto\/04-2026\/fanpage-mazza-targata-mussolini-2256237_800_q50.webp\"><span class=\"img-title\">fanpage mazza targata mussolini<\/span><\/a><\/p>\n<p class=\"disable\">Prendiamo atto che, a un anno dalla morte, Jorge Mario Bergoglio parla ancora all\u2019assemblea della Cei. (Versione corretta: \u00abNella prefazione del libro della Lev che, a un anno dalla morte, raccoglie gli interventi del Pontefice argentino davanti alla Conferenza episcopale del nostro Paese\u00bb). [19 aprile 2026]<\/p>\n<p class=\"disable\">\u00a0<\/p>\n<p class=\"disable\">\u2022 <b>Mazza.<\/b> Titolo da <i>Fanpage<\/i>: \u00abPicchia un uomo con <i>una mazza targata Mussolini dopo una lite a Milano<\/i>: ricercato dai carabinieri\u00bb. Dopo il pestaggio era stata apposta sulla mazza una targhetta celebrativa con l\u2019effigie del Duce? No? Allora bisognava scrivere: \u00abDopo una lite a Milano picchia un uomo con una mazza targata Mussolini\u00bb. [14 marzo 2026]<\/p>\n<p><a href=\"https:\/\/www.dagospia.com\/media-gallery\/dago-fotogallery-508407\/2256241\" class=\"float-right img-wrapper\"><img decoding=\"async\" id=\"2256241\" loading=\"lazy\" src=\"https:\/\/static.dagospia.com\/img\/foto\/04-2026\/giovanni-maria-vian-2256241_800_q50.webp\"><span class=\"img-title\">giovanni maria vian<\/span><\/a><\/p>\n<p class=\"disable\">\u00a0<\/p>\n<p class=\"disable\">\u2022 <b>Spiegarsi.<\/b> Dall\u2019editoriale di prima pagina del direttore della <i>Verit\u00e0<\/i>, Maurizio Belpietro: \u00abE allora dobbiamo prepararci a stringere di pi\u00f9 la cinghia, perch\u00e9 i tempi che <i>si ci prospettano<\/i> sono ancora pi\u00f9 difficili. Mi spiego\u00bb.<\/p>\n<p class=\"disable\">\u00a0<\/p>\n<p class=\"disable\">Mica tanto. Proseguiamo: \u00abLo stop al transito delle petroliere ma anche delle <i>navi cisterne<\/i> che trasportano gas\u00bb. <i>Cisterna<\/i> \u00e8 un sostantivo in funzione appositiva, non un aggettivo: resta invariabile. Il plurale si forma solo su <i>nave<\/i>.<\/p>\n<p class=\"disable\">\u00a0<\/p>\n<p><a href=\"https:\/\/www.dagospia.com\/media-gallery\/dago-fotogallery-508407\/2256232\" class=\"float-left img-wrapper\"><img decoding=\"async\" id=\"2256232\" loading=\"lazy\" src=\"https:\/\/static.dagospia.com\/img\/foto\/04-2026\/la-stampa-vuoto-immenso-2256232_800_q50.webp\"><span class=\"img-title\">la stampa vuoto immenso<\/span><\/a><\/p>\n<p class=\"disable\">Quindi: \u00abnavi cisterna\u00bb. Lo conferma Luca Serianni in <i>Grammatica italiana<\/i> (Utet): \u00abIn composti come <i>busta paga<\/i>, <i>uccello mosca<\/i>, <i>radio pirata<\/i>, <i>caff\u00e8 concerto<\/i>, in cui i due nomi mantengono una loro autonomia (espressa graficamente dalla mancata univerbazione), si modifica di norma solo il primo elemento: <i>busta paga<\/i>&#8211;<i>buste paga<\/i>\u00bb. Infine, Belpietro osserva che l\u2019Italia e l\u2019Europa rischiano \u00abdi pagare <i>caro<\/i> la crisi generata dal conflitto innescato dai bombardamenti americani e israeliani\u00bb.<\/p>\n<p class=\"disable\">\u00a0<\/p>\n<p class=\"disable\">Avrebbe dovuto scrivere \u00abpagare cara\u00bb, in quanto l\u2019aggettivo <i>caro<\/i> \u00e8 usato in funzione predicativa e concorda con il complemento oggetto (\u00abla crisi\u00bb), che \u00e8 femminile singolare. [17 marzo 2026]<\/p>\n<p class=\"disable\">\u00a0<\/p>\n<p class=\"disable\">\u2022 <b>Attacco.<\/b> In un articolo molto documentato su <i>Domani<\/i>, intitolato \u00abI pontefici visti dagli Stati Uniti \/ Storia di una relazione complicata\u00bb, che ricorda per esempio come i rapporti diplomatici fra Santa Sede e Stati Uniti risalgano solo al 1984, Giovanni Maria Vian, direttore emerito dell\u2019<i>Osservatore Romano<\/i>, scrive, a proposito di papa Prevost: \u00abLeone, ai giornalisti che lo interrogavano sull\u2019<i>attacco di Trump nel volo verso l\u2019Algeria<\/i>, ha detto di non avere intenzione di entrare in un dibattito con lui\u00bb.<\/p>\n<p class=\"disable\">\u00a0<\/p>\n<p><a href=\"https:\/\/www.dagospia.com\/media-gallery\/dago-fotogallery-508407\/2256236\" class=\"float-right img-wrapper\"><img decoding=\"async\" id=\"2256236\" loading=\"lazy\" src=\"https:\/\/static.dagospia.com\/img\/foto\/04-2026\/danilo-taino-2256236_800_q50.webp\"><span class=\"img-title\">danilo taino<\/span><\/a><\/p>\n<p class=\"disable\">Quindi ci sarebbe stato un attacco compiuto da Trump nel volo del Papa verso l\u2019Algeria? No? Allora bisognava scrivere: \u00abAi giornalisti che nel volo verso l\u2019Algeria lo interrogavano sull\u2019attacco di Trump\u00bb. [19 aprile 2026]<\/p>\n<p class=\"disable\">\u00a0<\/p>\n<p class=\"disable\">\u2022 <b>Non.<\/b> La tentazione \u00e8 di rinunciare alla battaglia contro quella maledetta <i>n<\/i> che guasta l\u2019avverbio negativo olofrastico (cos\u00ec chiamato perch\u00e9 da solo costituisce un\u2019intera frase), il quale \u2013 Aldo Gabrielli docet \u2013 \u00e8 soltanto <i>no<\/i>.<\/p>\n<p class=\"disable\">\u00a0<\/p>\n<p class=\"disable\">In un editoriale pubblicato dalla <i>Stampa<\/i>, Alessandro De Angelis si esercita sulle dimissioni da ministro che Giorgia Meloni ha ottenuto da Daniela Santanch\u00e8, maldigerite dalla diretta interessata: \u00abIn fondo, Daniela Santanch\u00e8 non ha nemmeno tutti i torti, dal suo punto di vista, perch\u00e9 tutto questo repulisti post voto disvela solo la logica tribale del comando.<\/p>\n<p class=\"disable\">\u00a0<\/p>\n<p><a href=\"https:\/\/www.dagospia.com\/media-gallery\/dago-fotogallery-508407\/2256235\" class=\"float-right img-wrapper\"><img decoding=\"async\" id=\"2256235\" loading=\"lazy\" src=\"https:\/\/static.dagospia.com\/img\/foto\/04-2026\/uomini-e-no-di-elio-vittorini-2256235_800_q50.webp\"><span class=\"img-title\">uomini e no di elio vittorini<\/span><\/a><\/p>\n<p class=\"disable\">Non c\u2019\u00e8, nel suo caso, un fatto nuovo giudiziario <i>e non<\/i>, rispetto a un mese o una settimana fa, a giustificare questa drammatizzazione\u00bb. Possibile che neanche De Angelis abbia letto <i>Uomini e no<\/i> di Elio Vittorini? Possibilissimo. E dire che gli italiani hanno scelto il No al referendum. O era un refuso? [26 marzo 2026]<\/p>\n<p class=\"disable\">\u00a0<\/p>\n<p class=\"disable\">\u2022 <b>Cuore.<\/b> \u00abTony Harrison: \u201cI pentametri giambici somigliano <i>ai pieni e ai vuoti<\/i> del battito cardiaco\u201d\u00bb, si legge in un titolo sul sito del <i>Manifesto<\/i>. Frase scientificamente sbagliata. I cosiddetti \u00abpieni\u00bb e \u00abvuoti\u00bb non sono propriet\u00e0 del battito in s\u00e9, bens\u00ec del cuore: riguardano lo stato di riempimento delle cavit\u00e0 cardiache (atri e ventricoli), che si riempiono e si svuotano come conseguenza del ciclo di sistole e diastole. [18 marzo 2026]<\/p>\n<p class=\"disable\">\u00a0<\/p>\n<p class=\"disable\">\u2022 <b>Canaglione.<\/b> \u00abLa faccia di Aaron Judge, fenomeno dei New York Yankees che guadagna 40 milioni l\u2019anno, finisce cos\u00ec sui giornali e in tv, rimbalza sui social media: Judge vestito di bianco rosso e blu che guarda allibito il fuori campo del rookie \u2013 debuttante \u2013 Jac Caglianone dei Kansas City Royals, 23 anni ma pare un liceale, che porta avanti l\u2019Italia\u00bb. Cos\u00ec Matteo Persivale sul <i>Corriere della Sera<\/i>. Pi\u00f9 avanti, il giornalista parla anche di Sam Antonacci, \u00ab23enne dei Chicago White Sox (che, con qualche brufoletto sulla faccia pulita, pare ancora pi\u00f9 giovane di <i>Canaglione<\/i>)\u00bb. Nostalgia canaglia. (Quel \u00ab23enne\u00bb non si pu\u00f2 vedere). [12 marzo 2026]<\/p>\n<p class=\"disable\">\u00a0<\/p>\n<p><a href=\"https:\/\/www.dagospia.com\/media-gallery\/dago-fotogallery-508407\/2256239\" class=\"float-left img-wrapper\"><img decoding=\"async\" id=\"2256239\" loading=\"lazy\" src=\"https:\/\/static.dagospia.com\/img\/foto\/04-2026\/alessandro-de-angelis-2256239_800_q50.webp\"><span class=\"img-title\">alessandro de angelis<\/span><\/a><\/p>\n<p class=\"disable\">\u2022 <b>Vuoto.<\/b> Dal sito della <i>Stampa<\/i>: \u00abL\u2019amica di Cristina, morta col parapendio a Tenerife: \u201c<i>Vuoto<\/i> immenso, di lei mi manca tutto\u201d\u00bb. Occorre una bella testa (vuota) per concepire in circostanze simili un titolo che richiama il vuoto d\u2019aria. [11 marzo 2026]<\/p>\n<p class=\"disable\">\u00a0<\/p>\n<p class=\"disable\">\u2022 <b>Merito.<\/b> Dall\u2019editoriale di Maurizio Belpietro, direttore della <i>Verit\u00e0<\/i>: \u00abMa il <i>merito<\/i>, l\u2019aderenza delle critiche alla realt\u00e0, a un certo punto non \u00e8 pi\u00f9 <i>stata<\/i> in discussione\u00bb. Il gender dilaga. [24 marzo 2026]<\/p>\n<p><a href=\"https:\/\/www.dagospia.com\/media-gallery\/dago-fotogallery-508407\/2256238\" class=\"float-right img-wrapper\"><img decoding=\"async\" id=\"2256238\" loading=\"lazy\" src=\"https:\/\/static.dagospia.com\/img\/foto\/04-2026\/avvenire-gli-interventi-di-francesco-a-un-anno-dalla-morte-2256238_800_q50.webp\"><span class=\"img-title\">avvenire gli interventi di francesco a un anno dalla morte<\/span><\/a><a href=\"https:\/\/www.dagospia.com\/media-gallery\/dago-fotogallery-508407\/2256240\" class=\"float-right img-wrapper\"><img decoding=\"async\" id=\"2256240\" loading=\"lazy\" src=\"https:\/\/static.dagospia.com\/img\/foto\/04-2026\/maurizio-belpietro-2256240_800_q50.webp\"><span class=\"img-title\">maurizio belpietro<\/span><\/a><\/p>\n<\/div>\n<div class=\"share-section\">\n                Condividi  questo articolo<\/p>\n<div class=\"socials\"><a href=\"https:\/\/www.dagospia.com\/media-tv\/pulci-lorenzetto-titolo-fanpage-picchia-uomo-mazza-targata-mussolini-471979\"><img decoding=\"async\" src=\"https:\/\/static.dagospia.com\/img\/icons\/facebook.svg\" alt=\"Condividi su Facebook\"><\/a><a href=\"https:\/\/www.dagospia.com\/media-tv\/pulci-lorenzetto-titolo-fanpage-picchia-uomo-mazza-targata-mussolini-471979\"><img decoding=\"async\" src=\"https:\/\/static.dagospia.com\/img\/icons\/x-icon.png\" alt=\"Condividi su X\"><\/a><a href=\"https:\/\/www.dagospia.com\/media-tv\/pulci-lorenzetto-titolo-fanpage-picchia-uomo-mazza-targata-mussolini-471979\"><img decoding=\"async\" src=\"https:\/\/static.dagospia.com\/img\/icons\/whatsapp.svg\" alt=\"Condividi su Whatsapp\"><\/a><a href=\"https:\/\/www.dagospia.com\/media-tv\/pulci-lorenzetto-titolo-fanpage-picchia-uomo-mazza-targata-mussolini-471979\"><img decoding=\"async\" src=\"https:\/\/static.dagospia.com\/img\/icons\/mail.svg\" alt=\"Invia in email\"><\/a><\/div>\n<\/div>\n<\/article>\n<div class=\"content\">\n<p class=\"disable\"><strong>Dalla rubrica <a href=\"https:\/\/www.ilfoglio.it\/rubriche\/pulci-di-notte\/\" target=\"_blank\">\u201cPulci di notte\u201d<\/a> di Stefano Lorenzetto, pubblicata da <a href=\"http:\/\/www.ilfoglio.it\" target=\"_blank\">&#8220;Il Foglio&#8221;<\/a> \u2013 Estratto<\/strong><\/p>\n<p class=\"disable\">\u00a0<\/p>\n<p><a href=\"https:\/\/www.dagospia.com\/media-gallery\/dago-fotogallery-508407\/2256233\" class=\"float-left img-wrapper\"><img decoding=\"async\" id=\"2256233\" loading=\"lazy\" src=\"https:\/\/static.dagospia.com\/img\/foto\/04-2026\/filippo-facci-2256233_800_q50.webp\"><span class=\"img-title\">filippo facci<\/span><\/a><\/p>\n<p class=\"disable\">\u2022 <b>Figli.<\/b> In un corsivo sul <i>Corriere della Sera<\/i>, dedicato all\u2019\u00abassunzione nella burocrazia comunitaria\u00bb di 1.490 \u00abamministratori di primo livello\u00bb, Danilo Taino elenca, fra i benefit concessi ai dipendenti dell\u2019Ue, \u00abespatrio, <i>figli<\/i>, affitto\u00bb.<\/p>\n<p class=\"disable\">\u00a0<\/p>\n<p class=\"disable\">Supponiamo che per \u00abfigli\u00bb l\u2019editorialista intendesse, con sintesi maldestra, gli assegni familiari, giacch\u00e9 ci risulta difficile immaginare una cicogna con livrea europea nell\u2019atto di depositare uno o pi\u00f9 pargoli sull\u2019uscio di casa dei neoassunti. [13 marzo 2026]<\/p>\n<p class=\"disable\">\u00a0<\/p>\n<p><a href=\"https:\/\/www.dagospia.com\/media-gallery\/dago-fotogallery-508407\/2256234\" class=\"float-right img-wrapper\"><img decoding=\"async\" id=\"2256234\" loading=\"lazy\" src=\"https:\/\/static.dagospia.com\/img\/foto\/04-2026\/luca-serianni-2256234_800_q50.webp\"><span class=\"img-title\">luca serianni<\/span><\/a><\/p>\n<p class=\"disable\">\u2022 <b>Avvocato.<\/b> Filippo Facci sul <i>Giornale<\/i> fa riferimento a \u00ab<i>un\u2019avvocato<\/i> No Tav (donna)\u00bb. Come sar\u00e0 fatto \u00abun\u2019avvocato\u00bb donna? Un avvocato (uomo) va senza apostrofo. Per un avvocato donna faceva prima a scrivere \u00abun\u2019avvocata\u00bb, evitando la pleonastica specificazione fra parentesi e anche l\u2019errore di ortografia. [20 aprile 2026]<\/p>\n<p class=\"disable\">\u00a0<\/p>\n<p class=\"disable\">\u2022 <b>Morte.<\/b> Sommario da <i>Avvenire<\/i> per un\u2019anticipazione del volume <i>Con cuore di mamma<\/i> (Libreria editrice vaticana), dedicato a papa Francesco, aperto da uno scritto del cardinale Matteo Maria Zuppi: \u00abNella prefazione del libro della Lev che raccoglie <i>gli interventi del Pontefice argentino davanti alla Conferenza episcopale del nostro Paese a un anno dalla morte<\/i>, il cardinale ricorda la rotta indicata durante il suo pontificato\u00bb.<\/p>\n<p class=\"disable\">\u00a0<\/p>\n<p><a href=\"https:\/\/www.dagospia.com\/media-gallery\/dago-fotogallery-508407\/2256237\" class=\"float-left img-wrapper\"><img decoding=\"async\" id=\"2256237\" loading=\"lazy\" src=\"https:\/\/static.dagospia.com\/img\/foto\/04-2026\/fanpage-mazza-targata-mussolini-2256237_800_q50.webp\"><span class=\"img-title\">fanpage mazza targata mussolini<\/span><\/a><\/p>\n<p class=\"disable\">Prendiamo atto che, a un anno dalla morte, Jorge Mario Bergoglio parla ancora all\u2019assemblea della Cei. (Versione corretta: \u00abNella prefazione del libro della Lev che, a un anno dalla morte, raccoglie gli interventi del Pontefice argentino davanti alla Conferenza episcopale del nostro Paese\u00bb). [19 aprile 2026]<\/p>\n<p class=\"disable\">\u00a0<\/p>\n<p class=\"disable\">\u2022 <b>Mazza.<\/b> Titolo da <i>Fanpage<\/i>: \u00abPicchia un uomo con <i>una mazza targata Mussolini dopo una lite a Milano<\/i>: ricercato dai carabinieri\u00bb. Dopo il pestaggio era stata apposta sulla mazza una targhetta celebrativa con l\u2019effigie del Duce? No? Allora bisognava scrivere: \u00abDopo una lite a Milano picchia un uomo con una mazza targata Mussolini\u00bb. [14 marzo 2026]<\/p>\n<p><a href=\"https:\/\/www.dagospia.com\/media-gallery\/dago-fotogallery-508407\/2256241\" class=\"float-right img-wrapper\"><img decoding=\"async\" id=\"2256241\" loading=\"lazy\" src=\"https:\/\/static.dagospia.com\/img\/foto\/04-2026\/giovanni-maria-vian-2256241_800_q50.webp\"><span class=\"img-title\">giovanni maria vian<\/span><\/a><\/p>\n<p class=\"disable\">\u00a0<\/p>\n<p class=\"disable\">\u2022 <b>Spiegarsi.<\/b> Dall\u2019editoriale di prima pagina del direttore della <i>Verit\u00e0<\/i>, Maurizio Belpietro: \u00abE allora dobbiamo prepararci a stringere di pi\u00f9 la cinghia, perch\u00e9 i tempi che <i>si ci prospettano<\/i> sono ancora pi\u00f9 difficili. Mi spiego\u00bb.<\/p>\n<p class=\"disable\">\u00a0<\/p>\n<p class=\"disable\">Mica tanto. Proseguiamo: \u00abLo stop al transito delle petroliere ma anche delle <i>navi cisterne<\/i> che trasportano gas\u00bb. <i>Cisterna<\/i> \u00e8 un sostantivo in funzione appositiva, non un aggettivo: resta invariabile. Il plurale si forma solo su <i>nave<\/i>.<\/p>\n<p class=\"disable\">\u00a0<\/p>\n<p><a href=\"https:\/\/www.dagospia.com\/media-gallery\/dago-fotogallery-508407\/2256232\" class=\"float-left img-wrapper\"><img decoding=\"async\" id=\"2256232\" loading=\"lazy\" src=\"https:\/\/static.dagospia.com\/img\/foto\/04-2026\/la-stampa-vuoto-immenso-2256232_800_q50.webp\"><span class=\"img-title\">la stampa vuoto immenso<\/span><\/a><\/p>\n<p class=\"disable\">Quindi: \u00abnavi cisterna\u00bb. Lo conferma Luca Serianni in <i>Grammatica italiana<\/i> (Utet): \u00abIn composti come <i>busta paga<\/i>, <i>uccello mosca<\/i>, <i>radio pirata<\/i>, <i>caff\u00e8 concerto<\/i>, in cui i due nomi mantengono una loro autonomia (espressa graficamente dalla mancata univerbazione), si modifica di norma solo il primo elemento: <i>busta paga<\/i>&#8211;<i>buste paga<\/i>\u00bb. Infine, Belpietro osserva che l\u2019Italia e l\u2019Europa rischiano \u00abdi pagare <i>caro<\/i> la crisi generata dal conflitto innescato dai bombardamenti americani e israeliani\u00bb.<\/p>\n<p class=\"disable\">\u00a0<\/p>\n<p class=\"disable\">Avrebbe dovuto scrivere \u00abpagare cara\u00bb, in quanto l\u2019aggettivo <i>caro<\/i> \u00e8 usato in funzione predicativa e concorda con il complemento oggetto (\u00abla crisi\u00bb), che \u00e8 femminile singolare. [17 marzo 2026]<\/p>\n<p class=\"disable\">\u00a0<\/p>\n<p class=\"disable\">\u2022 <b>Attacco.<\/b> In un articolo molto documentato su <i>Domani<\/i>, intitolato \u00abI pontefici visti dagli Stati Uniti \/ Storia di una relazione complicata\u00bb, che ricorda per esempio come i rapporti diplomatici fra Santa Sede e Stati Uniti risalgano solo al 1984, Giovanni Maria Vian, direttore emerito dell\u2019<i>Osservatore Romano<\/i>, scrive, a proposito di papa Prevost: \u00abLeone, ai giornalisti che lo interrogavano sull\u2019<i>attacco di Trump nel volo verso l\u2019Algeria<\/i>, ha detto di non avere intenzione di entrare in un dibattito con lui\u00bb.<\/p>\n<p class=\"disable\">\u00a0<\/p>\n<p><a href=\"https:\/\/www.dagospia.com\/media-gallery\/dago-fotogallery-508407\/2256236\" class=\"float-right img-wrapper\"><img decoding=\"async\" id=\"2256236\" loading=\"lazy\" src=\"https:\/\/static.dagospia.com\/img\/foto\/04-2026\/danilo-taino-2256236_800_q50.webp\"><span class=\"img-title\">danilo taino<\/span><\/a><\/p>\n<p class=\"disable\">Quindi ci sarebbe stato un attacco compiuto da Trump nel volo del Papa verso l\u2019Algeria? No? Allora bisognava scrivere: \u00abAi giornalisti che nel volo verso l\u2019Algeria lo interrogavano sull\u2019attacco di Trump\u00bb. [19 aprile 2026]<\/p>\n<p class=\"disable\">\u00a0<\/p>\n<p class=\"disable\">\u2022 <b>Non.<\/b> La tentazione \u00e8 di rinunciare alla battaglia contro quella maledetta <i>n<\/i> che guasta l\u2019avverbio negativo olofrastico (cos\u00ec chiamato perch\u00e9 da solo costituisce un\u2019intera frase), il quale \u2013 Aldo Gabrielli docet \u2013 \u00e8 soltanto <i>no<\/i>.<\/p>\n<p class=\"disable\">\u00a0<\/p>\n<p class=\"disable\">In un editoriale pubblicato dalla <i>Stampa<\/i>, Alessandro De Angelis si esercita sulle dimissioni da ministro che Giorgia Meloni ha ottenuto da Daniela Santanch\u00e8, maldigerite dalla diretta interessata: \u00abIn fondo, Daniela Santanch\u00e8 non ha nemmeno tutti i torti, dal suo punto di vista, perch\u00e9 tutto questo repulisti post voto disvela solo la logica tribale del comando.<\/p>\n<p class=\"disable\">\u00a0<\/p>\n<p><a href=\"https:\/\/www.dagospia.com\/media-gallery\/dago-fotogallery-508407\/2256235\" class=\"float-right img-wrapper\"><img decoding=\"async\" id=\"2256235\" loading=\"lazy\" src=\"https:\/\/static.dagospia.com\/img\/foto\/04-2026\/uomini-e-no-di-elio-vittorini-2256235_800_q50.webp\"><span class=\"img-title\">uomini e no di elio vittorini<\/span><\/a><\/p>\n<p class=\"disable\">Non c\u2019\u00e8, nel suo caso, un fatto nuovo giudiziario <i>e non<\/i>, rispetto a un mese o una settimana fa, a giustificare questa drammatizzazione\u00bb. Possibile che neanche De Angelis abbia letto <i>Uomini e no<\/i> di Elio Vittorini? Possibilissimo. E dire che gli italiani hanno scelto il No al referendum. O era un refuso? [26 marzo 2026]<\/p>\n<p class=\"disable\">\u00a0<\/p>\n<p class=\"disable\">\u2022 <b>Cuore.<\/b> \u00abTony Harrison: \u201cI pentametri giambici somigliano <i>ai pieni e ai vuoti<\/i> del battito cardiaco\u201d\u00bb, si legge in un titolo sul sito del <i>Manifesto<\/i>. Frase scientificamente sbagliata. I cosiddetti \u00abpieni\u00bb e \u00abvuoti\u00bb non sono propriet\u00e0 del battito in s\u00e9, bens\u00ec del cuore: riguardano lo stato di riempimento delle cavit\u00e0 cardiache (atri e ventricoli), che si riempiono e si svuotano come conseguenza del ciclo di sistole e diastole. [18 marzo 2026]<\/p>\n<p class=\"disable\">\u00a0<\/p>\n<p class=\"disable\">\u2022 <b>Canaglione.<\/b> \u00abLa faccia di Aaron Judge, fenomeno dei New York Yankees che guadagna 40 milioni l\u2019anno, finisce cos\u00ec sui giornali e in tv, rimbalza sui social media: Judge vestito di bianco rosso e blu che guarda allibito il fuori campo del rookie \u2013 debuttante \u2013 Jac Caglianone dei Kansas City Royals, 23 anni ma pare un liceale, che porta avanti l\u2019Italia\u00bb. Cos\u00ec Matteo Persivale sul <i>Corriere della Sera<\/i>. Pi\u00f9 avanti, il giornalista parla anche di Sam Antonacci, \u00ab23enne dei Chicago White Sox (che, con qualche brufoletto sulla faccia pulita, pare ancora pi\u00f9 giovane di <i>Canaglione<\/i>)\u00bb. Nostalgia canaglia. (Quel \u00ab23enne\u00bb non si pu\u00f2 vedere). [12 marzo 2026]<\/p>\n<p class=\"disable\">\u00a0<\/p>\n<p><a href=\"https:\/\/www.dagospia.com\/media-gallery\/dago-fotogallery-508407\/2256239\" class=\"float-left img-wrapper\"><img decoding=\"async\" id=\"2256239\" loading=\"lazy\" src=\"https:\/\/static.dagospia.com\/img\/foto\/04-2026\/alessandro-de-angelis-2256239_800_q50.webp\"><span class=\"img-title\">alessandro de angelis<\/span><\/a><\/p>\n<p class=\"disable\">\u2022 <b>Vuoto.<\/b> Dal sito della <i>Stampa<\/i>: \u00abL\u2019amica di Cristina, morta col parapendio a Tenerife: \u201c<i>Vuoto<\/i> immenso, di lei mi manca tutto\u201d\u00bb. Occorre una bella testa (vuota) per concepire in circostanze simili un titolo che richiama il vuoto d\u2019aria. [11 marzo 2026]<\/p>\n<p class=\"disable\">\u00a0<\/p>\n<p class=\"disable\">\u2022 <b>Merito.<\/b> Dall\u2019editoriale di Maurizio Belpietro, direttore della <i>Verit\u00e0<\/i>: \u00abMa il <i>merito<\/i>, l\u2019aderenza delle critiche alla realt\u00e0, a un certo punto non \u00e8 pi\u00f9 <i>stata<\/i> in discussione\u00bb. Il gender dilaga. [24 marzo 2026]<\/p>\n<p><a href=\"https:\/\/www.dagospia.com\/media-gallery\/dago-fotogallery-508407\/2256238\" class=\"float-right img-wrapper\"><img decoding=\"async\" id=\"2256238\" loading=\"lazy\" src=\"https:\/\/static.dagospia.com\/img\/foto\/04-2026\/avvenire-gli-interventi-di-francesco-a-un-anno-dalla-morte-2256238_800_q50.webp\"><span class=\"img-title\">avvenire gli interventi di francesco a un anno dalla morte<\/span><\/a><a href=\"https:\/\/www.dagospia.com\/media-gallery\/dago-fotogallery-508407\/2256240\" class=\"float-right img-wrapper\"><img decoding=\"async\" id=\"2256240\" loading=\"lazy\" src=\"https:\/\/static.dagospia.com\/img\/foto\/04-2026\/maurizio-belpietro-2256240_800_q50.webp\"><span class=\"img-title\">maurizio belpietro<\/span><\/a><\/p>\n<\/div>\n<article><a href=\"https:\/\/www.dagospia.com\/politica\/dagoreport-la-storia-mai-raccontata-dell-irresistibile-ascesa-rovinosa-471816\"><\/p>\n<div class=\"img-wrapper\"><img decoding=\"async\" src=\"https:\/\/static.dagospia.com\/img\/patch\/04-2026\/luigi-ciro-de-lisi-matteo-salvini-giorgia-meloni-giuseppe-del-deo-mario-parente--2256581_600_q50.webp\" alt=\"luigi ciro de lisi matteo salvini giorgia meloni giuseppe del deo mario parente gaetano caputi  alfredo mantovano\" loading=\"lazy\"><time class=\"data-ora\">24 apr 20:05<\/time><\/div>\n<div class=\"excerpt\">\n<p>DAGOREPORT &#8211; <span>LA STORIA MAI RACCONTATA DELL&#8217;IRRESISTIBILE ASCESA E ROVINOSA CADUTA DI GIUSEPPE DEL DEO, &#8221;&#8217;L&#8217;UOMO CHE SA TROPPO&#8221;<\/span>\u00a0&#8211; IL FATALE INCONTRO CON LUIGI CIRO DE LISI, CAPO DEL &#8221;REPARTO DELL\u2019ANALISI FINANZIARIA&#8221; DELL\u2019AISI, POI PROTAGONISTA DELLE PRESUNTE ATTIVIT\u00c0 ILLEGALI DELLA SQUADRA FIORE, CHE PERMETTE AL SUO SUCCESSORE DEL DEO DI ENTRARE IN CONTATTO CON TUTTI I CAPATAZ DEI POTERI ECONOMICI \u2013\u00a0<span>L\u2019ABBANDONO DEL SALVINI IN CADUTA LIBERA E IL PASSAGGIO ALLA EMERGENTE MELONI (IL RUOLO DI CHIOCCI)\u00a0<\/span>&#8211; LE &#8220;AFFINIT\u00c0 POLITICHE&#8221; TRA L&#8217;UNDERDOG DELLA FRONTE DELLA GIOVENT\u00d9 E L&#8217;UOMO DELL&#8217;AISI CHE NON A CASO CHIAMER\u00c0 LA SUA CRICCA &#8220;I NERI&#8221;, FINISCONO CON IL CASO DEI DUE AGENTI AISI TRAFFICANTI INTORNO ALL\u2019AUTO DI GIAMBRUNO (DIVERSO IL CASO DI CAPUTI INTERCETTATO) \u2013 IL &#8220;FUOCO AMICO&#8221; DELL&#8217;ALTRO VICE DELL\u2019AISI, CARLO DI DONNO \u2013<span>\u00a0LO SCANDALOSO E MAI VISTO BABY-PENSIONAMENTO A 51 ANNI DI DEL DEO E IL VIA LIBERA DI ANDARE SUBITO A LAVORARE NEL PRIVATO, DERIVA DAL TIMORE CHE POSSA RICATTARE QUALCUNO ANCHE DENTRO PALAZZO CHIGI?<\/span>\u00a0AH, SAPERLO&#8230;<\/p>\n<\/div>\n<p><\/a><\/article>\n<article><a href=\"https:\/\/www.dagospia.com\/politica\/brera-volta-pinacoteca-milanese-e-diventata-discount-471997\"><\/p>\n<div class=\"img-wrapper\"><img decoding=\"async\" src=\"https:\/\/static.dagospia.com\/img\/patch\/04-2026\/giancarla-rondinelli-brera-2256327_600_q50.webp\" alt=\"giancarla rondinelli brera \" loading=\"lazy\"><time class=\"data-ora\">24 apr 16:00<\/time><\/div>\n<div class=\"excerpt\">\n<p>BRERA UNA VOLTA &#8211; <span>LA PINACOTECA MILANESE\u00a0\u00c8 DIVENTATA UN DISCOUNT DELL\u2019INTRATTENIMENTO: LA BIBLIOTECA BRAIDENSE OSPITER\u00c0\u00a0IL 4 MAGGIO LA PRESENTAZIONE DI UN LIBRO SU GARLASCO, \u201cL\u2019IMPRONTA\u201d, DI GIANCARLA RONDINELLI<\/span> (GIORNALISTA DEL TG1 ED EX MOGLIE DI GIUSEPPE MALARA, VICEDIRETTORE DELL\u2019APPROFONDIMENTO RAI). PER L\u2019OCCASIONE, SI PRESENTER\u00c0 NIENTEPOPODIMENO CHE IL PRESIDENTE DEL SENATO, IGNAZIO LA RUSSA \u2013 <span>UN VOLUMETTO TRUE CRIME PRESENTATO IN UNA DELLE ISTITUZIONI CULTURALI PI\u00d9\u00a0IMPORTANTI DEL PAESE<\/span>, A POCHI PASSI DALLA CENA IN EMMAUS DI CARAVAGGIO, DAL BACIO DI HAEYZ E IL CRISTO MORTO DI MANTEGNA? DOPO LE CREMINE DELL\u2019ESTETISTA CINICA E LA SESSIONE DI FITNESS DI IRENE FORTE, SEMBRA QUASI UN PASSO AVANTI (ALMENO \u00c8\u00a0UN LIBRO)<\/p>\n<\/div>\n<p><\/a><\/article>\n<article><a href=\"https:\/\/www.dagospia.com\/business\/salutame-calta-cda-mps-rifila-vaffa-all-83enne-costruttore-cesare-471949\"><\/p>\n<div class=\"img-wrapper\"><img decoding=\"async\" src=\"https:\/\/static.dagospia.com\/img\/patch\/04-2026\/monte-dei-paschi-di-siena-mps-francesco-gaetano-caltagirone-luigi-lovaglio-cesar-2256179_600_q50.webp\" alt=\"monte dei paschi di siena mps francesco gaetano caltagirone luigi lovaglio cesare bisoni gaetano caputi vittorio grilli \" loading=\"lazy\"><time class=\"data-ora\">23 apr 20:06<\/time><\/div>\n<div class=\"excerpt\">\n<p>SALUTAME A \u201cCALTA\u201d \u2013 <span>IL CDA DI MPS RIFILA UN ALTRO \u201cVAFFA\u201d ALL\u201983ENNE COSTRUTTORE: CESARE BISONI \u00c8 STATO NOMINATO COME PRESIDENTE DEL \u201cMONTE\u201d CON I SOLI VOTI DELLA LISTA DI \u201cPLT\u201d<\/span> \u2013 SI VOCIFERA CHE \u201cCALTA-RICCONE\u201d ABBIA LA DENTIERA AVVELENATA, IN PARTICOLARE, CON DUE PERSONE: IL PRESIDENTE DI MEDIOBANCA, VITTORIO GRILLI (CHE DOPO LA FUSIONE PRENDER\u00c0\u00a0IL POSTO DI BISONI) E IL CAPO DI GABINETTO DI PALAZZO CHIGI, GAETANO CAPUTI. NON \u00c8\u00a0SFUGGITO ALL\u2019OTTUAGENARIO EDITORE DEL \u201cMESSAGGERO\u201d CHE ENASARCO, LA CASSA PREVIDENZIALE DEGLI AGENTI DI COMMERCIO IN OTTIMI RAPPORTI CON CAPUTI, ABBIA VOTATO A FAVORE DI LOVAGLIO COME AD\u2026<\/p>\n<\/div>\n<p><\/a><\/article>\n<article><a href=\"https:\/\/www.dagospia.com\/politica\/ignazio-russa-legge-dagospia-non-si-trova-per-nulla-d-accordo-ci-manda-471827\"><\/p>\n<div class=\"img-wrapper\"><img decoding=\"async\" src=\"https:\/\/static.dagospia.com\/img\/patch\/12-2025\/meloni-la-russa-2209089_600_q50.webp\" alt=\"meloni la russa\" loading=\"lazy\"><time class=\"data-ora\">22 apr 20:49<\/time><\/div>\n<div class=\"excerpt\">\n<p><span>IL CO-FONDATORE DI FRATELLI D\u2019ITALIA E SECONDA CARICA DELLO STATO, IL POCO PALUDATO PRESIDENTE DEL SENATO IGNAZIO LA RUSSA, LEGGE DAGOSPIA<\/span>\u00a0E NON SI TROVA PER NULLA D\u2019ACCORDO SU QUANTO SCRIVIAMO SUL SUO RAPPORTO NON IDILLIACO (EUFEMISMO) CON GIORGIA MELONI (DALLE DIMISSIONI DELLA PITONESSA SANTANCHE\u2019 AL CANDIDATO ALLE PROSSIME COMUNALI DI MILANO, CASINI IN SICILIA COMPRESI) E CI SCRIVE UNA ZUCCHEROSA, A RISCHIO DIABETE, LETTERINA:\u00a0<span>\u2018\u2019CARO D&#8217;AGOSTINO, POSSIBILE CHE QUANDO (SPESSO) TI OCCUPI DI ME NON NE AZZECCHI UNA?<\/span>\u00a0FANTASCIENZA ALLO STATO PURO UN ANCORCH\u00c9 MINIMO DISSENSO CON GIORGIA MELONI CHE PER ME \u00c8 E RESTER\u00c0 SEMPRE, UNA SORELLA MINORE SUL PIANO AFFETTIVO E UNA LEADER INIMITABILE SUL PIANO POLITICO &#8211;\u00a0<span>SE VUOI SONO SEMPRE PRONTO A DARTI NOTIZIE CHE RIGUARDANO ME, CORRETTE E DI PRIMA MANO. MA FORSE NON TI INTERESSANO\u201d<\/span> (CIAO CORE&#8230;)<\/p>\n<\/div>\n<p><\/a><\/article>\n<article><a href=\"https:\/\/www.dagospia.com\/politica\/dagoreport-nemico-piu-ostico-per-giorgia-meloni-e-ignazio-russa-471807\"><\/p>\n<div class=\"img-wrapper\"><img decoding=\"async\" src=\"https:\/\/static.dagospia.com\/img\/patch\/04-2026\/meloni-la-russa-manlio-messina-cannella-dell-utri-2255763_600_q50.webp\" alt=\"meloni la russa manlio messina cannella dell'utri\" loading=\"lazy\"><time class=\"data-ora\">22 apr 20:01<\/time><\/div>\n<div class=\"excerpt\">\n<p>DAGOREPORT &#8211; <span>IL PROBLEMA PI\u00d9 OSTICO PER LA MELONA AZZOPPATA NON \u00c8 CONTE N\u00c9 SCHLEIN: SI CHIAMA FRATELLI D&#8217;ITALIA, A PARTIRE DA LA RUSSA<\/span>\u00a0\u2013 IL PRESIDENTE DEL SENATO BRIGA, METTE BOCCA, PRETENDE LA SCELTA DEL SINDACO DI MILANO: <span>LA PROVA SI \u00c8 AVUTA OGGI CON LA NOMINA DEI SICILIANI GIAMPIERO CANNELLA E MASSIMO DELL\u2019UTRI A SOTTOSEGRETARI &#8211;<\/span>\u00a0\u2018GNAZIO VOLEVA UNA \u201cCOMPENSAZIONE\u201d PER IL TRASLOCO DEL &#8220;SUO&#8221; GIANMARCO MAZZI AL TURISMO, PER NON LASCIARE AL SOLO EMANUELE MERLINO (UOMO DI FAZZOLARI) IL COMPITO DI &#8221;BADANTE&#8221; DEL MINISTRO GIULI-VO \u2013\u00a0<span>IL CAOS IN SICILIA, TRA INCHIESTE SULLA GIUNTA, I SEGRETI \u201cSCOTTANTI\u201d MINACCIATI E MAI RIVELATI DA MANLIO MESSINA<\/span> E LA DEBOLEZZA DEL TAJANEO SCHIFANI CHE SENTE IL FIATO SUL COLLO DI GIORGIO MULE&#8217; (CARO AI BERLUSCONI),\u00a0CHE PUNTA A PRENDERE IL SUO POSTO E CHIEDE DI COMMISSARIARE FORZA ITALIA IN SICILIA, DOPO IL PESSIMO RISULTATO AL REFERENDUM&#8230;<\/p>\n<\/div>\n<p><\/a><\/article>\n<article><a href=\"https:\/\/www.dagospia.com\/politica\/dagoreport-forza-italia-ribolle-marina-berlusconi-martusciello-mosse-471646\"><\/p>\n<div class=\"img-wrapper\"><img decoding=\"async\" src=\"https:\/\/static.dagospia.com\/img\/patch\/04-2026\/marina-berlusconi-antonio-tajani-fulvio-martusciello-2255164_600_q50.webp\" alt=\"marina berlusconi antonio tajani fulvio martusciello\" loading=\"lazy\"><time class=\"data-ora\">21 apr 20:02<\/time><\/div>\n<div class=\"excerpt\">\n<p><span>DAGOREPORT &#8211;<\/span> LA PRESA DI TAJANI SU FORZA ITALIA SI \u00c8 RIDOTTA DOPO IL SILURAMENTO DEI SUOI &#8220;DIOSCURI&#8221;, BARELLI E GASPARRI.<span> IL PARTITO ORA \u00c8 IN EBOLLIZIONE:\u00a0<\/span><span>VOGLIONO RIMUOVERE FULVIO MARTUSCIELLO<\/span> DA CAPOGRUPPO DI FORZA ITALIA A BRUXELLES. AL SUO POSTO, SI FANNO AVANTI LETIZIA MORATTI E MASSIMILIANO SALINI &#8211; <span>E IL &#8220;MAGGIORDOMO CIOCIARO&#8221; DI CASA MELONI, CHE FA? RESTA IN TRINCEA BLOCCANDO LA NOMINA DI FEDERICO FRENI ALLA CONSOB <\/span>PER FORZARE IL GOVERNO A TROVARE UNA SISTEMAZIONE AL SUO CONSUOCERO BARELLI E ALLA SUA FEDELISSIMA CHIARA TENERINI, LANCIATA CONTRO LA DEBORA BERGAMINI DI MARINA\u2026<\/p>\n<\/div>\n<p><\/a><\/article>\n<article><a href=\"https:\/\/www.dagospia.com\/politica\/pasqua-merda-per-matteo-piantedosi-dopo-claudia-conte-rivelato-urbi-et-469960\"><\/p>\n<div class=\"img-wrapper\"><img decoding=\"async\" src=\"https:\/\/static.dagospia.com\/img\/patch\/04-2026\/matteo-piantedosi-come-gennaro-sangiuliano-meme-claudia-conte-2249972_600_q50.webp\" alt=\"matteo piantedosi come gennaro sangiuliano meme claudia conte \" loading=\"lazy\"><\/div>\n<div class=\"excerpt\">CHE PASQUA DI MERDA PER MATTEO PIANTEDOSI! &#8211; DOPO CHE CLAUDIA CONTE HA RIVELATO URBI ET ORBI DI\u2026<\/div>\n<p><\/a><\/article>\n<article><a href=\"https:\/\/www.dagospia.com\/cronache\/michael-jackson-mi-abbasso-i-pantaloncini-mentre-giocavo-game-boy-470026\"><\/p>\n<div class=\"img-wrapper\"><img decoding=\"async\" src=\"https:\/\/static.dagospia.com\/img\/patch\/04-2026\/michael-jackson-aldo-cascio-2250437_600_q50.webp\" alt=\"michael jackson aldo cascio \" loading=\"lazy\"><\/div>\n<div class=\"excerpt\">\u201cMICHAEL JACKSON MI ABBASS\u00d2 I PANTALONCINI MENTRE GIOCAVO AL GAME BOY\u201d \u2013 LE TESTIMONIANZE DEI\u2026<\/div>\n<p><\/a><\/article>\n<article><a href=\"https:\/\/www.dagospia.com\/cafonal\/pardo-max-giusti-metti-sera-cena-eminenze-gricie-dell-edonismo-472056\"><\/p>\n<div class=\"img-wrapper\"><img decoding=\"async\" src=\"https:\/\/static.dagospia.com\/img\/patch\/04-2026\/ristorante-la-pisanella-2256575_600_q50.webp\" alt loading=\"lazy\"><\/div>\n<div class=\"excerpt\">DA PARDO A MAX GIUSTI: METTI UNA SERA A CENA LE \u201cEMINENZE GRICIE\u201d DELL\u2019EDONISMO ROMANELLO \u2013 AL\u2026<\/div>\n<p><\/a><\/article>\n<article><a href=\"https:\/\/www.dagospia.com\/media-tv\/pillole-gossip-giulia-stabile-geolier-chiara-frattesi-escort-472018\"><\/p>\n<div class=\"img-wrapper\"><img decoding=\"async\" src=\"https:\/\/static.dagospia.com\/img\/patch\/04-2026\/pillole-avanti-gossip-2256413_600_q50.webp\" alt=\"pillole avanti gossip\" loading=\"lazy\"><\/div>\n<div class=\"excerpt\">PILLOLE DI GOSSIP! GIULIA STABILE: \u201cHO FREQUENTATO UN CANTANTE PI\u00d9 GRANDE DI ME POI HO SCOPERTO CHE\u2026<\/div>\n<p><\/a><\/article>\n<article><a href=\"https:\/\/www.dagospia.com\/media-tv\/riconoscete-58enne-non-chiuso-boutique-l-amore-per-trovarlo-so-472054\"><\/p>\n<div class=\"img-wrapper\"><img decoding=\"async\" src=\"https:\/\/static.dagospia.com\/img\/patch\/04-2026\/paola-barale-2256564_600_q50.webp\" alt=\"paola barale\" loading=\"lazy\"><\/div>\n<div class=\"excerpt\">LA RICONOSCETE? LA 58ENNE NON HA CHIUSO LA BOUTIQUE. L\u2019AMORE? ORA PER TROVARLO SO CHE DEVO\u2026<\/div>\n<p><\/a><\/article>\n<article><a href=\"https:\/\/www.dagospia.com\/politica\/dagoreport-la-storia-mai-raccontata-dell-irresistibile-ascesa-rovinosa-471816\"><\/p>\n<div class=\"img-wrapper\"><img decoding=\"async\" src=\"https:\/\/static.dagospia.com\/img\/patch\/04-2026\/luigi-ciro-de-lisi-matteo-salvini-giorgia-meloni-giuseppe-del-deo-mario-parente--2256581_600_q50.webp\" alt=\"luigi ciro de lisi matteo salvini giorgia meloni giuseppe del deo mario parente gaetano caputi  alfredo mantovano\" loading=\"lazy\"><\/div>\n<div class=\"excerpt\">DAGOREPORT &#8211; LA STORIA MAI RACCONTATA DELL&#8217;IRRESISTIBILE ASCESA E ROVINOSA CADUTA DI GIUSEPPE DEL\u2026<\/div>\n<p><\/a><\/article>\n<article><a href=\"https:\/\/www.dagospia.com\/politica\/brera-volta-pinacoteca-milanese-e-diventata-discount-471997\"><\/p>\n<div class=\"img-wrapper\"><img decoding=\"async\" src=\"https:\/\/static.dagospia.com\/img\/patch\/04-2026\/giancarla-rondinelli-brera-2256327_600_q50.webp\" alt=\"giancarla rondinelli brera \" loading=\"lazy\"><\/div>\n<div class=\"excerpt\">BRERA UNA VOLTA &#8211; LA PINACOTECA MILANESE\u00a0\u00c8 DIVENTATA UN DISCOUNT DELL\u2019INTRATTENIMENTO: LA\u2026<\/div>\n<p><\/a><\/article>\n<article><a href=\"https:\/\/www.dagospia.com\/business\/salutame-calta-cda-mps-rifila-vaffa-all-83enne-costruttore-cesare-471949\"><\/p>\n<div class=\"img-wrapper\"><img decoding=\"async\" src=\"https:\/\/static.dagospia.com\/img\/patch\/04-2026\/monte-dei-paschi-di-siena-mps-francesco-gaetano-caltagirone-luigi-lovaglio-cesar-2256179_600_q50.webp\" alt=\"monte dei paschi di siena mps francesco gaetano caltagirone luigi lovaglio cesare bisoni gaetano caputi vittorio grilli \" loading=\"lazy\"><\/div>\n<div class=\"excerpt\">SALUTAME A \u201cCALTA\u201d \u2013 IL CDA DI MPS RIFILA UN ALTRO \u201cVAFFA\u201d ALL\u201983ENNE COSTRUTTORE: CESARE BISONI \u00c8\u2026<\/div>\n<p><\/a><\/article>\n<article><a href=\"https:\/\/www.dagospia.com\/politica\/ignazio-russa-legge-dagospia-non-si-trova-per-nulla-d-accordo-ci-manda-471827\"><\/p>\n<div class=\"img-wrapper\"><img decoding=\"async\" src=\"https:\/\/static.dagospia.com\/img\/patch\/12-2025\/meloni-la-russa-2209089_600_q50.webp\" alt=\"meloni la russa\" loading=\"lazy\"><\/div>\n<div class=\"excerpt\">IL CO-FONDATORE DI FRATELLI D\u2019ITALIA E SECONDA CARICA DELLO STATO, IL POCO PALUDATO PRESIDENTE DEL\u2026<\/div>\n<p><\/a><\/article>\n<article><a href=\"https:\/\/www.dagospia.com\/politica\/dagoreport-nemico-piu-ostico-per-giorgia-meloni-e-ignazio-russa-471807\"><\/p>\n<div class=\"img-wrapper\"><img decoding=\"async\" src=\"https:\/\/static.dagospia.com\/img\/patch\/04-2026\/meloni-la-russa-manlio-messina-cannella-dell-utri-2255763_600_q50.webp\" alt=\"meloni la russa manlio messina cannella dell'utri\" loading=\"lazy\"><\/div>\n<div class=\"excerpt\">DAGOREPORT &#8211; IL PROBLEMA PI\u00d9 OSTICO PER LA MELONA AZZOPPATA NON \u00c8 CONTE N\u00c9 SCHLEIN: SI CHIAMA\u2026<\/div>\n<p><\/a><\/article>\n<article><a href=\"https:\/\/www.dagospia.com\/politica\/dagoreport-forza-italia-ribolle-marina-berlusconi-martusciello-mosse-471646\"><\/p>\n<div class=\"img-wrapper\"><img decoding=\"async\" src=\"https:\/\/static.dagospia.com\/img\/patch\/04-2026\/marina-berlusconi-antonio-tajani-fulvio-martusciello-2255164_600_q50.webp\" alt=\"marina berlusconi antonio tajani fulvio martusciello\" loading=\"lazy\"><\/div>\n<div class=\"excerpt\">DAGOREPORT &#8211; LA PRESA DI TAJANI SU FORZA ITALIA SI \u00c8 RIDOTTA DOPO IL SILURAMENTO DEI SUOI\u2026<\/div>\n<p><\/a><\/article>\n<article><a href=\"https:\/\/www.dagospia.com\/politica\/figura-terna-per-giorgia-nell-aprile-2023-meloni-si-vantava-nomina-471652\"><\/p>\n<div class=\"img-wrapper\"><img decoding=\"async\" src=\"https:\/\/static.dagospia.com\/img\/patch\/04-2026\/giuseppina-di-foggia-giorgia-meloni-arianna-claudio-descalzi-terna-eni-2255189_600_q50.webp\" alt=\"giuseppina di foggia giorgia meloni arianna claudio descalzi terna eni\" loading=\"lazy\"><\/div>\n<div class=\"excerpt\">CHE FIGURA DI TERNA PER GIORGIA!\u00a0\u2013 NELL\u2019APRILE 2023 MELONI SI VANTAVA DELLA NOMINA DI GIUSEPPINA DI\u2026<\/div>\n<p><\/a><\/article>\n<article><a href=\"https:\/\/www.dagospia.com\/business\/borsa-italiana-comandano-i-francesi-faccia-delle-regole-tutto-bene-per-471554\"><\/p>\n<div class=\"img-wrapper\"><img decoding=\"async\" src=\"https:\/\/static.dagospia.com\/img\/patch\/04-2026\/borsa-italiana-dario-scannapieco-fabrizio-testa-cdp-cassa-depositi-e-prestiti-2254922_600_q50.webp\" alt=\"borsa italiana dario scannapieco fabrizio testa cdp cassa depositi e prestiti\" loading=\"lazy\"><\/div>\n<div class=\"excerpt\">DAGOREPORT &#8211; PERCHE&#8217; ALLA BORSA ITALIANA COMANDANO I FRANCESI? \u2013 INFURIA LA BATTAGLIA SULLA\u2026<\/div>\n<p><\/a><\/article>\n<article><a href=\"https:\/\/www.dagospia.com\/politica\/sdeng-sovranismo-bancario-e-finito-nel-cestino-delle-cazzate-471333\"><\/p>\n<div class=\"img-wrapper\"><img decoding=\"async\" src=\"https:\/\/static.dagospia.com\/img\/patch\/08-2025\/procuratore-milano-viola-procura-milano-luigi-lovaglio-francesco-gaetano-caltagi-2168544_600_q50.webp\" alt=\"procuratore milano viola procura milano luigi lovaglio - francesco gaetano caltagirone - giancarlo giorgetti - milleri - alberto nagel - philippe donnet mediobanca mps giorgia meloni \" loading=\"lazy\"><\/div>\n<div class=\"excerpt\">DAGOREPORT &#8211;\u00a0SDENG! ANCHE IL \u2018\u2019SOVRANISMO BANCARIO\u2019\u2019 \u00c8 FINITO NEL CESTINO DELLE CAZZATE DELL\u2019ARMATA\u2026<\/div>\n<p><\/a><\/article>\n<article><a href=\"https:\/\/www.dagospia.com\/politica\/dagoreport-e-piu-facile-parlare-l-uomo-piu-potente-mondo-giorgia-471175\"><\/p>\n<div class=\"img-wrapper\"><img decoding=\"async\" src=\"https:\/\/static.dagospia.com\/img\/patch\/04-2026\/giorgia-meloni-trump-viviana-mazza-netanyahu-2253904_600_q50.webp\" alt=\"giorgia meloni trump viviana mazza netanyahu\" loading=\"lazy\"><\/div>\n<div class=\"excerpt\">DAGOREPORT \u2013 PERCH\u00c8 \u00c8\u00a0PI\u00d9 FACILE PARLARE CON L\u2019UOMO PI\u00d9\u00a0POTENTE (E DEMENTE) DEL MONDO CHE CON\u2026<\/div>\n<p><\/a><\/article>\n<article><a href=\"https:\/\/www.dagospia.com\/cafonal\/pardo-max-giusti-metti-sera-cena-eminenze-gricie-dell-edonismo-472056\"><\/p>\n<div class=\"img-wrapper\"><img decoding=\"async\" src=\"https:\/\/static.dagospia.com\/img\/patch\/04-2026\/ristorante-la-pisanella-2256575_600_q50.webp\" alt loading=\"lazy\"><\/div>\n<div class=\"excerpt\">DA PARDO A MAX GIUSTI: METTI UNA SERA A CENA LE \u201cEMINENZE GRICIE\u201d DELL\u2019EDONISMO ROMANELLO \u2013 AL\u2026<\/div>\n<p><\/a><\/article>\n<article><a href=\"https:\/\/www.dagospia.com\/cafonal\/ne-andavo-quella-roma-nella-capitale-in-zona-talenti-intitolato-parco-remo-472030\"><\/p>\n<div class=\"img-wrapper\"><img decoding=\"async\" src=\"https:\/\/static.dagospia.com\/img\/patch\/04-2026\/inaugurazione-del-parco-remo-remotti-massimiliano-bruno-nicola-pistoia-michela-a-2256496_600_q50.webp\" alt=\"inaugurazione del parco remo remotti - massimiliano bruno nicola pistoia michela andreozzi luisa pistoia sabina guzzanti stefano fresi tommaso zanello piotta federica remotti - 5\" loading=\"lazy\"><\/div>\n<div class=\"excerpt\">VIDEO!&#8221;ME NE ANDAVO DA QUELLA ROMA\u2026!&#8221; NELLA CAPITALE, IN ZONA TALENTI, E\u2019 STATO INTITOLATO UN PARCO\u2026<\/div>\n<p><\/a><\/article>\n<article><a href=\"https:\/\/www.dagospia.com\/cafonal\/cafonal-all-opera-mi-porti-luca-guadagnino-maggio-fiorentino-the-death-471907\"><\/p>\n<div class=\"img-wrapper\"><img decoding=\"async\" src=\"https:\/\/static.dagospia.com\/img\/patch\/04-2026\/guadagnino-2256066_600_q50.webp\" alt=\"guadagnino\" loading=\"lazy\"><\/div>\n<div class=\"excerpt\">CAFONAL ALL\u2019OPERA &#8211; MI PORTI UN LUCA GUADAGNINO A FIRENZE \u2013 IL REGISTA PORTA IN SCENA AL MAGGIO\u2026<\/div>\n<p><\/a><\/article>\n<article><a href=\"https:\/\/www.dagospia.com\/cafonal\/cafonal-pallitto-chanel-totti-metri-trash-figlia-pupone-diventa-471192\"><\/p>\n<div class=\"img-wrapper\"><img decoding=\"async\" src=\"https:\/\/static.dagospia.com\/img\/patch\/04-2026\/2026pallitto-2253852_600_q50.webp\" alt loading=\"lazy\"><\/div>\n<div class=\"excerpt\">CAFONAL \u2013 PALLITTO-CHANEL TOTTI: TRE METRI SOPRA IL TRASH! LA FIGLIA DEL PUPONE DIVENTA LA\u2026<\/div>\n<p><\/a><\/article>\n<article><a href=\"https:\/\/www.dagospia.com\/cafonal\/cafonalino-cinema-caravaggio-roma-l-anteprima-film-a-year-in-london-471080\"><\/p>\n<div class=\"img-wrapper\"><img decoding=\"async\" src=\"https:\/\/static.dagospia.com\/img\/patch\/04-2026\/2026fendi-2253486_600_q50.webp\" alt=\"2026fendi\" loading=\"lazy\"><\/div>\n<div class=\"excerpt\">CAFONALINO! &#8211; AL CINEMA CARAVAGGIO DI ROMA ACCORRE UNA NUTRITA RAPPRESENTANZA DELLA FAMIGLIA FENDI\u2026<\/div>\n<p><\/a><\/article>\n<article><a href=\"https:\/\/www.dagospia.com\/cafonal\/cafonalino-maxxi-serena-bortone-presenta-suo-romanzo-quel-provolone-470822\"><\/p>\n<div class=\"img-wrapper\"><img decoding=\"async\" src=\"https:\/\/static.dagospia.com\/img\/patch\/04-2026\/2026bortone-serena-bortone-2252798_600_q50.webp\" alt=\"2026bortone serena bortone\" loading=\"lazy\"><\/div>\n<div class=\"excerpt\">CAFONALINO! \u2013\u00a0AL MAXXI DI ROMA SERENA BORTONE PRESENTA IL SUO ROMANZO \u201cLE DIRIMPETTAIE\u201d, AFFIANCATA\u2026<\/div>\n<p><\/a><\/article>\n<p>[analyse_source url=&#8221;https:\/\/www.dagospia.com\/media-tv\/pulci-lorenzetto-titolo-fanpage-picchia-uomo-mazza-targata-mussolini-471979&#8243;]<\/p>\n","protected":false},"excerpt":{"rendered":"<p>[analyse_image type=&#8221;featured&#8221; src=&#8221;https:\/\/static.dagospia.com\/img\/patch\/04-2026\/2026pulci2404-2256244_600_q50.webp&#8221;] 24 apr 2026 11:51 CHE FA LORENZETTO DI NOTTE? LE PULCI AI GIORNALI &#8211; TITOLO DA \u201cFANPAGE\u201d: \u201cPICCHIA UN UOMO CON \u2018UNA MAZZA TARGATA MUSSOLINI DOPO UNA LITE A MILANO\u2019: RICERCATO DAI CARABINIERI\u201d. DOPO IL PESTAGGIO ERA STATA APPOSTA SULLA MAZZA UNA TARGHETTA CELEBRATIVA CON L\u2019EFFIGIE DEL DUCE? NO? ALLORA BISOGNAVA SCRIVERE: [&hellip;]<\/p>\n","protected":false},"author":1,"featured_media":0,"comment_status":"open","ping_status":"","sticky":false,"template":"","format":"standard","meta":{"footnotes":""},"categories":[87],"tags":[226,149],"class_list":["post-1901858","post","type-post","status-publish","format-standard","hentry","category-italy","tag-crawlmanager","tag-dagospia-com"],"_links":{"self":[{"href":"https:\/\/analyse.optim.biz\/index.php?rest_route=\/wp\/v2\/posts\/1901858","targetHints":{"allow":["GET"]}}],"collection":[{"href":"https:\/\/analyse.optim.biz\/index.php?rest_route=\/wp\/v2\/posts"}],"about":[{"href":"https:\/\/analyse.optim.biz\/index.php?rest_route=\/wp\/v2\/types\/post"}],"author":[{"embeddable":true,"href":"https:\/\/analyse.optim.biz\/index.php?rest_route=\/wp\/v2\/users\/1"}],"replies":[{"embeddable":true,"href":"https:\/\/analyse.optim.biz\/index.php?rest_route=%2Fwp%2Fv2%2Fcomments&post=1901858"}],"version-history":[{"count":0,"href":"https:\/\/analyse.optim.biz\/index.php?rest_route=\/wp\/v2\/posts\/1901858\/revisions"}],"wp:attachment":[{"href":"https:\/\/analyse.optim.biz\/index.php?rest_route=%2Fwp%2Fv2%2Fmedia&parent=1901858"}],"wp:term":[{"taxonomy":"category","embeddable":true,"href":"https:\/\/analyse.optim.biz\/index.php?rest_route=%2Fwp%2Fv2%2Fcategories&post=1901858"},{"taxonomy":"post_tag","embeddable":true,"href":"https:\/\/analyse.optim.biz\/index.php?rest_route=%2Fwp%2Fv2%2Ftags&post=1901858"}],"curies":[{"name":"wp","href":"https:\/\/api.w.org\/{rel}","templated":true}]}}