{"id":1901813,"date":"2026-04-23T08:58:36","date_gmt":"2026-04-23T05:58:36","guid":{"rendered":"https:\/\/analyse.optim.biz\/?p=1901813"},"modified":"2026-04-23T08:58:36","modified_gmt":"2026-04-23T05:58:36","slug":"modificari-la-plata-primei-zile-de-concediu-medical","status":"publish","type":"post","link":"https:\/\/analyse.optim.biz\/?p=1901813","title":{"rendered":"MODIFIC\u0102RI LA PLATA PRIMEI ZILE DE CONCEDIU MEDICAL"},"content":{"rendered":"<p>[analyse_image type=&#8221;featured&#8221; src=&#8221;https:\/\/newss.ro\/wp-content\/uploads\/2023\/03\/concediu-medical.jpg&#8221;]<\/p>\n<div class=\"td-post-content\">\n<div class=\"td-post-featured-image\"><a href=\"https:\/\/newss.ro\/wp-content\/uploads\/2023\/03\/concediu-medical.jpg\" data-caption><img loading=\"lazy\" decoding=\"async\" width=\"696\" height=\"464\" class=\"entry-thumb td-modal-image\" src=\"https:\/\/newss.ro\/wp-content\/uploads\/2023\/03\/concediu-medical-696x464.jpg\" alt title=\"concediu medical\"><\/a><\/div>\n<p>Mai multe categorii de pacien\u021bi, printre care cei cronici, persoanele incluse \u00een programele na\u021bionale de s\u0103n\u0103tate, urgen\u021bele medico-chirurgicale \u0219i pacien\u021bii care beneficiaz\u0103 de spitalizare de zi, vor primi prima zi de concediu medical pl\u0103tit\u0103.<\/p>\n<p>M\u0103sura a fost aprobat\u0103 ieri \u0219i de Camera Deputa\u021bilor, dup\u0103 ce aceasta fusese cuprins\u0103 \u00eentr-un amendament la o Ordonan\u021b\u0103 de Guvern,\u00a0 care, ini\u021bial, nu a trecut. Pentru c\u0103 este for decizional, modificarea va intra \u00een vigoare dup\u0103 promulgarea de c\u0103tre pre\u0219edintele Nicu\u0219or Dan.<\/p>\n<p>Ministrul S\u0103n\u0103t\u0103\u0163ii, Alexandru Rogobete, a subliniat c\u0103, p\u00e2n\u0103 acum, prima zi de concediu medical punea mul\u0163i rom\u00e2ni \u00een situa\u0163ia de a alege \u00eentre a merge bolnavi la munc\u0103 sau a pierde bani, o situa\u0163ie pe care o consider\u0103 incorect\u0103.<\/p>\n<p>Potrivit Ordonan\u021bei de urgen\u021b\u0103 a Guvernului privind stabilirea unor m\u0103suri \u00een cadrul sistemului de s\u0103n\u0103tate, certificatele de concediu medical eliberate \u00een perioada 1 februarie 2026 \u2013 31 decembrie 2027, calculul \u0219i plata acestora se fac prin diminuarea cu o zi.<\/p>\n<p>Acestea vor fi suportate de c\u0103tre angajator, din a 2-a zi p\u00e2n\u0103 \u00a0\u00een a 6-a zi de incapacitate temporar\u0103 de munc\u0103.<\/p>\n<p>Potrivit autorit\u0103\u021bilor, m\u0103surile luate \u00een ultimele luni au dus la reducerea drastic\u0103 a num\u0103rului de zile de concediu acordate nejustificat \u0219i la degrevarea bugetului de stat de cheltuieli considerabile.<\/p>\n<p>Fenomenul concediilor medicale fictive ajunsese la propor\u021bii \u00eengrijor\u0103toare, cu zeci de milioane de zile acordate anual f\u0103r\u0103 acoperire real\u0103.<\/p>\n<p>\u00cen medie, \u00a0din iulie \u0219i p\u00e2n\u0103 \u00een decembrie, anul trecut, doar din concediile medicale fictive s-au economisit 120 de milioane de lei pe lun\u0103.<\/p>\n<\/div>\n<div class=\"td-post-content\">\n<div class=\"td-post-featured-image\"><a href=\"https:\/\/newss.ro\/wp-content\/uploads\/2023\/03\/concediu-medical.jpg\" data-caption><img loading=\"lazy\" decoding=\"async\" width=\"696\" height=\"464\" class=\"entry-thumb td-modal-image\" src=\"https:\/\/newss.ro\/wp-content\/uploads\/2023\/03\/concediu-medical-696x464.jpg\" alt title=\"concediu medical\"><\/a><\/div>\n<p>Mai multe categorii de pacien\u021bi, printre care cei cronici, persoanele incluse \u00een programele na\u021bionale de s\u0103n\u0103tate, urgen\u021bele medico-chirurgicale \u0219i pacien\u021bii care beneficiaz\u0103 de spitalizare de zi, vor primi prima zi de concediu medical pl\u0103tit\u0103.<\/p>\n<p>M\u0103sura a fost aprobat\u0103 ieri \u0219i de Camera Deputa\u021bilor, dup\u0103 ce aceasta fusese cuprins\u0103 \u00eentr-un amendament la o Ordonan\u021b\u0103 de Guvern,\u00a0 care, ini\u021bial, nu a trecut. Pentru c\u0103 este for decizional, modificarea va intra \u00een vigoare dup\u0103 promulgarea de c\u0103tre pre\u0219edintele Nicu\u0219or Dan.<\/p>\n<p>Ministrul S\u0103n\u0103t\u0103\u0163ii, Alexandru Rogobete, a subliniat c\u0103, p\u00e2n\u0103 acum, prima zi de concediu medical punea mul\u0163i rom\u00e2ni \u00een situa\u0163ia de a alege \u00eentre a merge bolnavi la munc\u0103 sau a pierde bani, o situa\u0163ie pe care o consider\u0103 incorect\u0103.<\/p>\n<p>Potrivit Ordonan\u021bei de urgen\u021b\u0103 a Guvernului privind stabilirea unor m\u0103suri \u00een cadrul sistemului de s\u0103n\u0103tate, certificatele de concediu medical eliberate \u00een perioada 1 februarie 2026 \u2013 31 decembrie 2027, calculul \u0219i plata acestora se fac prin diminuarea cu o zi.<\/p>\n<p>Acestea vor fi suportate de c\u0103tre angajator, din a 2-a zi p\u00e2n\u0103 \u00a0\u00een a 6-a zi de incapacitate temporar\u0103 de munc\u0103.<\/p>\n<p>Potrivit autorit\u0103\u021bilor, m\u0103surile luate \u00een ultimele luni au dus la reducerea drastic\u0103 a num\u0103rului de zile de concediu acordate nejustificat \u0219i la degrevarea bugetului de stat de cheltuieli considerabile.<\/p>\n<p>Fenomenul concediilor medicale fictive ajunsese la propor\u021bii \u00eengrijor\u0103toare, cu zeci de milioane de zile acordate anual f\u0103r\u0103 acoperire real\u0103.<\/p>\n<p>\u00cen medie, \u00a0din iulie \u0219i p\u00e2n\u0103 \u00een decembrie, anul trecut, doar din concediile medicale fictive s-au economisit 120 de milioane de lei pe lun\u0103.<\/p>\n<\/div>\n<p>[analyse_source url=&#8221;https:\/\/newss.ro\/2026\/04\/23\/modificari-la-plata-primei-zile-de-concediu-medical\/&#8221;]<\/p>\n","protected":false},"excerpt":{"rendered":"<p>[analyse_image type=&#8221;featured&#8221; src=&#8221;https:\/\/newss.ro\/wp-content\/uploads\/2023\/03\/concediu-medical.jpg&#8221;] Mai multe categorii de pacien\u021bi, printre care cei cronici, persoanele incluse \u00een programele na\u021bionale de s\u0103n\u0103tate, urgen\u021bele medico-chirurgicale \u0219i pacien\u021bii care beneficiaz\u0103 de spitalizare de zi, vor primi prima zi de concediu medical pl\u0103tit\u0103. M\u0103sura a fost aprobat\u0103 ieri \u0219i de Camera Deputa\u021bilor, dup\u0103 ce aceasta fusese cuprins\u0103 \u00eentr-un amendament la o [&hellip;]<\/p>\n","protected":false},"author":1,"featured_media":0,"comment_status":"open","ping_status":"","sticky":false,"template":"","format":"standard","meta":{"footnotes":""},"categories":[2],"tags":[226,73],"class_list":["post-1901813","post","type-post","status-publish","format-standard","hentry","category-politics","tag-crawlmanager","tag-newss-ro"],"_links":{"self":[{"href":"https:\/\/analyse.optim.biz\/index.php?rest_route=\/wp\/v2\/posts\/1901813","targetHints":{"allow":["GET"]}}],"collection":[{"href":"https:\/\/analyse.optim.biz\/index.php?rest_route=\/wp\/v2\/posts"}],"about":[{"href":"https:\/\/analyse.optim.biz\/index.php?rest_route=\/wp\/v2\/types\/post"}],"author":[{"embeddable":true,"href":"https:\/\/analyse.optim.biz\/index.php?rest_route=\/wp\/v2\/users\/1"}],"replies":[{"embeddable":true,"href":"https:\/\/analyse.optim.biz\/index.php?rest_route=%2Fwp%2Fv2%2Fcomments&post=1901813"}],"version-history":[{"count":0,"href":"https:\/\/analyse.optim.biz\/index.php?rest_route=\/wp\/v2\/posts\/1901813\/revisions"}],"wp:attachment":[{"href":"https:\/\/analyse.optim.biz\/index.php?rest_route=%2Fwp%2Fv2%2Fmedia&parent=1901813"}],"wp:term":[{"taxonomy":"category","embeddable":true,"href":"https:\/\/analyse.optim.biz\/index.php?rest_route=%2Fwp%2Fv2%2Fcategories&post=1901813"},{"taxonomy":"post_tag","embeddable":true,"href":"https:\/\/analyse.optim.biz\/index.php?rest_route=%2Fwp%2Fv2%2Ftags&post=1901813"}],"curies":[{"name":"wp","href":"https:\/\/api.w.org\/{rel}","templated":true}]}}