{"id":1901735,"date":"2026-04-22T14:29:58","date_gmt":"2026-04-22T11:29:58","guid":{"rendered":"https:\/\/analyse.optim.biz\/?p=1901735"},"modified":"2026-04-22T14:29:58","modified_gmt":"2026-04-22T11:29:58","slug":"noi-detalii-in-cazul-profesorului-de-sport-din-oradea-trimis-in-judecata-pentru-agresiune-sexuala-asupra","status":"publish","type":"post","link":"https:\/\/analyse.optim.biz\/?p=1901735","title":{"rendered":"Noi detalii \u00een cazul profesorului de sport din Oradea, trimis \u00een judecat\u0103 pentru agresiune sexual\u0103 asupra&#8230;"},"content":{"rendered":"<p>[analyse_image type=&#8221;featured&#8221; src=&#8221;https:\/\/cdn.adh.reperio.news\/image-8\/858c5e8f-f3a0-438b-a1cd-432843588ac8\/index.gif?p=f%3Djpeg%26w%3D1200%26h%3D630%26r%3Dcover&#8221;]<\/p>\n<article class=\"svelte-t0js42\">\n<nav>\n<ul class=\"breadcrump svelte-xauq0s\">\n<li class=\"svelte-xauq0s\"><a href=\"\/\" title=\"Adev\u0103rul\" class=\"svelte-xauq0s\">Home<\/a><\/li>\n<li class=\"svelte-xauq0s\"><a href=\"\/stiri-locale\" class=\"svelte-xauq0s\">\u0218tiri locale<\/a><\/li>\n<li class=\"svelte-xauq0s\"><a href=\"\/stiri-locale\/oradea\" class=\"svelte-xauq0s\">Oradea<\/a><\/li>\n<li class=\"svelte-xauq0s\"><a href=\"https:\/\/adevarul.ro\/stiri-locale\/oradea\/noi-detalii-in-cazul-profesorului-de-sport-din-2524532.html\" class=\"svelte-xauq0s\">Noi detalii \u00een cazul profesorului de sport din Oradea, trimis \u00een judecat\u0103 pentru agresiune sexual\u0103 asupra unui elev de 9 ani<\/a><\/li>\n<\/ul>\n<\/nav>\n<p><main class=\"svelte-t0js42\"><\/p>\n<p>Un profesor de sport de la un colegiu din Oradea a fost trimis \u00een judecat\u0103 pentru agresiune sexual\u0103 dup\u0103 mai bine de un an de anchet\u0103. Imagini video au ar\u0103tat cum dasc\u0103lul atinge \u00een mod explicit un elev \u00een v\u00e2rst\u0103 de 9 ani.<\/p>\n<div class=\"_hydratable\" data-props=\"%7B%22type%22%3A%22video%22%2C%22data%22%3A%7B%22player_options%22%3A%7B%7D%2C%22video%22%3A%7B%22animated%22%3A0%2C%22created_at%22%3A%222026-04-22T14%3A16%3A36.000Z%22%2C%22created_by%22%3A267%2C%22entity_type%22%3A%22media%22%2C%22extension%22%3A%22mp4%22%2C%22id%22%3A%227bc56c96-0f97-48a0-a6ea-a181a71fc067%22%2C%22origin_duration%22%3A18240%2C%22origin_hash%22%3A%22196046d2812aa1dd4ad019eb7ffaa97b3da69ae4%22%2C%22origin_height%22%3A1080%2C%22origin_name%22%3A%22prof%20oradea.mp4%22%2C%22origin_size%22%3A18784121%2C%22origin_width%22%3A1920%2C%22path%22%3A%22video-7%2F7bc56c96-0f97-48a0-a6ea-a181a71fc067%2Findex.m3u8%22%2C%22prevent_prune%22%3A0%2C%22published%22%3A0%2C%22restrict_domains%22%3Anull%2C%22status%22%3A%22ready%22%2C%22thumb%22%3A%22https%3A%2F%2Fcdn.adh.reperio.news%2Fvideo-7%2F7bc56c96-0f97-48a0-a6ea-a181a71fc067%2Fthumb.0000000.jpg%22%2C%22title%22%3A%22prof%20oradea%20mp4%22%2C%22type%22%3A%22video%22%2C%22updated_at%22%3A%222026-04-22T14%3A16%3A49.000Z%22%2C%22url%22%3A%22https%3A%2F%2Fcdn.adh.reperio.news%2Fvideo-7%2F7bc56c96-0f97-48a0-a6ea-a181a71fc067%2Findex.m3u8%22%2C%22video_raw%22%3Anull%2C%22video_thumbnail%22%3A%22thumb.0000000.jpg%22%7D%7D%7D\" data-context=\"%7B%22parentBlockColumnCount%22%3A%7B%22value%22%3A0%2C%22type%22%3A%22store%2Freadable%22%7D%2C%22parentBlockBackgroundColor%22%3A%7B%22type%22%3A%22store%2Freadable%22%7D%7D\" data-component=\"EditorVideoPlayer\"><\/div>\n<p>Noi detalii au ie\u0219it la iveal\u0103 \u00eentr-un caz de agresiune sexual\u0103 la un colegiu din Oradea, anchetat de mai bine de un an. Profesorul de sport C\u0103t\u0103lin Urs de la Colegiul Iosif Vulcan din Oradea a fost trimis \u00een judecat\u0103 de Parchetul de pe l\u00e2ng\u0103 Tribunalul Bihor, sub acuza\u021bia de agresiune sexual\u0103 asupra unui minor, scrie <a href=\"https:\/\/www.ebihoreanul.ro\/stiri\/gluma-nepermisa-detalii-socante-din-dosarul-profesorului-de-sport-din-oradea-care-a-agresat-sexual-un-elev-video-201345.html\" rel=\"nofollow\">Bihoreanul.<\/a><\/p>\n<p>Potrivit datelor din anchet\u0103, <a href=\"https:\/\/adevarul.ro\/stiri-locale\/targoviste\/profesor-de-sport-acuzat-ca-a-violat-o-eleva-de-2443145.html\">profesorul de sport<\/a>, care l-a oprit pe hol pe elevul de 9 ani \u0219i \u0219i-a frecat pelvisul de acesta, nu era la prima abatere, ba chiar \u00ee\u0219i f\u0103cuse un obicei din a atinge indecent elevii.<\/p>\n<p>Fapta s-a petrecut pe 21 martie 2025, pe un hol al cl\u0103dirii din Bulevardul Decebal a Colegiului Iosif Vulcan, chiar sub camerele de supraveghere ale \u0219colii. Elevii unei clase de-a III-a terminaser\u0103 lec\u021bia de sport cu profesorul C\u0103t\u0103lin Urs (48 de ani), care intrase ca suplinitor la or\u0103. <\/p>\n<p>O \u00eenregistrare dezv\u0103luit\u0103 la vremea respectiv\u0103 a ar\u0103tat cum profesorul se \u00eent\u00e2lne\u0219te pe coridor cu un elev care se \u00eendrepta spre sala de clas\u0103 \u0219i se opre\u0219te, a\u0219tept\u00e2nd ca b\u0103iatul s\u0103 ajung\u0103 \u00een apropierea lui. Apoi, Urs \u00eel \u00eempinge la perete, \u00eel prinde de talie cu o m\u00e2n\u0103 \u0219i se \u00eempinge cu pelvisul \u00een abdomenul copilului de 9 ani. \u00cen rechizitoriu, procuroarea Diana Goina relateaz\u0103 explicit c\u0103 profesorul s-a frecat cu zona inghinal\u0103 de b\u0103iat \u0219i i-a atins penisul.<\/p>\n<p>\u00cen urma acuza\u021biilor, profesorul a sus\u021binut c\u0103 totul a fost doar o <i>\u201eglum\u0103\u201d<\/i>. Cu toate acestea, anchetatorii au identificat mai mul\u021bi fo\u0219ti \u0219i actuali <a href=\"https:\/\/adevarul.ro\/stiri-locale\/slobozia\/profesor-de-sport-reclamat-de-parinti-dupa-ce-mai-2471329.html\">elevi care au relatat c\u0103 au trecut prin agresiuni similare.<\/a><\/p>\n<p>Mai mult de at\u00e2t, psihologii care l-au evaluat pe minor \u00een urma incidentului au sus\u021binut c\u0103 gestul profesorului i-a produs  <i>\u201eo und\u0103 de \u0219oc emo\u021bional, bloc\u00e2ndu-i reac\u021bia de ap\u0103rare, dar \u0219i un atac la pudoare, la care copilul nu s-a a\u0219teptat\u201d<\/i>. <\/p>\n<p>Urs a fost \u0219i el expertizat psihologic, iar concluzia specialistului, \u00een urma discu\u021biei cu acesta, a fost c\u0103 profesorul \u0219i-a f\u0103cut un obicei din<i> \u201einterac\u021biunea fizic\u0103 intruziv\u0103 cu minori cu poten\u021bial sexualizabil\u201d<\/i>. Cadrul didactic a tr\u0103dat o satisfac\u021bie \u00een momentele de contact fizic cu elevii, ceea ce, \u00een opinia psihologului, \u00eel face <i>\u201eincompatibil cu statutul profesional \u0219i cu rela\u021bia adult-minor\u201d<\/i>. <\/p>\n<p>Parchetul Bihor subliniaz\u0103 c\u0103 gestul s\u0103u a fost unul de agresiune sexual\u0103 \u0219i a fost inten\u021bionat, dovad\u0103 c\u0103 \u0219i-a prins victima de \u0219old. De asemenea, l-a comis \u00eentr-o circumstan\u021b\u0103 agravant\u0103, \u021bin\u00e2nd cont c\u0103 este profesor, motiv pentru care, dac\u0103 va fi g\u0103sit vinovat, Urs risc\u0103 o pedeaps\u0103 cu \u00eenchisoarea \u00eentre 3 \u0219i 13 ani. <\/p>\n<p>Judec\u0103toria Oradea trebuie s\u0103 decid\u0103, \u00een momentul de fa\u021b\u0103, dac\u0103 rechizitoriul a fost sau nu corect \u00eentocmit, urm\u00e2nd ca, dac\u0103 \u00eel confirm\u0103, s\u0103 \u00eenceap\u0103 procesul propriu-zis. <\/p>\n<p><\/main><\/p>\n<footer class=\"svelte-t0js42\">\n<div class=\"related-wrap related-footer svelte-1t8qpgs\"><span class=\"related-label svelte-1t8qpgs\">Cite\u0219te \u0219i<\/span><a class=\"related svelte-1t8qpgs\" data-gtrack='{\"event\":\"utm_click\",\"data\":{\"event_category\":\"article_related\"}}' href=\"https:\/\/adevarul.ro\/stiri-locale\/constanta\/caz-socant-la-constanta-politist-retinut-pentru-2520255.html\" title=\"Alt articol de interes pentru tine\"><img decoding=\"async\" class=\"thumb svelte-1t8qpgs\" src=\"https:\/\/cdn.adh.reperio.news\/image-3\/396dd78c-0f12-4bd2-a7fd-56dbe4c1ce2e\/index.png\" alt loading=\"lazy\" width=\"80\" height=\"54\"><span class=\"title svelte-1t8qpgs\">Caz \u015focant la Constan\u0163a. Poli\u0163ist re\u0163inut pentru violul unei minore \u015fi pornografie infantil\u0103<\/span><\/a><a class=\"related svelte-1t8qpgs\" data-gtrack='{\"event\":\"utm_click\",\"data\":{\"event_category\":\"article_related\"}}' href=\"https:\/\/adevarul.ro\/stiri-locale\/iasi\/fostul-primar-al-iasului-ionel-onofras-condamnat-2523212.html\" title=\"Alt articol de interes pentru tine\"><img decoding=\"async\" class=\"thumb svelte-1t8qpgs\" src=\"https:\/\/cdn.adh.reperio.news\/image-7\/7803da4c-1aaa-491a-aec3-326c441654c7\/index.png\" alt loading=\"lazy\" width=\"80\" height=\"54\"><span class=\"title svelte-1t8qpgs\">Fostul primar al Ia\u0219ului, Ionel Onofra\u0219, condamnat definitiv la 19 ani de \u00eenchisoare pentru viol este c\u0103utat de autorit\u0103\u021bi<\/span><\/a><a class=\"related svelte-1t8qpgs\" data-gtrack='{\"event\":\"utm_click\",\"data\":{\"event_category\":\"article_related\"}}' href=\"https:\/\/adevarul.ro\/stiri-interne\/societate\/profesor-din-cernavoda-retinut-dupa-ce-ar-fi-avut-2524421.html\" title=\"Alt articol de interes pentru tine\"><img decoding=\"async\" class=\"thumb svelte-1t8qpgs\" src=\"https:\/\/cdn.adh.reperio.news\/image-8\/8c42775f-11e0-4033-a3e6-46d9f221e334\/index.jpeg\" alt loading=\"lazy\" width=\"80\" height=\"54\"><span class=\"title svelte-1t8qpgs\">Profesor din Cernavod\u0103 retinut dup\u0103 ce ar fi avut rela\u021bii sexuale cu o elev\u0103 de gimnaziu <\/span><\/a><\/div>\n<div class=\"meta svelte-t0js42\">\n<div class=\"authors svelte-t0js42\"><a href=\"\/author\/46\" rel=\"author\" class=\"svelte-t0js42\">Teodora Marinescu<\/a><\/div>\n<div class=\"tags svelte-12okeyl\"><span class=\"tags-label metaFont svelte-12okeyl\">Cite\u0219te mai multe despre<\/span><\/p>\n<div class=\"tags-list svelte-12okeyl\"><a href=\"\/tag\/oradea\" title=\"Ultimele \u0219tiri despre oradea\" class=\"tag-pill svelte-12okeyl\">oradea<\/a><a href=\"\/tag\/agresiune%20sexuala\" title=\"Ultimele \u0219tiri despre agresiune sexuala\" class=\"tag-pill svelte-12okeyl\">agresiune sexuala<\/a><\/div>\n<\/div>\n<\/div>\n<p><a class=\"moreFromCategory svelte-t0js42\" href=\"\/stiri-locale\/oradea\" title=\"Oradea\">Mai multe din <strong class=\"svelte-t0js42\">Oradea<\/strong> \u203a<\/a><\/footer>\n<\/article>\n<p>[analyse_source url=&#8221;https:\/\/adevarul.ro\/stiri-locale\/oradea\/noi-detalii-in-cazul-profesorului-de-sport-din-2524532.html&#8221;]<\/p>\n","protected":false},"excerpt":{"rendered":"<p>[analyse_image type=&#8221;featured&#8221; src=&#8221;https:\/\/cdn.adh.reperio.news\/image-8\/858c5e8f-f3a0-438b-a1cd-432843588ac8\/index.gif?p=f%3Djpeg%26w%3D1200%26h%3D630%26r%3Dcover&#8221;] Home \u0218tiri locale Oradea Noi detalii \u00een cazul profesorului de sport din Oradea, trimis \u00een judecat\u0103 pentru agresiune sexual\u0103 asupra unui elev de 9 ani Un profesor de sport de la un colegiu din Oradea a fost trimis \u00een judecat\u0103 pentru agresiune sexual\u0103 dup\u0103 mai bine de un an de anchet\u0103. Imagini [&hellip;]<\/p>\n","protected":false},"author":1,"featured_media":0,"comment_status":"open","ping_status":"","sticky":false,"template":"","format":"standard","meta":{"footnotes":""},"categories":[89],"tags":[19,226],"class_list":["post-1901735","post","type-post","status-publish","format-standard","hentry","category-romania","tag-adevarul","tag-crawlmanager"],"_links":{"self":[{"href":"https:\/\/analyse.optim.biz\/index.php?rest_route=\/wp\/v2\/posts\/1901735","targetHints":{"allow":["GET"]}}],"collection":[{"href":"https:\/\/analyse.optim.biz\/index.php?rest_route=\/wp\/v2\/posts"}],"about":[{"href":"https:\/\/analyse.optim.biz\/index.php?rest_route=\/wp\/v2\/types\/post"}],"author":[{"embeddable":true,"href":"https:\/\/analyse.optim.biz\/index.php?rest_route=\/wp\/v2\/users\/1"}],"replies":[{"embeddable":true,"href":"https:\/\/analyse.optim.biz\/index.php?rest_route=%2Fwp%2Fv2%2Fcomments&post=1901735"}],"version-history":[{"count":0,"href":"https:\/\/analyse.optim.biz\/index.php?rest_route=\/wp\/v2\/posts\/1901735\/revisions"}],"wp:attachment":[{"href":"https:\/\/analyse.optim.biz\/index.php?rest_route=%2Fwp%2Fv2%2Fmedia&parent=1901735"}],"wp:term":[{"taxonomy":"category","embeddable":true,"href":"https:\/\/analyse.optim.biz\/index.php?rest_route=%2Fwp%2Fv2%2Fcategories&post=1901735"},{"taxonomy":"post_tag","embeddable":true,"href":"https:\/\/analyse.optim.biz\/index.php?rest_route=%2Fwp%2Fv2%2Ftags&post=1901735"}],"curies":[{"name":"wp","href":"https:\/\/api.w.org\/{rel}","templated":true}]}}