{"id":1901707,"date":"2026-04-23T13:28:02","date_gmt":"2026-04-23T10:28:02","guid":{"rendered":"https:\/\/analyse.optim.biz\/?p=1901707"},"modified":"2026-04-23T13:28:02","modified_gmt":"2026-04-23T10:28:02","slug":"guvernul-bolojan-functioneaza-in-regim-de-interimat-cine-preia-ministerele-dupa-plecarea-psd","status":"publish","type":"post","link":"https:\/\/analyse.optim.biz\/?p=1901707","title":{"rendered":"Guvernul Bolojan func\u021bioneaz\u0103 \u00een regim de interimat: cine preia ministerele dup\u0103 plecarea PSD"},"content":{"rendered":"<p>[analyse_image type=&#8221;featured&#8221; src=&#8221;https:\/\/orasul-timisoara.ro\/wp-content\/uploads\/2026\/04\/Screenshot-2026-04-23-162524.jpg&#8221;]<\/p>\n<article id=\"post-38361\" class=\"td-post-template-7 post-38361 post type-post status-publish format-standard has-post-thumbnail category-featured category-politic category-stiri-nationale-si-internationale tag-actualitate tag-criza-politica-2 tag-guvern-romania tag-ilie-bolojan tag-interimari-ministri tag-ministere-romania tag-pnrr tag-politica-interna-2 tag-psd-demisii td-container-wrap\">\n<div class=\"td-full-screen-header-image-wrap\">\n<div class=\"td-container td-post-header\">\n<div class=\"td-crumb-container\">\n<div class=\"entry-crumbs\"><span><a title=\"Vede\u021bi toate articolele \u00een Politic\" class=\"entry-crumb\" href=\"https:\/\/orasul-timisoara.ro\/local-category\/politic\/\">Politic<\/a><\/span><span class=\"td-bred-no-url-last\">Guvernul Bolojan func\u021bioneaz\u0103 \u00een regim de interimat: cine preia ministerele dup\u0103 plecarea&#8230;<\/span><\/div>\n<\/div>\n<div class=\"td-post-header-holder\">\n<div class=\"td-parallax-header\">\n<header class=\"td-post-title\">\n<ul class=\"td-category\">\n<li class=\"entry-category\"><a href=\"https:\/\/orasul-timisoara.ro\/local-category\/politic\/\">Politic<\/a><\/li>\n<li class=\"entry-category\"><a href=\"https:\/\/orasul-timisoara.ro\/local-category\/stiri-nationale-si-internationale\/\">\u0218tiri na\u021bionale \u0219i interna\u021bionale<\/a><\/li>\n<\/ul>\n<h1 class=\"entry-title\">Guvernul Bolojan func\u021bioneaz\u0103 \u00een regim de interimat: cine preia ministerele dup\u0103 plecarea PSD<\/h1>\n<div class=\"td-module-meta-info\">\n<div class=\"td-post-author-name\">\n<div class=\"td-author-by\">De c\u0103tre<\/div>\n<p><a href=\"https:\/\/orasul-timisoara.ro\/author\/timisoara\/\">redactia<\/a><\/p>\n<div class=\"td-author-line\"> &#8211; <\/div>\n<\/div>\n<p><span class=\"td-post-date\"><time class=\"entry-date updated td-module-date\" datetime=\"2026-04-23T16:28:02+03:00\">23\/04\/2026<\/time><\/span><\/div>\n<\/header>\n<\/div>\n<\/div>\n<\/div>\n<div id=\"td-full-screen-header-image\" class=\"td-image-gradient-style7\"><img decoding=\"async\" class=\"td-backstretch\" src=\"https:\/\/orasul-timisoara.ro\/wp-content\/uploads\/2026\/04\/Screenshot-2026-04-23-162524.jpg\"><\/div>\n<\/div>\n<div class=\"td-container\">\n<div class=\"td-pb-row\">\n<div class=\"td-pb-span8 td-main-content\" role=\"main\">\n<div class=\"td-ss-main-content\">\n<div class=\"td-post-sharing-top\">\n<div class=\"td-post-sharing-classic\"><iframe title=\"topFacebookLike\" frameborder src=\"https:\/\/www.facebook.com\/plugins\/like.php?href=https:\/\/orasul-timisoara.ro\/local-38361\/&amp;layout=button_count&amp;show_faces=false&amp;width=105&amp;action=like&amp;colorscheme=light&amp;height=21\"><\/iframe><\/div>\n<div id=\"td_social_sharing_article_top\" class=\"td-post-sharing td-ps-bg td-ps-notext td-post-sharing-style1 \">\n<div class=\"td-post-sharing-visible\"><a class=\"td-social-sharing-button td-social-sharing-button-js td-social-network td-social-facebook\" href=\"https:\/\/www.facebook.com\/sharer.php?u=https%3A%2F%2Forasul-timisoara.ro%2Flocal-38361%2F\" title=\"Facebook\"><\/p>\n<div class=\"td-social-but-text\">Facebook<\/div>\n<p><\/a><a class=\"td-social-sharing-button td-social-sharing-button-js td-social-network td-social-twitter\" href=\"https:\/\/twitter.com\/intent\/tweet?text=Guvernul+Bolojan+func%C8%9Bioneaz%C4%83+%C3%AEn+regim+de+interimat%3A+cine+preia+ministerele+dup%C4%83+plecarea+PSD&amp;url=https%3A%2F%2Forasul-timisoara.ro%2Flocal-38361%2F&amp;via=orasultm\" title=\"Twitter\"><\/p>\n<div class=\"td-social-but-text\">Twitter<\/div>\n<p><\/a><a class=\"td-social-sharing-button td-social-sharing-button-js td-social-network td-social-whatsapp\" href=\"https:\/\/api.whatsapp.com\/send?text=Guvernul+Bolojan+func%C8%9Bioneaz%C4%83+%C3%AEn+regim+de+interimat%3A+cine+preia+ministerele+dup%C4%83+plecarea+PSD%20%0A%0A%20https:\/\/orasul-timisoara.ro\/local-38361\/\" title=\"WhatsApp\"><\/p>\n<div class=\"td-social-but-text\">WhatsApp<\/div>\n<p><\/a><a class=\"td-social-sharing-button td-social-sharing-button-js td-social-network td-social-linkedin\" href=\"https:\/\/www.linkedin.com\/shareArticle?mini=true&amp;url=https:\/\/orasul-timisoara.ro\/local-38361\/&amp;title=Guvernul+Bolojan+func%C8%9Bioneaz%C4%83+%C3%AEn+regim+de+interimat%3A+cine+preia+ministerele+dup%C4%83+plecarea+PSD\" title=\"Linkedin\"><\/p>\n<div class=\"td-social-but-text\">Linkedin<\/div>\n<p><\/a><a class=\"td-social-sharing-button td-social-sharing-button-js td-social-network td-social-reddit\" href=\"https:\/\/reddit.com\/submit?url=https:\/\/orasul-timisoara.ro\/local-38361\/&amp;title=Guvernul+Bolojan+func%C8%9Bioneaz%C4%83+%C3%AEn+regim+de+interimat%3A+cine+preia+ministerele+dup%C4%83+plecarea+PSD\" title=\"ReddIt\"><\/p>\n<div class=\"td-social-but-text\">ReddIt<\/div>\n<p><\/a><a class=\"td-social-sharing-button td-social-sharing-button-js td-social-network td-social-mail\" href=\"mailto:?subject=Guvernul%20Bolojan%20func%C8%9Bioneaz%C4%83%20%C3%AEn%20regim%20de%20interimat:%20cine%20preia%20ministerele%20dup%C4%83%20plecarea%20PSD&amp;body=https:\/\/orasul-timisoara.ro\/local-38361\/\" title=\"Email\"><\/p>\n<div class=\"td-social-but-text\">Email<\/div>\n<p><\/a><a class=\"td-social-sharing-button td-social-sharing-button-js td-social-network td-social-print\" href=\"https:\/\/orasul-timisoara.ro\/local-38361\/\" title=\"Imprimare\"><\/p>\n<div class=\"td-social-but-text\">Imprimare<\/div>\n<p><\/a><\/div>\n<\/div>\n<\/div>\n<div class=\"td-post-content tagdiv-type\">\n<p>Premierul Ilie Bolojan a anun\u021bat, joi, lista mini\u0219trilor interimari propu\u0219i pentru a asigura func\u021bionarea Guvernului, dup\u0103 demisiile mini\u0219trilor sus\u021binu\u021bi de PSD. Decizia vine \u00een contextul unei crize politice declan\u0219ate de retragerea sprijinului social-democra\u021bilor.<\/p>\n<p>\u0218eful Executivului a precizat c\u0103 propunerile vor fi transmise c\u0103tre Administra\u021bia Preziden\u021bial\u0103, urm\u00e2nd ca numirile s\u0103 fie oficializate \u00een perioada imediat urm\u0103toare.<\/p>\n<h3 class=\"wp-block-heading\">Lista mini\u0219trilor interimari<\/h3>\n<p>Pentru a evita blocaje \u00een activitatea guvernamental\u0103, premierul a optat pentru numirea unor mini\u0219tri cu experien\u021b\u0103, care pot prelua rapid atribu\u021biile:<\/p>\n<ul class=\"wp-block-list\">\n<li>Ministerul Muncii \u2013 Drago\u0219 P\u00eeslaru<\/li>\n<li>Ministerul S\u0103n\u0103t\u0103\u021bii \u2013 Cseke Attila<\/li>\n<li>Ministerul Agriculturii \u2013 T\u00e1nczos Barna<\/li>\n<li>Ministerul Justi\u021biei \u2013 C\u0103t\u0103lin Predoiu<\/li>\n<li>Ministerul Energiei \u2013 Ilie Bolojan (interimar)<\/li>\n<li>Ministerul Transporturilor \u2013 Radu Miru\u021b\u0103<\/li>\n<li>Func\u021bia de vicepremier \u2013 Oana Gheorghiu<\/li>\n<\/ul>\n<p>Premierul a explicat c\u0103 aceste nominaliz\u0103ri au fost stabilite dup\u0103 consult\u0103ri cu vicepremierii, cu scopul de a asigura continuitatea activit\u0103\u021bii guvernamentale.<\/p>\n<h3 class=\"wp-block-heading\">Priorit\u0103\u021bi: fonduri europene \u0219i energie<\/h3>\n<p>Ilie Bolojan a subliniat c\u0103 una dintre principalele preocup\u0103ri r\u0103m\u00e2ne evitarea sincopei \u00een gestionarea fondurilor europene, inclusiv cele din PNRR \u0219i programul SAFE. Totodat\u0103, premierul a decis s\u0103 preia personal portofoliul Energiei, considerat un sector strategic.<\/p>\n<figure class=\"wp-block-embed is-type-video is-provider-youtube wp-block-embed-youtube wp-embed-aspect-16-9 wp-has-aspect-ratio\">\n<div class=\"wp-block-embed__wrapper\">\n<div class=\"youtube-embed\" data-video_id=\"X9sAVZhfvXo\"><iframe loading=\"lazy\" title=\"4\/23\/26: Declara\u021bii de pres\u0103 sus\u021binute de premierul Ilie Bolojan\" width=\"696\" height=\"392\" src=\"https:\/\/www.youtube.com\/embed\/X9sAVZhfvXo?feature=oembed&amp;enablejsapi=1\" frameborder allow=\"accelerometer; autoplay; clipboard-write; encrypted-media; gyroscope; picture-in-picture; web-share\" referrerpolicy=\"strict-origin-when-cross-origin\" allowfullscreen><\/iframe><\/div>\n<\/div>\n<\/figure>\n<p>Acesta a invocat necesitatea unor reforme \u00een domeniu, inclusiv \u00een ceea ce prive\u0219te companiile din energie \u0219i activitatea autorit\u0103\u021bilor de reglementare.<\/p>\n<h3 class=\"wp-block-heading\">Tranzi\u021bie rapid\u0103 pentru continuitatea guvern\u0103rii<\/h3>\n<p>Premierul a cerut mini\u0219trilor interimari s\u0103 colaboreze cu cei demisionari pentru a asigura o tranzi\u021bie rapid\u0103, astfel \u00eenc\u00e2t activitatea ministerelor s\u0103 fie reluat\u0103 f\u0103r\u0103 \u00eent\u00e2rzieri \u00eencep\u00e2nd de s\u0103pt\u0103m\u00e2na viitoare.<\/p>\n<p>De asemenea, atribu\u021biile de coordonare de\u021binute anterior de vicepremierul Marian Neac\u0219u vor fi preluate de Oana Gheorghiu, care va avea \u00een responsabilitate inclusiv coordonarea companiilor de stat \u0219i evaluarea contractelor de management.<\/p>\n<h3 class=\"wp-block-heading\">Urmeaz\u0103 decizia preziden\u021bial\u0103<\/h3>\n<p>Propunerile de interimari, al\u0103turi de demisiile mini\u0219trilor PSD, urmeaz\u0103 s\u0103 fie transmise c\u0103tre Pre\u0219edin\u021bie, iar dup\u0103 emiterea decretelor \u0219i publicarea \u00een Monitorul Oficial, noua formul\u0103 guvernamental\u0103 va deveni opera\u021bional\u0103.<\/p>\n<p>Situa\u021bia r\u0103m\u00e2ne una tensionat\u0103 pe scena politic\u0103, iar evolu\u021biile din perioada urm\u0103toare vor fi decisive pentru stabilitatea guvern\u0103rii.<\/p>\n<\/div>\n<footer>\n<div class=\"td-post-source-tags\">\n<ul class=\"td-tags td-post-small-box clearfix\">\n<li><span>ETICHETE<\/span><\/li>\n<li><a href=\"https:\/\/orasul-timisoara.ro\/local-tag\/actualitate\/\">actualitate<\/a><\/li>\n<li><a href=\"https:\/\/orasul-timisoara.ro\/local-tag\/criza-politica-2\/\">criza politica<\/a><\/li>\n<li><a href=\"https:\/\/orasul-timisoara.ro\/local-tag\/guvern-romania\/\">guvern romania<\/a><\/li>\n<li><a href=\"https:\/\/orasul-timisoara.ro\/local-tag\/ilie-bolojan\/\">ilie bolojan<\/a><\/li>\n<li><a href=\"https:\/\/orasul-timisoara.ro\/local-tag\/interimari-ministri\/\">interimari ministri<\/a><\/li>\n<li><a href=\"https:\/\/orasul-timisoara.ro\/local-tag\/ministere-romania\/\">ministere Romania<\/a><\/li>\n<li><a href=\"https:\/\/orasul-timisoara.ro\/local-tag\/pnrr\/\">pnrr<\/a><\/li>\n<li><a href=\"https:\/\/orasul-timisoara.ro\/local-tag\/politica-interna-2\/\">politica interna<\/a><\/li>\n<li><a href=\"https:\/\/orasul-timisoara.ro\/local-tag\/psd-demisii\/\">PSD demisii<\/a><\/li>\n<\/ul>\n<\/div>\n<div class=\"td-post-sharing-bottom\">\n<div class=\"td-post-sharing-classic\"><iframe title=\"bottomFacebookLike\" frameborder src=\"https:\/\/www.facebook.com\/plugins\/like.php?href=https:\/\/orasul-timisoara.ro\/local-38361\/&amp;layout=button_count&amp;show_faces=false&amp;width=105&amp;action=like&amp;colorscheme=light&amp;height=21\"><\/iframe><\/div>\n<div id=\"td_social_sharing_article_bottom\" class=\"td-post-sharing td-ps-bg td-ps-notext td-post-sharing-style1 \">\n<div class=\"td-post-sharing-visible\"><a class=\"td-social-sharing-button td-social-sharing-button-js td-social-network td-social-facebook\" href=\"https:\/\/www.facebook.com\/sharer.php?u=https%3A%2F%2Forasul-timisoara.ro%2Flocal-38361%2F\" title=\"Facebook\"><\/p>\n<div class=\"td-social-but-text\">Facebook<\/div>\n<p><\/a><a class=\"td-social-sharing-button td-social-sharing-button-js td-social-network td-social-twitter\" href=\"https:\/\/twitter.com\/intent\/tweet?text=Guvernul+Bolojan+func%C8%9Bioneaz%C4%83+%C3%AEn+regim+de+interimat%3A+cine+preia+ministerele+dup%C4%83+plecarea+PSD&amp;url=https%3A%2F%2Forasul-timisoara.ro%2Flocal-38361%2F&amp;via=orasultm\" title=\"Twitter\"><\/p>\n<div class=\"td-social-but-text\">Twitter<\/div>\n<p><\/a><a class=\"td-social-sharing-button td-social-sharing-button-js td-social-network td-social-whatsapp\" href=\"https:\/\/api.whatsapp.com\/send?text=Guvernul+Bolojan+func%C8%9Bioneaz%C4%83+%C3%AEn+regim+de+interimat%3A+cine+preia+ministerele+dup%C4%83+plecarea+PSD%20%0A%0A%20https:\/\/orasul-timisoara.ro\/local-38361\/\" title=\"WhatsApp\"><\/p>\n<div class=\"td-social-but-text\">WhatsApp<\/div>\n<p><\/a><a class=\"td-social-sharing-button td-social-sharing-button-js td-social-network td-social-linkedin\" href=\"https:\/\/www.linkedin.com\/shareArticle?mini=true&amp;url=https:\/\/orasul-timisoara.ro\/local-38361\/&amp;title=Guvernul+Bolojan+func%C8%9Bioneaz%C4%83+%C3%AEn+regim+de+interimat%3A+cine+preia+ministerele+dup%C4%83+plecarea+PSD\" title=\"Linkedin\"><\/p>\n<div class=\"td-social-but-text\">Linkedin<\/div>\n<p><\/a><a class=\"td-social-sharing-button td-social-sharing-button-js td-social-network td-social-reddit\" href=\"https:\/\/reddit.com\/submit?url=https:\/\/orasul-timisoara.ro\/local-38361\/&amp;title=Guvernul+Bolojan+func%C8%9Bioneaz%C4%83+%C3%AEn+regim+de+interimat%3A+cine+preia+ministerele+dup%C4%83+plecarea+PSD\" title=\"ReddIt\"><\/p>\n<div class=\"td-social-but-text\">ReddIt<\/div>\n<p><\/a><a class=\"td-social-sharing-button td-social-sharing-button-js td-social-network td-social-mail\" href=\"mailto:?subject=Guvernul%20Bolojan%20func%C8%9Bioneaz%C4%83%20%C3%AEn%20regim%20de%20interimat:%20cine%20preia%20ministerele%20dup%C4%83%20plecarea%20PSD&amp;body=https:\/\/orasul-timisoara.ro\/local-38361\/\" title=\"Email\"><\/p>\n<div class=\"td-social-but-text\">Email<\/div>\n<p><\/a><a class=\"td-social-sharing-button td-social-sharing-button-js td-social-network td-social-print\" href=\"https:\/\/orasul-timisoara.ro\/local-38361\/\" title=\"Imprimare\"><\/p>\n<div class=\"td-social-but-text\">Imprimare<\/div>\n<p><\/a><\/div>\n<\/div>\n<\/div>\n<div class=\"td-block-row td-post-next-prev\">\n<div class=\"td-block-span6 td-post-prev-post\">\n<div class=\"td-post-next-prev-content\"><span>Articolul precedent<\/span><a href=\"https:\/\/orasul-timisoara.ro\/local-38359\/\">Sinagoga din Fabric, mai aproape de revitalizare: Casa de rug\u0103ciuni intr\u0103 \u00een administrarea Prim\u0103riei<\/a><\/div>\n<\/div>\n<div class=\"td-block-span6 td-post-next-post\">\n<div class=\"td-post-next-prev-content\"><span>Articolul urm\u0103tor<\/span><a href=\"https:\/\/orasul-timisoara.ro\/local-38365\/\">Internatul Colegiului Henri Coand\u0103 prinde contur: lucr\u0103rile avanseaz\u0103 la Timi\u0219oara (foto)<\/a><\/div>\n<\/div>\n<\/div>\n<div class=\"td-author-name vcard author\"><span class=\"fn\"><a href=\"https:\/\/orasul-timisoara.ro\/author\/timisoara\/\">redactia<\/a><\/span><\/div>\n<p><span class=\"td-page-meta\"><\/span><span class=\"td-page-meta\"><span class=\"td-page-meta\"><\/span><\/span><span class=\"td-page-meta\"><\/span><\/footer>\n<div class=\"td_block_wrap td_block_related_posts tdi_3 td_with_ajax_pagination td-pb-border-top td_block_template_8\" data-td-block-uid=\"tdi_3\">\n<h4 class=\"td-related-title td-block-title\"><a id=\"tdi_4\" class=\"td-related-left td-cur-simple-item\" data-td_filter_value data-td_block_id=\"tdi_3\" href=\"https:\/\/orasul-timisoara.ro\/local-38361\/\">ARTICOLE SIMILARE<\/a><a id=\"tdi_5\" class=\"td-related-right\" data-td_filter_value=\"td_related_more_from_author\" data-td_block_id=\"tdi_3\" href=\"https:\/\/orasul-timisoara.ro\/local-38361\/\">DE LA ACELA\u0218I AUTOR<\/a><\/h4>\n<div id=\"tdi_3\" class=\"td_block_inner\">\n<div class=\"td-related-row\">\n<div class=\"td-related-span4\">\n<div class=\"td_module_related_posts td-animation-stack td_mod_related_posts\">\n<div class=\"td-module-image\">\n<div class=\"td-module-thumb\"><a href=\"https:\/\/orasul-timisoara.ro\/local-38337\/\" rel=\"bookmark\" class=\"td-image-wrap \" title=\"Mini\u0219trii PSD au demisionat \u00een mas\u0103, partidul preg\u0103tindu-se pentru a treia r\u0103sturnare a unui guvern din care face parte, dup\u0103 Grindeanu (2017) \u0219i Tudose (2018)\"><img loading=\"lazy\" decoding=\"async\" class=\"entry-thumb\" src=\"https:\/\/orasul-timisoara.ro\/wp-content\/uploads\/2020\/09\/guvernul-romaniei-stand.jpg\" alt title=\"Mini\u0219trii PSD au demisionat \u00een mas\u0103, partidul preg\u0103tindu-se pentru a treia r\u0103sturnare a unui guvern din care face parte, dup\u0103 Grindeanu (2017) \u0219i Tudose (2018)\" width=\"218\" height=\"150\"><\/a><\/div>\n<\/div>\n<div class=\"item-details\">\n<h3 class=\"entry-title td-module-title\"><a href=\"https:\/\/orasul-timisoara.ro\/local-38337\/\" rel=\"bookmark\" title=\"Mini\u0219trii PSD au demisionat \u00een mas\u0103, partidul preg\u0103tindu-se pentru a treia r\u0103sturnare a unui guvern din care face parte, dup\u0103 Grindeanu (2017) \u0219i Tudose (2018)\">Mini\u0219trii PSD au demisionat \u00een mas\u0103, partidul preg\u0103tindu-se pentru a treia r\u0103sturnare a unui guvern din care face parte, dup\u0103 Grindeanu (2017) \u0219i Tudose&#8230;<\/a><\/h3>\n<\/div>\n<\/div>\n<\/div>\n<div class=\"td-related-span4\">\n<div class=\"td_module_related_posts td-animation-stack td_mod_related_posts\">\n<div class=\"td-module-image\">\n<div class=\"td-module-thumb\"><a href=\"https:\/\/orasul-timisoara.ro\/local-38301\/\" rel=\"bookmark\" class=\"td-image-wrap \" title=\"Dominic Fritz atac\u0103 PSD: \u201eAu declan\u0219at o criz\u0103 politic\u0103 \u00eentr-un moment critic\u201d\"><img loading=\"lazy\" decoding=\"async\" class=\"entry-thumb\" src=\"https:\/\/orasul-timisoara.ro\/wp-content\/uploads\/2026\/04\/dominic-fritz-007-436x300.jpg\" alt title=\"Dominic Fritz atac\u0103 PSD: \u201eAu declan\u0219at o criz\u0103 politic\u0103 \u00eentr-un moment critic\u201d\" width=\"218\" height=\"150\"><\/a><\/div>\n<\/div>\n<div class=\"item-details\">\n<h3 class=\"entry-title td-module-title\"><a href=\"https:\/\/orasul-timisoara.ro\/local-38301\/\" rel=\"bookmark\" title=\"Dominic Fritz atac\u0103 PSD: \u201eAu declan\u0219at o criz\u0103 politic\u0103 \u00eentr-un moment critic\u201d\">Dominic Fritz atac\u0103 PSD: \u201eAu declan\u0219at o criz\u0103 politic\u0103 \u00eentr-un moment critic\u201d<\/a><\/h3>\n<\/div>\n<\/div>\n<\/div>\n<div class=\"td-related-span4\">\n<div class=\"td_module_related_posts td-animation-stack td_mod_related_posts\">\n<div class=\"td-module-image\">\n<div class=\"td-module-thumb\"><a href=\"https:\/\/orasul-timisoara.ro\/local-38298\/\" rel=\"bookmark\" class=\"td-image-wrap \" title=\"Ilie Bolojan reac\u021bioneaz\u0103 dup\u0103 votul PSD: \u201eDecizie gre\u0219it\u0103 \u0219i iresponsabil\u0103\u201d\"><img loading=\"lazy\" decoding=\"async\" class=\"entry-thumb\" src=\"https:\/\/orasul-timisoara.ro\/wp-content\/uploads\/2026\/04\/bolo-cf-pres-436x300.jpg\" alt title=\"Ilie Bolojan reac\u021bioneaz\u0103 dup\u0103 votul PSD: \u201eDecizie gre\u0219it\u0103 \u0219i iresponsabil\u0103\u201d\" width=\"218\" height=\"150\"><\/a><\/div>\n<\/div>\n<div class=\"item-details\">\n<h3 class=\"entry-title td-module-title\"><a href=\"https:\/\/orasul-timisoara.ro\/local-38298\/\" rel=\"bookmark\" title=\"Ilie Bolojan reac\u021bioneaz\u0103 dup\u0103 votul PSD: \u201eDecizie gre\u0219it\u0103 \u0219i iresponsabil\u0103\u201d\">Ilie Bolojan reac\u021bioneaz\u0103 dup\u0103 votul PSD: \u201eDecizie gre\u0219it\u0103 \u0219i iresponsabil\u0103\u201d<\/a><\/h3>\n<\/div>\n<\/div>\n<\/div>\n<\/div>\n<\/div>\n<\/div>\n<div class=\"comments\" id=\"comments\">\n<div id=\"respond\" class=\"comment-respond\">\n<h3 id=\"reply-title\" class=\"comment-reply-title\">L\u0102SA\u021aI UN MESAJ<\/h3>\n<div class=\"comment-form-input-wrap td-form-comment\">\n<div class=\"td-warning-comment\">V\u0103 rug\u0103m s\u0103 introduce\u021bi comentariul dvs.!<\/div>\n<\/div>\n<div class=\"comment-form-input-wrap td-form-author\">\n<div class=\"td-warning-author\">Introduce\u021bi aici numele dvs.<\/div>\n<\/div>\n<div class=\"comment-form-input-wrap td-form-email\">\n<div class=\"td-warning-email-error\">A\u021bi introdus o adres\u0103 de e-mail incorect\u0103!<\/div>\n<div class=\"td-warning-email\">V\u0103 rug\u0103m s\u0103 introduce\u021bi adresa dvs. de e-mail aici<\/div>\n<\/div>\n<\/div>\n<p class=\"akismet_comment_form_privacy_notice\">Acest site folose\u0219te Akismet pentru a reduce spamul. <a href=\"https:\/\/akismet.com\/privacy\/\" target=\"_blank\" rel=\"nofollow noopener\">Afl\u0103 cum sunt procesate datele comentariilor tale<\/a>.<\/p>\n<\/div>\n<\/div>\n<\/div>\n<div class=\"td-pb-span4 td-main-sidebar\" role=\"complementary\">\n<div class=\"td-ss-main-sidebar\">\n<aside id=\"block-4\" class=\"td_block_template_8 widget block-4 widget_block widget_media_image\">\n<figure class=\"wp-block-image size-full\"><img loading=\"lazy\" decoding=\"async\" width=\"336\" height=\"280\" src=\"https:\/\/orasul-timisoara.ro\/wp-content\/uploads\/2024\/11\/ReTIM-Abonamentul-Verde-Google-Ads-336x280px.gif\" alt class=\"wp-image-29257\"><\/figure>\n<\/aside>\n<div class=\"td_block_wrap td_block_social_counter td_block_widget tdi_6 td-social-style5 td-social-boxed td-pb-border-top td_block_template_8\">\n<div class=\"td-block-title-wrap\">\n<h4 class=\"td-block-title\"><span>Urm\u0103re\u0219te-ne pe Social Media<\/span><\/h4>\n<\/div>\n<div class=\"td-social-list\">\n<div class=\"td_social_type td-pb-margin-side td_social_facebook\">\n<div class=\"td-social-box\"><span class=\"td_social_info td_social_info_counter\">344,595<\/span><span class=\"td_social_info td_social_info_name\">Fani<\/span><span class=\"td_social_button\"><a href=\"https:\/\/www.facebook.com\/247timisoara\" target=\"_blank\" rel=\"nofollow\">\u00cemi place<\/a><\/span><\/div>\n<\/div>\n<div class=\"td_social_type td-pb-margin-side td_social_instagram\">\n<div class=\"td-social-box\"><span class=\"td_social_info td_social_info_counter\">4,416<\/span><span class=\"td_social_info td_social_info_name\">Cititori<\/span><span class=\"td_social_button\"><a href=\"https:\/\/instagram.com\/orasultimisoararo\/\" target=\"_blank\" rel=\"nofollow\">Conecta\u021bi-v\u0103<\/a><\/span><\/div>\n<\/div>\n<div class=\"td_social_type td-pb-margin-side td_social_rss\">\n<div class=\"td-social-box\"><span class=\"td_social_info td_social_info_counter\">12,506<\/span><span class=\"td_social_info td_social_info_name\">Cititori<\/span><span class=\"td_social_button\"><a href=\"https:\/\/orasul-timisoara.ro\/feed\/\" target=\"_blank\" rel=\"nofollow\">Conecta\u021bi-v\u0103<\/a><\/span><\/div>\n<\/div>\n<div class=\"td_social_type td-pb-margin-side td_social_tiktok\">\n<div class=\"td-social-box\"><span class=\"td_social_info td_social_info_counter\">1,500<\/span><span class=\"td_social_info td_social_info_name\">Cititori<\/span><span class=\"td_social_button\"><a href=\"https:\/\/www.tiktok.com\/@orasultimisoara\" target=\"_blank\" rel=\"nofollow\">Conecta\u021bi-v\u0103<\/a><\/span><\/div>\n<\/div>\n<div class=\"td_social_type td-pb-margin-side td_social_twitter\">\n<div class=\"td-social-box\"><span class=\"td_social_info td_social_info_counter\">1,595<\/span><span class=\"td_social_info td_social_info_name\">Cititori<\/span><span class=\"td_social_button\"><a href=\"https:\/\/twitter.com\/orasultm\" target=\"_blank\" rel=\"nofollow\">Conecta\u021bi-v\u0103<\/a><\/span><\/div>\n<\/div>\n<div class=\"td_social_type td-pb-margin-side td_social_youtube\">\n<div class=\"td-social-box\"><span class=\"td_social_info td_social_info_counter\">3,506<\/span><span class=\"td_social_info td_social_info_name\">Abona\u021bi<\/span><span class=\"td_social_button\"><a href=\"https:\/\/www.youtube.com\/channel\/UCQNsQvs2XCSIm1Z-AHRturw?sub_confirmation=1\" target=\"_blank\" rel=\"nofollow\">Abona\u021bi-v\u0103<\/a><\/span><\/div>\n<\/div>\n<\/div>\n<\/div>\n<aside id=\"text-7\" class=\"td_block_template_8 widget text-7 widget_text\">\n<h4 class=\"td-block-title\"><span>C\u0103ut\u0103ri populare pe OTM<\/span><\/h4>\n<div class=\"textwidget\"><a href=\"https:\/\/orasul-timisoara.ro\/?s=timisoara\"><span>Timisoara<\/span><\/a><a href=\"https:\/\/orasul-timisoara.ro\/?s=calin+dobra\"><span>Calin Dobra<\/span><\/a><a href=\"https:\/\/orasul-timisoara.ro\/?s=primaria+timisoara\"><span>Primaria Timisoara<\/span><\/a><a href=\"https:\/\/orasul-timisoara.ro\/?s=dominic+fritz\"><span>Dominic Fritz<\/span><\/a><a href=\"https:\/\/orasul-timisoara.ro\/?s=nicolae+robu\"><span>Nicolae Robu<\/span><\/a><a href=\"https:\/\/orasul-timisoara.ro\/?s=consiliul+local+timisoara\">Consiliul Local Timisoara<\/a><a href=\"https:\/\/orasul-timisoara.ro\/?s=consiliul+judetean+timis\"><span>Consiliul Judetean Timis<\/span><\/a><a href=\"https:\/\/orasul-timisoara.ro\/?s=cjt\"><span>CJT<\/span><\/a><a href=\"https:\/\/orasul-timisoara.ro\/?s=Alfred+Simonis\"><span>Alfred Simonis<\/span><\/a><a href=\"https:\/\/orasul-timisoara.ro\/?s=PNL\"><span>PNL<\/span><\/a><a href=\"https:\/\/orasul-timisoara.ro\/?s=coronavirus\"><span>coronavirus<\/span><\/a><a href=\"https:\/\/orasul-timisoara.ro\/?s=teatru+timisoara\">teatru Timisoara<\/a><a href=\"https:\/\/orasul-timisoara.ro\/?s=restaurante\"><span>restaurante Timisoara<\/span><\/a><a href=\"https:\/\/orasul-timisoara.ro\/?s=diskoteka\"><span>Diskoteka<\/span><\/a><a href=\"https:\/\/orasul-timisoara.ro\/?s=iulius+town\"><span>Iulius Town<\/span><\/a><a href=\"https:\/\/orasul-timisoara.ro\/?s=iulius+mall\"><span>Iulius Mall<\/span><\/a><a href=\"https:\/\/orasul-timisoara.ro\/?s=stpt\"><span>STPT<\/span><\/a><a href=\"https:\/\/orasul-timisoara.ro\/?s=alin+nica\"><span>Alin Nica<\/span><\/a><a href=\"https:\/\/orasul-timisoara.ro\/?s=psd\"><span>PSD<\/span><\/a><a href=\"https:\/\/orasul-timisoara.ro\/?s=aeroport\"><span>Aeroportul International Timisoara<\/span><\/a><a href=\"https:\/\/orasul-timisoara.ro\/?s=babes\"><span>Spitalul Victor Babes Timisoara<\/span><\/a><a href=\"https:\/\/orasul-timisoara.ro\/?s=poli\"><span>Poli Timi\u0219oara<\/span><\/a><a href=\"https:\/\/orasul-timisoara.ro\/?s=carantina\"><span>carantina<\/span><\/a><a href=\"https:\/\/orasul-timisoara.ro\/?s=aquatim\"><span>Aquatim<\/span><\/a><a href=\"https:\/\/orasul-timisoara.ro\/local-category\/stiri-timisoara\/\"><span>Stiri Timisoara<\/span><\/a><a href=\"https:\/\/orasul-timisoara.ro\/local-category\/investitii-in-timisoara\/\"><span>Investi\u021bii in Timi\u0219oara<\/span><\/a><a href=\"https:\/\/orasul-timisoara.ro\/local-9463\/\"><span>shaorma<\/span><\/a><a href=\"https:\/\/orasul-timisoara.ro\/?s=trafic\"><span>trafic rutier<\/span><\/a><a href=\"https:\/\/orasul-timisoara.ro\/?s=politia\"><span>politia locala timisoara<\/span><\/a><a href=\"https:\/\/orasul-timisoara.ro\/?s=roxana\"><span>Roxana Iliescu<\/span><\/a><a href=\"https:\/\/orasul-timisoara.ro\/?s=colterm\"><span>Colterm<\/span><\/a><a href=\"https:\/\/orasul-timisoara.ro\/?s=latcau\"><span>Ruben La\u021bc\u0103u<\/span><\/a><a href=\"https:\/\/orasul-timisoara.ro\/?s=timis\"><span>\u0218tiri din Timi\u0219<\/span><\/a><a href=\"https:\/\/orasul-timisoara.ro\/?s=spital\"><span>Spitale din Timi\u0219oara<\/span><\/a><a href=\"https:\/\/orasul-timisoara.ro\/?s=tabara\"><span>Cosmin Tab\u0103r\u0103<\/span><\/a><\/div>\n<\/aside>\n<aside id=\"rss-2\" class=\"td_block_template_8 widget rss-2 widget_rss\">\n<h4 class=\"td-block-title\"><span><a class=\"rsswidget rss-widget-feed\" href=\"https:\/\/fashionfridays.ro\/feed\"><img decoding=\"async\" class=\"rss-widget-icon\" width=\"14\" height=\"14\" src=\"https:\/\/orasul-timisoara.ro\/wp-includes\/images\/rss.png\" alt=\"RSS\" loading=\"lazy\"><\/a><a class=\"rsswidget rss-widget-title\" href=\"https:\/\/fashionfridays.ro\/\">Fashion Fridays<\/a><\/span><\/h4>\n<ul>\n<li><a class=\"rsswidget\" href=\"https:\/\/fashionfridays.ro\/crocs-lanseaza-crocband-gum-clog-confort-iconic-cu-influente-retro-sport-pentru-primavara\/\">Crocs lanseaz\u0103 Crocband Gum Clog: confort iconic cu influen\u021be retro-sport pentru prim\u0103var\u0103<\/a>\n<div class=\"rssSummary\">Martie marcheaz\u0103 acel moment al anului \u00een care stilul \u00eencepe s\u0103 se relaxeze. Zilele devin mai lungi, ritmul ora\u0219ului se schimb\u0103, iar garderoba face tranzi\u021bia c\u0103tre piese care pun confortul pe primul loc, f\u0103r\u0103 s\u0103 renun\u021be la atitudine. Este sezonul \u00een care autenticitatea devine declara\u021bie de stil, iar alegerile vestimentare reflect\u0103 mai mult ca oric\u00e2nd [\u2026]<\/div>\n<\/li>\n<\/ul>\n<\/aside>\n<aside id=\"rss-4\" class=\"td_block_template_8 widget rss-4 widget_rss\">\n<h4 class=\"td-block-title\"><span><a class=\"rsswidget rss-widget-feed\" href=\"https:\/\/emasini.ro\/feed\"><img decoding=\"async\" class=\"rss-widget-icon\" width=\"14\" height=\"14\" src=\"https:\/\/orasul-timisoara.ro\/wp-includes\/images\/rss.png\" alt=\"RSS\" loading=\"lazy\"><\/a><a class=\"rsswidget rss-widget-title\" href=\"https:\/\/emasini.ro\/\">eMasini<\/a><\/span><\/h4>\n<ul>\n<li><a class=\"rsswidget\" href=\"https:\/\/emasini.ro\/traficul-rutier-sub-analiza-recensamant-national-pentru-modernizarea-infrastructurii\/\">Traficul rutier, sub analiz\u0103: recens\u0103m\u00e2nt na\u021bional pentru modernizarea infrastructurii<\/a>\n<div class=\"rssSummary\">Compania Na\u021bional\u0103 de Administrare a Infrastructurii Rutiere, prin Centrul de Studii Tehnice Rutiere \u0219i Informatic\u0103, preg\u0103te\u0219te una dintre cele mai importante ac\u021biuni de colectare de date din domeniul transporturilor: Recens\u0103m\u00e2ntul General de Circula\u021bie Rutier\u0103. Demersul are un rol strategic \u00een fundamentarea deciziilor privind dezvoltarea \u0219i modernizarea infrastructurii rutiere din Rom\u00e2nia. Ac\u021biunea este coordonat\u0103 de CNAIR, [\u2026]<\/div>\n<\/li>\n<\/ul>\n<\/aside>\n<\/div>\n<\/div>\n<\/div>\n<\/div>\n<\/article>\n<div class=\"td-post-content tagdiv-type\">\n<p>Premierul Ilie Bolojan a anun\u021bat, joi, lista mini\u0219trilor interimari propu\u0219i pentru a asigura func\u021bionarea Guvernului, dup\u0103 demisiile mini\u0219trilor sus\u021binu\u021bi de PSD. Decizia vine \u00een contextul unei crize politice declan\u0219ate de retragerea sprijinului social-democra\u021bilor.<\/p>\n<p>\u0218eful Executivului a precizat c\u0103 propunerile vor fi transmise c\u0103tre Administra\u021bia Preziden\u021bial\u0103, urm\u00e2nd ca numirile s\u0103 fie oficializate \u00een perioada imediat urm\u0103toare.<\/p>\n<h3 class=\"wp-block-heading\">Lista mini\u0219trilor interimari<\/h3>\n<p>Pentru a evita blocaje \u00een activitatea guvernamental\u0103, premierul a optat pentru numirea unor mini\u0219tri cu experien\u021b\u0103, care pot prelua rapid atribu\u021biile:<\/p>\n<ul class=\"wp-block-list\">\n<li>Ministerul Muncii \u2013 Drago\u0219 P\u00eeslaru<\/li>\n<li>Ministerul S\u0103n\u0103t\u0103\u021bii \u2013 Cseke Attila<\/li>\n<li>Ministerul Agriculturii \u2013 T\u00e1nczos Barna<\/li>\n<li>Ministerul Justi\u021biei \u2013 C\u0103t\u0103lin Predoiu<\/li>\n<li>Ministerul Energiei \u2013 Ilie Bolojan (interimar)<\/li>\n<li>Ministerul Transporturilor \u2013 Radu Miru\u021b\u0103<\/li>\n<li>Func\u021bia de vicepremier \u2013 Oana Gheorghiu<\/li>\n<\/ul>\n<p>Premierul a explicat c\u0103 aceste nominaliz\u0103ri au fost stabilite dup\u0103 consult\u0103ri cu vicepremierii, cu scopul de a asigura continuitatea activit\u0103\u021bii guvernamentale.<\/p>\n<h3 class=\"wp-block-heading\">Priorit\u0103\u021bi: fonduri europene \u0219i energie<\/h3>\n<p>Ilie Bolojan a subliniat c\u0103 una dintre principalele preocup\u0103ri r\u0103m\u00e2ne evitarea sincopei \u00een gestionarea fondurilor europene, inclusiv cele din PNRR \u0219i programul SAFE. Totodat\u0103, premierul a decis s\u0103 preia personal portofoliul Energiei, considerat un sector strategic.<\/p>\n<figure class=\"wp-block-embed is-type-video is-provider-youtube wp-block-embed-youtube wp-embed-aspect-16-9 wp-has-aspect-ratio\">\n<div class=\"wp-block-embed__wrapper\">\n<div class=\"youtube-embed\" data-video_id=\"X9sAVZhfvXo\"><iframe loading=\"lazy\" title=\"4\/23\/26: Declara\u021bii de pres\u0103 sus\u021binute de premierul Ilie Bolojan\" width=\"696\" height=\"392\" src=\"https:\/\/www.youtube.com\/embed\/X9sAVZhfvXo?feature=oembed&amp;enablejsapi=1\" frameborder allow=\"accelerometer; autoplay; clipboard-write; encrypted-media; gyroscope; picture-in-picture; web-share\" referrerpolicy=\"strict-origin-when-cross-origin\" allowfullscreen><\/iframe><\/div>\n<\/div>\n<\/figure>\n<p>Acesta a invocat necesitatea unor reforme \u00een domeniu, inclusiv \u00een ceea ce prive\u0219te companiile din energie \u0219i activitatea autorit\u0103\u021bilor de reglementare.<\/p>\n<h3 class=\"wp-block-heading\">Tranzi\u021bie rapid\u0103 pentru continuitatea guvern\u0103rii<\/h3>\n<p>Premierul a cerut mini\u0219trilor interimari s\u0103 colaboreze cu cei demisionari pentru a asigura o tranzi\u021bie rapid\u0103, astfel \u00eenc\u00e2t activitatea ministerelor s\u0103 fie reluat\u0103 f\u0103r\u0103 \u00eent\u00e2rzieri \u00eencep\u00e2nd de s\u0103pt\u0103m\u00e2na viitoare.<\/p>\n<p>De asemenea, atribu\u021biile de coordonare de\u021binute anterior de vicepremierul Marian Neac\u0219u vor fi preluate de Oana Gheorghiu, care va avea \u00een responsabilitate inclusiv coordonarea companiilor de stat \u0219i evaluarea contractelor de management.<\/p>\n<h3 class=\"wp-block-heading\">Urmeaz\u0103 decizia preziden\u021bial\u0103<\/h3>\n<p>Propunerile de interimari, al\u0103turi de demisiile mini\u0219trilor PSD, urmeaz\u0103 s\u0103 fie transmise c\u0103tre Pre\u0219edin\u021bie, iar dup\u0103 emiterea decretelor \u0219i publicarea \u00een Monitorul Oficial, noua formul\u0103 guvernamental\u0103 va deveni opera\u021bional\u0103.<\/p>\n<p>Situa\u021bia r\u0103m\u00e2ne una tensionat\u0103 pe scena politic\u0103, iar evolu\u021biile din perioada urm\u0103toare vor fi decisive pentru stabilitatea guvern\u0103rii.<\/p>\n<\/div>\n<p>[analyse_source url=&#8221;https:\/\/orasul-timisoara.ro\/local-38361\/&#8221;]<\/p>\n","protected":false},"excerpt":{"rendered":"<p>[analyse_image type=&#8221;featured&#8221; src=&#8221;https:\/\/orasul-timisoara.ro\/wp-content\/uploads\/2026\/04\/Screenshot-2026-04-23-162524.jpg&#8221;] PoliticGuvernul Bolojan func\u021bioneaz\u0103 \u00een regim de interimat: cine preia ministerele dup\u0103 plecarea&#8230; Politic \u0218tiri na\u021bionale \u0219i interna\u021bionale Guvernul Bolojan func\u021bioneaz\u0103 \u00een regim de interimat: cine preia ministerele dup\u0103 plecarea PSD De c\u0103tre redactia &#8211; 23\/04\/2026 Facebook Twitter WhatsApp Linkedin ReddIt Email Imprimare Premierul Ilie Bolojan a anun\u021bat, joi, lista mini\u0219trilor interimari propu\u0219i [&hellip;]<\/p>\n","protected":false},"author":1,"featured_media":0,"comment_status":"open","ping_status":"","sticky":false,"template":"","format":"standard","meta":{"footnotes":""},"categories":[89],"tags":[226,189],"class_list":["post-1901707","post","type-post","status-publish","format-standard","hentry","category-romania","tag-crawlmanager","tag-orasul-timisoara-ro"],"_links":{"self":[{"href":"https:\/\/analyse.optim.biz\/index.php?rest_route=\/wp\/v2\/posts\/1901707","targetHints":{"allow":["GET"]}}],"collection":[{"href":"https:\/\/analyse.optim.biz\/index.php?rest_route=\/wp\/v2\/posts"}],"about":[{"href":"https:\/\/analyse.optim.biz\/index.php?rest_route=\/wp\/v2\/types\/post"}],"author":[{"embeddable":true,"href":"https:\/\/analyse.optim.biz\/index.php?rest_route=\/wp\/v2\/users\/1"}],"replies":[{"embeddable":true,"href":"https:\/\/analyse.optim.biz\/index.php?rest_route=%2Fwp%2Fv2%2Fcomments&post=1901707"}],"version-history":[{"count":0,"href":"https:\/\/analyse.optim.biz\/index.php?rest_route=\/wp\/v2\/posts\/1901707\/revisions"}],"wp:attachment":[{"href":"https:\/\/analyse.optim.biz\/index.php?rest_route=%2Fwp%2Fv2%2Fmedia&parent=1901707"}],"wp:term":[{"taxonomy":"category","embeddable":true,"href":"https:\/\/analyse.optim.biz\/index.php?rest_route=%2Fwp%2Fv2%2Fcategories&post=1901707"},{"taxonomy":"post_tag","embeddable":true,"href":"https:\/\/analyse.optim.biz\/index.php?rest_route=%2Fwp%2Fv2%2Ftags&post=1901707"}],"curies":[{"name":"wp","href":"https:\/\/api.w.org\/{rel}","templated":true}]}}