{"id":1901702,"date":"2026-04-24T13:16:20","date_gmt":"2026-04-24T10:16:20","guid":{"rendered":"https:\/\/analyse.optim.biz\/?p=1901702"},"modified":"2026-04-24T13:16:20","modified_gmt":"2026-04-24T10:16:20","slug":"rogobete-pacientii-cronici-din-programale-nationale-si-cei-care-beneficiaza-de-spitalizare-de-zi-vor-fi-exceptati-de-la-neplata-primei-zile-de-concediu-medical","status":"publish","type":"post","link":"https:\/\/analyse.optim.biz\/?p=1901702","title":{"rendered":"Rogobete \u2013 Pacien\u0163ii cronici din programale na\u0163ionale \u015fi cei care beneficiaz\u0103 de spitalizare de zi vor fi excepta\u0163i de la neplata primei zile de concediu medical"},"content":{"rendered":"<p>[analyse_image type=&#8221;featured&#8221; src=&#8221;https:\/\/ziardesuceava.ro\/wp-content\/uploads\/2026\/04\/612687778-864342153232212-7397559091606085691-n.jpg&#8221;]<\/p>\n<div class=\"post-content clearfix\">\n<div class=\"blog-post-thumb\"><img loading=\"lazy\" decoding=\"async\" width=\"809\" height=\"540\" src=\"https:\/\/ziardesuceava.ro\/wp-content\/uploads\/2026\/04\/612687778-864342153232212-7397559091606085691-n.jpg\" class=\"attachment-inhype-blog-thumb size-inhype-blog-thumb wp-post-image\" alt><\/div>\n<div class=\"entry-content\">\n<div>\n<p>Ministrul demisionar al S\u0103n\u0103t\u0103\u0163ii, Alexandru Rogobete, a afirmat c\u0103 pacien\u0163ii cronici afla\u0163i \u00een programele na\u0163ionale \u015fi cei care beneficiaz\u0103 de spitalizare de zi vor fi excepta\u0163i de la neplata primei zile de concediu medical, \u00een urma unei decizii a Parlamentului.<\/p>\n<p>Alexandru Rogobete a anun\u0163at, vineri, \u00eentr-o conferin\u0163\u0103 de pres\u0103, c\u0103 a adus modific\u0103ri m\u0103surii legate de prima zi de concediu medical nepl\u0103tit\u0103.<\/p>\n<p>\u201dVorbesc de prima zi de concediu medical nepl\u0103tit\u0103, unde la \u00eenceput am spus foarte clar c\u0103 a nu introduce excep\u0163ii \u00een aceast\u0103 m\u0103sur\u0103 este incorect \u00een primul r\u00e2nd \u015fi administrativ \u015fi uman. Au fost refuzate ferm toate aceste excep\u0163ii pentru pacien\u0163ii cu cancer, pentru cei cu urgen\u0163e AVC. Am f\u0103cut o ordonan\u0163\u0103 de urgen\u0163\u0103 care s\u0103 corecteze la scurt timp dup\u0103 ce au ap\u0103rut aceste nedrept\u0103\u0163i, \u00eens\u0103 ea fost refuzat\u0103 ferm. De aici v\u0103 spun c\u0103 dialogul nu mai exista, iar conceptul c\u0103 anumite m\u0103suri trebuie nuan\u0163ate, pentru c\u0103 nu pot fi aplicate \u00een toate domeniile de sus p\u00e2n\u0103 jos \u00een mod egal\u201d, a afirmat Alexandru Rogobete.<\/p>\n<p>El a precizat c\u0103 \u00een interiorul bugetului din s\u0103n\u0103tate pot fi redirec\u0163ionate fondurile pentru a o mai bun\u0103 eficien\u0163\u0103.<\/p>\n<p>\u201dS\u0103n\u0103tate mai bun\u0103 cu 10% mai pu\u0163in nu se poate. \u00cen interiorul bugetului din s\u0103n\u0103tate, da, pot redirec\u0163iona fondurile astfel \u00eenc\u00e2t s\u0103 fie mai eficient \u015fi am f\u0103cut asta. Drept dovad\u0103 am introdus 93 de medicamente, n-am primit bani \u00een plus pentru asta. Am \u015ftiut \u015fi am coordonat astfel \u00eenc\u00e2t lucrurile s\u0103 mearg\u0103 \u00een aceast\u0103 direc\u0163ie, dar un buget mai mic sau t\u0103ieri de astea contabile, doar ca Excel-ul cuiva s\u0103 arate bine, nu se pot aplica \u00een s\u0103n\u0103tate din p\u0103cate. La fel \u015fi cu concediile medicale\u201d, a transmis Rogobete.<br \/>El a precizat c\u0103 \u00een Parlament a fost modificat textul legii privind concediile medicale.<\/p>\n<p>\u201d\u015ei atunci am apelat la Parlament, pentru c\u0103 p\u00e2n\u0103 la urm\u0103 \u015fi aici apropo de ruptura dialogului, de foarte multe ori ministerele sau guvernul au luat locul Parlamentului. Asta nu este, dac\u0103 dori\u0163i, nici constitu\u0163ional, nici democratic. \u015ei am apelat la Parlament. \u015ei prin Parlament. Parlamentul a preluat tot textul din ordonan\u0163a de urgen\u0163\u0103 scris\u0103 de Ministerul S\u0103n\u0103t\u0103\u0163ii \u015fi, nu vreau s\u0103 gre\u015fesc, s\u0103pt\u0103m\u00e2na aceasta, acum c\u00e2teva zile, a fost aprobat \u00een plenul Camerei Deputa\u0163ilor, drept pentru care m\u0103sura va fi \u00een vigoare \u015fi to\u0163i pacien\u0163ii cronici afla\u0163i \u00een programele na\u0163ionale, pacien\u0163ii care beneficiaz\u0103 de spitalizare de zi vor fi excepta\u0163i de la neplata primei zile de concediu medical\u201d, a declarat Rogobete.<\/p>\n<\/div>\n<\/div>\n<div class=\"inhype-social-share-fixed sidebar-position-right\">\n<div class=\"post-social-wrapper\">\n<div class=\"post-social-title\"><span class=\"post-social-title-text\">Share<\/span><\/div>\n<\/div>\n<\/div>\n<\/div>\n<p>[analyse_source url=&#8221;https:\/\/ziardesuceava.ro\/rogobete-pacientii-cronici-din-programale-nationale-si-cei-care-beneficiaza-de-spitalizare-de-zi-vor-fi-exceptati-de-la-neplata-primei-zile-de-concediu-medical\/&#8221;]<\/p>\n","protected":false},"excerpt":{"rendered":"<p>[analyse_image type=&#8221;featured&#8221; src=&#8221;https:\/\/ziardesuceava.ro\/wp-content\/uploads\/2026\/04\/612687778-864342153232212-7397559091606085691-n.jpg&#8221;] Ministrul demisionar al S\u0103n\u0103t\u0103\u0163ii, Alexandru Rogobete, a afirmat c\u0103 pacien\u0163ii cronici afla\u0163i \u00een programele na\u0163ionale \u015fi cei care beneficiaz\u0103 de spitalizare de zi vor fi excepta\u0163i de la neplata primei zile de concediu medical, \u00een urma unei decizii a Parlamentului. Alexandru Rogobete a anun\u0163at, vineri, \u00eentr-o conferin\u0163\u0103 de pres\u0103, c\u0103 a adus [&hellip;]<\/p>\n","protected":false},"author":1,"featured_media":0,"comment_status":"open","ping_status":"","sticky":false,"template":"","format":"standard","meta":{"footnotes":""},"categories":[89],"tags":[226,171],"class_list":["post-1901702","post","type-post","status-publish","format-standard","hentry","category-romania","tag-crawlmanager","tag-ziardesuceava-ro"],"_links":{"self":[{"href":"https:\/\/analyse.optim.biz\/index.php?rest_route=\/wp\/v2\/posts\/1901702","targetHints":{"allow":["GET"]}}],"collection":[{"href":"https:\/\/analyse.optim.biz\/index.php?rest_route=\/wp\/v2\/posts"}],"about":[{"href":"https:\/\/analyse.optim.biz\/index.php?rest_route=\/wp\/v2\/types\/post"}],"author":[{"embeddable":true,"href":"https:\/\/analyse.optim.biz\/index.php?rest_route=\/wp\/v2\/users\/1"}],"replies":[{"embeddable":true,"href":"https:\/\/analyse.optim.biz\/index.php?rest_route=%2Fwp%2Fv2%2Fcomments&post=1901702"}],"version-history":[{"count":0,"href":"https:\/\/analyse.optim.biz\/index.php?rest_route=\/wp\/v2\/posts\/1901702\/revisions"}],"wp:attachment":[{"href":"https:\/\/analyse.optim.biz\/index.php?rest_route=%2Fwp%2Fv2%2Fmedia&parent=1901702"}],"wp:term":[{"taxonomy":"category","embeddable":true,"href":"https:\/\/analyse.optim.biz\/index.php?rest_route=%2Fwp%2Fv2%2Fcategories&post=1901702"},{"taxonomy":"post_tag","embeddable":true,"href":"https:\/\/analyse.optim.biz\/index.php?rest_route=%2Fwp%2Fv2%2Ftags&post=1901702"}],"curies":[{"name":"wp","href":"https:\/\/api.w.org\/{rel}","templated":true}]}}